{"id":246254,"date":"2025-07-13T02:53:20","date_gmt":"2025-07-13T02:53:20","guid":{"rendered":"https:\/\/www.europesays.com\/fr\/246254\/"},"modified":"2025-07-13T02:53:20","modified_gmt":"2025-07-13T02:53:20","slug":"un-detenu-disparait-en-se-cachant-dans-un-sac","status":"publish","type":"post","link":"https:\/\/www.europesays.com\/fr\/246254\/","title":{"rendered":"un d\u00e9tenu dispara\u00eet en se cachant dans un sac"},"content":{"rendered":"<p itemprop=\"description\"><strong>L\u2019\u00e9vasion a \u00e9t\u00e9 d\u00e9couverte ce samedi 12 juillet dans la matin\u00e9e.<\/strong><\/p>\n<p data-start=\"685\" data-end=\"1032\">Un d\u00e9tenu incarc\u00e9r\u00e9 \u00e0 la maison d\u2019arr\u00eat de Corbas, au sud-est de Lyon, manque \u00e0 l\u2019appel. Selon les premiers \u00e9l\u00e9ments rapport\u00e9 par <a href=\"https:\/\/www.bfmtv.com\/lyon\/info-bfmtv-un-detenu-s-est-echappe-de-la-maison-d-arret-de-corbas-pres-de-lyon_AN-202507120281.html\" target=\"_blank\" rel=\"noopener nofollow\">BFMTV<\/a>, cet homme d&rsquo;une vingtaine d&rsquo;ann\u00e9es aurait profit\u00e9 de la sortie de d\u00e9tention de son co-cellulaire, en fin de peine, pour se dissimuler dans l\u2019un des sacs de ce dernier.<\/p>\n<p data-start=\"1034\" data-end=\"1202\">Le fugitif purgeait plusieurs peines de prison et faisait l\u2019objet d\u2019un mandat de d\u00e9p\u00f4t dans le cadre d\u2019une information judiciaire en lien avec la criminalit\u00e9 organis\u00e9e.<\/p>\n<p data-start=\"1204\" data-end=\"1468\">Les faits sont pris tr\u00e8s au s\u00e9rieux. La juridiction interr\u00e9gionale sp\u00e9cialis\u00e9e (JIRS), notamment la division de la criminalit\u00e9 organis\u00e9e et sp\u00e9cialis\u00e9e, a \u00e9t\u00e9 saisie.<\/p>\n<p data-start=\"1204\" data-end=\"1468\">Une enqu\u00eate a \u00e9t\u00e9 ouverte des chefs d\u2019\u00e9vasion en bande organis\u00e9e et d\u2019association de malfaiteurs.<\/p>\n<blockquote class=\"twitter-tweet\"><p>&#13;<\/p>\n<p dir=\"ltr\" lang=\"fr\">\ud83d\udd34 Un d\u00e9tenu d\u2019environ 20 ans s\u2019est \u00e9vad\u00e9 de la prison de Lyon-Corbas en se cachant dans le sac de son cod\u00e9tenu, qui venait d\u2019\u00eatre lib\u00e9r\u00e9. (BFMTV) <a href=\"https:\/\/t.co\/B4hkHiOSDs\" rel=\"nofollow\">pic.twitter.com\/B4hkHiOSDs<\/a><\/p>\n<p>&#13;<br \/>\n\u2014 Cpasdeslol (@cpasdeslol_X) <a href=\"https:\/\/twitter.com\/cpasdeslol_X\/status\/1944086320902471858?ref_src=twsrc%5Etfw\" rel=\"nofollow noopener\" target=\"_blank\">July 12, 2025<\/a><\/p><\/blockquote>\n<p>\t\t  <script async src=\"https:\/\/platform.twitter.com\/widgets.js\" charset=\"utf-8\"><\/script><\/p>\n","protected":false},"excerpt":{"rendered":"L\u2019\u00e9vasion a \u00e9t\u00e9 d\u00e9couverte ce samedi 12 juillet dans la matin\u00e9e. Un d\u00e9tenu incarc\u00e9r\u00e9 \u00e0 la maison d\u2019arr\u00eat&hellip;\n","protected":false},"author":2,"featured_media":246255,"comment_status":"","ping_status":"","sticky":false,"template":"","format":"standard","meta":{"footnotes":""},"categories":[1889],"tags":[1111,11,2813,2190,2430,1109,251,1112,2811,1777,674,118,1011,27,1922,1110,1114,2428,2810,12,241,316,25,2812,517,800],"class_list":{"0":"post-246254","1":"post","2":"type-post","3":"status-publish","4":"format-standard","5":"has-post-thumbnail","7":"category-lyon","8":"tag-actu","9":"tag-actualites","10":"tag-article","11":"tag-asvel","12":"tag-auvergne-rhone-alpes","13":"tag-breves","14":"tag-culture","15":"tag-depeches","16":"tag-economique","17":"tag-eu","18":"tag-europe","19":"tag-faits-divers","20":"tag-fr","21":"tag-france","22":"tag-info","23":"tag-informations","24":"tag-infos","25":"tag-lyon","26":"tag-lyonmag","27":"tag-news","28":"tag-ol","29":"tag-politique","30":"tag-republique-francaise","31":"tag-sociale","32":"tag-sport","33":"tag-transports"},"share_on_mastodon":{"url":"https:\/\/pubeurope.com\/@fr\/114843667800575198","error":""},"_links":{"self":[{"href":"https:\/\/www.europesays.com\/fr\/wp-json\/wp\/v2\/posts\/246254","targetHints":{"allow":["GET"]}}],"collection":[{"href":"https:\/\/www.europesays.com\/fr\/wp-json\/wp\/v2\/posts"}],"about":[{"href":"https:\/\/www.europesays.com\/fr\/wp-json\/wp\/v2\/types\/post"}],"author":[{"embeddable":true,"href":"https:\/\/www.europesays.com\/fr\/wp-json\/wp\/v2\/users\/2"}],"replies":[{"embeddable":true,"href":"https:\/\/www.europesays.com\/fr\/wp-json\/wp\/v2\/comments?post=246254"}],"version-history":[{"count":0,"href":"https:\/\/www.europesays.com\/fr\/wp-json\/wp\/v2\/posts\/246254\/revisions"}],"wp:featuredmedia":[{"embeddable":true,"href":"https:\/\/www.europesays.com\/fr\/wp-json\/wp\/v2\/media\/246255"}],"wp:attachment":[{"href":"https:\/\/www.europesays.com\/fr\/wp-json\/wp\/v2\/media?parent=246254"}],"wp:term":[{"taxonomy":"category","embeddable":true,"href":"https:\/\/www.europesays.com\/fr\/wp-json\/wp\/v2\/categories?post=246254"},{"taxonomy":"post_tag","embeddable":true,"href":"https:\/\/www.europesays.com\/fr\/wp-json\/wp\/v2\/tags?post=246254"}],"curies":[{"name":"wp","href":"https:\/\/api.w.org\/{rel}","templated":true}]}}