{"id":246272,"date":"2025-07-13T03:04:14","date_gmt":"2025-07-13T03:04:14","guid":{"rendered":"https:\/\/www.europesays.com\/fr\/246272\/"},"modified":"2025-07-13T03:04:14","modified_gmt":"2025-07-13T03:04:14","slug":"euro-2025-la-suede-gifle-lallemagne","status":"publish","type":"post","link":"https:\/\/www.europesays.com\/fr\/246272\/","title":{"rendered":"Euro 2025: la Su\u00e8de gifle l\u2019Allemagne"},"content":{"rendered":"<p>Actualis\u00e912. juillet 2025, 23:42<\/p>\n<p>Euro 2025: La Su\u00e8de gifle l&rsquo;Allemagne dans la \u00abfinale\u00bb du groupe C<\/p>\n<p>Les Su\u00e9doises ont \u00e9t\u00e9 sans piti\u00e9 (4-1), samedi \u00e0 Zurich, face aux Allemandes pour gagner la premi\u00e8re place de la poule.<\/p>\n<p><img loading=\"lazy\" decoding=\"async\" src=\"https:\/\/www.europesays.com\/fr\/wp-content\/uploads\/2025\/07\/516ea6fc-ed94-4756-9fbd-8b7b382c2cea.jpg\" alt=\"Stina Blackstenius frappe pour inscrire le premier but su\u00e9dois.\" title=\"Stina Blackstenius frappe pour inscrire le premier but su\u00e9dois.\"  width=\"1200\" height=\"800\"\/><\/p>\n<p>Stina Blackstenius frappe pour inscrire le premier but su\u00e9dois.<\/p>\n<p>AFP<\/p>\n<p>Les Su\u00e9doises terminent en t\u00eate du groupe C de l\u2019Euro gr\u00e2ce \u00e0 leur victoire 4-1 contre les Allemandes r\u00e9duites \u00e0 dix, samedi \u00e0 Zurich, en attendant les quarts de finale o\u00f9 l\u2019une des deux \u00e9quipes devrait croiser les Bleues.<\/p>\n<p>Les joueuses de Peter Gerhardsson, qui faisaient jusque-l\u00e0 figure de discr\u00e8tes outsiders derri\u00e8re les superstars espagnoles et anglaises, encha\u00eenent un troisi\u00e8me succ\u00e8s en trois matches et postulent un peu plus \u00e0 la victoire finale.<\/p>\n<p>En quart de finale, les Su\u00e9doises rencontreront jeudi \u00e0 Zurich les deuxi\u00e8mes du groupe D, actuellement men\u00e9 par la France devant l\u2019Angleterre, en attendant les deux derni\u00e8res rencontres dimanche.<\/p>\n<p>L&rsquo;Allemagne avait ouvert la marque<\/p>\n<p>Les Allemandes devront elles dig\u00e9rer leur premier revers du tournoi, apr\u00e8s deux succ\u00e8s contre la Pologne (2-0) et le Danemark (2-1), avant d\u2019affronter les premi\u00e8res du groupe D samedi prochain \u00e0 B\u00e2le.<\/p>\n<p>Les m\u00e9daill\u00e9es de bronze des JO 2024 ont id\u00e9alement d\u00e9marr\u00e9 la rencontre, par un but de Jule Brand lanc\u00e9e par Carlotta Wamser (1-0, 7e), avant l\u2019\u00e9galisation de Stina Blackstenius (1-1, 12e) puis le premier but en s\u00e9lection de la jeune Su\u00e9doise Smilla Holmberg, 18 ans (2-1, 25e).<\/p>\n<p>Les Su\u00e9doises, submergeant de plus en plus la d\u00e9fense allemande par leur vitesse et leur pr\u00e9cision, ont obtenu un penalty pour une main volontaire de Carlotta Wamser, expuls\u00e9e. Fridolina Rolf\u00f6 l\u2019a transform\u00e9 (3-1, 34e), avant que Lina Hurtig n\u2019inscrive un ultime but en deuxi\u00e8me p\u00e9riode (4-1, 80e).<\/p>\n<p>Dans l&rsquo;autre match de la soir\u00e9e, les Polonaises ont pris la troisi\u00e8me place du groupe en battant le Danemark 3-2.<\/p>\n<p>(afp)<\/p>\n","protected":false},"excerpt":{"rendered":"Actualis\u00e912. juillet 2025, 23:42 Euro 2025: La Su\u00e8de gifle l&rsquo;Allemagne dans la \u00abfinale\u00bb du groupe C Les Su\u00e9doises&hellip;\n","protected":false},"author":2,"featured_media":246273,"comment_status":"","ping_status":"","sticky":false,"template":"","format":"standard","meta":{"footnotes":""},"categories":[1587],"tags":[11,672,1804,1805,1803,1777,674,1801,12,1802],"class_list":{"0":"post-246272","1":"post","2":"type-post","3":"status-publish","4":"format-standard","5":"has-post-thumbnail","7":"category-allemagne","8":"tag-actualites","9":"tag-allemagne","10":"tag-bundesrepublik-deutschland","11":"tag-de","12":"tag-deutschland","13":"tag-eu","14":"tag-europe","15":"tag-germany","16":"tag-news","17":"tag-republique-federale-dallemagne"},"share_on_mastodon":{"url":"https:\/\/pubeurope.com\/@fr\/114843711150331646","error":""},"_links":{"self":[{"href":"https:\/\/www.europesays.com\/fr\/wp-json\/wp\/v2\/posts\/246272","targetHints":{"allow":["GET"]}}],"collection":[{"href":"https:\/\/www.europesays.com\/fr\/wp-json\/wp\/v2\/posts"}],"about":[{"href":"https:\/\/www.europesays.com\/fr\/wp-json\/wp\/v2\/types\/post"}],"author":[{"embeddable":true,"href":"https:\/\/www.europesays.com\/fr\/wp-json\/wp\/v2\/users\/2"}],"replies":[{"embeddable":true,"href":"https:\/\/www.europesays.com\/fr\/wp-json\/wp\/v2\/comments?post=246272"}],"version-history":[{"count":0,"href":"https:\/\/www.europesays.com\/fr\/wp-json\/wp\/v2\/posts\/246272\/revisions"}],"wp:featuredmedia":[{"embeddable":true,"href":"https:\/\/www.europesays.com\/fr\/wp-json\/wp\/v2\/media\/246273"}],"wp:attachment":[{"href":"https:\/\/www.europesays.com\/fr\/wp-json\/wp\/v2\/media?parent=246272"}],"wp:term":[{"taxonomy":"category","embeddable":true,"href":"https:\/\/www.europesays.com\/fr\/wp-json\/wp\/v2\/categories?post=246272"},{"taxonomy":"post_tag","embeddable":true,"href":"https:\/\/www.europesays.com\/fr\/wp-json\/wp\/v2\/tags?post=246272"}],"curies":[{"name":"wp","href":"https:\/\/api.w.org\/{rel}","templated":true}]}}