{"id":246282,"date":"2025-07-13T03:09:13","date_gmt":"2025-07-13T03:09:13","guid":{"rendered":"https:\/\/www.europesays.com\/fr\/246282\/"},"modified":"2025-07-13T03:09:13","modified_gmt":"2025-07-13T03:09:13","slug":"tour-de-france-a-quelle-heure-et-sur-quelle-chaine-tv-voir-la-9e-etape-de-chinon-a-chateauroux","status":"publish","type":"post","link":"https:\/\/www.europesays.com\/fr\/246282\/","title":{"rendered":"Tour de France\u00a0: \u00e0 quelle heure et sur quelle cha\u00eene TV voir la 9e \u00e9tape de Chinon \u00e0 Ch\u00e2teauroux\u00a0?"},"content":{"rendered":"<p class=\"paragraph text_align_left lp-f-body-02\">La neuvi\u00e8me \u00e9tape du <a href=\"https:\/\/www.leparisien.fr\/sports\/cyclisme\/tour-de-france\/\" target=\"_blank\" rel=\"noreferrer nofollow noopener\">Tour de France <\/a>dimanche est encore promise aux sprinteurs, entre Chinon et Ch\u00e2teauroux, rebaptis\u00e9e \u00ab Cavendish City \u00bb, du nom du bolide britannique qui s\u2019est impos\u00e9 \u00e0 trois reprises dans la ville pr\u00e9fecture de l\u2019Indre.<\/p>\n<p class=\"paragraph text_align_left lp-f-body-02\">La chaleur devrait une nouvelle fois \u00eatre au rendez-vous puisqu\u2019on attend plus de 30 \u00b0C \u00e0 l\u2019ombre, avec possiblement des orages \u00e0 l\u2019arriv\u00e9e de cette \u00e9tape plate de 171 km.<\/p>\n<p class=\"paragraph text_align_left lp-f-body-02\">Le vent pourrait jouer un r\u00f4le dans le final qui offre plusieurs changements de direction. \u00ab Mais je ne crois pas que les \u00e9quipes de sprinteurs vont louper ce rendez-vous qui est important pour elles \u00bb, souligne Thierry Gouvenou, le traceur du Tour de France aupr\u00e8s de l\u2019AFP.<\/p>\n<p class=\"paragraph text_align_left lp-f-body-02\">Ce sera la cinqui\u00e8me fois qu\u2019une \u00e9tape de la Grande Boucle arrive \u00e0 Ch\u00e2teauroux et les quatre premi\u00e8res n\u2019ont pas \u00e9chapp\u00e9 aux \u00ab grosses cuisses \u00bb. En 1998, l\u2019Italien Mario Cipollini a ouvert le bal avant que <a href=\"https:\/\/www.leparisien.fr\/sports\/cyclisme\/tour-de-france\/cavendish-bad-boy-devenu-legende-respectueuse-et-respectee-chaque-fois-quil-est-tombe-il-sest-releve-03-07-2024-A5TWFAYR7RGZND3G2F6RFAJ7ZI.php\" target=\"_blank\" rel=\"noreferrer nofollow noopener\">Mark Cavendish <\/a>n\u2019entre en action pour trois succ\u00e8s en 2008, 2011 et 2021.<\/p>\n<p class=\"paragraph text_align_left lp-f-body-02\">D\u00e9sormais retrait\u00e9, le d\u00e9tenteur du record de victoires au Tour de France (35) est devenu l\u2019un des plus grands ambassadeurs de la ville.<\/p>\n<p class=\"paragraph text_align_left lp-f-body-02\">Fin juin, le maire Gil Av\u00e9rous lui a rendu hommage en postant sur les r\u00e9seaux sociaux une photo d\u2019un panneau de la commune o\u00f9 l\u2019\u00e9criteau \u00ab Cavendish City \u00bb a \u00e9t\u00e9 ajout\u00e9 en dessous.<\/p>\n<p class=\"paragraph text_align_left lp-f-body-02\">Ce sera l\u2019une des derni\u00e8res occasions de s\u2019illustrer pour les sprinteurs, qui vont souffrir lors de la suite de ce Tour de France avec les trois massifs au programme (Massif central, Pyr\u00e9n\u00e9es et Alpes).<\/p>\n<p class=\"paragraph text_align_left lp-f-body-02\"><b>La 9e \u00e9tape entre Chinon et Ch\u00e2teauroux, ce dimanche 13 juillet, sera \u00e0 suivre \u00e0 partir de 13h10 (d\u00e9part fictif) sur les antennes de France T\u00e9l\u00e9visions (France 2 et France 3) et Eurosport 1 ainsi qu\u2019en direct comment\u00e9 sur notre site leparisien.fr.<\/b><\/p>\n","protected":false},"excerpt":{"rendered":"La neuvi\u00e8me \u00e9tape du Tour de France dimanche est encore promise aux sprinteurs, entre Chinon et Ch\u00e2teauroux, rebaptis\u00e9e&hellip;\n","protected":false},"author":2,"featured_media":246283,"comment_status":"","ping_status":"","sticky":false,"template":"","format":"standard","meta":{"footnotes":""},"categories":[4],"tags":[11,207,459,1011,27,12,25,60,210],"class_list":{"0":"post-246282","1":"post","2":"type-post","3":"status-publish","4":"format-standard","5":"has-post-thumbnail","7":"category-france","8":"tag-actualites","9":"tag-cyclisme","10":"tag-departements-horsidfo","11":"tag-fr","12":"tag-france","13":"tag-news","14":"tag-republique-francaise","15":"tag-sports","16":"tag-tour-de-france"},"share_on_mastodon":{"url":"https:\/\/pubeurope.com\/@fr\/114843730738081972","error":""},"_links":{"self":[{"href":"https:\/\/www.europesays.com\/fr\/wp-json\/wp\/v2\/posts\/246282","targetHints":{"allow":["GET"]}}],"collection":[{"href":"https:\/\/www.europesays.com\/fr\/wp-json\/wp\/v2\/posts"}],"about":[{"href":"https:\/\/www.europesays.com\/fr\/wp-json\/wp\/v2\/types\/post"}],"author":[{"embeddable":true,"href":"https:\/\/www.europesays.com\/fr\/wp-json\/wp\/v2\/users\/2"}],"replies":[{"embeddable":true,"href":"https:\/\/www.europesays.com\/fr\/wp-json\/wp\/v2\/comments?post=246282"}],"version-history":[{"count":0,"href":"https:\/\/www.europesays.com\/fr\/wp-json\/wp\/v2\/posts\/246282\/revisions"}],"wp:featuredmedia":[{"embeddable":true,"href":"https:\/\/www.europesays.com\/fr\/wp-json\/wp\/v2\/media\/246283"}],"wp:attachment":[{"href":"https:\/\/www.europesays.com\/fr\/wp-json\/wp\/v2\/media?parent=246282"}],"wp:term":[{"taxonomy":"category","embeddable":true,"href":"https:\/\/www.europesays.com\/fr\/wp-json\/wp\/v2\/categories?post=246282"},{"taxonomy":"post_tag","embeddable":true,"href":"https:\/\/www.europesays.com\/fr\/wp-json\/wp\/v2\/tags?post=246282"}],"curies":[{"name":"wp","href":"https:\/\/api.w.org\/{rel}","templated":true}]}}