{"id":246284,"date":"2025-07-13T03:12:20","date_gmt":"2025-07-13T03:12:20","guid":{"rendered":"https:\/\/www.europesays.com\/fr\/246284\/"},"modified":"2025-07-13T03:12:20","modified_gmt":"2025-07-13T03:12:20","slug":"nrl-josh-papalii-rester-en-nrl-ou-partir-en-super-league-rugby-a-xiii","status":"publish","type":"post","link":"https:\/\/www.europesays.com\/fr\/246284\/","title":{"rendered":"NRL &#8211; Josh Papali&rsquo;i : rester en NRL ou partir en Super League ? &#8211; Rugby \u00e0 XIII"},"content":{"rendered":"<p style=\"text-align: justify;\"><strong>Josh Papali\u2019i devrait quitter les Canberra Raiders en fin de saison apr\u00e8s avoir \u00e9t\u00e9 inform\u00e9 qu\u2019aucune prolongation de contrat n\u2019\u00e9tait sur la table. Que va-t-il choisir ?<\/strong><\/p>\n<p style=\"text-align: justify;\">La l\u00e9gende des Raiders a disput\u00e9 son 24\u00e8me match de State of Origin avec les Maroons du Queensland avec \u00e0 la cl\u00e9 une victoire 24-12 face aux Blues de la Nouvelle-Galles du Sud. Mais pour la saison prochaine, un choix s\u2019offre \u00e0 lui. Le plier International Australien pourrait rester en NRL mais dispose aussi d\u2019une offre en Angleterre.<\/p>\n<p>S\u2019exiler en Super League ?<\/p>\n<p style=\"text-align: justify;\">Josh Papali\u2019i semblait prendre la direction de St Helens et la Super League avec un contrat de deux ans \u00e0 la cl\u00e9. Le tacticien anglais Paul Wellens, ancienne gloire des Saints, en fait sa priorit\u00e9. Joueur dur et violent, fort de sa puissance et de ses 108 kg de muscles, nul doute qu\u2019il pourrait faire des ravages en Super League.<\/p>\n<p style=\"text-align: justify;\">M\u00eame si les Saints ont s\u00e9curis\u00e9 Morgan Knowles cette saison, le paquet d\u2019avant pour 2026 est rempli d\u2019incertitude. La fin de contrat de Paasi, l\u2019\u00e2ge avanc\u00e9 d\u2019Alex Walsmley, le d\u00e9part de Batchelor\u2026 L\u2019option Papali\u2019i devient alors un des principaux objectifs des Saints afin de renforcer son pack.<\/p>\n<p>Rester en NRL ?<\/p>\n<p style=\"text-align: justify;\">Cependant, les r\u00e9centes performances exceptionnelles de Papali\u2019i auraient suscit\u00e9 l\u2019int\u00e9r\u00eat d\u2019une autre franchise de NRL, les Newcastle Knights. Le club de Nouvelle-Galles du Sud a identifi\u00e9 le pilier australien comme une priorit\u00e9 en cas de d\u00e9part de Tyson Frizell.<\/p>\n<p style=\"text-align: justify;\">De son c\u00f4t\u00e9, Josh Papali\u2019i a insist\u00e9 sur le fait qu\u2019il ne savait toujours pas o\u00f9 il jouerait en 2026, mais qu\u2019il avait encore quelques heures au plus haut niveau. Malgr\u00e9 le fait que l\u2019international australien et champion du monde en 2013 ait fait toute sa carri\u00e8re en Australie sous la tunique des Canberra Raiders, l\u2019appel de l\u2019exil ne lui fait pas peur. Avec 319 matches \u00e0 son actif, le meilleur pilier de NRL en 2020 n\u2019a pas encore fix\u00e9 son avenir. Alors, restera-t-il en NRL ou tentera-t-il l\u2019aventure en Super League ? Josh Papali\u2019i a l\u2019embarras du choix.<\/p>\n<blockquote class=\"twitter-tweet\" data-width=\"500\" data-dnt=\"true\">\n<p lang=\"en\" dir=\"ltr\">A fresh twist in Josh Papali&rsquo;i&rsquo;s future. <a href=\"https:\/\/t.co\/B7HFBoFDXJ\">https:\/\/t.co\/B7HFBoFDXJ<\/a><\/p>\n<p>\u2014 All Out Rugby League (@AORugbyLeague) <a href=\"https:\/\/twitter.com\/AORugbyLeague\/status\/1943234942621622284?ref_src=twsrc%5Etfw\" target=\"_blank\" rel=\"noopener\">July 10, 2025<\/a><\/p>\n<\/blockquote>\n<p>        <script async src=\"https:\/\/platform.twitter.com\/widgets.js\" charset=\"utf-8\"><\/script><\/p>\n","protected":false},"excerpt":{"rendered":"Josh Papali\u2019i devrait quitter les Canberra Raiders en fin de saison apr\u00e8s avoir \u00e9t\u00e9 inform\u00e9 qu\u2019aucune prolongation de&hellip;\n","protected":false},"author":2,"featured_media":246285,"comment_status":"","ping_status":"","sticky":false,"template":"","format":"standard","meta":{"footnotes":""},"categories":[1416],"tags":[38592,1011,27,38593,4473,479,2228,1468,2229,60,38594,4474,969],"class_list":{"0":"post-246284","1":"post","2":"type-post","3":"status-publish","4":"format-standard","5":"has-post-thumbnail","7":"category-rugby","8":"tag-canberra-raiders","9":"tag-fr","10":"tag-france","11":"tag-josh-papalii","12":"tag-nrl","13":"tag-rugby","14":"tag-rugby-a-xiii","15":"tag-rugby-football","16":"tag-rugby-league","17":"tag-sports","18":"tag-st-helens-saints","19":"tag-super-league","20":"tag-transfert"},"share_on_mastodon":{"url":"https:\/\/pubeurope.com\/@fr\/114843742658005831","error":""},"_links":{"self":[{"href":"https:\/\/www.europesays.com\/fr\/wp-json\/wp\/v2\/posts\/246284","targetHints":{"allow":["GET"]}}],"collection":[{"href":"https:\/\/www.europesays.com\/fr\/wp-json\/wp\/v2\/posts"}],"about":[{"href":"https:\/\/www.europesays.com\/fr\/wp-json\/wp\/v2\/types\/post"}],"author":[{"embeddable":true,"href":"https:\/\/www.europesays.com\/fr\/wp-json\/wp\/v2\/users\/2"}],"replies":[{"embeddable":true,"href":"https:\/\/www.europesays.com\/fr\/wp-json\/wp\/v2\/comments?post=246284"}],"version-history":[{"count":0,"href":"https:\/\/www.europesays.com\/fr\/wp-json\/wp\/v2\/posts\/246284\/revisions"}],"wp:featuredmedia":[{"embeddable":true,"href":"https:\/\/www.europesays.com\/fr\/wp-json\/wp\/v2\/media\/246285"}],"wp:attachment":[{"href":"https:\/\/www.europesays.com\/fr\/wp-json\/wp\/v2\/media?parent=246284"}],"wp:term":[{"taxonomy":"category","embeddable":true,"href":"https:\/\/www.europesays.com\/fr\/wp-json\/wp\/v2\/categories?post=246284"},{"taxonomy":"post_tag","embeddable":true,"href":"https:\/\/www.europesays.com\/fr\/wp-json\/wp\/v2\/tags?post=246284"}],"curies":[{"name":"wp","href":"https:\/\/api.w.org\/{rel}","templated":true}]}}