{"id":246292,"date":"2025-07-13T03:17:10","date_gmt":"2025-07-13T03:17:10","guid":{"rendered":"https:\/\/www.europesays.com\/fr\/246292\/"},"modified":"2025-07-13T03:17:10","modified_gmt":"2025-07-13T03:17:10","slug":"tdf-tour-de-france-la-9e-etape-nouveau-sprint-a-chateauroux-parcours-et-profil","status":"publish","type":"post","link":"https:\/\/www.europesays.com\/fr\/246292\/","title":{"rendered":"TDF. Tour de France &#8211; La 9e \u00e9tape, nouveau sprint \u00e0 Ch\u00e2teauroux&#8230; Parcours et profil"},"content":{"rendered":"<p>Apr\u00e8s un premier acte\u00a0remport\u00e9 samedi par\u00a0<strong><a href=\"https:\/\/www.cyclismactu.net\/..\/news-tdf-route-tour-de-france-jonathan-milan-sanctionne-pour-obstruction-des-points-en-moins-88916.html\" target=\"_blank\" rel=\"nofollow noopener\">Jonathan Milan<\/a><\/strong>\u00a0(Lidl-Trek) \u00e0 Laval lors de ce week-end r\u00e9serv\u00e9 aux sprinteurs, la deuxi\u00e8me manche promet \u00e0 nouveau une belle bataille dans les rues de\u00a0Ch\u00e2teauroux ce dimanche, une ville dont <strong>Mark Cavendish<\/strong> avait fait son royaume avec trois victoires\u00a0en 2008, 2011 et 2021 ! La 9e \u00e9tape du <strong><a href=\"https:\/\/www.cyclismactu.net\/..\/news-tdf-route-tour-de-france-marc-madiot-les-crevaisons-peut-etre-des-clous-jetes-88911.html\" target=\"_blank\" rel=\"nofollow noopener\">Tour de France<\/a><\/strong> est comme la veille plate comme la main, avec aucune difficult\u00e9 r\u00e9pertori\u00e9e tout au long des 174,1 km. S&rsquo;il faudra tout de m\u00eame se m\u00e9fier du vent, avec quelques\u00a0changements de direction qui pourraient \u00eatre exploit\u00e9s dans le final, tout semble point\u00e9 vers un nouveau sprint massif, avec le maillot vert italien en grand favori&#8230; et un <strong><a href=\"https:\/\/www.cyclismactu.net\/..\/news-tdf-route-tour-de-france-tom-steels-la-crevaison-de-tim-merlier-c-est-dommage-88913.html\" target=\"_blank\" rel=\"nofollow noopener\">Tim Merlier<\/a><\/strong> (Soudal Quick-Step) revanchard apr\u00e8s sa crevaison en Mayenne.<\/p>\n<p>Vid\u00e9o &#8211; La revanche de Tim Merlier et Tom Steels \u00e0 Ch\u00e2teauroux ? Lire la suite de l&rsquo;article&#13;<\/p>\n<p>\u00a0<\/p>\n<p>&#13;<br \/>\nQui pour succ\u00e9der \u00e0 Cavendish \u00e0\u00a0Ch\u00e2teauroux ?&#13;<\/p>\n<p>Sauf p\u00e9pin m\u00e9canique, les deux hommes devraient se livrer un nouveau duel pour d\u00e9crocher une 2e victoire sur ce <strong>Tour<\/strong> et prendre l&rsquo;ascendant sur son rival. Parmi les outsiders, on retrouvera \u00e0 nouveau des coureurs comme\u00a0<strong>Biniam Girmay\u00a0<\/strong>(Intermarch\u00e9-Wanty),\u00a0<strong>Dylan Groenewegen<\/strong>\u00a0(Jayco AlUla),\u00a0<strong>Jordi Meeus<\/strong>\u00a0(Red Bull-BORA-hansgrohe),\u00a0<strong>Kaden Groves<\/strong>\u00a0(Alpecin &#8211; Deceuninck),\u00a0<strong>Wout Van Aert\u00a0<\/strong>(Visma | Lease a Bike), sans oublier les\u00a0<strong>Phil Bauhaus<\/strong>\u00a0(Bahrain &#8211; Victorious),\u00a0<strong>Arnaud De Lie<\/strong>\u00a0(Lotto),\u00a0<strong>Arnaud D\u00e9mare<\/strong>\u00a0(Ark\u00e9a &#8211; B&amp;B Hotels),\u00a0<strong>Paul Penho\u00ebt<\/strong>\u00a0(Groupama &#8211; FDJ),\u00a0<strong>Bryan Coquard<\/strong>\u00a0(Cofidis),\u00a0<strong>Alberto Dainese<\/strong>\u00a0(Tudor Pro Cycling Team) ou encore\u00a0<strong>Marijn van den Berg<\/strong>\u00a0(EF Education &#8211; EasyPost). Les sprinteurs tenteront encore une fois de faire le plein de points pour le classement du maillot vert et pour \u00e9carter la menace <strong>Tadej Pogacar<\/strong> (UAE Team Emirates-XRG).<\/p>\n<p>&#13;<\/p>\n<p>\u00a0<\/p>\n<p>&#13;<br \/>\n<strong>Le parcours de la 9e \u00e9tape<\/strong>&#13;<\/p>\n<p>&#8211; Dimanche 13 juillet \u2013\u00a0<strong>\u00c9tape 9\u00a0<\/strong>:\u00a0Chinon \u2013 Ch\u00e2teauroux \/ 174,1 km<\/p>\n<p>&#13;<\/p>\n<p><img decoding=\"async\" src=\"https:\/\/www.europesays.com\/fr\/wp-content\/uploads\/2025\/07\/tourdf9.jpg\" style=\"max-width:100%;max-height:100%;\" alt=\"image\" loading=\"lazy\"\/><\/p>\n<p>&#13;<\/p>\n<p>\u00a0<\/p>\n<p>&#13;<\/p>\n<p>\u00a0<\/p>\n<p>&#13;<\/p>\n<p>\u00a0<\/p>\n<p>&#13;<br \/>\nLa liste de d\u00e9part de ce <strong>Tour de France 2025,\u00a0<\/strong>c&rsquo;est\u00a0<strong style=\"font-size: 10px;\"><a href=\"https:\/\/www.cyclismactu.net\/..\/news-tdf-route-tour-de-france-la-startlist-du-tour-de-france-184-coureurs-depart-88207.html\" target=\"_blank\" rel=\"nofollow noopener\">\u00e0 retrouver ICI en cliquant sur ce lien<\/a><\/strong> !Tour de France &#8211; Classement g\u00e9n\u00e9ral provisoire apr\u00e8s la 8\u00e8 \u00e9tape<\/p>\n","protected":false},"excerpt":{"rendered":"Apr\u00e8s un premier acte\u00a0remport\u00e9 samedi par\u00a0Jonathan Milan\u00a0(Lidl-Trek) \u00e0 Laval lors de ce week-end r\u00e9serv\u00e9 aux sprinteurs, la deuxi\u00e8me&hellip;\n","protected":false},"author":2,"featured_media":246293,"comment_status":"","ping_status":"","sticky":false,"template":"","format":"standard","meta":{"footnotes":""},"categories":[1411],"tags":[1154,207,211,1011,27,209,60,210,212,208,213],"class_list":{"0":"post-246292","1":"post","2":"type-post","3":"status-publish","4":"format-standard","5":"has-post-thumbnail","7":"category-cyclisme","8":"tag-cycling","9":"tag-cyclisme","10":"tag-ffc","11":"tag-fr","12":"tag-france","13":"tag-route","14":"tag-sports","15":"tag-tour-de-france","16":"tag-uci","17":"tag-velo","18":"tag-world-tour"},"share_on_mastodon":{"url":"https:\/\/pubeurope.com\/@fr\/114843762332976957","error":""},"_links":{"self":[{"href":"https:\/\/www.europesays.com\/fr\/wp-json\/wp\/v2\/posts\/246292","targetHints":{"allow":["GET"]}}],"collection":[{"href":"https:\/\/www.europesays.com\/fr\/wp-json\/wp\/v2\/posts"}],"about":[{"href":"https:\/\/www.europesays.com\/fr\/wp-json\/wp\/v2\/types\/post"}],"author":[{"embeddable":true,"href":"https:\/\/www.europesays.com\/fr\/wp-json\/wp\/v2\/users\/2"}],"replies":[{"embeddable":true,"href":"https:\/\/www.europesays.com\/fr\/wp-json\/wp\/v2\/comments?post=246292"}],"version-history":[{"count":0,"href":"https:\/\/www.europesays.com\/fr\/wp-json\/wp\/v2\/posts\/246292\/revisions"}],"wp:featuredmedia":[{"embeddable":true,"href":"https:\/\/www.europesays.com\/fr\/wp-json\/wp\/v2\/media\/246293"}],"wp:attachment":[{"href":"https:\/\/www.europesays.com\/fr\/wp-json\/wp\/v2\/media?parent=246292"}],"wp:term":[{"taxonomy":"category","embeddable":true,"href":"https:\/\/www.europesays.com\/fr\/wp-json\/wp\/v2\/categories?post=246292"},{"taxonomy":"post_tag","embeddable":true,"href":"https:\/\/www.europesays.com\/fr\/wp-json\/wp\/v2\/tags?post=246292"}],"curies":[{"name":"wp","href":"https:\/\/api.w.org\/{rel}","templated":true}]}}