{"id":246305,"date":"2025-07-13T03:26:10","date_gmt":"2025-07-13T03:26:10","guid":{"rendered":"https:\/\/www.europesays.com\/fr\/246305\/"},"modified":"2025-07-13T03:26:10","modified_gmt":"2025-07-13T03:26:10","slug":"la-cadillac-n38-penalisee-porsche-penske-en-premiere-ligne-au-bresil","status":"publish","type":"post","link":"https:\/\/www.europesays.com\/fr\/246305\/","title":{"rendered":"La Cadillac n\u00b038 p\u00e9nalis\u00e9e, Porsche Penske en premi\u00e8re ligne au Br\u00e9sil"},"content":{"rendered":"<p>Le doubl\u00e9 obtenu en piste par Cadillac Hertz Team JOTA au terme de l&rsquo;Hyperpole des 6 Heures de S\u00e3o Paulo n&rsquo;aura pas tenu longtemps.<\/p>\n<p>\u00a0<\/p>\n<p>La V-Series.R n\u00b038 de S\u00e9bastien Bourdais a \u00e9t\u00e9 p\u00e9nalis\u00e9e d&rsquo;une place sur la grille pour avoir g\u00ean\u00e9 la Peugeot 9X8 n\u00b093 au niveau du virage n\u00b012. De fait, la Porsche 963 n\u00b05 &#8211; Porsche Penske de Julien Andlauer et Michael Christensen remonte d&rsquo;une position et partira en premi\u00e8re ligne au c\u00f4t\u00e9 de la Cadillac n\u00b012 d&rsquo;Alex Lynn, Norman Nato et Will Stevens.<\/p>\n<p>\u00a0<\/p>\n<p>Autre voiture sanctionn\u00e9e d&rsquo;une place sur la grille, la Porsche n\u00b099 &#8211; Proton Competition, pour avoir cette fois g\u00ean\u00e9 la Ferrari 499P n\u00b050 &#8211; Ferrari AF Corse au virage n\u00b013. La Porsche priv\u00e9e, qualifi\u00e9e 12e, partira donc 13e, au profit de l&rsquo;Aston Martin Valkyrie n\u00b0007 &#8211; Aston Martin THoR qui gagne une position.<\/p>\n<p class=\"highlight\"><strong>Les r\u00e9sultats mis \u00e0 jour sont <a href=\"https:\/\/www.endurance-info.com\/auto\/resultat\/116948-6h-sao-paulo\" target=\"_blank\" rel=\"noopener\">ICI<\/a><\/strong><\/p>\n","protected":false},"excerpt":{"rendered":"Le doubl\u00e9 obtenu en piste par Cadillac Hertz Team JOTA au terme de l&rsquo;Hyperpole des 6 Heures de&hellip;\n","protected":false},"author":2,"featured_media":246306,"comment_status":"","ping_status":"","sticky":false,"template":"","format":"standard","meta":{"footnotes":""},"categories":[9],"tags":[4208,4214,4198,4197,4207,4215,4209,4194,4195,4211,4196,1011,27,4216,4201,4205,4200,4221,4204,4212,4206,4217,2191,4218,4203,4219,4210,4213,60,4199,4220,4202],"class_list":{"0":"post-246305","1":"post","2":"type-post","3":"status-publish","4":"format-standard","5":"has-post-thumbnail","7":"category-sports","8":"tag-24h-nurburgring-vln","9":"tag-24h-series","10":"tag-adac-gt-masters","11":"tag-asian-le-mans-series","12":"tag-british-gt","13":"tag-club-des-pilotes-des-24h-du-mans","14":"tag-dtm","15":"tag-endurance-info","16":"tag-european-le-mans-series","17":"tag-ffsa-gt","18":"tag-fia-wec","19":"tag-fr","20":"tag-france","21":"tag-green-racing","22":"tag-gt-open","23":"tag-gt-sports-club","24":"tag-gt-world-challenge-america","25":"tag-gt-world-challenge-asia","26":"tag-gt-world-challenge-europe","27":"tag-gulf12","28":"tag-imsa","29":"tag-intercontinental-gt-challenge","30":"tag-le-mans","31":"tag-le-mans-classic","32":"tag-ligier-european-series","33":"tag-michelin-le-mans-cup","34":"tag-porsche-carrera-cup-france","35":"tag-sport-paddle","36":"tag-sports","37":"tag-super-gt","38":"tag-supercar","39":"tag-ultimate-cup-series"},"share_on_mastodon":{"url":"","error":"Validation failed: Text character limit of 500 exceeded"},"_links":{"self":[{"href":"https:\/\/www.europesays.com\/fr\/wp-json\/wp\/v2\/posts\/246305","targetHints":{"allow":["GET"]}}],"collection":[{"href":"https:\/\/www.europesays.com\/fr\/wp-json\/wp\/v2\/posts"}],"about":[{"href":"https:\/\/www.europesays.com\/fr\/wp-json\/wp\/v2\/types\/post"}],"author":[{"embeddable":true,"href":"https:\/\/www.europesays.com\/fr\/wp-json\/wp\/v2\/users\/2"}],"replies":[{"embeddable":true,"href":"https:\/\/www.europesays.com\/fr\/wp-json\/wp\/v2\/comments?post=246305"}],"version-history":[{"count":0,"href":"https:\/\/www.europesays.com\/fr\/wp-json\/wp\/v2\/posts\/246305\/revisions"}],"wp:featuredmedia":[{"embeddable":true,"href":"https:\/\/www.europesays.com\/fr\/wp-json\/wp\/v2\/media\/246306"}],"wp:attachment":[{"href":"https:\/\/www.europesays.com\/fr\/wp-json\/wp\/v2\/media?parent=246305"}],"wp:term":[{"taxonomy":"category","embeddable":true,"href":"https:\/\/www.europesays.com\/fr\/wp-json\/wp\/v2\/categories?post=246305"},{"taxonomy":"post_tag","embeddable":true,"href":"https:\/\/www.europesays.com\/fr\/wp-json\/wp\/v2\/tags?post=246305"}],"curies":[{"name":"wp","href":"https:\/\/api.w.org\/{rel}","templated":true}]}}