{"id":246311,"date":"2025-07-13T03:29:09","date_gmt":"2025-07-13T03:29:09","guid":{"rendered":"https:\/\/www.europesays.com\/fr\/246311\/"},"modified":"2025-07-13T03:29:09","modified_gmt":"2025-07-13T03:29:09","slug":"cette-entreprise-emblematique-du-cotentin-vient-de-decrocher-un-gros-contrat-avec-les-epr-2","status":"publish","type":"post","link":"https:\/\/www.europesays.com\/fr\/246311\/","title":{"rendered":"Cette entreprise embl\u00e9matique du Cotentin vient de d\u00e9crocher un gros contrat avec les EPR 2"},"content":{"rendered":"<p>            Par<br \/>\n        <strong><br \/>\n            <a href=\"https:\/\/actu.fr\/auteur\/s-lavenu\" title=\"Consulter tous les articles de Sol\u00e8ne Lavenu\" target=\"_blank\" rel=\"noopener\">Sol\u00e8ne Lavenu<\/a><br \/>\n        <\/strong><\/p>\n<p>        Publi\u00e9 le<\/p>\n<p>            12 juil. 2025 \u00e0 19h56        <\/p>\n<p>L\u2019entreprise ACPP (anciennement les Ateliers de constructions du petit parc), situ\u00e9e \u00e0 <a href=\"https:\/\/actu.fr\/normandie\/digulleville_50163\" target=\"_blank\" rel=\"noopener\">Digulleville<\/a> (Manche), est connue dans le secteur du <a href=\"https:\/\/actu.fr\/tag\/nucleaire\" target=\"_blank\" rel=\"noopener\">nucl\u00e9aire<\/a>. Elle a \u00e9t\u00e9 un fleuron de l\u2019industrie dans les <b>ann\u00e9es 90 et 2000.<\/b><\/p>\n<p class=\" wall-content\">Depuis quelques ann\u00e9es, c\u2019est sa gestion et ses crises \u00e0 r\u00e9p\u00e9tition qui ont fait les titres de l\u2019actualit\u00e9 jusqu\u2019\u00e0 son rachat, devant le tribunal du commerce, <b>en 2021, par Fives Nordon.<\/b> Ont suivi des semaines de <b>mouvements sociaux<\/b> pour alerter les pouvoirs publics de la situation. ACPP est, depuis, rest\u00e9e discr\u00e8te. <b>Trop discr\u00e8te<\/b> selon l\u2019avis des <a href=\"https:\/\/actu.fr\/tag\/syndicats\" target=\"_blank\" rel=\"noopener\">syndicats<\/a> de l\u2019entreprise.<\/p>\n<p>Le \u00ab\u2009d\u00e9but d\u2019une nouvelle \u00e8re\u2009\u00bb<\/p>\n<p class=\" wall-content\">\u00ab\u2009Les investissements dans l\u2019atelier <b>tardent, <\/b>les contrats ne rentrent pas beaucoup. Nous avons obtenu<b> 1\u2009% d\u2019augmentation <\/b>aux n\u00e9gociations annuelles obligatoires (NAO) et avons \u00e9voqu\u00e9 du <b>ch\u00f4mage partiel <\/b>au dernier CSE\u2009\u00bb, d\u00e9taillent les repr\u00e9sentants.<\/p>\n<p class=\" wall-content\">\u00ab\u2009Quand on reprend une entreprise en difficult\u00e9, il y a forc\u00e9ment un <b>temps de redressement.<\/b> Ce n\u2019est pas pareil que de racheter une entreprise florissante. Et l\u2019atelier de chaudronnerie a \u00e9t\u00e9 plus long \u00e0 red\u00e9marrer que nous avions imagin\u00e9\u2009\u00bb, avoue Jean-Jacques Depuydt, le PDG du groupe Fives Nordon ACPP.<\/p>\n<p class=\" wall-content\">Mais les ann\u00e9es noires<b> semblent termin\u00e9es<\/b> et l\u2019avenir de l\u2019entreprise est de nouveau <b>radieux. <\/b>ACPP, port\u00e9e par Fives Nordon, vient de signer un contrat pour la construction de plusieurs pi\u00e8ces pour les EPR nouvelle g\u00e9n\u00e9ration annonc\u00e9es par <a href=\"https:\/\/actu.fr\/tag\/emmanuel-macron\" target=\"_blank\" rel=\"noopener\">Emmanuel Macron<\/a> lors de son plan de relance du nucl\u00e9aire.<\/p>\n<p>15\u00a0millions d\u2019investissement<\/p>\n<p class=\" wall-content\"><b>300<\/b> \u00e9quipements de chaudronnerie vont \u00eatre construits dans les b\u00e2timents historiques de Digulleville, commune d\u00e9l\u00e9gu\u00e9e de La Hague, aux portes de l\u2019entreprise <a href=\"https:\/\/actu.fr\/tag\/orano-la-hague\" target=\"_blank\" rel=\"noopener\">Orano<\/a>. \u00ab\u2009Une<b> s\u00e9rie d\u2019\u00e9tudes <\/b>est d\u00e9j\u00e0 lanc\u00e9e, port\u00e9e par Fives Nordon pour une dur\u00e9e de<b> deux ans<\/b> en comptant la phase d\u2019approvisionnement. Suivra <b>en 2027, la construction<\/b> chez ACPP\u2009\u00bb, explique le PDG.<\/p>\n<p class=\" wall-content\">Ainsi, ce contrat, \u00ab\u2009sign\u00e9 avec Fives Nordon, sera <b>sous-trait\u00e9<\/b> (notamment la chaudronnerie) \u00e0 ACPP\u2009\u00bb, d\u00e9taille encore Jean-Jacques Depuydt.<\/p>\n<p class=\" wall-content\">D\u2019ici l\u00e0, <b>d\u2019autres march\u00e9s<\/b> occuperont les salari\u00e9s des ateliers. \u00ab\u2009Nous avons quelques march\u00e9s, notamment pour intervenir sur le circuit primaire du r\u00e9acteur de recherche Jules-Horowitz (Bouches-du-Rh\u00f4ne) \u00e0 Cadarache ou avec Orano. Nous ne sommes actuellement pas dans des grandes ann\u00e9es, mais le secteur nucl\u00e9aire r\u00e9siste <b>mieux que d\u2019autres fili\u00e8res<\/b>, surtout dans le Cotentin.\u2009\u00bb<\/p>\n<p class=\" wall-content\">Et le vent devrait tourner dans les prochaines ann\u00e9es. Ce contrat pour les EPR 2 doit \u00eatre<b> le premier d\u2019une s\u00e9rie.<\/b> \u00ab\u2009Nous avons d\u00e9sormais une <b>meilleure visibilit\u00e9<\/b>. C\u2019est l\u2019avantage du secteur nucl\u00e9aire, nous avons des contrats sur du long terme\u2009\u00bb, explique Jean-Jacques Depuydt. Cela permet de relancer l\u2019entreprise de chaudronnerie dans la course des sous-traitants, gr\u00e2ce, notamment, \u00e0 de nouveaux investissements \u00e0 hauteur de <b>15\u00a0millions d\u2019euros<\/b> dans l\u2019entreprise ACPP sur les<b> cinq prochaines ann\u00e9es.<\/b><\/p>\n<p>\u00ab\u2009Forc\u00e9ment une bonne nouvelle\u2009\u00bb<\/p>\n<p class=\" wall-content\">\u00ab\u2009Nous entrons dans un premier plan d\u2019investissement de<b> 6,5\u00a0millions<\/b> avec la construction d\u2019un nouvel atelier de <b>3\u2009000 m\u00b2 <\/b>\u00bb, explique encore le directeur.<\/p>\n<p class=\" wall-content\">Les anciens b\u00e2timents dont les <b>8\u2009500 m\u00b2 <\/b>d\u2019atelier vont aussi \u00eatre r\u00e9nov\u00e9s et \u00e9quip\u00e9s de machines <b>plus r\u00e9centes<\/b> et davantage automatis\u00e9es. \u00ab\u2009Cela va permettre d\u2019avoir une ligne acier blanc (inox) et une autre d\u2019acier noir (carbone) bien distinct.\u2009\u00bb<\/p>\n<p class=\" wall-content\">Des investissements esp\u00e9r\u00e9s<b> depuis longtemps<\/b> par les syndicats repr\u00e9sentatifs dans l\u2019entreprise. \u00ab\u2009C\u2019est forc\u00e9ment une <b>bonne nouvelle<\/b> et on esp\u00e8re tous une p\u00e9riode faste. Mais nous sommes devenus <b>prudents<\/b>, nous avons du mal \u00e0 \u00eatre super optimistes. D\u2019autant que pour ACPP, le contrat ne commence <b>qu\u2019en 2027, il va falloir tenir jusque-l\u00e0<\/b>\u2009\u00bb, relativise Arnaud Dumont, repr\u00e9sentant CGT.<\/p>\n<p>Un contexte plus favorable<\/p>\n<p class=\" wall-content\">Des doutes balay\u00e9s par Jean-Jacques Depuydt. \u00ab\u2009Quand nous avons achet\u00e9 l\u2019entreprise en 2021, le gouvernement envisageait la fermeture de centrales nucl\u00e9aires, ne voyait pas d\u2019avenir \u00e0 Orano La Hague au-del\u00e0 de 2040\u2026 Aujourd\u2019hui, avec le plan de relance du nucl\u00e9aire, les nouveaux EPR, la prolongation de l\u2019usine Orano La Hague, les nouvelles usines envisag\u00e9es\u2026 <b>Le contexte est beaucoup plus favorable<\/b> pour envisager de<b> vrais investissements\u2009<\/b>\u00bb, explique le directeur.<\/p>\n<p class=\" wall-content\">D\u2019autant que Fives Nordon s\u2019\u00e9tait aussi port\u00e9 acqu\u00e9reur du site ACPP en 2023. \u00ab\u2009Cela permet aujourd\u2019hui d\u2019envisager ce nouveau b\u00e2timent <b>sans crainte. <\/b>Une bonne chose dans le contexte actuel\u2009\u00bb, sourit le PDG.<\/p>\n<p class=\" wall-content\">Alors si le contrat d\u00e9croch\u00e9 \u00ab\u2009ne sauve pas ACPP, il permet d\u2019\u00e9crire un<b> nouveau chapitre<\/b>, avec de nouveaux collaborateurs\u2009\u00bb. Jean-Jacques Depuydt esp\u00e8re embaucher <b>une centaine <\/b>de nouveaux collaborateurs dans ces <b>cinq prochaines ann\u00e9es.<\/b> Un \u00ab\u2009beau challenge\u2009\u00bb.<\/p>\n<p>Site unique<\/p>\n<p>Le site de l&rsquo;entreprise ACPP, situ\u00e9 \u00e0 Digulleville, \u00e0 quelques m\u00e8tres de l&rsquo;entr\u00e9e d&rsquo;Orano, a une particularit\u00e9 : il poss\u00e8de un blockhaus au milieu de l&rsquo;entreprise.<br \/>&#13;<br \/>\n\u00ab M\u00eame s&rsquo;il nous permet de faire les \u00e9preuves hydrauliques, il prend de la place \u00bb, sourit le PDG du groupe Fives Nordon ACPP, Jean-Jacques Depuydt.<br \/>&#13;<br \/>\nUne sp\u00e9cificit\u00e9 qui a, entre autres, s\u00e9duit le dirigeant. Apr\u00e8s avoir rachet\u00e9 l&rsquo;entreprise en 2021, le groupe Fives Nordon s&rsquo;est port\u00e9 acqu\u00e9reur du terrain. Cela permet aujourd&rsquo;hui d&rsquo;entreprendre sereinement une extension des ateliers, un luxe \u00e0 l&rsquo;heure actuelle.<\/p>\n<p class=\" wall-content\">Suivez toute l\u2019actualit\u00e9 de vos villes et m\u00e9dias favoris en vous inscrivant \u00e0 <a href=\"https:\/\/moncompte.actu.fr\" title=\"D\u00e9couvez Mon Actu\" rel=\"nofollow noopener\" data-trk=\"{&quot;cta&quot;:{&quot;action&quot;:&quot;https:\\\/\\\/moncompte.actu.fr&quot;,&quot;category&quot;:&quot;mon compte&quot;,&quot;from&quot;:&quot;article footer&quot;,&quot;name&quot;:&quot;Mon actu&quot;,&quot;type&quot;:&quot;cta&quot;}}\" target=\"_blank\">Mon Actu<\/a>.<\/p>\n","protected":false},"excerpt":{"rendered":"Par Sol\u00e8ne Lavenu Publi\u00e9 le 12 juil. 2025 \u00e0 19h56 L\u2019entreprise ACPP (anciennement les Ateliers de constructions du&hellip;\n","protected":false},"author":2,"featured_media":246312,"comment_status":"","ping_status":"","sticky":false,"template":"","format":"standard","meta":{"footnotes":""},"categories":[6],"tags":[35,3168,33,34,341,1011,27,5654],"class_list":{"0":"post-246311","1":"post","2":"type-post","3":"status-publish","4":"format-standard","5":"has-post-thumbnail","7":"category-economie","8":"tag-business","9":"tag-cotentin","10":"tag-economie","11":"tag-economy","12":"tag-emploi","13":"tag-fr","14":"tag-france","15":"tag-nucleaire"},"share_on_mastodon":{"url":"https:\/\/pubeurope.com\/@fr\/114843809564569145","error":""},"_links":{"self":[{"href":"https:\/\/www.europesays.com\/fr\/wp-json\/wp\/v2\/posts\/246311","targetHints":{"allow":["GET"]}}],"collection":[{"href":"https:\/\/www.europesays.com\/fr\/wp-json\/wp\/v2\/posts"}],"about":[{"href":"https:\/\/www.europesays.com\/fr\/wp-json\/wp\/v2\/types\/post"}],"author":[{"embeddable":true,"href":"https:\/\/www.europesays.com\/fr\/wp-json\/wp\/v2\/users\/2"}],"replies":[{"embeddable":true,"href":"https:\/\/www.europesays.com\/fr\/wp-json\/wp\/v2\/comments?post=246311"}],"version-history":[{"count":0,"href":"https:\/\/www.europesays.com\/fr\/wp-json\/wp\/v2\/posts\/246311\/revisions"}],"wp:featuredmedia":[{"embeddable":true,"href":"https:\/\/www.europesays.com\/fr\/wp-json\/wp\/v2\/media\/246312"}],"wp:attachment":[{"href":"https:\/\/www.europesays.com\/fr\/wp-json\/wp\/v2\/media?parent=246311"}],"wp:term":[{"taxonomy":"category","embeddable":true,"href":"https:\/\/www.europesays.com\/fr\/wp-json\/wp\/v2\/categories?post=246311"},{"taxonomy":"post_tag","embeddable":true,"href":"https:\/\/www.europesays.com\/fr\/wp-json\/wp\/v2\/tags?post=246311"}],"curies":[{"name":"wp","href":"https:\/\/api.w.org\/{rel}","templated":true}]}}