{"id":246313,"date":"2025-07-13T03:30:10","date_gmt":"2025-07-13T03:30:10","guid":{"rendered":"https:\/\/www.europesays.com\/fr\/246313\/"},"modified":"2025-07-13T03:30:10","modified_gmt":"2025-07-13T03:30:10","slug":"les-recipiendaires-de-la-legion-dhonneur-du-14-juillet-2025","status":"publish","type":"post","link":"https:\/\/www.europesays.com\/fr\/246313\/","title":{"rendered":"les r\u00e9cipiendaires de la L\u00e9gion d\u2019honneur du 14 juillet 2025"},"content":{"rendered":"<p>Aux c\u00f4t\u00e9s de personnalit\u00e9s connues comme Mona Ozouf, Pierre Mazeaud ou Guillaume Faury, vingt Fran\u00e7ais ont \u00e9t\u00e9 d\u00e9cor\u00e9s de la L\u00e9gion d\u2019honneur gr\u00e2ce \u00e0 l\u2019initiative citoyenne, une proc\u00e9dure participative qui permet \u00e0 chacun de proposer un candidat.<\/p>\n<p class=\"fig-paragraph\">La nouvelle promotion civile de la\u00a0<a href=\"http:\/\/www.lefigaro.fr\/actualite-france\/chaque-citoyen-peut-desormais-proposer-une-personne-meritante-a-la-legion-d-honneur-20250226\" data-fig-type=\"Article\" data-gtm-custom-categorie=\"navigation\" data-gtm-custom-action=\"crossclick\" data-gtm-custom-label=\"Contextuel\" data-gtm-event=\"customEventSPE\" data-fig-domain=\"LEFIGARO\" rel=\"nofollow noopener\" target=\"_blank\">L\u00e9gion d\u2019honneur,<\/a>\u00a0publi\u00e9e ce dimanche 13 juillet au Journal officiel, distingue 589 personnalit\u00e9s. Une \u00e9dition marqu\u00e9e par l\u2019essor de l\u2019\u00abinitiative citoyenne\u00bb, un dispositif renforc\u00e9 depuis le d\u00e9but de l\u2019ann\u00e9e et qui permet \u00e0 des Fran\u00e7ais<a href=\"http:\/\/www.lefigaro.fr\/actualite-france\/qui-merite-la-legion-d-honneur-les-francais-auront-leur-mot-a-dire-20250304\" data-fig-type=\"Article\" data-gtm-custom-categorie=\"navigation\" data-gtm-custom-action=\"crossclick\" data-gtm-custom-label=\"Contextuel\" data-gtm-event=\"customEventSPE\" data-fig-domain=\"LEFIGARO\" rel=\"nofollow noopener\" target=\"_blank\">\u00a0de proposer directement un candidat<\/a>.<\/p>\n<p class=\"fig-paragraph\">Vingt personnes ont ainsi \u00e9t\u00e9 d\u00e9cor\u00e9es \u00e0 l\u2019issue de cette proc\u00e9dure participative. Elles ont toutes \u00e9t\u00e9 soutenues par au moins cinquante concitoyens, avant que leur dossier ne soit examin\u00e9 par le conseil de l\u2019ordre, au m\u00eame titre que les propositions minist\u00e9rielles.<\/p>\n<p>                                    <a class=\"fig-a11y-skip a11y-hidden\" href=\"#fig-a11y-skip-main-inarticle\"><br \/>\n        Passer la publicit\u00e9<br \/>\n    <\/a><\/p>\n<p class=\"fig-paragraph\">\u00abCes vingt premiers d\u00e9cor\u00e9s nous montrent que nos concitoyens s\u2019emparent du dispositif qui permet d\u00e9sormais de distinguer chaque ann\u00e9e 100 personnes dans la L\u00e9gion d\u2019honneur\u00bb, souligne le g\u00e9n\u00e9ral\u00a0<a href=\"http:\/\/www.lefigaro.fr\/vox\/politique\/general-francois-lecointre-legion-d-honneur-la-regle-dont-je-suis-le-garant-20250624\" data-fig-type=\"Article\" data-gtm-custom-categorie=\"navigation\" data-gtm-custom-action=\"crossclick\" data-gtm-custom-label=\"Contextuel\" data-gtm-event=\"customEventSPE\" data-fig-domain=\"LEFIGARO\" rel=\"nofollow noopener\" target=\"_blank\">Fran\u00e7ois Lecointre<\/a>, grand chancelier de l\u2019ordre.<\/p>\n<p>La majorit\u00e9 des promus \u0153uvre loin des projecteurs<\/p>\n<p class=\"fig-paragraph\">Parmi les laur\u00e9ats issus de cette voie\u00a0: Guy Lessieux, un m\u00e9decin ayant cr\u00e9\u00e9 la premi\u00e8re maraude m\u00e9dicale de France, Isabelle Baudoin, une restauratrice de vitraux, Annie Toussaint, une ancienne professeure de lettres engag\u00e9e au Rwanda, Guy Paris, un maire et m\u00e9decin dans un d\u00e9sert m\u00e9dical, Herv\u00e9 Levesque, un professeur de m\u00e9decine sp\u00e9cialis\u00e9 dans les maladies rares, ou encore Ren\u00e9 Lucien-Reinette, un ancien militaire dressant des chiens pour soutenir les victimes d\u2019agressions sexuelles. Ils incarnent tous, selon la Grande chancellerie, \u00able visage quotidien et anonyme de l\u2019engagement pour l\u2019int\u00e9r\u00eat g\u00e9n\u00e9ral\u00bb.<\/p>\n<p class=\"fig-paragraph\">Au total, cette promotion comprend 497 chevaliers, 68 officiers, 18 commandeurs, 4 grands officiers et 2 grand\u2019croix. Les r\u00e9cipiendaires sont issus de tous les secteurs d\u2019activit\u00e9, conform\u00e9ment au principe d\u2019universalit\u00e9 de la distinction. Pr\u00e8s de 28\u202f% viennent du monde \u00e9conomique, 22\u202f% de l\u2019administration publique, 13\u202f% du social et de la sant\u00e9, 12\u202f% de l\u2019enseignement et de la recherche, 6\u202f% du secteur culturel, et 15\u202f% sont des \u00e9lus.<\/p>\n<p class=\"fig-paragraph\">Si certaines personnalit\u00e9s connues y figurent &#8211; comme les \u00e9crivains\u00a0<a href=\"http:\/\/www.lefigaro.fr\/livres\/melissa-da-costa-a-nouveau-en-tete-marc-levy-evince-le-palmares-des-auteurs-francophones-qui-ont-vendu-le-plus-de-livres-en-2024-20250122\" data-fig-type=\"Article\" data-gtm-custom-categorie=\"navigation\" data-gtm-custom-action=\"crossclick\" data-gtm-custom-label=\"Contextuel\" data-gtm-event=\"customEventSPE\" data-fig-domain=\"LEFIGARO\" rel=\"nofollow noopener\" target=\"_blank\">Marc Levy<\/a>\u00a0et\u00a0<a href=\"http:\/\/www.lefigaro.fr\/actualite-france\/tout-le-monde-tremble-emilie-freche-desinvitee-par-amnesty-international-a-cause-de-son-soutien-aux-otages-israeliens-20240311\" data-fig-type=\"Article\" data-gtm-custom-categorie=\"navigation\" data-gtm-custom-action=\"crossclick\" data-gtm-custom-label=\"Contextuel\" data-gtm-event=\"customEventSPE\" data-fig-domain=\"LEFIGARO\" rel=\"nofollow noopener\" target=\"_blank\">Emilie Fr\u00e8che<\/a>, la com\u00e9dienne\u00a0<a href=\"http:\/\/www.lefigaro.fr\/festival-de-cannes\/lea-drucker-depuis-que-j-ai-50-ans-on-me-propose-des-roles-plus-complexes-20250515\" data-fig-type=\"Article\" data-gtm-custom-categorie=\"navigation\" data-gtm-custom-action=\"crossclick\" data-gtm-custom-label=\"Contextuel\" data-gtm-event=\"customEventSPE\" data-fig-domain=\"LEFIGARO\" rel=\"nofollow noopener\" target=\"_blank\">L\u00e9a Drucker<\/a>, l\u2019humoriste\u00a0<a href=\"http:\/\/www.lefigaro.fr\/medias\/guerre-israel-hamas-sophia-aram-etrille-la-bonne-conscience-de-gauche-de-blanche-gardin-20240714\" data-fig-type=\"NewsFlash\" data-gtm-custom-categorie=\"navigation\" data-gtm-custom-action=\"crossclick\" data-gtm-custom-label=\"Contextuel\" data-gtm-event=\"customEventSPE\" data-fig-domain=\"LEFIGARO\" rel=\"nofollow noopener\" target=\"_blank\">Sophia Aram<\/a>\u00a0ou encore\u00a0<a href=\"http:\/\/www.lefigaro.fr\/gisele-pelicot-sacree-femme-la-plus-influente-de-2025-par-the-independent-20250308\" data-fig-type=\"NewsFlash\" data-gtm-custom-categorie=\"navigation\" data-gtm-custom-action=\"crossclick\" data-gtm-custom-label=\"Contextuel\" data-gtm-event=\"customEventSPE\" data-fig-domain=\"LEFIGARO\" rel=\"nofollow noopener\" target=\"_blank\">Gis\u00e8le P\u00e9licot<\/a>, salu\u00e9e pour son engagement contre les violences sexistes -, la Grande chancellerie rappelle que la majorit\u00e9 des promus \u0153uvre loin des projecteurs. Dans les sph\u00e8res institutionnelles, on note les nominations d\u2019<a href=\"http:\/\/www.lefigaro.fr\/actualite-france\/eric-dupond-moretti-le-garde-des-sceaux-qui-a-tenu-envers-et-contre-tout-20240921\" data-fig-type=\"Article\" data-gtm-custom-categorie=\"navigation\" data-gtm-custom-action=\"crossclick\" data-gtm-custom-label=\"Contextuel\" data-gtm-event=\"customEventSPE\" data-fig-domain=\"LEFIGARO\" rel=\"nofollow noopener\" target=\"_blank\">\u00c9ric Dupond-Moretti<\/a>,\u00a0<a href=\"https:\/\/www.lefigaro.fr\/politique\/stanislas-guerini-une-premiere-annee-mouvementee-a-la-tete-de-lrem-20191129\" data-fig-type=\"Article\" data-gtm-custom-categorie=\"navigation\" data-gtm-custom-action=\"crossclick\" data-gtm-custom-label=\"Contextuel\" data-gtm-event=\"customEventSPE\" data-fig-domain=\"LEFIGARO\" rel=\"nofollow noopener\" target=\"_blank\">Stanislas Guerini<\/a>\u00a0ou\u00a0<a href=\"https:\/\/www.lefigaro.fr\/politique\/la-nouvelle-vie-d-olivier-veran-a-la-reconquete-des-macronistes-perdus-a-gauche-20240317\" data-fig-type=\"Article\" data-gtm-custom-categorie=\"navigation\" data-gtm-custom-action=\"crossclick\" data-gtm-custom-label=\"Contextuel\" data-gtm-event=\"customEventSPE\" data-fig-domain=\"LEFIGARO\" rel=\"nofollow noopener\" target=\"_blank\">Olivier V\u00e9ran\u00a0<\/a>(chevaliers), de<a href=\"https:\/\/www.lefigaro.fr\/politique\/bruno-le-maire-a-la-tete-d-un-grand-bercy-pour-piloter-la-relance-20200706\" data-fig-type=\"Article\" data-gtm-custom-categorie=\"navigation\" data-gtm-custom-action=\"crossclick\" data-gtm-custom-label=\"Contextuel\" data-gtm-event=\"customEventSPE\" data-fig-domain=\"LEFIGARO\" rel=\"nofollow noopener\" target=\"_blank\">\u00a0Bruno Le Maire<\/a>\u00a0(officier), et de\u00a0<a href=\"https:\/\/www.lefigaro.fr\/politique\/2018\/08\/15\/01002-20180815ARTFIG00139-de-l-assemblee-a-l-everest-les-deux-vies-de-pierre-mazeaud.php\" data-fig-type=\"Article\" data-gtm-custom-categorie=\"navigation\" data-gtm-custom-action=\"crossclick\" data-gtm-custom-label=\"Contextuel\" data-gtm-event=\"customEventSPE\" data-fig-domain=\"LEFIGARO\" rel=\"nofollow noopener\" target=\"_blank\">Pierre Mazeaud<\/a>\u00a0(grand\u2019croix). L\u2019ancienne premi\u00e8re dame\u00a0<a href=\"https:\/\/www.lefigaro.fr\/politique\/bernadette-chirac-a-nouveau-superstar-20231002\" data-fig-type=\"Article\" data-gtm-custom-categorie=\"navigation\" data-gtm-custom-action=\"crossclick\" data-gtm-custom-label=\"Contextuel\" data-gtm-event=\"customEventSPE\" data-fig-domain=\"LEFIGARO\" rel=\"nofollow noopener\" target=\"_blank\">Bernadette Chirac<\/a>\u00a0est faite officier pour son engagement hospitalier, et l\u2019historienne\u00a0<a href=\"https:\/\/www.lefigaro.fr\/actualite-france\/2019\/03\/08\/01016-20190308ARTFIG00276-la-lecon-de-civilisation-de-mona-ozouf.php\" data-fig-type=\"Article\" data-gtm-custom-categorie=\"navigation\" data-gtm-custom-action=\"crossclick\" data-gtm-custom-label=\"Contextuel\" data-gtm-event=\"customEventSPE\" data-fig-domain=\"LEFIGARO\" rel=\"nofollow noopener\" target=\"_blank\">Mona Ozouf<\/a>, grand\u2019croix pour son \u0153uvre intellectuelle.<\/p>\n<p class=\"fig-paragraph\">Cr\u00e9\u00e9e en 1802 par Napol\u00e9on Bonaparte, la L\u00e9gion d\u2019honneur distingue aujourd\u2019hui 77.000 membres. Deux promotions civiles et deux promotions militaires sont publi\u00e9es chaque ann\u00e9e, pour r\u00e9compenser environ 2200 personnes.<\/p>\n<p>                                    <a class=\"fig-a11y-skip a11y-hidden\" href=\"#fig-a11y-skip-main-inarticle_mtf\"><br \/>\n        Passer la publicit\u00e9<br \/>\n    <\/a><\/p>\n<p class=\"fig-paragraph\"><strong>Extraits de la promotion du 14 juillet 2025<\/strong><\/p>\n<p class=\"fig-paragraph\"><strong>1. D\u00e9cor\u00e9s issus de l\u2019initiative citoyenne<\/strong><\/p>\n<ul class=\"fig-list\">\n<li><strong>Fr\u00e9d\u00e9ric Andr\u00e8s<\/strong> (74) \u2013 Ma\u00eetre artisan ferronnier d\u2019art<\/li>\n<li><strong>Bernard Audusseau<\/strong> (49) \u2013 Pr\u00e9sident de l\u2019Union nationale des combattants<\/li>\n<li><strong>Aline Auroux<\/strong> (71) \u2013 Directrice de recherches \u00e9m\u00e9rite au CNRS<\/li>\n<li><strong>Jacqueline Barban\u00e7on<\/strong> (14) \u2013 Pr\u00e9sidente d\u2019honneur d\u2019une association de donneurs de sang<\/li>\n<li><strong>Isabelle Baudoin<\/strong> (75) \u2013 Restauratrice de vitraux<\/li>\n<li><strong>Gilles Bourguignon<\/strong> (27) \u2013 Chef d\u2019entreprise et responsable associatif<\/li>\n<li><strong>Michel Boyer<\/strong> (13) \u2013 Professeur associ\u00e9 et ancien militaire<\/li>\n<li><strong>Olivier Cussenot<\/strong> (75) \u2013 Professeur des universit\u00e9s, sp\u00e9cialiste d\u2019urologie<\/li>\n<li><strong>St\u00e9phane Dupont-Ferrier<\/strong> (38) \u2013 Maire de Fontanil-Cornillon<\/li>\n<li><strong>Dominique Herault<\/strong> (49) \u2013 M\u00e9decin, fondateur d\u2019un p\u00f4le m\u00e9dical<\/li>\n<li><strong>Francis Hillmeyer<\/strong> (68) \u2013 Maire de Pfastatt, ancien d\u00e9put\u00e9<\/li>\n<li><strong>Guy Lessieux<\/strong> (92) \u2013 M\u00e9decin, pionnier des maraudes m\u00e9dicales<\/li>\n<li><strong>Herv\u00e9 Levesque<\/strong> (27) \u2013 Sp\u00e9cialiste des maladies rares<\/li>\n<li><strong>Ren\u00e9 Lucien-Reinette<\/strong> (972) \u2013 Ancien militaire, responsable associatif<\/li>\n<li><strong>Evelyne M\u00fcller<\/strong> (41) \u2013 Pr\u00e9sidente d\u2019une association d\u2019insertion professionnelle<\/li>\n<li><strong>Guy Paris<\/strong> (27) \u2013 M\u00e9decin et maire de Thiberville<\/li>\n<li><strong>Servanne Picq-Jourdy<\/strong> (75) \u2013 Pr\u00e9sidente de L\u2019\u00c9toile de Martin<\/li>\n<li><strong>Cathy Qu\u00e9n\u00e9herv\u00e9<\/strong> (78) \u2013 Directrice g\u00e9n\u00e9rale d\u00e9l\u00e9gu\u00e9e, groupe Kl\u00e9sia<\/li>\n<li><strong>Michel Rouquette<\/strong> (75) \u2013 Premier entra\u00eeneur national de trampoline<\/li>\n<li><strong>Annie Toussaint<\/strong> (89) \u2013 Responsable associative, engag\u00e9e au Rwanda<\/li>\n<\/ul>\n<p class=\"fig-paragraph\"><strong>2. D\u00e9cor\u00e9s issus des propositions minist\u00e9rielles<\/strong><\/p>\n<p class=\"fig-paragraph\"><strong>\u00c9conomie<\/strong><\/p>\n<ul class=\"fig-list\">\n<li>Chevaliers\u00a0: Laurent Berger, Antoine Bernard de Saint-Affrique, Thibaut Guilluy, Bernard Thibault<\/li>\n<li>Commandeurs\u00a0: Fr\u00e9d\u00e9ric Gervoson, Pierre-Ren\u00e9 Lemas<\/li>\n<li>Pr\u00e9sident d\u2019entreprise distingu\u00e9\u00a0: Guillaume Faury (Airbus)<\/li>\n<\/ul>\n<p class=\"fig-paragraph\"><strong>\u00c9lus<\/strong><\/p>\n<ul class=\"fig-list\">\n<li>Chevaliers\u00a0: \u00c9ric Dupond-Moretti, Stanislas Guerini, St\u00e9phane Le Foll, Jacques M\u00e9zard, Olivier V\u00e9ran<\/li>\n<li>Officiers\u00a0: Jean-Louis Bourlanges, Bruno Le Maire<\/li>\n<li>Grand\u2019croix\u00a0: Pierre Mazeaud<\/li>\n<\/ul>\n<p>                                    <a class=\"fig-a11y-skip a11y-hidden\" href=\"#fig-a11y-skip-main-inarticle_btf\"><br \/>\n        Passer la publicit\u00e9<br \/>\n    <\/a><\/p>\n<p class=\"fig-paragraph\"><strong>Culture<\/strong><\/p>\n<ul class=\"fig-list\">\n<li>Chevaliers\u00a0: Sophia Aram, Jean-Louis Aubert, L\u00e9a Drucker, Emilie Fr\u00e8che, Marc Levy, Andre\u00ef Makine, Pharrell Williams<\/li>\n<li>Commandeurs\u00a0: Catherine Lara, Sylvie Vartan<\/li>\n<li>Grands officiers\u00a0: Marin Karmitz, Adrien Maeght<\/li>\n<\/ul>\n<p class=\"fig-paragraph\"><strong>Service de l\u2019\u00c9tat<\/strong><\/p>\n<ul class=\"fig-list\">\n<li>Chevaliers\u00a0: R\u00e9my Rioux, Vincent Strubel<\/li>\n<li>Officiers\u00a0: Marie-Anne Barbat-Layani, St\u00e9phane Romatet<\/li>\n<li>Commandeur\u00a0: Fran\u00e7ois Villeroy de Galhau<\/li>\n<\/ul>\n<p class=\"fig-paragraph\"><strong>Social et sant\u00e9<\/strong><\/p>\n<ul class=\"fig-list\">\n<li>Officier\u00a0: Bernadette Chirac<\/li>\n<li>Grand officier\u00a0: Marie-H\u00e9l\u00e8ne Mathieu<\/li>\n<\/ul>\n<p class=\"fig-paragraph\"><strong>M\u00e9moriel<\/strong><\/p>\n<ul class=\"fig-list\">\n<li>Chevalier\u00a0: Judith Elkan-Herv\u00e9<\/li>\n<li>Officier\u00a0: Arlette Testyler<\/li>\n<li>Grand officier\u00a0: Yvette L\u00e9vy<\/li>\n<\/ul>\n<p class=\"fig-paragraph\"><strong>Recherche et enseignement<\/strong><\/p>\n<ul class=\"fig-list\">\n<li>Chevalier\u00a0: Sylviane Agacinski<\/li>\n<li>Officier\u00a0: Thierry Coulhon<\/li>\n<li>Commandeurs\u00a0: Fran\u00e7oise Combes, Jean-Robert Pitte<\/li>\n<li>Grand\u2019croix\u00a0: Mona Ozouf<\/li>\n<\/ul>\n<p class=\"fig-paragraph\"><strong>Autres<\/strong><\/p>\n<ul class=\"fig-list\">\n<li>Chevalier\u00a0: Gis\u00e8le P\u00e9licot, engag\u00e9e contre les violences faites aux femmes<\/li>\n<\/ul>\n","protected":false},"excerpt":{"rendered":"Aux c\u00f4t\u00e9s de personnalit\u00e9s connues comme Mona Ozouf, Pierre Mazeaud ou Guillaume Faury, vingt Fran\u00e7ais ont \u00e9t\u00e9 d\u00e9cor\u00e9s&hellip;\n","protected":false},"author":2,"featured_media":246314,"comment_status":"","ping_status":"","sticky":false,"template":"","format":"standard","meta":{"footnotes":""},"categories":[5],"tags":[11,1011,27,14,10254,12,28],"class_list":{"0":"post-246313","1":"post","2":"type-post","3":"status-publish","4":"format-standard","5":"has-post-thumbnail","7":"category-international","8":"tag-actualites","9":"tag-fr","10":"tag-france","11":"tag-international","12":"tag-legion-dhonneur","13":"tag-news","14":"tag-world"},"share_on_mastodon":{"url":"https:\/\/pubeurope.com\/@fr\/114843813474034613","error":""},"_links":{"self":[{"href":"https:\/\/www.europesays.com\/fr\/wp-json\/wp\/v2\/posts\/246313","targetHints":{"allow":["GET"]}}],"collection":[{"href":"https:\/\/www.europesays.com\/fr\/wp-json\/wp\/v2\/posts"}],"about":[{"href":"https:\/\/www.europesays.com\/fr\/wp-json\/wp\/v2\/types\/post"}],"author":[{"embeddable":true,"href":"https:\/\/www.europesays.com\/fr\/wp-json\/wp\/v2\/users\/2"}],"replies":[{"embeddable":true,"href":"https:\/\/www.europesays.com\/fr\/wp-json\/wp\/v2\/comments?post=246313"}],"version-history":[{"count":0,"href":"https:\/\/www.europesays.com\/fr\/wp-json\/wp\/v2\/posts\/246313\/revisions"}],"wp:featuredmedia":[{"embeddable":true,"href":"https:\/\/www.europesays.com\/fr\/wp-json\/wp\/v2\/media\/246314"}],"wp:attachment":[{"href":"https:\/\/www.europesays.com\/fr\/wp-json\/wp\/v2\/media?parent=246313"}],"wp:term":[{"taxonomy":"category","embeddable":true,"href":"https:\/\/www.europesays.com\/fr\/wp-json\/wp\/v2\/categories?post=246313"},{"taxonomy":"post_tag","embeddable":true,"href":"https:\/\/www.europesays.com\/fr\/wp-json\/wp\/v2\/tags?post=246313"}],"curies":[{"name":"wp","href":"https:\/\/api.w.org\/{rel}","templated":true}]}}