{"id":246315,"date":"2025-07-13T03:31:13","date_gmt":"2025-07-13T03:31:13","guid":{"rendered":"https:\/\/www.europesays.com\/fr\/246315\/"},"modified":"2025-07-13T03:31:13","modified_gmt":"2025-07-13T03:31:13","slug":"voici-le-programme-complet-du-defile-militaire-minute-par-minute","status":"publish","type":"post","link":"https:\/\/www.europesays.com\/fr\/246315\/","title":{"rendered":"voici le programme complet du d\u00e9fil\u00e9 militaire, minute par minute"},"content":{"rendered":"<p>Cette ann\u00e9e encore, <strong>la grande parade du 14<br \/>\nJuillet<\/strong> promet un moment fort sur l\u2019avenue des<br \/>\nChamps-\u00c9lys\u00e9es. L\u2019\u00e9dition 2025 s\u2019articule autour de trois axes<br \/>\nforts : deux anniversaires majeurs li\u00e9s \u00e0 la m\u00e9moire, le lien<br \/>\nstrat\u00e9gique avec les alli\u00e9s, et l\u2019implication des jeunes<br \/>\ng\u00e9n\u00e9rations. Un message clair : honorer le pass\u00e9, <strong>affirmer<br \/>\nles liens internationaux et regarder vers l\u2019avenir<\/strong>. Pas<br \/>\nmoins de 7 000 militaires, 200 chevaux et plus d\u2019une centaine<br \/>\nd\u2019engins a\u00e9riens (avions et h\u00e9licopt\u00e8res) participeront \u00e0 cette<br \/>\nmise en sc\u00e8ne spectaculaire. Un rendez-vous impressionnant, \u00e0 la<br \/>\nfois solennel et vibrant, qui r\u00e9unit chaque ann\u00e9e citoyens et<br \/>\npassionn\u00e9s autour des forces qui fa\u00e7onnent la nation.<\/p>\n<p>14 Juillet : week-end charg\u00e9 sur les routes<\/p>\n<p>\u00c0 l\u2019approche du long week-end de la <a href=\"https:\/\/www.melty.fr\/societe\/14-juillet-2011-vos-reactions-twitter-473102.html\" rel=\"nofollow noopener\" target=\"_blank\"><br \/>\nF\u00eate nationale<\/a>, les grands d\u00e9parts s\u2019annoncent tr\u00e8s denses.<br \/>\n<strong>Vendredi et samedi sont class\u00e9s rouge dans tout<br \/>\nl\u2019Hexagone<\/strong>, selon Bison Fut\u00e9. La situation sera<br \/>\nm\u00eame critique samedi en Auvergne-Rh\u00f4ne-Alpes, avec un classement<br \/>\nnoir. En revanche, les routes devraient \u00eatre bien plus fluides<br \/>\ndimanche et lundi, deux journ\u00e9es class\u00e9es vertes pour les<br \/>\nd\u00e9parts.<\/p>\n<p>C\u00f4t\u00e9 retours, vendredi est \u00e0 surveiller avec une circulation<br \/>\nclass\u00e9e orange au niveau national. Samedi, la tension monte dans<br \/>\nl\u2019Arc m\u00e9diterran\u00e9en, le Grand Ouest et le Nord, tandis que lundi,<br \/>\nl\u2019\u00cele-de-France et le sud-est du pays risquent d\u2019\u00eatre bien<br \/>\nencombr\u00e9s. Mieux vaut donc suivre les conseils de Bison Fut\u00e9 :<br \/>\n<strong>partir de la r\u00e9gion parisienne avant 9 h ou apr\u00e8s minuit<br \/>\nvendredi<\/strong>, et privil\u00e9gier un d\u00e9part tr\u00e8s t\u00f4t ou tard samedi<br \/>\npour \u00e9viter les bouchons.<\/p>\n<p>F\u00eate Nationale : programme d\u00e9taill\u00e9 de la parade militaire<\/p>\n<p>Pour ce d\u00e9fil\u00e9 du 14-Juillet, c\u2019est <strong>Julian<br \/>\nBugier<\/strong>, pr\u00e9sentateur du JT de 13 heures sur France 2, qui<br \/>\nprendra les r\u00eanes de la retransmission. Il promet une entr\u00e9e en<br \/>\nsc\u00e8ne hors du commun en annon\u00e7ant dans T\u00e9l\u00e9 Poche : \u00ab\u00a0Si tout va<br \/>\nbien, je vais d\u00e9marrer par un vol en h\u00e9licopt\u00e8re. Pas en cabine<br \/>\nmais au bout d\u00a0\u00bbun fil, suspendu dans le vide au-dessus des<br \/>\nChamps-\u00c9lys\u00e9es, comme le font certains groupes arm\u00e9s pour des<br \/>\nop\u00e9rations de sauvetage\u00a0\u00bb. Un moment spectaculaire qui d\u00e9pendra<br \/>\ntoutefois des conditions m\u00e9t\u00e9o.<\/p>\n<p>L\u2019\u00e9v\u00e9nement militaire mettra en lumi\u00e8re l\u2019arm\u00e9e fran\u00e7aise \u00e0<br \/>\ntravers un programme minut\u00e9 et riche en \u00e9motions. <strong>Emmanuel<br \/>\nMacron<\/strong> arrivera \u00e0 9h55 place Charles-de-Gaulle, suivi par<br \/>\nla revue des troupes et les honneurs militaires. D\u00e8s 10h25, le ciel<br \/>\ns\u2019animera avec un d\u00e9fil\u00e9 a\u00e9rien, avant de laisser place aux troupes<br \/>\n\u00e0 pied, motoris\u00e9es puis mont\u00e9es. La c\u00e9r\u00e9monie culminera \u00e0 11h46 par<br \/>\nun hommage au Bleuet de France, avant que le pr\u00e9sident ne quitte<br \/>\nles lieux \u00e0 midi.<\/p>\n<p>Plusieurs milliers de militaires seront mobilis\u00e9s, accompagn\u00e9s<br \/>\nd\u2019une centaine d\u2019avions, d\u2019h\u00e9licopt\u00e8res et d\u2019un important<br \/>\ndispositif logistique. Cette \u00e9dition 2025 sera \u00e9galement marqu\u00e9e<br \/>\npar une premi\u00e8re : <strong>les soldats d\u00e9fileront en tenue de<br \/>\ncombat<\/strong>. Un rendez-vous majeur, \u00e0 ne pas manquer, qui allie<br \/>\ntradition et innovation au c\u0153ur de la capitale.<\/p>\n<p>O\u00f9 assister aux feux d&rsquo;artifice du 14<br \/>\njuillet 2025 \u00e0 travers la France ?<\/p>\n<p>Cette ann\u00e9e encore, le ciel s\u2019embrasera partout en France pour<br \/>\nc\u00e9l\u00e9brer la f\u00eate nationale. Le spectacle lumineux le plus grandiose<br \/>\nse d\u00e9roulera naturellement \u00e0 Paris, au pied de la Tour Eiffel,<br \/>\n<strong>o\u00f9 plus de 500 000 personnes sont attendues.<\/strong><br \/>\nD\u2019autres grandes villes comme Marseille, Bordeaux, Lyon, Strasbourg<br \/>\nou Toulouse offriront \u00e9galement des shows pyrotechniques<br \/>\nimpressionnants. En revanche, certaines communes plus petites,<br \/>\nnotamment dans l\u2019Aude et la Vend\u00e9e, ont d\u00fb renoncer \u00e0 leurs feux \u00e0<br \/>\ncause de la chaleur et du risque accru d\u2019incendie.<\/p>\n<p>Le rendez-vous parisien sera particuli\u00e8rement attendu, avec un<br \/>\nfeu d\u2019artifice de 35 minutes lanc\u00e9 \u00e0 23 heures sur le<br \/>\nChamp-de-Mars, m\u00ealant couleurs, rythme et festivit\u00e9 autour du th\u00e8me<br \/>\ndu Br\u00e9sil dans le cadre de la Saison Br\u00e9sil-France. Avant ce moment<br \/>\nmagique, <strong>un concert symphonique gratuit d\u00e9butera \u00e0<br \/>\n21h15<\/strong>, r\u00e9unissant l\u2019Orchestre National de France, le ch\u0153ur<br \/>\net la Ma\u00eetrise de Radio France. Le tout sera diffus\u00e9 en direct sur<br \/>\nFrance 2, France Inter et en streaming, permettant \u00e0 tous de vivre<br \/>\n<a href=\"https:\/\/www.melty.fr\/societe\/14-juillet-enfant-soeur-tues-tir-de-feu-dartifice-1020323.html\" rel=\"nofollow noopener\" target=\"_blank\"><br \/>\nles plus beaux feux d&rsquo;artifice de l&rsquo;ann\u00e9e<\/a> !<\/p>\n","protected":false},"excerpt":{"rendered":"Cette ann\u00e9e encore, la grande parade du 14 Juillet promet un moment fort sur l\u2019avenue des Champs-\u00c9lys\u00e9es. L\u2019\u00e9dition&hellip;\n","protected":false},"author":2,"featured_media":246316,"comment_status":"","ping_status":"","sticky":false,"template":"","format":"standard","meta":{"footnotes":""},"categories":[4],"tags":[11,1073,1011,27,12,25],"class_list":{"0":"post-246315","1":"post","2":"type-post","3":"status-publish","4":"format-standard","5":"has-post-thumbnail","7":"category-france","8":"tag-actualites","9":"tag-emmanuel-macron","10":"tag-fr","11":"tag-france","12":"tag-news","13":"tag-republique-francaise"},"share_on_mastodon":{"url":"https:\/\/pubeurope.com\/@fr\/114843817367437553","error":""},"_links":{"self":[{"href":"https:\/\/www.europesays.com\/fr\/wp-json\/wp\/v2\/posts\/246315","targetHints":{"allow":["GET"]}}],"collection":[{"href":"https:\/\/www.europesays.com\/fr\/wp-json\/wp\/v2\/posts"}],"about":[{"href":"https:\/\/www.europesays.com\/fr\/wp-json\/wp\/v2\/types\/post"}],"author":[{"embeddable":true,"href":"https:\/\/www.europesays.com\/fr\/wp-json\/wp\/v2\/users\/2"}],"replies":[{"embeddable":true,"href":"https:\/\/www.europesays.com\/fr\/wp-json\/wp\/v2\/comments?post=246315"}],"version-history":[{"count":0,"href":"https:\/\/www.europesays.com\/fr\/wp-json\/wp\/v2\/posts\/246315\/revisions"}],"wp:featuredmedia":[{"embeddable":true,"href":"https:\/\/www.europesays.com\/fr\/wp-json\/wp\/v2\/media\/246316"}],"wp:attachment":[{"href":"https:\/\/www.europesays.com\/fr\/wp-json\/wp\/v2\/media?parent=246315"}],"wp:term":[{"taxonomy":"category","embeddable":true,"href":"https:\/\/www.europesays.com\/fr\/wp-json\/wp\/v2\/categories?post=246315"},{"taxonomy":"post_tag","embeddable":true,"href":"https:\/\/www.europesays.com\/fr\/wp-json\/wp\/v2\/tags?post=246315"}],"curies":[{"name":"wp","href":"https:\/\/api.w.org\/{rel}","templated":true}]}}