{"id":246335,"date":"2025-07-13T03:49:11","date_gmt":"2025-07-13T03:49:11","guid":{"rendered":"https:\/\/www.europesays.com\/fr\/246335\/"},"modified":"2025-07-13T03:49:11","modified_gmt":"2025-07-13T03:49:11","slug":"decision-politicienne-ou-refus-dune-operation-immobiliere-de-betonisation-pourquoi-le-departement-refuse-participer-au-financement-de-lamenagement-de-la-plaine-du-var-a-nice","status":"publish","type":"post","link":"https:\/\/www.europesays.com\/fr\/246335\/","title":{"rendered":"D\u00e9cision \u00ab\u00a0politicienne\u00a0\u00bb ou refus d\u2019une \u00ab\u00a0op\u00e9ration immobili\u00e8re de b\u00e9tonisation\u00a0\u00bb: pourquoi le D\u00e9partement refuse participer au financement de l\u2019am\u00e9nagement de la plaine du Var \u00e0 Nice?"},"content":{"rendered":"<p>\u00ab\u00a0Une d\u00e9cision incompr\u00e9hensible \u00ab\u00a0, que Monique Bailet n\u2019h\u00e9site pas \u00e0 qualifier de \u00ab\u00a0politicienne\u00a0\u00bb. L\u2019adjointe de Christian Estrosi d\u00e9l\u00e9gu\u00e9e au Territoire Nice-Ouest d\u00e9nonce une position motiv\u00e9e par des \u00ab\u00a0calculs \u00e9lectoraux \u00e0 l\u2019approche des prochaines \u00e9ch\u00e9ances\u00a0\u00bb.<\/p>\n<p>En ligne de mire: le conseil d\u00e9partemental, son pr\u00e9sident Charles Ange Gin\u00e9sy, mais aussi (et peut-\u00eatre surtout) <a href=\"https:\/\/www.nicematin.com\/politique\/-avec-les-nicois-et-des-experts-nous-travaillons-pour-proposer-un-projet-qui-apporte-des-reponses-aux-problematiques-nicoises-eric-ciotti-se-prepare-a-la-municipale-2026-975985\" rel=\"nofollow noopener\" target=\"_blank\">\u00c9ric Ciotti, probable candidat \u00e0 la mairie de Nice<\/a> et pr\u00e9sident de la commission des finances de cette collectivit\u00e9 qui <strong>a refus\u00e9 de sortir le carnet de ch\u00e8que.<\/strong><\/p>\n<p>C\u2019\u00e9tait lundi apr\u00e8s-midi, lors d\u2019un conseil d\u2019administration de l\u2019\u00c9tablissement public d\u2019am\u00e9nagement (EPA) de la plaine du Var. Les diff\u00e9rents partenaires de l\u2019Op\u00e9ration d\u2019int\u00e9r\u00eat national initi\u00e9e en 2008 ont ratifi\u00e9 un protocole additionnel, prorogeant de six ans \u2013 jusqu\u2019en 2038 \u2013 le plan d\u2019actions de l\u2019EPA\u2026 rallongeant, au passage, son financement.<\/p>\n<p><strong>Toutes les collectivit\u00e9s \u00e9taient invit\u00e9es \u00e0 remettre au pot<\/strong>. \u00ab\u00a0Et toutes ont accept\u00e9, souligne le pr\u00e9sident du conseil d\u2019administration de l\u2019EPA, Xavier Latour. Y compris l\u2019\u00c9tat, qui a augment\u00e9 sa contribution de 21 millions d\u2019euros dans le contexte budg\u00e9taire que l\u2019on conna\u00eet.\u00a0\u00bb<\/p>\n<p>Le conseiller municipal et m\u00e9tropolitain de la majorit\u00e9 de Christian Estrosi, qui y voit un \u00ab\u00a0renouvellement de la confiance de l\u2019\u00c9tat dans l\u2019EPA\u00a0\u00bb et, au travers lui, dans l\u2019op\u00e9ration d\u2019int\u00e9r\u00eat national de l\u2019\u00e9co-vall\u00e9e. \u00ab\u00a0S\u2019il avait des doutes, poursuit-il, il aurait eu un pr\u00e9texte pour en sortir.\u00a0\u00bb<\/p>\n<p><strong>Les engagements initiaux tenus<\/strong><\/p>\n<p>C\u2019est pr\u00e9cis\u00e9ment ce qu\u2019a fait le conseil d\u00e9partemental, \u00ab\u00a0seule collectivit\u00e9 \u00e0 avoir refus\u00e9\u00a0\u00bb de rallonger sa contribution. Le D\u00e9partement s\u2019en tiendra \u00e0 ses engagements initiaux, qui s\u2019\u00e9l\u00e8vent d\u00e9j\u00e0 \u00e0 15 millions d\u2019euros, mais n\u2019entend pas mettre plus d\u2019argent. <strong>Une rallonge de 10 millions lui \u00e9tait demand\u00e9e<\/strong>. Du coup, sa contribution au projet dont l\u2019enveloppe globale, \u00e9tal\u00e9e de 2012 jusqu\u2019en 2038 d\u00e9sormais, vient de chuter \u00ab\u00a0de 16,7% \u00e0 9,8%\u00a0\u00bb, pointe Xavier Latour. Un \u00ab\u00a0coup dur, financi\u00e8rement\u00a0\u00bb, reconna\u00eet l\u2019\u00e9lu, m\u00eame s\u2019il assure que cela \u00ab\u00a0ne remettra pas en cause l\u2019\u00e9conomie globale du projet\u00a0\u00bb d\u2019am\u00e9nagement de la plaine du Var.<\/p>\n<p>Un projet de plus en plus d\u00e9cri\u00e9 par le D\u00e9partement. En d\u00e9but d\u2019ann\u00e9e, <strong>\u00c9ric Ciotti avait questionn\u00e9 le gouvernement sur \u00ab\u00a0la tr\u00e8s mal nomm\u00e9e \u00e9co-vall\u00e9e\u00a0\u00bb<\/strong>, d\u00e9non\u00e7ant une \u00ab\u00a0vaste op\u00e9ration immobili\u00e8re de b\u00e9tonisation acc\u00e9l\u00e9r\u00e9e o\u00f9 est pr\u00e9vue aujourd\u2019hui la construction de plus d\u20191,5 millions de m\u00b2 de plancher sur 103 hectares\u00a0\u00bb.<\/p>\n<p>L\u2019\u00e9lu d\u00e9partemental demandait \u00e0 l\u2019\u00c9tat de reprendre la main et de diligenter \u00ab\u00a0une mission du Conseil g\u00e9n\u00e9ral du d\u00e9veloppement durable pour voir pourquoi on en est arriv\u00e9 l\u00e0, pourquoi il y a ces d\u00e9rives\u2026\u00a0\u00bb<\/p>\n<p><strong>Trop de b\u00e9ton<\/strong><\/p>\n<p>Charles Ange Gin\u00e9sy explique avoir, lui aussi, \u00ab\u00a0alert\u00e9 les dirigeants de l\u2019EPA sur le d\u00e9voiement de l\u2019ambition initiale de l\u2019Op\u00e9ration d\u2019Int\u00e9r\u00eat National (OIN)\u00a0\u00bb depuis son \u00e9lection \u00e0 la t\u00eate du D\u00e9partement en 2017. \u00ab\u00a0Le projet actuel ne r\u00e9pond plus aux exigences sociales et environnementales de 2025, estime-t-il. Il conduit \u00e0 une urbanisation galopante de la plaine du Var alors qu\u2019il s\u2019agit d\u2019un secteur strat\u00e9gique des Alpes-Maritimes\u2026\u00a0\u00bb<\/p>\n<p>Pour lui, l\u2019\u00e9co-vall\u00e9e qui n\u2019en a \u00ab\u00a0plus que le nom\u00a0\u00bb, \u00ab\u00a0a \u00e9t\u00e9 compl\u00e8tement d\u00e9natur\u00e9e dans une vaste op\u00e9ration d\u2019am\u00e9nagement immobilier, d\u2019urbanisme commercial et de transfert par d\u00e9localisation d\u2019entreprises d\u00e9j\u00e0 install\u00e9es dans les Alpes-Maritimes\u00a0\u00bb.<\/p>\n<p>Pas question pour Charles-Ange Gin\u00e9sy de \u00ab\u00a0payer aveugl\u00e9ment pour voir la plaine du Var b\u00e9tonnis\u00e9e\u00a0\u00bb et de contribuer \u00e0 combler le \u00ab\u00a0lourd d\u00e9ficit op\u00e9rationnel de plus de 60 millions d\u2019euros\u00a0\u00bb auquel serait, selon lui, confront\u00e9 l\u2019EPA. Un pr\u00e9texte qui, pour le pr\u00e9sident du conseil d\u2019administration de l\u2019\u00e9tablissement Xavier Latour, ne tient pas.<\/p>\n<p>\u00ab\u00a0Sur les 200 hectares am\u00e9nag\u00e9s dans le cadre de l\u2019EPA, 88% \u00e9taient d\u00e9j\u00e0 urbanis\u00e9s\u00a0\u00bb et souvent \u00ab\u00a0pollu\u00e9s\u00a0\u00bb, souligne l\u2019\u00e9lu m\u00e9tropolitain, qui pr\u00e9f\u00e8re parler de \u00ab\u00a0restructuration\u00a0\u00bb et de \u00ab\u00a0revitalisation\u00a0\u00bb dans le cadre d\u2019une Op\u00e9ration d\u2019int\u00e9r\u00eat national qui a \u00ab\u00a0sanctuaris\u00e9 1.100 hectares de terres agricoles\u00a0\u00bb et cr\u00e9\u00e9 \u00ab\u00a0125 hectares\u00a0\u00bb d\u2019espaces verts en plus. Tout en cr\u00e9ant \u00ab\u00a012.000 logements et 30.000 emplois\u00a0\u00bb pour satisfaire les besoins de \u00ab\u00a0la ville nouvelle\u00a0\u00bb.<\/p>\n<p>Chacun a manifestement sa vision de ce territoire en pleine transformation.<\/p>\n","protected":false},"excerpt":{"rendered":"\u00ab\u00a0Une d\u00e9cision incompr\u00e9hensible \u00ab\u00a0, que Monique Bailet n\u2019h\u00e9site pas \u00e0 qualifier de \u00ab\u00a0politicienne\u00a0\u00bb. L\u2019adjointe de Christian Estrosi d\u00e9l\u00e9gu\u00e9e&hellip;\n","protected":false},"author":2,"featured_media":246336,"comment_status":"","ping_status":"","sticky":false,"template":"","format":"standard","meta":{"footnotes":""},"categories":[2819],"tags":[1111,11,1777,674,1011,27,12,2401,882,25,1352],"class_list":{"0":"post-246335","1":"post","2":"type-post","3":"status-publish","4":"format-standard","5":"has-post-thumbnail","7":"category-nice","8":"tag-actu","9":"tag-actualites","10":"tag-eu","11":"tag-europe","12":"tag-fr","13":"tag-france","14":"tag-news","15":"tag-nice","16":"tag-provence-alpes-cote-dazur","17":"tag-republique-francaise","18":"tag-urbanisme"},"share_on_mastodon":{"url":"https:\/\/pubeurope.com\/@fr\/114843888026726876","error":""},"_links":{"self":[{"href":"https:\/\/www.europesays.com\/fr\/wp-json\/wp\/v2\/posts\/246335","targetHints":{"allow":["GET"]}}],"collection":[{"href":"https:\/\/www.europesays.com\/fr\/wp-json\/wp\/v2\/posts"}],"about":[{"href":"https:\/\/www.europesays.com\/fr\/wp-json\/wp\/v2\/types\/post"}],"author":[{"embeddable":true,"href":"https:\/\/www.europesays.com\/fr\/wp-json\/wp\/v2\/users\/2"}],"replies":[{"embeddable":true,"href":"https:\/\/www.europesays.com\/fr\/wp-json\/wp\/v2\/comments?post=246335"}],"version-history":[{"count":0,"href":"https:\/\/www.europesays.com\/fr\/wp-json\/wp\/v2\/posts\/246335\/revisions"}],"wp:featuredmedia":[{"embeddable":true,"href":"https:\/\/www.europesays.com\/fr\/wp-json\/wp\/v2\/media\/246336"}],"wp:attachment":[{"href":"https:\/\/www.europesays.com\/fr\/wp-json\/wp\/v2\/media?parent=246335"}],"wp:term":[{"taxonomy":"category","embeddable":true,"href":"https:\/\/www.europesays.com\/fr\/wp-json\/wp\/v2\/categories?post=246335"},{"taxonomy":"post_tag","embeddable":true,"href":"https:\/\/www.europesays.com\/fr\/wp-json\/wp\/v2\/tags?post=246335"}],"curies":[{"name":"wp","href":"https:\/\/api.w.org\/{rel}","templated":true}]}}