{"id":246351,"date":"2025-07-13T04:01:13","date_gmt":"2025-07-13T04:01:13","guid":{"rendered":"https:\/\/www.europesays.com\/fr\/246351\/"},"modified":"2025-07-13T04:01:13","modified_gmt":"2025-07-13T04:01:13","slug":"32-ans-plus-tard-arrestation-dun-fugitif-condamne-pour-un-meurtre-a-marseille","status":"publish","type":"post","link":"https:\/\/www.europesays.com\/fr\/246351\/","title":{"rendered":"32\u00a0ans plus tard, arrestation d\u2019un fugitif condamn\u00e9 pour un meurtre \u00e0 Marseille"},"content":{"rendered":"<p class=\"paragraph text_align_left lp-f-body-02\">Il \u00e9tait en fuite depuis 32\u00a0ans. Un homme condamn\u00e9 pour un meurtre commis \u00e0 Marseille (Bouches-du-Rh\u00f4ne) a finalement \u00e9t\u00e9 localis\u00e9 en Espagne gr\u00e2ce aux investigations d\u2019une petite unit\u00e9 de la police lyonnaise sp\u00e9cialis\u00e9e dans la recherche des fugitifs.<\/p>\n<p class=\"paragraph text_align_left lp-f-body-02\">Mari ayant tu\u00e9 sa femme, trafiquant de drogue, petit ca\u00efd\u00a0: depuis sa cr\u00e9ation en 2024, le groupe de recherches des individus en fuite (Grif) de Lyon a localis\u00e9 plus de 40 criminels, la plupart condamn\u00e9s en leur absence, qui se dissimulaient jusqu\u2019en Indon\u00e9sie, expliquent ses enqu\u00eateurs \u00e0 l\u2019AFP (Agence France presse).<\/p>\n<p class=\"paragraph text_align_left lp-f-body-02\">Leur dernier succ\u00e8s, r\u00e9v\u00e9l\u00e9 par le quotidien r\u00e9gional <a href=\"https:\/\/www.leprogres.fr\/faits-divers-justice\/2025\/07\/09\/la-police-lyonnaise-retrouve-un-meurtrier-en-cavale-depuis-32-ans-en-espagne\" target=\"_blank\" rel=\"noreferrer nofollow noopener\">Le Progr\u00e8s<\/a>, s\u2019est conclu \u00e0 Figueras, en Catalogne, o\u00f9 ils ont retrouv\u00e9 un sexag\u00e9naire, condamn\u00e9 pour avoir tu\u00e9 de plus de 50 coups de couteau un homme dans un bar de Marseille en 1993. Vite suspect\u00e9, il avait pris la fuite et la cour d\u2019assises d\u2019Aix-en-Provence (Bouches-du-Rh\u00f4ne) avait prononc\u00e9 une peine de 30\u00a0ans de r\u00e9clusion par contumace. Pendant des d\u00e9cennies, il est rest\u00e9 hors des radars, malgr\u00e9 l\u2019\u00e9mission d\u2019un mandat d\u2019arr\u00eat europ\u00e9en.<\/p>\n<p>Un record de cavale parmi les dossiers trait\u00e9s<\/p>\n<p class=\"paragraph text_align_left lp-f-body-02\">R\u00e9cemment, la police a appris qu\u2019il \u00e9tait incarc\u00e9r\u00e9 dans une prison espagnole sous une fausse identit\u00e9, pour trafic de stup\u00e9fiants. En s\u2019int\u00e9ressant \u00e0 ses proches, le Grif a compris que sa s\u0153ur envoyait des mandats pr\u00e8s de Figueras et que ses fr\u00e8res s\u2019y \u00e9taient rendus. Le 2\u00a0juillet, la police espagnole lui a notifi\u00e9 l\u2019existence du mandat d\u2019arr\u00eat, afin qu\u2019il soit remis \u00e0 la France dans les 90 jours.<\/p>\n<p class=\"lp-card-podcast-highlighting__title  lp-f-subtitle-05\">[1\/4] L\u2019attentat du \u00ab Rainbow Warrior \u00bb : un scandale d\u2019\u00c9tat<\/p>\n<p class=\"lp-card-podcast-highlighting__description lp-f-ui-05\">Crime story raconte chaque semaine les grandes affaires criminelles.<\/p>\n<p><a class=\"lp-card-podcast-highlighting__call-to-action\" data-page-type=\"HP\" data-block-name=\"podcast-highlight\">\u00c9couter<\/a><\/p>\n<p class=\"paragraph text_align_left lp-f-body-02\">Parmi les dossiers r\u00e9solus par le Grif, cet homme est celui qui est rest\u00e9 le plus longtemps en cavale. Mais ses enqu\u00eateurs ont aussi mis la main sur un fugitif, rest\u00e9 au vert pendant 17\u00a0ans apr\u00e8s des violences par armes \u00e0 feu, qu\u2019ils ont retrouv\u00e9 \u00e0 Saint-Tropez (Var), six mois avant la prescription des faits. \u00ab\u00a0On est remont\u00e9 jusqu\u2019\u00e0 lui gr\u00e2ce \u00e0 son compte sur le r\u00e9seau social Snapchat et en suivant sa compagne. Il vivait sous une fausse identit\u00e9 et avait m\u00eame cr\u00e9\u00e9 des soci\u00e9t\u00e9s\u00a0\u00bb, rel\u00e8ve un membre de cette cellule.<\/p>\n<p class=\"title-embed-dailymotion lp-color-text lp-f-subtitle-04\">Vid\u00e9oQui est Donald Eugene Fields II, l\u2019un des 10 fugitifs les plus recherch\u00e9s par le FBI enfin arr\u00eat\u00e9<\/p>\n<p class=\"paragraph text_align_left lp-f-body-02\">Le Grif, mis en place \u00e0 l\u2019occasion de la r\u00e9forme de la police nationale, est une d\u00e9clinaison de la <a href=\"https:\/\/www.leparisien.fr\/culture-loisirs\/la-brigade-des-fugitifs-a-servi-de-modele-20-09-2013-3152563.php\" target=\"_blank\" rel=\"noreferrer nofollow noopener\">Brigade nationale de recherches des fugitifs<\/a>, cr\u00e9\u00e9e en 2003 et qui a notamment permis l\u2019arrestation du \u00ab\u00a0roi de la belle\u00a0\u00bb, <a href=\"https:\/\/www.leparisien.fr\/faits-divers\/a-lisolement-depuis-2011-redoine-faid-reclame-une-nouvelle-fois-la-fin-de-cette-mesure-10-07-2025-NRJY6NBGC5GL5BJ4J5Y6YHTBVQ.php\" target=\"_blank\" rel=\"noreferrer nofollow noopener\">R\u00e9doine Fa\u00efd<\/a>. Sa comp\u00e9tence territoriale est th\u00e9oriquement li\u00e9e \u00e0 celle du tribunal de Lyon et de sa Juridiction interr\u00e9gionale sp\u00e9cialis\u00e9e (Jirs), soit l\u2019Auvergne-Rh\u00f4ne-Alpes, mais les mouvements des personnes en fuite leur apportent aussi des affaires.<\/p>\n<p>Une quinzaine de dossiers pour chacun des trois enqu\u00eateurs<\/p>\n<p class=\"paragraph text_align_left lp-f-body-02\">Un \u00ab\u00a0petit ca\u00efd\u00a0\u00bb recherch\u00e9 pour trafic de stup\u00e9fiants depuis quatre ans \u00e0 Metz (Moselle) a ainsi \u00e9t\u00e9 localis\u00e9 \u00e0 Lyon, o\u00f9 il \u00e9tait venu se faire faire des faux papiers avec la complicit\u00e9 d\u2019un employ\u00e9 municipal. \u00ab\u00a0Les fugitifs se grillent souvent en demandant des papiers, car ils doivent fournir une photo d\u2019identit\u00e9 et les outils de reconnaissance faciale les identifient m\u00eame des ann\u00e9es apr\u00e8s\u00a0\u00bb, rel\u00e8vent les enqu\u00eateurs.<\/p>\n<p class=\"paragraph text_align_left lp-f-body-02\">Le Grif est \u00e9galement intervenu pour arr\u00eater un Belge localis\u00e9 aux Deux Alpes, en Is\u00e8re. Condamn\u00e9 et d\u00e9tenu pour le meurtre de sa femme, il s\u2019\u00e9tait enfui pendant une permission de sortie. M\u00eame s\u2019il changeait d\u2019emploi tous les deux mois, il travaillait sous sa vraie identit\u00e9, ce qui l\u2019a trahi.<\/p>\n<p class=\"paragraph text_align_left lp-f-body-02\">Les trois enqu\u00eateurs de la cellule lyonnaise sont actuellement en charge d\u2019une quinzaine de dossiers chacun, beaucoup li\u00e9s aux stup\u00e9fiants, car \u00ab\u00a0les trafiquants ont de l\u2019argent pour partir loin\u00a0\u00bb. Ils pourraient en avoir beaucoup plus. \u00ab\u00a0Le nombre de personnes recherch\u00e9es est infini, m\u00eame si le nombre de ceux que l\u2019on recherche activement est plus resserr\u00e9. On doit \u00e9tablir des priorit\u00e9s\u00a0\u00bb avec la gravit\u00e9 des crimes et la date de la prescription comme curseurs, expliquent-ils. S\u2019ils sont satisfaits de leur bilan, un dossier reste source de frustration. Ils ont r\u00e9ussi \u00e0 localiser un homme condamn\u00e9 pour des violences familiales, parti \u00e0 Bali. Mais faute d\u2019accord d\u2019extradition avec l\u2019Indon\u00e9sie, il reste libre.<\/p>\n","protected":false},"excerpt":{"rendered":"Il \u00e9tait en fuite depuis 32\u00a0ans. Un homme condamn\u00e9 pour un meurtre commis \u00e0 Marseille (Bouches-du-Rh\u00f4ne) a finalement&hellip;\n","protected":false},"author":2,"featured_media":246352,"comment_status":"","ping_status":"","sticky":false,"template":"","format":"standard","meta":{"footnotes":""},"categories":[2814],"tags":[1111,11,459,1777,674,118,1011,27,884,12,882,25],"class_list":{"0":"post-246351","1":"post","2":"type-post","3":"status-publish","4":"format-standard","5":"has-post-thumbnail","7":"category-marseille","8":"tag-actu","9":"tag-actualites","10":"tag-departements-horsidfo","11":"tag-eu","12":"tag-europe","13":"tag-faits-divers","14":"tag-fr","15":"tag-france","16":"tag-marseille","17":"tag-news","18":"tag-provence-alpes-cote-dazur","19":"tag-republique-francaise"},"share_on_mastodon":{"url":"https:\/\/pubeurope.com\/@fr\/114843935264377343","error":""},"_links":{"self":[{"href":"https:\/\/www.europesays.com\/fr\/wp-json\/wp\/v2\/posts\/246351","targetHints":{"allow":["GET"]}}],"collection":[{"href":"https:\/\/www.europesays.com\/fr\/wp-json\/wp\/v2\/posts"}],"about":[{"href":"https:\/\/www.europesays.com\/fr\/wp-json\/wp\/v2\/types\/post"}],"author":[{"embeddable":true,"href":"https:\/\/www.europesays.com\/fr\/wp-json\/wp\/v2\/users\/2"}],"replies":[{"embeddable":true,"href":"https:\/\/www.europesays.com\/fr\/wp-json\/wp\/v2\/comments?post=246351"}],"version-history":[{"count":0,"href":"https:\/\/www.europesays.com\/fr\/wp-json\/wp\/v2\/posts\/246351\/revisions"}],"wp:featuredmedia":[{"embeddable":true,"href":"https:\/\/www.europesays.com\/fr\/wp-json\/wp\/v2\/media\/246352"}],"wp:attachment":[{"href":"https:\/\/www.europesays.com\/fr\/wp-json\/wp\/v2\/media?parent=246351"}],"wp:term":[{"taxonomy":"category","embeddable":true,"href":"https:\/\/www.europesays.com\/fr\/wp-json\/wp\/v2\/categories?post=246351"},{"taxonomy":"post_tag","embeddable":true,"href":"https:\/\/www.europesays.com\/fr\/wp-json\/wp\/v2\/tags?post=246351"}],"curies":[{"name":"wp","href":"https:\/\/api.w.org\/{rel}","templated":true}]}}