{"id":246353,"date":"2025-07-13T04:02:41","date_gmt":"2025-07-13T04:02:41","guid":{"rendered":"https:\/\/www.europesays.com\/fr\/246353\/"},"modified":"2025-07-13T04:02:41","modified_gmt":"2025-07-13T04:02:41","slug":"voici-ou-et-quand-ils-frapperont","status":"publish","type":"post","link":"https:\/\/www.europesays.com\/fr\/246353\/","title":{"rendered":"voici o\u00f9 et quand ils frapperont"},"content":{"rendered":"<p>            Par<br \/>\n        <strong><br \/>\n            <a href=\"https:\/\/actu.fr\/auteur\/anthony-soudani\" title=\"Consulter tous les articles de Anthony Soudani\" rel=\"nofollow noopener\" target=\"_blank\">Anthony Soudani<\/a><br \/>\n        <\/strong><\/p>\n<p>        Publi\u00e9 le<\/p>\n<p>            11 juil. 2025 \u00e0 10h25        <\/p>\n<p>Les <strong>orages<\/strong> vont faire leur retour \u00e0 <a href=\"https:\/\/actu.fr\/lyon\/\" rel=\"nofollow noopener\" target=\"_blank\">Lyon<\/a> et dans le <a href=\"https:\/\/actu.fr\/auvergne-rhone-alpes\/rhone_69\" rel=\"nofollow noopener\" target=\"_blank\">Rh\u00f4ne<\/a> pour le <a href=\"https:\/\/actu.fr\/auvergne-rhone-alpes\/lyon_69123\/lyon-orages-chaleur-vers-un-week-end-du-14-juillet-explosif-ce-que-meteo-france-annonce_62893247.html\" rel=\"nofollow noopener\" target=\"_blank\">week-end du 14-juillet<\/a>. Selon M\u00e9t\u00e9o-France, le temps va se <strong>g\u00e2ter<\/strong> d\u00e8s la matin\u00e9e du dimanche 13\u00a0juillet. Les perturbations se poursuivront jusqu\u2019au lundi. Voici les derni\u00e8res pr\u00e9visions.<\/p>\n<p>Des orages tout le dimanche<\/p>\n<p class=\" wall-content\">Dimanche matin, toutes les communes du Rh\u00f4ne risquent d\u2019\u00eatre touch\u00e9es par les orages. Du nord au sud, de l\u2019est \u00e0 l\u2019ouest, M\u00e9t\u00e9o-France alerte sur une potentielle perturbation orageuse.<\/p>\n<p class=\" wall-content\">Cela devrait se poursuivre dans l\u2019apr\u00e8s-midi. <strong>Des orages pourraient \u00e9clater de partout<\/strong>\u2009: Lyon, l\u2019ouest lyonnais, Villefranche-sur-Sa\u00f4ne, le Beaujolais, etc. L\u2019atmosph\u00e8re devrait \u00eatre lourde dans le d\u00e9partement, notamment dans la capitale des Gaules o\u00f9 il pourrait faire <strong>jusqu\u2019\u00e0 33\u00b0C<\/strong> dans la journ\u00e9e.<\/p>\n<p class=\" wall-content\">Apr\u00e8s une nuit annonc\u00e9e plut\u00f4t calme par M\u00e9t\u00e9o-France, les orages devraient revenir d\u00e8s le lendemain, lundi 14\u00a0juillet. La matin\u00e9e s\u2019annonce de nouveau agit\u00e9e. Seul le nord-ouest du Rh\u00f4ne devrait \u00eatre \u00e9pargn\u00e9 par les orages qui pourraient encore frapper Lyon et ses alentours.<\/p>\n<p>Des averses orageuses \u00e0 Lyon et dans le Rh\u00f4ne lundi 14\u00a0juillet<\/p>\n<p class=\" wall-content\">Cette perturbation devrait se transformer en<strong> averses orageuses<\/strong> dans l\u2019apr\u00e8s-midi. L\u2019int\u00e9gralit\u00e9 du d\u00e9partement du Rh\u00f4ne sera touch\u00e9e, sauf Trades (tout au nord), selon les derni\u00e8res pr\u00e9visions de M\u00e9t\u00e9o-France. Il fera quand m\u00eame jusqu\u2019\u00e0 29\u00b0C \u00e0 Lyon dans la journ\u00e9e.<\/p>\n<p>Vid\u00e9os : en ce moment sur Actu<\/p>\n<p class=\" wall-content\">Les orages devraient s\u2019arr\u00eater dans la nuit et le beau temps devrait revenir d\u00e8s le mardi 15\u00a0juin.<\/p>\n<p class=\" wall-content\">Suivez toute l\u2019actualit\u00e9 de vos villes et m\u00e9dias favoris en vous inscrivant \u00e0 <a href=\"https:\/\/moncompte.actu.fr\" title=\"D\u00e9couvez Mon Actu\" rel=\"nofollow noopener\" data-trk=\"{&quot;cta&quot;:{&quot;action&quot;:&quot;https:\\\/\\\/moncompte.actu.fr&quot;,&quot;category&quot;:&quot;mon compte&quot;,&quot;from&quot;:&quot;article footer&quot;,&quot;name&quot;:&quot;Mon actu&quot;,&quot;type&quot;:&quot;cta&quot;}}\" target=\"_blank\">Mon Actu<\/a>.<\/p>\n","protected":false},"excerpt":{"rendered":"Par Anthony Soudani Publi\u00e9 le 11 juil. 2025 \u00e0 10h25 Les orages vont faire leur retour \u00e0 Lyon&hellip;\n","protected":false},"author":2,"featured_media":246354,"comment_status":"","ping_status":"","sticky":false,"template":"","format":"standard","meta":{"footnotes":""},"categories":[1889],"tags":[1111,11,2430,1777,674,1011,27,2428,2487,2357,12,4594,25],"class_list":{"0":"post-246353","1":"post","2":"type-post","3":"status-publish","4":"format-standard","5":"has-post-thumbnail","7":"category-lyon","8":"tag-actu","9":"tag-actualites","10":"tag-auvergne-rhone-alpes","11":"tag-eu","12":"tag-europe","13":"tag-fr","14":"tag-france","15":"tag-lyon","16":"tag-meteo","17":"tag-meteo-france","18":"tag-news","19":"tag-orages","20":"tag-republique-francaise"},"share_on_mastodon":{"url":"https:\/\/pubeurope.com\/@fr\/114843939225671298","error":""},"_links":{"self":[{"href":"https:\/\/www.europesays.com\/fr\/wp-json\/wp\/v2\/posts\/246353","targetHints":{"allow":["GET"]}}],"collection":[{"href":"https:\/\/www.europesays.com\/fr\/wp-json\/wp\/v2\/posts"}],"about":[{"href":"https:\/\/www.europesays.com\/fr\/wp-json\/wp\/v2\/types\/post"}],"author":[{"embeddable":true,"href":"https:\/\/www.europesays.com\/fr\/wp-json\/wp\/v2\/users\/2"}],"replies":[{"embeddable":true,"href":"https:\/\/www.europesays.com\/fr\/wp-json\/wp\/v2\/comments?post=246353"}],"version-history":[{"count":0,"href":"https:\/\/www.europesays.com\/fr\/wp-json\/wp\/v2\/posts\/246353\/revisions"}],"wp:featuredmedia":[{"embeddable":true,"href":"https:\/\/www.europesays.com\/fr\/wp-json\/wp\/v2\/media\/246354"}],"wp:attachment":[{"href":"https:\/\/www.europesays.com\/fr\/wp-json\/wp\/v2\/media?parent=246353"}],"wp:term":[{"taxonomy":"category","embeddable":true,"href":"https:\/\/www.europesays.com\/fr\/wp-json\/wp\/v2\/categories?post=246353"},{"taxonomy":"post_tag","embeddable":true,"href":"https:\/\/www.europesays.com\/fr\/wp-json\/wp\/v2\/tags?post=246353"}],"curies":[{"name":"wp","href":"https:\/\/api.w.org\/{rel}","templated":true}]}}