{"id":246355,"date":"2025-07-13T04:03:10","date_gmt":"2025-07-13T04:03:10","guid":{"rendered":"https:\/\/www.europesays.com\/fr\/246355\/"},"modified":"2025-07-13T04:03:10","modified_gmt":"2025-07-13T04:03:10","slug":"lyon-quand-lenergie-et-la-farine-provenait-des-moulins-bateaux-du-rhone","status":"publish","type":"post","link":"https:\/\/www.europesays.com\/fr\/246355\/","title":{"rendered":"Lyon. Quand l\u2019\u00e9nergie et la farine provenait des moulins bateaux du Rh\u00f4ne"},"content":{"rendered":"<p>Avant la p\u00e9riode industrielle, le choix de l\u2019\u00e9nergie se limitait au vent, ou \u00e0 l\u2019eau et \u00e0 son courant.<\/p>\n<p>\u00c0 Lyon et ses environs, les moulins \u00e0 vent \u00e9taient peu fr\u00e9quents et m\u00eame, au Moyen-\u00c2ge, quasiment inconnus. Restait le Rh\u00f4ne, avec ses tumultes cr\u00e9ateurs d\u2019\u00e9nergie pour actionner les roues \u00e0 aube des moulins flottants. L\u2019orge, l\u2019avoine, le seigle et le bl\u00e9, aliments de base les plus importants durant le Moyen \u00c2ge, doivent leur transformation en farine gr\u00e2ce aux premiers moulins hydrauliques, qui, d\u00e8s le Ier\u00a0si\u00e8cle, jalonnent les bords du Rh\u00f4ne.<\/p>\n<p>Sous le pont de la Guilloti\u00e8re\u00a0: install\u00e9s \u00e0 l\u2019abri du courant<\/p>\n<p>\u00c0 Lyon, d\u00e8s le XIV e \u00a0si\u00e8cle, chaque quartier poss\u00e8de sa meunerie, mais c\u2019est au XVII e \u00a0si\u00e8cle que l\u2019on trouve mention d\u2019une concentration importante de moulins&#8230;<\/p>\n","protected":false},"excerpt":{"rendered":"Avant la p\u00e9riode industrielle, le choix de l\u2019\u00e9nergie se limitait au vent, ou \u00e0 l\u2019eau et \u00e0 son&hellip;\n","protected":false},"author":2,"featured_media":246356,"comment_status":"","ping_status":"","sticky":false,"template":"","format":"standard","meta":{"footnotes":""},"categories":[1889],"tags":[1111,11,2430,2757,1777,674,1011,27,937,2428,2756,15108,12,25,104],"class_list":{"0":"post-246355","1":"post","2":"type-post","3":"status-publish","4":"format-standard","5":"has-post-thumbnail","7":"category-lyon","8":"tag-actu","9":"tag-actualites","10":"tag-auvergne-rhone-alpes","11":"tag-edition-lyon-villeurbanne","12":"tag-eu","13":"tag-europe","14":"tag-fr","15":"tag-france","16":"tag-histoire","17":"tag-lyon","18":"tag-lyon-bassin","19":"tag-magazine-lifestyle","20":"tag-news","21":"tag-republique-francaise","22":"tag-societe"},"share_on_mastodon":{"url":"https:\/\/pubeurope.com\/@fr\/114843943088489716","error":""},"_links":{"self":[{"href":"https:\/\/www.europesays.com\/fr\/wp-json\/wp\/v2\/posts\/246355","targetHints":{"allow":["GET"]}}],"collection":[{"href":"https:\/\/www.europesays.com\/fr\/wp-json\/wp\/v2\/posts"}],"about":[{"href":"https:\/\/www.europesays.com\/fr\/wp-json\/wp\/v2\/types\/post"}],"author":[{"embeddable":true,"href":"https:\/\/www.europesays.com\/fr\/wp-json\/wp\/v2\/users\/2"}],"replies":[{"embeddable":true,"href":"https:\/\/www.europesays.com\/fr\/wp-json\/wp\/v2\/comments?post=246355"}],"version-history":[{"count":0,"href":"https:\/\/www.europesays.com\/fr\/wp-json\/wp\/v2\/posts\/246355\/revisions"}],"wp:featuredmedia":[{"embeddable":true,"href":"https:\/\/www.europesays.com\/fr\/wp-json\/wp\/v2\/media\/246356"}],"wp:attachment":[{"href":"https:\/\/www.europesays.com\/fr\/wp-json\/wp\/v2\/media?parent=246355"}],"wp:term":[{"taxonomy":"category","embeddable":true,"href":"https:\/\/www.europesays.com\/fr\/wp-json\/wp\/v2\/categories?post=246355"},{"taxonomy":"post_tag","embeddable":true,"href":"https:\/\/www.europesays.com\/fr\/wp-json\/wp\/v2\/tags?post=246355"}],"curies":[{"name":"wp","href":"https:\/\/api.w.org\/{rel}","templated":true}]}}