{"id":246357,"date":"2025-07-13T04:06:11","date_gmt":"2025-07-13T04:06:11","guid":{"rendered":"https:\/\/www.europesays.com\/fr\/246357\/"},"modified":"2025-07-13T04:06:11","modified_gmt":"2025-07-13T04:06:11","slug":"mercato-psg-gianluigi-donnarumma-linterminable-feuilleton-de-sa-prolongation-a-paris","status":"publish","type":"post","link":"https:\/\/www.europesays.com\/fr\/246357\/","title":{"rendered":"Mercato PSG\u00a0: Gianluigi Donnarumma, l\u2019interminable feuilleton de sa prolongation \u00e0 Paris"},"content":{"rendered":"<p class=\"paragraph text_align_left lp-f-body-02\">Aucune n\u00e9gociation majeure ou d\u00e9cisive n\u2019est intervenue durant <a href=\"https:\/\/www.leparisien.fr\/sports\/football\/coupe-du-monde-des-clubs\/\" target=\"_blank\" rel=\"noreferrer noopener\">la Coupe du monde des clubs<\/a> entre Gianluigi Donnarumma et le PSG. Le dossier est rest\u00e9 en l\u2019\u00e9tat, toujours plein d\u2019incertitude. \u00c0 un an de la fin de son contrat, le gardien italien n\u2019a toujours pas sign\u00e9 la prolongation que le club de la capitale lui a soumise.<\/p>\n<p class=\"paragraph text_align_left lp-f-body-02\">A priori, les champions d\u2019Europe ne changeront pas d\u2019avis et c\u2019est un peu \u00e0 prendre ou \u00e0 laisser pour <a href=\"https:\/\/www.leparisien.fr\/sports\/football\/ligue-des-champions\/une-saison-pour-lhistoire-du-psg-avec-ce-donnarumma-tout-devient-possible-02-06-2025-E2DWD7YMTFHIHMJPUAPWXXOAZU.php\" target=\"_blank\" rel=\"noreferrer noopener\">le portier, h\u00e9ro\u00efque durant la conqu\u00eate de la Ligue des champions<\/a>. La suite est imminente. Les \u00e9changes vont reprendre apr\u00e8s le retour du PSG en Europe et une d\u00e9cision ferme et d\u00e9finitive ne devrait pas tarder \u00e0 tomber. L\u2019heure de trancher est venue, dans un sens comme dans l\u2019autre.<\/p>\n","protected":false},"excerpt":{"rendered":"Aucune n\u00e9gociation majeure ou d\u00e9cisive n\u2019est intervenue durant la Coupe du monde des clubs entre Gianluigi Donnarumma et&hellip;\n","protected":false},"author":2,"featured_media":246358,"comment_status":"","ping_status":"","sticky":false,"template":"","format":"standard","meta":{"footnotes":""},"categories":[1888],"tags":[1111,1928,11,1927,7151,1777,674,63,1011,27,12,1926,626,1925,25,60],"class_list":{"0":"post-246357","1":"post","2":"type-post","3":"status-publish","4":"format-standard","5":"has-post-thumbnail","7":"category-paris","8":"tag-actu","9":"tag-actu-paris","10":"tag-actualites","11":"tag-actualites-paris","12":"tag-coupe-du-monde-des-clubs","13":"tag-eu","14":"tag-europe","15":"tag-football","16":"tag-fr","17":"tag-france","18":"tag-news","19":"tag-news-paris","20":"tag-paris","21":"tag-paris-news","22":"tag-republique-francaise","23":"tag-sports"},"share_on_mastodon":{"url":"https:\/\/pubeurope.com\/@fr\/114843955051451273","error":""},"_links":{"self":[{"href":"https:\/\/www.europesays.com\/fr\/wp-json\/wp\/v2\/posts\/246357","targetHints":{"allow":["GET"]}}],"collection":[{"href":"https:\/\/www.europesays.com\/fr\/wp-json\/wp\/v2\/posts"}],"about":[{"href":"https:\/\/www.europesays.com\/fr\/wp-json\/wp\/v2\/types\/post"}],"author":[{"embeddable":true,"href":"https:\/\/www.europesays.com\/fr\/wp-json\/wp\/v2\/users\/2"}],"replies":[{"embeddable":true,"href":"https:\/\/www.europesays.com\/fr\/wp-json\/wp\/v2\/comments?post=246357"}],"version-history":[{"count":0,"href":"https:\/\/www.europesays.com\/fr\/wp-json\/wp\/v2\/posts\/246357\/revisions"}],"wp:featuredmedia":[{"embeddable":true,"href":"https:\/\/www.europesays.com\/fr\/wp-json\/wp\/v2\/media\/246358"}],"wp:attachment":[{"href":"https:\/\/www.europesays.com\/fr\/wp-json\/wp\/v2\/media?parent=246357"}],"wp:term":[{"taxonomy":"category","embeddable":true,"href":"https:\/\/www.europesays.com\/fr\/wp-json\/wp\/v2\/categories?post=246357"},{"taxonomy":"post_tag","embeddable":true,"href":"https:\/\/www.europesays.com\/fr\/wp-json\/wp\/v2\/tags?post=246357"}],"curies":[{"name":"wp","href":"https:\/\/api.w.org\/{rel}","templated":true}]}}