{"id":246368,"date":"2025-07-13T04:12:11","date_gmt":"2025-07-13T04:12:11","guid":{"rendered":"https:\/\/www.europesays.com\/fr\/246368\/"},"modified":"2025-07-13T04:12:11","modified_gmt":"2025-07-13T04:12:11","slug":"en-images-nous-avons-rencontre-les-derniers-amateurs-de-citroen-aux-etats-unis","status":"publish","type":"post","link":"https:\/\/www.europesays.com\/fr\/246368\/","title":{"rendered":"En images. Nous avons rencontr\u00e9 les derniers amateurs de Citro\u00ebn aux Etats-Unis"},"content":{"rendered":"<p>Les constructeurs fran\u00e7ais, Citro\u00ebn, Peugeot ou Renault, ont tous tent\u00e9, au cours de leur histoire, de conqu\u00e9rir le march\u00e9 automobile am\u00e9ricain, sans succ\u00e8s. Renault a quitt\u00e9 le march\u00e9 dans les ann\u00e9es 80, suivi par Peugeot. La derni\u00e8re Citro\u00ebn vendue aux USA date de 1977. Pourtant, chaque ann\u00e9e, quelques centaines de collectionneurs de Citro\u00ebn se r\u00e9unissent \u00e0 Saratoga Springs, pour c\u00e9l\u00e9brer leur amour des chevrons.<\/p>\n","protected":false},"excerpt":{"rendered":"Les constructeurs fran\u00e7ais, Citro\u00ebn, Peugeot ou Renault, ont tous tent\u00e9, au cours de leur histoire, de conqu\u00e9rir le&hellip;\n","protected":false},"author":2,"featured_media":246369,"comment_status":"","ping_status":"","sticky":false,"template":"","format":"standard","meta":{"footnotes":""},"categories":[1589],"tags":[11,73,1866,107,5325,1031,4848,12,1864,1865,1863,308],"class_list":{"0":"post-246368","1":"post","2":"type-post","3":"status-publish","4":"format-standard","5":"has-post-thumbnail","7":"category-etats-unis","8":"tag-actualites","9":"tag-etats-unis","10":"tag-etats-unis-damerique","11":"tag-fil-info","12":"tag-galerie-media","13":"tag-magazine","14":"tag-magazine-automobile","15":"tag-news","16":"tag-united-states","17":"tag-united-states-of-america","18":"tag-us","19":"tag-usa"},"share_on_mastodon":{"url":"https:\/\/pubeurope.com\/@fr\/114843978501020670","error":""},"_links":{"self":[{"href":"https:\/\/www.europesays.com\/fr\/wp-json\/wp\/v2\/posts\/246368","targetHints":{"allow":["GET"]}}],"collection":[{"href":"https:\/\/www.europesays.com\/fr\/wp-json\/wp\/v2\/posts"}],"about":[{"href":"https:\/\/www.europesays.com\/fr\/wp-json\/wp\/v2\/types\/post"}],"author":[{"embeddable":true,"href":"https:\/\/www.europesays.com\/fr\/wp-json\/wp\/v2\/users\/2"}],"replies":[{"embeddable":true,"href":"https:\/\/www.europesays.com\/fr\/wp-json\/wp\/v2\/comments?post=246368"}],"version-history":[{"count":0,"href":"https:\/\/www.europesays.com\/fr\/wp-json\/wp\/v2\/posts\/246368\/revisions"}],"wp:featuredmedia":[{"embeddable":true,"href":"https:\/\/www.europesays.com\/fr\/wp-json\/wp\/v2\/media\/246369"}],"wp:attachment":[{"href":"https:\/\/www.europesays.com\/fr\/wp-json\/wp\/v2\/media?parent=246368"}],"wp:term":[{"taxonomy":"category","embeddable":true,"href":"https:\/\/www.europesays.com\/fr\/wp-json\/wp\/v2\/categories?post=246368"},{"taxonomy":"post_tag","embeddable":true,"href":"https:\/\/www.europesays.com\/fr\/wp-json\/wp\/v2\/tags?post=246368"}],"curies":[{"name":"wp","href":"https:\/\/api.w.org\/{rel}","templated":true}]}}