{"id":246380,"date":"2025-07-13T04:18:20","date_gmt":"2025-07-13T04:18:20","guid":{"rendered":"https:\/\/www.europesays.com\/fr\/246380\/"},"modified":"2025-07-13T04:18:20","modified_gmt":"2025-07-13T04:18:20","slug":"le-plus-grand-temple-bouddhiste-de-france-en-partie-detruit-par-un-incendie-liberation","status":"publish","type":"post","link":"https:\/\/www.europesays.com\/fr\/246380\/","title":{"rendered":"Le plus grand temple bouddhiste de France en partie d\u00e9truit par un incendie \u2013 Lib\u00e9ration"},"content":{"rendered":"<p class=\"sc-ksZaOG ehjQrN text-element\">Le sinistre semble d\u2019origine totalement accidentel. Un incendie a frapp\u00e9 le temple bouddhiste de Breux-Jouy, en Essonne, le plus grand de France. Le feu aurait \u00e9t\u00e9 caus\u00e9 par un dysfonctionnement \u00e9lectrique, sur les coups de 22 h 30 vendredi 11 juillet au soir, selon la m\u00eame source. Les pompiers n\u2019ont r\u00e9ussi \u00e0 \u00e9teindre les flammes que bien plus tard, vers 3 heures du matin.<\/p>\n<p class=\"sc-ksZaOG ehjQrN text-element\">L\u2019entit\u00e9 qui g\u00e8re ce lieu de culte tha\u00eflandais, Wat Pho Paris, a diffus\u00e9 sur Facebook une vid\u00e9o de l\u2019\u00e9tat des lieux ce samedi matin :<\/p>\n<p class=\"sc-ksZaOG ehjQrN text-element\">Le toit s\u2019est totalement effondr\u00e9, pr\u00e9cise la gendarmerie. Au total, pr\u00e8s de 500 m\u00b2, dont 300 m\u00b2 de toiture et 200 m\u00b2 au niveau du rez-de-chauss\u00e9e du b\u00e2timent ont \u00e9t\u00e9 br\u00fbl\u00e9s, selon les pompiers.<\/p>\n<p class=\"sc-ksZaOG ehjQrN text-element\">En raison des fum\u00e9es \u00e0 l\u2019int\u00e9rieur, quinze moines ont \u00e9t\u00e9 \u00e9vacu\u00e9s, dont trois plac\u00e9s sous respirateur, ainsi que deux gendarmes, selon une source chez les militaires.<\/p>\n<p class=\"sc-ksZaOG ehjQrN text-element\">Inaugur\u00e9 en novembre 2023 dans la commune essonnienne de 1 300 habitants, ce centre spirituel est consid\u00e9r\u00e9 comme le plus vaste temple bouddhiste de France.<\/p>\n<p class=\"sc-ksZaOG ehjQrN text-element\">\u00abHeureusement, notre statue de Bouddha a \u00e9t\u00e9 \u00e9pargn\u00e9e, ainsi que nos salles de m\u00e9ditation\u00bb, s\u2019est f\u00e9licit\u00e9 le grand v\u00e9n\u00e9rable Ajahn Nong <a href=\"https:\/\/www.leparisien.fr\/essonne-91\/essonne-le-plus-grand-temple-bouddhiste-de-france-en-partie-detruit-par-un-incendie-12-07-2025-E26TVQPY7ZE27LYQ7WT4ZWGCSM.php\" target=\"_blank\" rel=\"noopener\" title=\"https:\/\/www.leparisien.fr\/essonne-91\/essonne-le-plus-grand-temple-bouddhiste-de-france-en-partie-detruit-par-un-incendie-12-07-2025-E26TVQPY7ZE27LYQ7WT4ZWGCSM.php\">aupr\u00e8s du Parisien<\/a>. \u00abLes 15 moines qui dorment normalement \u00e0 l\u2019\u00e9tage ont \u00e9t\u00e9 \u00e9vacu\u00e9s pendant l\u2019intervention des secours. Et ils sont relog\u00e9s dans les 25 chalets dont nous disposons sur ce domaine\u00bb, a-t-il expliqu\u00e9.<\/p>\n<p class=\"sc-ksZaOG ehjQrN text-element\">L\u2019ambassadeur de Tha\u00eflande en France s\u2019est rendu sur place samedi matin pour apporter son soutien, renseigne aussi le quotidien.<\/p>\n<blockquote cite=\\\"https:\/\/www.facebook.com\/100067466163609\/videos\/3912118995784449\/?locale=fr_FR\\\" class=\\\"fb-xfbml-parse-ignore\\\"><p><a href=\\\"https:\/\/www.facebook.com\/100067466163609\/videos\/3912118995784449\/?locale=fr_FR\\\"><\/a><\/p>\n<p>\u0e40\u0e23\u0e37\u0e48\u0e2d\u0e07\u0e40\u0e28\u0e23\u0e49\u0e32\u0e40\u0e0a\u0e49\u0e32\u0e19\u0e35\u0e49 12 \u0e01\u0e23\u0e01\u0e0e\u0e32\u0e04\u0e21 2568(2025)<\/p>\n<p>Publi\u00e9e par <a href=\\\"https:\/\/www.facebook.com\/people\/%E0%B8%A7%E0%B8%B1%E0%B8%94%E0%B8%9E%E0%B8%A3%E0%B8%B0%E0%B9%80%E0%B8%8A%E0%B8%95%E0%B8%B8%E0%B8%9E%E0%B8%99-%E0%B8%81%E0%B8%A3%E0%B8%B8%E0%B8%87%E0%B8%9B%E0%B8%B2%E0%B8%A3%E0%B8%B5%E0%B8%AA-Wat-Pho-Paris\/100067466163609\/\\\">\u0e27\u0e31\u0e14\u0e1e\u0e23\u0e30\u0e40\u0e0a\u0e15\u0e38\u0e1e\u0e19 \u0e01\u0e23\u0e38\u0e07\u0e1b\u0e32\u0e23\u0e35\u0e2a-Wat Pho Paris<\/a> sur Vendredi 11 juillet 2025<\/p><\/blockquote>\n<p>\u00ab\u00a0,\u00a0\u00bbtype\u00a0\u00bb:\u00a0\u00bbfacebook-video\u00a0\u00bb,\u00a0\u00bbversion\u00a0\u00bb:\u00a0\u00bb1.0&Prime;,\u00a0\u00bbwidth\u00a0\u00bb:500,\u00a0\u00bb_id\u00a0\u00bb:\u00a0\u00bbhttps:\/\/www.facebook.com\/watch\/?v=3912118995784449&Prime;,\u00a0\u00bblocale\u00a0\u00bb:\u00a0\u00bbfr_FR\u00a0\u00bb},\u00a0\u00bbreferent\u00a0\u00bb:{\u00ab\u00a0id\u00a0\u00bb:\u00a0\u00bbhttps:\/\/www.facebook.com\/watch\/?v=3912118995784449&Prime;,\u00a0\u00bbprovider\u00a0\u00bb:\u00a0\u00bbhttps:\/\/graph.facebook.com\/v8.0\/oembed_video?url=\u00a0\u00bb,\u00a0\u00bbreferent_properties\u00a0\u00bb:{\u00ab\u00a0locale\u00a0\u00bb:\u00a0\u00bbfr_FR\u00a0\u00bb},\u00a0\u00bbservice\u00a0\u00bb:\u00a0\u00bboembed\u00a0\u00bb,\u00a0\u00bbtype\u00a0\u00bb:\u00a0\u00bbfacebook-video\u00a0\u00bb}},{\u00ab\u00a0_id\u00a0\u00bb:\u00a0\u00bbGS4DFASAZZGM7JC3RQDLZCZBHY\u00a0\u00bb,\u00a0\u00bbadditional_properties\u00a0\u00bb:{},\u00a0\u00bbcontent\u00a0\u00bb:\u00a0\u00bbLe toit s\u2019est totalement effondr\u00e9, pr\u00e9cise la gendarmerie. Au total, pr\u00e8s de 500 m\u00b2, dont 300 m\u00b2 de toiture et 200 m\u00b2 au niveau du rez-de-chauss\u00e9e du b\u00e2timent ont \u00e9t\u00e9 br\u00fbl\u00e9s, selon les pompiers.\u00a0\u00bb,\u00a0\u00bbtype\u00a0\u00bb:\u00a0\u00bbtext\u00a0\u00bb},{\u00ab\u00a0_id\u00a0\u00bb:\u00a0\u00bbUKIBFLJ775GMHMJIM4Y2N2RFRU\u00a0\u00bb,\u00a0\u00bbadditional_properties\u00a0\u00bb:{},\u00a0\u00bbcontent\u00a0\u00bb:\u00a0\u00bbEn raison des fum\u00e9es \u00e0 l\u2019int\u00e9rieur, quinze moines ont \u00e9t\u00e9 \u00e9vacu\u00e9s, dont trois plac\u00e9s sous respirateur, ainsi que deux gendarmes, selon une source chez les militaires.\u00a0\u00bb,\u00a0\u00bbtype\u00a0\u00bb:\u00a0\u00bbtext\u00a0\u00bb},{\u00ab\u00a0_id\u00a0\u00bb:\u00a0\u00bbY4U2LJAZ5NCDBDHBAAPHAANOCY\u00a0\u00bb,\u00a0\u00bbadditional_properties\u00a0\u00bb:{},\u00a0\u00bbcontent\u00a0\u00bb:\u00a0\u00bbLa statue de Bouddha \u00e9pargn\u00e9e\u00a0\u00bb,\u00a0\u00bblevel\u00a0\u00bb:2,\u00a0\u00bbtype\u00a0\u00bb:\u00a0\u00bbheader\u00a0\u00bb},{\u00ab\u00a0_id\u00a0\u00bb:\u00a0\u00bbMWHPR2OHHZCTFPI7ODEYR5YSKM\u00a0\u00bb,\u00a0\u00bbadditional_properties\u00a0\u00bb:{},\u00a0\u00bbcontent\u00a0\u00bb:\u00a0\u00bbInaugur\u00e9 en novembre 2023 dans la commune essonnienne de 1 300 habitants, ce centre spirituel est consid\u00e9r\u00e9 comme le plus vaste temple bouddhiste de France.\u00a0\u00bb,\u00a0\u00bbtype\u00a0\u00bb:\u00a0\u00bbtext\u00a0\u00bb},{\u00ab\u00a0_id\u00a0\u00bb:\u00a0\u00bb5Y2L7XX7E5B33J5GAKRV277ZHE\u00a0\u00bb,\u00a0\u00bbadditional_properties\u00a0\u00bb:{},\u00a0\u00bbcontent\u00a0\u00bb:\u00a0\u00bb\u00abHeureusement, notre statue de Bouddha a \u00e9t\u00e9 \u00e9pargn\u00e9e, ainsi que nos salles de m\u00e9ditation\u00bb, s\u2019est f\u00e9licit\u00e9 le grand v\u00e9n\u00e9rable Ajahn Nong <a href=\\\"https:\/\/www.leparisien.fr\/essonne-91\/essonne-le-plus-grand-temple-bouddhiste-de-france-en-partie-detruit-par-un-incendie-12-07-2025-E26TVQPY7ZE27LYQ7WT4ZWGCSM.php\\\" target=\\\"_blank\\\" rel=\\\"\\\" title=\\\"https:\/\/www.leparisien.fr\/essonne-91\/essonne-le-plus-grand-temple-bouddhiste-de-france-en-partie-detruit-par-un-incendie-12-07-2025-E26TVQPY7ZE27LYQ7WT4ZWGCSM.php\\\">aupr\u00e8s du Parisien<\/a>. \u00abLes 15 moines qui dorment normalement \u00e0 l\u2019\u00e9tage ont \u00e9t\u00e9 \u00e9vacu\u00e9s pendant l\u2019intervention des secours. Et ils sont relog\u00e9s dans les 25 chalets dont nous disposons sur ce domaine\u00bb, a-t-il expliqu\u00e9.\u00a0\u00bb,\u00a0\u00bbtype\u00a0\u00bb:\u00a0\u00bbtext\u00a0\u00bb},{\u00ab\u00a0_id\u00a0\u00bb:\u00a0\u00bbCTWYSBBE6FHEBLY62JOFHBMEHI\u00a0\u00bb,\u00a0\u00bbadditional_properties\u00a0\u00bb:{},\u00a0\u00bbcontent\u00a0\u00bb:\u00a0\u00bbL\u2019ambassadeur de Tha\u00eflande en France s\u2019est rendu sur place samedi matin pour apporter son soutien, renseigne aussi le quotidien.\u00a0\u00bb,\u00a0\u00bbtype\u00a0\u00bb:\u00a0\u00bbtext\u00a0\u00bb}],\u00a0\u00bbcontent_restrictions\u00a0\u00bb:{\u00ab\u00a0content_code\u00a0\u00bb:\u00a0\u00bbouvert\u00a0\u00bb},\u00a0\u00bbcreated_date\u00a0\u00bb:\u00a0\u00bb2025-07-12T12:58:12.037Z\u00a0\u00bb,\u00a0\u00bbcredits\u00a0\u00bb:{\u00ab\u00a0by\u00a0\u00bb:[{\u00ab\u00a0_id\u00a0\u00bb:\u00a0\u00bb13090&Prime;,\u00a0\u00bbtype\u00a0\u00bb:\u00a0\u00bbauthor\u00a0\u00bb,\u00a0\u00bbversion\u00a0\u00bb:\u00a0\u00bb0.5.8&Prime;,\u00a0\u00bbname\u00a0\u00bb:\u00a0\u00bb LIBERATION\u00a0\u00bb,\u00a0\u00bbslug\u00a0\u00bb:\u00a0\u00bbliberation\u00a0\u00bb,\u00a0\u00bbsocial_links\u00a0\u00bb:[{\u00ab\u00a0site\u00a0\u00bb:\u00a0\u00bbemail\u00a0\u00bb,\u00a0\u00bburl\u00a0\u00bb:\u00a0\u00bb\u00a0\u00bb}],\u00a0\u00bbsocialLinks\u00a0\u00bb:[{\u00ab\u00a0site\u00a0\u00bb:\u00a0\u00bbemail\u00a0\u00bb,\u00a0\u00bburl\u00a0\u00bb:\u00a0\u00bb\u00a0\u00bb,\u00a0\u00bbdeprecated\u00a0\u00bb:true,\u00a0\u00bbdeprecation_msg\u00a0\u00bb:\u00a0\u00bbPlease use social_links.\u00a0\u00bb}],\u00a0\u00bbadditional_properties\u00a0\u00bb:{\u00ab\u00a0original\u00a0\u00bb:{\u00ab\u00a0_id\u00a0\u00bb:\u00a0\u00bb13090&Prime;,\u00a0\u00bbbyline\u00a0\u00bb:\u00a0\u00bb LIBERATION\u00a0\u00bb,\u00a0\u00bbfirstName\u00a0\u00bb:\u00a0\u00bb\u00a0\u00bb,\u00a0\u00bblastName\u00a0\u00bb:\u00a0\u00bbLIBERATION\u00a0\u00bb,\u00a0\u00bbrole\u00a0\u00bb:\u00a0\u00bb\u00a0\u00bb,\u00a0\u00bbemail\u00a0\u00bb:\u00a0\u00bb\u00a0\u00bb,\u00a0\u00bbslug\u00a0\u00bb:\u00a0\u00bbliberation\u00a0\u00bb,\u00a0\u00bbbooks\u00a0\u00bb:[],\u00a0\u00bbpodcasts\u00a0\u00bb:[],\u00a0\u00bbeducation\u00a0\u00bb:[],\u00a0\u00bbawards\u00a0\u00bb:[],\u00a0\u00bblast_updated_date\u00a0\u00bb:\u00a0\u00bb2021-01-16T15:59:59.938Z\u00a0\u00bb}},\u00a0\u00bbresized_params\u00a0\u00bb:[]},{\u00ab\u00a0_id\u00a0\u00bb:\u00a0\u00bb2005&Prime;,\u00a0\u00bbtype\u00a0\u00bb:\u00a0\u00bbauthor\u00a0\u00bb,\u00a0\u00bbversion\u00a0\u00bb:\u00a0\u00bb0.5.8&Prime;,\u00a0\u00bbname\u00a0\u00bb:\u00a0\u00bb AFP\u00a0\u00bb,\u00a0\u00bbslug\u00a0\u00bb:\u00a0\u00bbafp\u00a0\u00bb,\u00a0\u00bbsocial_links\u00a0\u00bb:[{\u00ab\u00a0site\u00a0\u00bb:\u00a0\u00bbemail\u00a0\u00bb,\u00a0\u00bburl\u00a0\u00bb:\u00a0\u00bbafp@imp.libe.com\u00a0\u00bb}],\u00a0\u00bbsocialLinks\u00a0\u00bb:[{\u00ab\u00a0site\u00a0\u00bb:\u00a0\u00bbemail\u00a0\u00bb,\u00a0\u00bburl\u00a0\u00bb:\u00a0\u00bbafp@imp.libe.com\u00a0\u00bb,\u00a0\u00bbdeprecated\u00a0\u00bb:true,\u00a0\u00bbdeprecation_msg\u00a0\u00bb:\u00a0\u00bbPlease use social_links.\u00a0\u00bb}],\u00a0\u00bbadditional_properties\u00a0\u00bb:{\u00ab\u00a0original\u00a0\u00bb:{\u00ab\u00a0_id\u00a0\u00bb:\u00a0\u00bb2005&Prime;,\u00a0\u00bbbyline\u00a0\u00bb:\u00a0\u00bb AFP\u00a0\u00bb,\u00a0\u00bbfirstName\u00a0\u00bb:\u00a0\u00bb\u00a0\u00bb,\u00a0\u00bblastName\u00a0\u00bb:\u00a0\u00bbAFP\u00a0\u00bb,\u00a0\u00bbrole\u00a0\u00bb:\u00a0\u00bb\u00a0\u00bb,\u00a0\u00bbemail\u00a0\u00bb:\u00a0\u00bbafp@imp.libe.com\u00a0\u00bb,\u00a0\u00bbslug\u00a0\u00bb:\u00a0\u00bbafp\u00a0\u00bb,\u00a0\u00bbbooks\u00a0\u00bb:[],\u00a0\u00bbpodcasts\u00a0\u00bb:[],\u00a0\u00bbeducation\u00a0\u00bb:[],\u00a0\u00bbawards\u00a0\u00bb:[],\u00a0\u00bblast_updated_date\u00a0\u00bb:\u00a0\u00bb2021-01-16T15:12:57.209Z\u00a0\u00bb}},\u00a0\u00bbresized_params\u00a0\u00bb:[]}]},\u00a0\u00bbdescription\u00a0\u00bb:{\u00ab\u00a0basic\u00a0\u00bb:\u00a0\u00bbLe Wat Pho en Essonne a \u00e9t\u00e9 partiellement an\u00e9anti dans la nuit de vendredi\u00a011 \u00e0 samedi 12\u00a0juillet par un brasier qui a entra\u00een\u00e9 l\u2019\u00e9vacuation de 15 moines.\u00a0\u00bb},\u00a0\u00bbdisplay_date\u00a0\u00bb:\u00a0\u00bb2025-07-12T14:30:01.859Z\u00a0\u00bb,\u00a0\u00bbdistributor\u00a0\u00bb:{\u00ab\u00a0category\u00a0\u00bb:\u00a0\u00bbstaff\u00a0\u00bb,\u00a0\u00bbname\u00a0\u00bb:\u00a0\u00bbliberation\u00a0\u00bb,\u00a0\u00bbsubcategory\u00a0\u00bb:\u00a0\u00bb\u00a0\u00bb},\u00a0\u00bbfirst_publish_date\u00a0\u00bb:\u00a0\u00bb2025-07-12T14:30:01.859Z\u00a0\u00bb,\u00a0\u00bbheadlines\u00a0\u00bb:{\u00ab\u00a0basic\u00a0\u00bb:\u00a0\u00bbLe plus grand temple bouddhiste de France en partie d\u00e9truit par un incendie\u00a0\u00bb,\u00a0\u00bbmeta_title\u00a0\u00bb:\u00a0\u00bb\u00a0\u00bb,\u00a0\u00bbmobile\u00a0\u00bb:\u00a0\u00bb\u00a0\u00bb,\u00a0\u00bbnative\u00a0\u00bb:\u00a0\u00bb\u00a0\u00bb,\u00a0\u00bbprint\u00a0\u00bb:\u00a0\u00bb\u00a0\u00bb,\u00a0\u00bbtablet\u00a0\u00bb:\u00a0\u00bb\u00a0\u00bb,\u00a0\u00bbweb\u00a0\u00bb:\u00a0\u00bb\u00a0\u00bb},\u00a0\u00bblabel\u00a0\u00bb:{\u00ab\u00a0basic\u00a0\u00bb:{\u00ab\u00a0display\u00a0\u00bb:true,\u00a0\u00bbtext\u00a0\u00bb:\u00a0\u00bbAccident\u00a0\u00bb}},\u00a0\u00bblast_updated_date\u00a0\u00bb:\u00a0\u00bb2025-07-12T14:30:02.107Z\u00a0\u00bb,\u00a0\u00bbowner\u00a0\u00bb:{\u00ab\u00a0id\u00a0\u00bb:\u00a0\u00bbliberation\u00a0\u00bb,\u00a0\u00bbsponsored\u00a0\u00bb:false},\u00a0\u00bbplanning\u00a0\u00bb:{\u00ab\u00a0scheduling\u00a0\u00bb:{\u00ab\u00a0planned_publish_date\u00a0\u00bb:\u00a0\u00bb2025-07-12T13:07:00.000Z\u00a0\u00bb},\u00a0\u00bbstory_length\u00a0\u00bb:{\u00ab\u00a0character_count_actual\u00a0\u00bb:1532,\u00a0\u00bbinch_count_actual\u00a0\u00bb:2,\u00a0\u00bbline_count_actual\u00a0\u00bb:11,\u00a0\u00bbword_count_actual\u00a0\u00bb:253}},\u00a0\u00bbpromo_items\u00a0\u00bb:{\u00ab\u00a0basic\u00a0\u00bb:{\u00ab\u00a0_id\u00a0\u00bb:\u00a0\u00bb5MRDED5SEBH77NLI5WFE6SYYHM\u00a0\u00bb,\u00a0\u00bbadditional_properties\u00a0\u00bb:{\u00ab\u00a0countryId\u00a0\u00bb:74,\u00a0\u00bbfullSizeResizeUrl\u00a0\u00bb:\u00a0\u00bb\/resizer\/v2\/5MRDED5SEBH77NLI5WFE6SYYHM.jpg?auth=1221d30aecaea796268c6dde276f2b352ca1d45dd76831cd476b1ba317cff96a\u00a0\u00bb,\u00a0\u00bbgalleries\u00a0\u00bb:[],\u00a0\u00bbingestionMethod\u00a0\u00bb:\u00a0\u00bbmanual\u00a0\u00bb,\u00a0\u00bbiptc_job_identifier\u00a0\u00bb:\u00a0\u00bbHL-DPERRON-81885&Prime;,\u00a0\u00bbiptc_source\u00a0\u00bb:\u00a0\u00bbHans Lucas\u00a0\u00bb,\u00a0\u00bbiptc_title\u00a0\u00bb:\u00a0\u00bbOTHER\u00a0\u00bb,\u00a0\u00bbkeywords\u00a0\u00bb:[\u00ab\u00a0emergency\u00a0\u00bb,\u00a0\u00bbemergency services\u00a0\u00bb,\u00a0\u00bbfire\u00a0\u00bb,\u00a0\u00bbfire rescue\u00a0\u00bb,\u00a0\u00bbfiremen\u00a0\u00bb,\u00a0\u00bbfrance\u00a0\u00bb,\u00a0\u00bbhorizontal\u00a0\u00bb,\u00a0\u00bblarge scale\u00a0\u00bb,\u00a0\u00bbparis\u00a0\u00bb,\u00a0\u00bbred vehicle\u00a0\u00bb,\u00a0\u00bbrescue\u00a0\u00bb,\u00a0\u00bbvehicle\u00a0\u00bb],\u00a0\u00bbmime_type\u00a0\u00bb:\u00a0\u00bbimage\/jpeg\u00a0\u00bb,\u00a0\u00bboriginalName\u00a0\u00bb:\u00a0\u00bb080_HL_DPERRON_2621989.jpg\u00a0\u00bb,\u00a0\u00bboriginalUrl\u00a0\u00bb:\u00a0\u00bbhttps:\/\/cloudfront-eu-central-1.images.arcpublishing.com\/liberation\/5MRDED5SEBH77NLI5WFE6SYYHM.jpg\u00a0\u00bb,\u00a0\u00bbproxyUrl\u00a0\u00bb:\u00a0\u00bb\/resizer\/v2\/5MRDED5SEBH77NLI5WFE6SYYHM.jpg?auth=1221d30aecaea796268c6dde276f2b352ca1d45dd76831cd476b1ba317cff96a\u00a0\u00bb,\u00a0\u00bbpublished\u00a0\u00bb:true,\u00a0\u00bbresizeUrl\u00a0\u00bb:\u00a0\u00bb\/resizer\/v2\/5MRDED5SEBH77NLI5WFE6SYYHM.jpg?auth=1221d30aecaea796268c6dde276f2b352ca1d45dd76831cd476b1ba317cff96a\u00a0\u00bb,\u00a0\u00bbrestricted\u00a0\u00bb:false,\u00a0\u00bbtakenOn\u00a0\u00bb:\u00a0\u00bb2024-10-13T08:44:04Z\u00a0\u00bb,\u00a0\u00bbthumbnailResizeUrl\u00a0\u00bb:\u00a0\u00bb\/resizer\/v2\/5MRDED5SEBH77NLI5WFE6SYYHM.jpg?auth=1221d30aecaea796268c6dde276f2b352ca1d45dd76831cd476b1ba317cff96a&#038;width=300&Prime;,\u00a0\u00bbusage_instructions\u00a0\u00bb:\u00a0\u00bbRESTRICTED TO EDITORIAL USE\u00a0\u00bb,\u00a0\u00bbversion\u00a0\u00bb:1,\u00a0\u00bbtemplate_id\u00a0\u00bb:183},\u00a0\u00bbaddress\u00a0\u00bb:{\u00ab\u00a0locality\u00a0\u00bb:\u00a0\u00bbPARIS\u00a0\u00bb,\u00a0\u00bbregion\u00a0\u00bb:\u00a0\u00bbILE DE FRANCE\u00a0\u00bb,\u00a0\u00bbcountry_name\u00a0\u00bb:\u00a0\u00bbFRA\u00a0\u00bb},\u00a0\u00bbauth\u00a0\u00bb:{\u00ab\u00a01&Prime;:\u00a0\u00bb1221d30aecaea796268c6dde276f2b352ca1d45dd76831cd476b1ba317cff96a\u00a0\u00bb},\u00a0\u00bbcaption\u00a0\u00bb:\u00a0\u00bbUn camion de pompier \u00e0 Paris le 13 octobre 2024. \u00ab\u00a0,\u00a0\u00bbcopyright\u00a0\u00bb:\u00a0\u00bbDaniel-Perron \/ Hans Lucas\u00a0\u00bb,\u00a0\u00bbcreated_date\u00a0\u00bb:\u00a0\u00bb2025-07-12T13:23:22Z\u00a0\u00bb,\u00a0\u00bbcredits\u00a0\u00bb:{\u00ab\u00a0affiliation\u00a0\u00bb:[{\u00ab\u00a0name\u00a0\u00bb:\u00a0\u00bbHans Lucas. AFP\u00a0\u00bb,\u00a0\u00bbtype\u00a0\u00bb:\u00a0\u00bbauthor\u00a0\u00bb}],\u00a0\u00bbby\u00a0\u00bb:[{\u00ab\u00a0byline\u00a0\u00bb:\u00a0\u00bbDaniel Perron\u00a0\u00bb,\u00a0\u00bbname\u00a0\u00bb:\u00a0\u00bbDaniel Perron\u00a0\u00bb,\u00a0\u00bbtype\u00a0\u00bb:\u00a0\u00bbauthor\u00a0\u00bb}]},\u00a0\u00bbheight\u00a0\u00bb:3673,\u00a0\u00bbimage_type\u00a0\u00bb:\u00a0\u00bbphotograph\u00a0\u00bb,\u00a0\u00bblast_updated_date\u00a0\u00bb:\u00a0\u00bb2025-07-12T14:30:01Z\u00a0\u00bb,\u00a0\u00bblicensable\u00a0\u00bb:false,\u00a0\u00bbowner\u00a0\u00bb:{\u00ab\u00a0id\u00a0\u00bb:\u00a0\u00bbliberation\u00a0\u00bb,\u00a0\u00bbsponsored\u00a0\u00bb:false},\u00a0\u00bbslug\u00a0\u00bb:\u00a0\u00bbFRANCE-ILLUSTRATION-PARIS\u00a0\u00bb,\u00a0\u00bbsource\u00a0\u00bb:{\u00ab\u00a0additional_properties\u00a0\u00bb:{\u00ab\u00a0editor\u00a0\u00bb:\u00a0\u00bbphoto center\u00a0\u00bb},\u00a0\u00bbedit_url\u00a0\u00bb:\u00a0\u00bb\u00a0\u00bb,\u00a0\u00bbsystem\u00a0\u00bb:\u00a0\u00bbphoto center\u00a0\u00bb},\u00a0\u00bbtaxonomy\u00a0\u00bb:{\u00ab\u00a0associated_tasks\u00a0\u00bb:[]},\u00a0\u00bbtype\u00a0\u00bb:\u00a0\u00bbimage\u00a0\u00bb,\u00a0\u00bburl\u00a0\u00bb:\u00a0\u00bbhttps:\/\/cloudfront-eu-central-1.images.arcpublishing.com\/liberation\/5MRDED5SEBH77NLI5WFE6SYYHM.jpg\u00a0\u00bb,\u00a0\u00bbversion\u00a0\u00bb:\u00a0\u00bb0.10.9&Prime;,\u00a0\u00bbwidth\u00a0\u00bb:5510,\u00a0\u00bbsyndication\u00a0\u00bb:{},\u00a0\u00bbcreditIPTC\u00a0\u00bb:\u00a0\u00bbHans Lucas. AFP\u00a0\u00bb,\u00a0\u00bbcountry_name\u00a0\u00bb:\u00a0\u00bbFrance\u00a0\u00bb,\u00a0\u00bbresized_params\u00a0\u00bb:[{\u00ab\u00a0url\u00a0\u00bb:\u00a0\u00bbresizer\/-24ynpeufC_p6GebAp8lO7Hnw4A=\/84&#215;0\/filters:format(jpg):quality(70)\/cloudfront-eu-central-1.images.arcpublishing.com\/liberation\/5MRDED5SEBH77NLI5WFE6SYYHM.jpg\u00a0\u00bb,\u00a0\u00bbwidth\u00a0\u00bb:84,\u00a0\u00bbheight\u00a0\u00bb:0},{\u00ab\u00a0url\u00a0\u00bb:\u00a0\u00bbresizer\/KnTV1VhFPoCnhySbANi1l_w2MW4=\/105&#215;0\/filters:format(jpg):quality(70)\/cloudfront-eu-central-1.images.arcpublishing.com\/liberation\/5MRDED5SEBH77NLI5WFE6SYYHM.jpg\u00a0\u00bb,\u00a0\u00bbwidth\u00a0\u00bb:105,\u00a0\u00bbheight\u00a0\u00bb:0},{\u00ab\u00a0url\u00a0\u00bb:\u00a0\u00bbresizer\/bH7sXC9JH_Y4Foks9j_wDRR2u5A=\/158&#215;0\/filters:format(jpg):quality(70)\/cloudfront-eu-central-1.images.arcpublishing.com\/liberation\/5MRDED5SEBH77NLI5WFE6SYYHM.jpg\u00a0\u00bb,\u00a0\u00bbwidth\u00a0\u00bb:158,\u00a0\u00bbheight\u00a0\u00bb:0},{\u00ab\u00a0url\u00a0\u00bb:\u00a0\u00bbresizer\/uBIjdF9-xrICRG62_j3_kYgz410=\/274&#215;0\/filters:format(jpg):quality(70)\/cloudfront-eu-central-1.images.arcpublishing.com\/liberation\/5MRDED5SEBH77NLI5WFE6SYYHM.jpg\u00a0\u00bb,\u00a0\u00bbwidth\u00a0\u00bb:274,\u00a0\u00bbheight\u00a0\u00bb:0},{\u00ab\u00a0url\u00a0\u00bb:\u00a0\u00bbresizer\/ycka_PxiP8RNPLVwlQ4QiFPLV_E=\/377&#215;0\/filters:format(jpg):quality(70)\/cloudfront-eu-central-1.images.arcpublishing.com\/liberation\/5MRDED5SEBH77NLI5WFE6SYYHM.jpg\u00a0\u00bb,\u00a0\u00bbwidth\u00a0\u00bb:377,\u00a0\u00bbheight\u00a0\u00bb:0},{\u00ab\u00a0url\u00a0\u00bb:\u00a0\u00bbresizer\/LKRgcV2qZc45X0mz9t6du53vU6M=\/400&#215;0\/filters:format(jpg):quality(70)\/cloudfront-eu-central-1.images.arcpublishing.com\/liberation\/5MRDED5SEBH77NLI5WFE6SYYHM.jpg\u00a0\u00bb,\u00a0\u00bbwidth\u00a0\u00bb:400,\u00a0\u00bbheight\u00a0\u00bb:0},{\u00ab\u00a0url\u00a0\u00bb:\u00a0\u00bbresizer\/MRz7mdbneCdsWbut_M384r8CQcI=\/600&#215;0\/filters:format(jpg):quality(70)\/cloudfront-eu-central-1.images.arcpublishing.com\/liberation\/5MRDED5SEBH77NLI5WFE6SYYHM.jpg\u00a0\u00bb,\u00a0\u00bbwidth\u00a0\u00bb:600,\u00a0\u00bbheight\u00a0\u00bb:0},{\u00ab\u00a0url\u00a0\u00bb:\u00a0\u00bbresizer\/-cYgw1xjJQHlJ85KRZsFaWgjb4Y=\/768&#215;0\/filters:format(jpg):quality(70)\/cloudfront-eu-central-1.images.arcpublishing.com\/liberation\/5MRDED5SEBH77NLI5WFE6SYYHM.jpg\u00a0\u00bb,\u00a0\u00bbwidth\u00a0\u00bb:768,\u00a0\u00bbheight\u00a0\u00bb:0},{\u00ab\u00a0url\u00a0\u00bb:\u00a0\u00bbresizer\/9hlAromE8Z7SC-2n1FmI6fXzpdQ=\/800&#215;0\/filters:format(jpg):quality(70)\/cloudfront-eu-central-1.images.arcpublishing.com\/liberation\/5MRDED5SEBH77NLI5WFE6SYYHM.jpg\u00a0\u00bb,\u00a0\u00bbwidth\u00a0\u00bb:800,\u00a0\u00bbheight\u00a0\u00bb:0},{\u00ab\u00a0url\u00a0\u00bb:\u00a0\u00bbresizer\/a11FIUyEblyDxabvsQc2DRHGhno=\/1024&#215;0\/filters:format(jpg):quality(70)\/cloudfront-eu-central-1.images.arcpublishing.com\/liberation\/5MRDED5SEBH77NLI5WFE6SYYHM.jpg\u00a0\u00bb,\u00a0\u00bbwidth\u00a0\u00bb:1024,\u00a0\u00bbheight\u00a0\u00bb:0},{\u00ab\u00a0url\u00a0\u00bb:\u00a0\u00bbresizer\/Q1ru8SCsrq3Xe4rv5tTT4FE-fyU=\/1200&#215;0\/filters:format(jpg):quality(70)\/cloudfront-eu-central-1.images.arcpublishing.com\/liberation\/5MRDED5SEBH77NLI5WFE6SYYHM.jpg\u00a0\u00bb,\u00a0\u00bbwidth\u00a0\u00bb:1200,\u00a0\u00bbheight\u00a0\u00bb:0},{\u00ab\u00a0url\u00a0\u00bb:\u00a0\u00bbresizer\/khTWf1kH4G2koUVyMWbl3KYFi_E=\/1440&#215;0\/filters:format(jpg):quality(70)\/cloudfront-eu-central-1.images.arcpublishing.com\/liberation\/5MRDED5SEBH77NLI5WFE6SYYHM.jpg\u00a0\u00bb,\u00a0\u00bbwidth\u00a0\u00bb:1440,\u00a0\u00bbheight\u00a0\u00bb:0},{\u00ab\u00a0url\u00a0\u00bb:\u00a0\u00bbresizer\/Laj97FyVWOGfxlCNJcEHqucSBqo=\/1600&#215;0\/filters:format(jpg):quality(70)\/cloudfront-eu-central-1.images.arcpublishing.com\/liberation\/5MRDED5SEBH77NLI5WFE6SYYHM.jpg\u00a0\u00bb,\u00a0\u00bbwidth\u00a0\u00bb:1600,\u00a0\u00bbheight\u00a0\u00bb:0}]}},\u00a0\u00bbpublish_date\u00a0\u00bb:\u00a0\u00bb2025-07-12T14:30:01.859Z\u00a0\u00bb,\u00a0\u00bbrelated_content\u00a0\u00bb:{\u00ab\u00a0basic\u00a0\u00bb:[],\u00a0\u00bbclonedChildren\u00a0\u00bb:[],\u00a0\u00bbclonedFromParent\u00a0\u00bb:[]},\u00a0\u00bbslug\u00a0\u00bb:\u00a0\u00bbactu, serviceactu\u00a0\u00bb,\u00a0\u00bbsource\u00a0\u00bb:{\u00ab\u00a0name\u00a0\u00bb:\u00a0\u00bbliberation\u00a0\u00bb,\u00a0\u00bbsource_type\u00a0\u00bb:\u00a0\u00bbstaff\u00a0\u00bb,\u00a0\u00bbsystem\u00a0\u00bb:\u00a0\u00bbcomposer\u00a0\u00bb},\u00a0\u00bbsubheadlines\u00a0\u00bb:{\u00ab\u00a0basic\u00a0\u00bb:\u00a0\u00bbLe Wat Pho, situ\u00e9 en Essonne, a \u00e9t\u00e9 partiellement an\u00e9anti dans la nuit de vendredi\u00a011 \u00e0 samedi 12\u00a0juillet par un brasier qui a entra\u00een\u00e9 l\u2019\u00e9vacuation de 15 moines.\u00a0\u00bb},\u00a0\u00bbsubtype\u00a0\u00bb:\u00a0\u00bbnews\u00a0\u00bb,\u00a0\u00bbtaxonomy\u00a0\u00bb:{\u00ab\u00a0primary_section\u00a0\u00bb:{\u00ab\u00a0_id\u00a0\u00bb:\u00a0\u00bb\/societe\/religions\u00a0\u00bb,\u00a0\u00bb_website\u00a0\u00bb:\u00a0\u00bbliberation\u00a0\u00bb,\u00a0\u00bbtype\u00a0\u00bb:\u00a0\u00bbsection\u00a0\u00bb,\u00a0\u00bbversion\u00a0\u00bb:\u00a0\u00bb0.6.0&Prime;,\u00a0\u00bbname\u00a0\u00bb:\u00a0\u00bbReligions\u00a0\u00bb,\u00a0\u00bbdescription\u00a0\u00bb:\u00a0\u00bbLib\u00e9ration d\u00e9crypte pour vous toutes les actualit\u00e9s concernant les religions en continu : nos enqu\u00eates, interviews, vid\u00e9os et infos dans le monde par nos journalistes et correspondants.\u00a0\u00bb,\u00a0\u00bbpath\u00a0\u00bb:\u00a0\u00bb\/societe\/religions\u00a0\u00bb,\u00a0\u00bbparent_id\u00a0\u00bb:\u00a0\u00bb\/societe\u00a0\u00bb,\u00a0\u00bbparent\u00a0\u00bb:{\u00ab\u00a0default\u00a0\u00bb:\u00a0\u00bb\/societe\u00a0\u00bb},\u00a0\u00bbadditional_properties\u00a0\u00bb:{\u00ab\u00a0original\u00a0\u00bb:{\u00ab\u00a0_id\u00a0\u00bb:\u00a0\u00bb\/societe\/religions\u00a0\u00bb,\u00a0\u00bb_website\u00a0\u00bb:\u00a0\u00bbliberation\u00a0\u00bb,\u00a0\u00bbname\u00a0\u00bb:\u00a0\u00bbReligions\u00a0\u00bb,\u00a0\u00bbinactive\u00a0\u00bb:false,\u00a0\u00bbancestors\u00a0\u00bb:{\u00ab\u00a0default\u00a0\u00bb:[\u00ab\u00a0https:\/\/www.liberation.fr\/\u00a0\u00bb,\u00a0\u00bb\/societe\u00a0\u00bb],\u00a0\u00bbheadernav\u00a0\u00bb:[\u00ab\u00a0https:\/\/www.liberation.fr\/\u00a0\u00bb,\u00a0\u00bb\/societe\u00a0\u00bb],\u00a0\u00bbburgermenu\u00a0\u00bb:[\u00ab\u00a0\/societe\u00a0\u00bb,\u00a0\u00bbhttps:\/\/www.liberation.fr\/\u00a0\u00bb],\u00a0\u00bbamp-menu\u00a0\u00bb:[\u00ab\u00a0https:\/\/www.liberation.fr\/\u00a0\u00bb,\u00a0\u00bb\/societe\u00a0\u00bb],\u00a0\u00bbfooter\u00a0\u00bb:[],\u00a0\u00bbfooter2&Prime;:[\u00ab\u00a0https:\/\/www.liberation.fr\/\u00a0\u00bb,\u00a0\u00bb\/societe\u00a0\u00bb]},\u00a0\u00bbparent\u00a0\u00bb:{\u00ab\u00a0default\u00a0\u00bb:\u00a0\u00bb\/societe\u00a0\u00bb,\u00a0\u00bbheadernav\u00a0\u00bb:\u00a0\u00bb\/societe\u00a0\u00bb,\u00a0\u00bbburgermenu\u00a0\u00bb:\u00a0\u00bb\/societe\u00a0\u00bb,\u00a0\u00bbamp-menu\u00a0\u00bb:\u00a0\u00bb\/societe\u00a0\u00bb,\u00a0\u00bbfooter\u00a0\u00bb:null,\u00a0\u00bbfooter2&Prime;:\u00a0\u00bb\/societe\u00a0\u00bb},\u00a0\u00bborder\u00a0\u00bb:{\u00ab\u00a0burgermenu\u00a0\u00bb:2006,\u00a0\u00bbheadernav\u00a0\u00bb:2007,\u00a0\u00bbamp-menu\u00a0\u00bb:2006,\u00a0\u00bbfooter2&Prime;:2004,\u00a0\u00bbdefault\u00a0\u00bb:2008},\u00a0\u00bb_admin\u00a0\u00bb:{\u00ab\u00a0alias_ids\u00a0\u00bb:[\u00ab\u00a0\/societe\/religions\u00a0\u00bb,\u00a0\u00bb200037&Prime;]},\u00a0\u00bbnavigation\u00a0\u00bb:{\u00ab\u00a0nav_title\u00a0\u00bb:\u00a0\u00bbReligions\u00a0\u00bb},\u00a0\u00bbsite\u00a0\u00bb:{\u00ab\u00a0pagebuilder_path_for_native_apps\u00a0\u00bb:null,\u00a0\u00bbsite_about\u00a0\u00bb:null,\u00a0\u00bbsite_description\u00a0\u00bb:\u00a0\u00bbLib\u00e9ration d\u00e9crypte pour vous toutes les actualit\u00e9s concernant les religions en continu : nos enqu\u00eates, interviews, vid\u00e9os et infos dans le monde par nos journalistes et correspondants.\u00a0\u00bb,\u00a0\u00bbsite_keywords\u00a0\u00bb:null,\u00a0\u00bbsite_tagline\u00a0\u00bb:null,\u00a0\u00bbsite_title\u00a0\u00bb:\u00a0\u00bbReligions : actualit\u00e9s, enqu\u00eates et infos en direct &#8211; Lib\u00e9ration\u00a0\u00bb,\u00a0\u00bbsite_url\u00a0\u00bb:null},\u00a0\u00bbsite_topper\u00a0\u00bb:{\u00ab\u00a0site_logo_image\u00a0\u00bb:null},\u00a0\u00bbsocial\u00a0\u00bb:{\u00ab\u00a0facebook\u00a0\u00bb:null,\u00a0\u00bbinstagram\u00a0\u00bb:null,\u00a0\u00bbrss\u00a0\u00bb:null,\u00a0\u00bbtwitter\u00a0\u00bb:null},\u00a0\u00bbnode_type\u00a0\u00bb:\u00a0\u00bbsection\u00a0\u00bb}}},\u00a0\u00bbsections\u00a0\u00bb:[{\u00ab\u00a0_id\u00a0\u00bb:\u00a0\u00bb\/societe\/religions\u00a0\u00bb,\u00a0\u00bb_website\u00a0\u00bb:\u00a0\u00bbliberation\u00a0\u00bb,\u00a0\u00bbtype\u00a0\u00bb:\u00a0\u00bbsection\u00a0\u00bb,\u00a0\u00bbversion\u00a0\u00bb:\u00a0\u00bb0.6.0&Prime;,\u00a0\u00bbname\u00a0\u00bb:\u00a0\u00bbReligions\u00a0\u00bb,\u00a0\u00bbdescription\u00a0\u00bb:\u00a0\u00bbLib\u00e9ration d\u00e9crypte pour vous toutes les actualit\u00e9s concernant les religions en continu : nos enqu\u00eates, interviews, vid\u00e9os et infos dans le monde par nos journalistes et correspondants.\u00a0\u00bb,\u00a0\u00bbpath\u00a0\u00bb:\u00a0\u00bb\/societe\/religions\u00a0\u00bb,\u00a0\u00bbparent_id\u00a0\u00bb:\u00a0\u00bb\/societe\u00a0\u00bb,\u00a0\u00bbparent\u00a0\u00bb:{\u00ab\u00a0default\u00a0\u00bb:\u00a0\u00bb\/societe\u00a0\u00bb},\u00a0\u00bbadditional_properties\u00a0\u00bb:{\u00ab\u00a0original\u00a0\u00bb:{\u00ab\u00a0_id\u00a0\u00bb:\u00a0\u00bb\/societe\/religions\u00a0\u00bb,\u00a0\u00bb_website\u00a0\u00bb:\u00a0\u00bbliberation\u00a0\u00bb,\u00a0\u00bbname\u00a0\u00bb:\u00a0\u00bbReligions\u00a0\u00bb,\u00a0\u00bbinactive\u00a0\u00bb:false,\u00a0\u00bbancestors\u00a0\u00bb:{\u00ab\u00a0default\u00a0\u00bb:[\u00ab\u00a0https:\/\/www.liberation.fr\/\u00a0\u00bb,\u00a0\u00bb\/societe\u00a0\u00bb],\u00a0\u00bbheadernav\u00a0\u00bb:[\u00ab\u00a0https:\/\/www.liberation.fr\/\u00a0\u00bb,\u00a0\u00bb\/societe\u00a0\u00bb],\u00a0\u00bbburgermenu\u00a0\u00bb:[\u00ab\u00a0\/societe\u00a0\u00bb,\u00a0\u00bbhttps:\/\/www.liberation.fr\/\u00a0\u00bb],\u00a0\u00bbamp-menu\u00a0\u00bb:[\u00ab\u00a0https:\/\/www.liberation.fr\/\u00a0\u00bb,\u00a0\u00bb\/societe\u00a0\u00bb],\u00a0\u00bbfooter\u00a0\u00bb:[],\u00a0\u00bbfooter2&Prime;:[\u00ab\u00a0https:\/\/www.liberation.fr\/\u00a0\u00bb,\u00a0\u00bb\/societe\u00a0\u00bb]},\u00a0\u00bbparent\u00a0\u00bb:{\u00ab\u00a0default\u00a0\u00bb:\u00a0\u00bb\/societe\u00a0\u00bb,\u00a0\u00bbheadernav\u00a0\u00bb:\u00a0\u00bb\/societe\u00a0\u00bb,\u00a0\u00bbburgermenu\u00a0\u00bb:\u00a0\u00bb\/societe\u00a0\u00bb,\u00a0\u00bbamp-menu\u00a0\u00bb:\u00a0\u00bb\/societe\u00a0\u00bb,\u00a0\u00bbfooter\u00a0\u00bb:null,\u00a0\u00bbfooter2&Prime;:\u00a0\u00bb\/societe\u00a0\u00bb},\u00a0\u00bborder\u00a0\u00bb:{\u00ab\u00a0burgermenu\u00a0\u00bb:2006,\u00a0\u00bbheadernav\u00a0\u00bb:2007,\u00a0\u00bbamp-menu\u00a0\u00bb:2006,\u00a0\u00bbfooter2&Prime;:2004,\u00a0\u00bbdefault\u00a0\u00bb:2008},\u00a0\u00bb_admin\u00a0\u00bb:{\u00ab\u00a0alias_ids\u00a0\u00bb:[\u00ab\u00a0\/societe\/religions\u00a0\u00bb,\u00a0\u00bb200037&Prime;]},\u00a0\u00bbnavigation\u00a0\u00bb:{\u00ab\u00a0nav_title\u00a0\u00bb:\u00a0\u00bbReligions\u00a0\u00bb},\u00a0\u00bbsite\u00a0\u00bb:{\u00ab\u00a0pagebuilder_path_for_native_apps\u00a0\u00bb:null,\u00a0\u00bbsite_about\u00a0\u00bb:null,\u00a0\u00bbsite_description\u00a0\u00bb:\u00a0\u00bbLib\u00e9ration d\u00e9crypte pour vous toutes les actualit\u00e9s concernant les religions en continu : nos enqu\u00eates, interviews, vid\u00e9os et infos dans le monde par nos journalistes et correspondants.\u00a0\u00bb,\u00a0\u00bbsite_keywords\u00a0\u00bb:null,\u00a0\u00bbsite_tagline\u00a0\u00bb:null,\u00a0\u00bbsite_title\u00a0\u00bb:\u00a0\u00bbReligions : actualit\u00e9s, enqu\u00eates et infos en direct &#8211; Lib\u00e9ration\u00a0\u00bb,\u00a0\u00bbsite_url\u00a0\u00bb:null},\u00a0\u00bbsite_topper\u00a0\u00bb:{\u00ab\u00a0site_logo_image\u00a0\u00bb:null},\u00a0\u00bbsocial\u00a0\u00bb:{\u00ab\u00a0facebook\u00a0\u00bb:null,\u00a0\u00bbinstagram\u00a0\u00bb:null,\u00a0\u00bbrss\u00a0\u00bb:null,\u00a0\u00bbtwitter\u00a0\u00bb:null},\u00a0\u00bbnode_type\u00a0\u00bb:\u00a0\u00bbsection\u00a0\u00bb}},\u00a0\u00bb_website_section_id\u00a0\u00bb:\u00a0\u00bbliberation.\/societe\/religions\u00a0\u00bb},{\u00ab\u00a0_id\u00a0\u00bb:\u00a0\u00bb\/societe\u00a0\u00bb,\u00a0\u00bb_website\u00a0\u00bb:\u00a0\u00bbliberation\u00a0\u00bb,\u00a0\u00bbtype\u00a0\u00bb:\u00a0\u00bbsection\u00a0\u00bb,\u00a0\u00bbversion\u00a0\u00bb:\u00a0\u00bb0.6.0&Prime;,\u00a0\u00bbname\u00a0\u00bb:\u00a0\u00bbSoci\u00e9t\u00e9\u00a0\u00bb,\u00a0\u00bbdescription\u00a0\u00bb:\u00a0\u00bbActualit\u00e9 soci\u00e9t\u00e9 &#8211; tout savoir sur les derni\u00e8res infos soci\u00e9t\u00e9 avec Lib\u00e9ration : droits des femmes, \u00e9ducation, police-justice, sant\u00e9, logement&#8230;\u00a0\u00bb,\u00a0\u00bbpath\u00a0\u00bb:\u00a0\u00bb\/societe\u00a0\u00bb,\u00a0\u00bbparent_id\u00a0\u00bb:\u00a0\u00bbhttps:\/\/www.liberation.fr\/\u00a0\u00bb,\u00a0\u00bbparent\u00a0\u00bb:{\u00ab\u00a0default\u00a0\u00bb:\u00a0\u00bbhttps:\/\/www.liberation.fr\/\u00a0\u00bb},\u00a0\u00bbadditional_properties\u00a0\u00bb:{\u00ab\u00a0original\u00a0\u00bb:{\u00ab\u00a0_id\u00a0\u00bb:\u00a0\u00bb\/societe\u00a0\u00bb,\u00a0\u00bbsite\u00a0\u00bb:{\u00ab\u00a0site_tagline\u00a0\u00bb:null,\u00a0\u00bbsite_url\u00a0\u00bb:null,\u00a0\u00bbsite_title\u00a0\u00bb:\u00a0\u00bbToute l\u2019actualit\u00e9 Soci\u00e9t\u00e9 avec Lib\u00e9ration &#8211; Lib\u00e9ration\u00a0\u00bb,\u00a0\u00bbsite_about\u00a0\u00bb:null,\u00a0\u00bbpagebuilder_path_for_native_apps\u00a0\u00bb:null,\u00a0\u00bbsite_description\u00a0\u00bb:\u00a0\u00bbActualit\u00e9 soci\u00e9t\u00e9 &#8211; tout savoir sur les derni\u00e8res infos soci\u00e9t\u00e9 avec Lib\u00e9ration : droits des femmes, \u00e9ducation, police-justice, sant\u00e9, logement&#8230;\u00a0\u00bb,\u00a0\u00bbsite_keywords\u00a0\u00bb:null},\u00a0\u00bbsite_topper\u00a0\u00bb:{\u00ab\u00a0site_logo_image\u00a0\u00bb:null},\u00a0\u00bbsocial\u00a0\u00bb:{\u00ab\u00a0twitter\u00a0\u00bb:null,\u00a0\u00bbfacebook\u00a0\u00bb:null,\u00a0\u00bbrss\u00a0\u00bb:null,\u00a0\u00bbinstagram\u00a0\u00bb:null},\u00a0\u00bbnavigation\u00a0\u00bb:{\u00ab\u00a0nav_title\u00a0\u00bb:null},\u00a0\u00bb_admin\u00a0\u00bb:{\u00ab\u00a0alias_ids\u00a0\u00bb:[\u00ab\u00a0\/societe\u00a0\u00bb,\u00a0\u00bb11&Prime;]},\u00a0\u00bb_website\u00a0\u00bb:\u00a0\u00bbliberation\u00a0\u00bb,\u00a0\u00bbname\u00a0\u00bb:\u00a0\u00bbSoci\u00e9t\u00e9\u00a0\u00bb,\u00a0\u00bborder\u00a0\u00bb:{\u00ab\u00a0burgermenu\u00a0\u00bb:1009,\u00a0\u00bbdefault\u00a0\u00bb:1005,\u00a0\u00bbheadernav\u00a0\u00bb:1007,\u00a0\u00bbamp-menu\u00a0\u00bb:1004,\u00a0\u00bbfooter2&Prime;:1001},\u00a0\u00bbparent\u00a0\u00bb:{\u00ab\u00a0default\u00a0\u00bb:\u00a0\u00bbhttps:\/\/www.liberation.fr\/\u00a0\u00bb,\u00a0\u00bbburgermenu\u00a0\u00bb:\u00a0\u00bbhttps:\/\/www.liberation.fr\/\u00a0\u00bb,\u00a0\u00bbfooter\u00a0\u00bb:null,\u00a0\u00bbheadernav\u00a0\u00bb:\u00a0\u00bbhttps:\/\/www.liberation.fr\/\u00a0\u00bb,\u00a0\u00bbamp-menu\u00a0\u00bb:\u00a0\u00bbhttps:\/\/www.liberation.fr\/\u00a0\u00bb,\u00a0\u00bbfooter2&Prime;:\u00a0\u00bbhttps:\/\/www.liberation.fr\/\u00a0\u00bb},\u00a0\u00bbancestors\u00a0\u00bb:{\u00ab\u00a0default\u00a0\u00bb:[\u00ab\u00a0https:\/\/www.liberation.fr\/\u00a0\u00bb],\u00a0\u00bbburgermenu\u00a0\u00bb:[\u00ab\u00a0https:\/\/www.liberation.fr\/\u00a0\u00bb],\u00a0\u00bbfooter\u00a0\u00bb:[],\u00a0\u00bbheadernav\u00a0\u00bb:[\u00ab\u00a0https:\/\/www.liberation.fr\/\u00a0\u00bb],\u00a0\u00bbamp-menu\u00a0\u00bb:[\u00ab\u00a0https:\/\/www.liberation.fr\/\u00a0\u00bb],\u00a0\u00bbfooter2&Prime;:[\u00ab\u00a0https:\/\/www.liberation.fr\/\u00a0\u00bb]},\u00a0\u00bbinactive\u00a0\u00bb:false,\u00a0\u00bbnode_type\u00a0\u00bb:\u00a0\u00bbsection\u00a0\u00bb}},\u00a0\u00bb_website_section_id\u00a0\u00bb:\u00a0\u00bbliberation.\/societe\u00a0\u00bb}]},\u00a0\u00bbtype\u00a0\u00bb:\u00a0\u00bbstory\u00a0\u00bb,\u00a0\u00bbwebsites\u00a0\u00bb:{\u00ab\u00a0liberation\u00a0\u00bb:{\u00ab\u00a0website_section\u00a0\u00bb:{\u00ab\u00a0_id\u00a0\u00bb:\u00a0\u00bb\/societe\/religions\u00a0\u00bb,\u00a0\u00bb_website\u00a0\u00bb:\u00a0\u00bbliberation\u00a0\u00bb,\u00a0\u00bbtype\u00a0\u00bb:\u00a0\u00bbsection\u00a0\u00bb,\u00a0\u00bbversion\u00a0\u00bb:\u00a0\u00bb0.6.0&Prime;,\u00a0\u00bbname\u00a0\u00bb:\u00a0\u00bbReligions\u00a0\u00bb,\u00a0\u00bbdescription\u00a0\u00bb:\u00a0\u00bbLib\u00e9ration d\u00e9crypte pour vous toutes les actualit\u00e9s concernant les religions en continu : nos enqu\u00eates, interviews, vid\u00e9os et infos dans le monde par nos journalistes et correspondants.\u00a0\u00bb,\u00a0\u00bbpath\u00a0\u00bb:\u00a0\u00bb\/societe\/religions\u00a0\u00bb,\u00a0\u00bbparent_id\u00a0\u00bb:\u00a0\u00bb\/societe\u00a0\u00bb,\u00a0\u00bbparent\u00a0\u00bb:{\u00ab\u00a0default\u00a0\u00bb:\u00a0\u00bb\/societe\u00a0\u00bb},\u00a0\u00bbadditional_properties\u00a0\u00bb:{\u00ab\u00a0original\u00a0\u00bb:{\u00ab\u00a0_id\u00a0\u00bb:\u00a0\u00bb\/societe\/religions\u00a0\u00bb,\u00a0\u00bb_website\u00a0\u00bb:\u00a0\u00bbliberation\u00a0\u00bb,\u00a0\u00bbname\u00a0\u00bb:\u00a0\u00bbReligions\u00a0\u00bb,\u00a0\u00bbinactive\u00a0\u00bb:false,\u00a0\u00bbancestors\u00a0\u00bb:{\u00ab\u00a0default\u00a0\u00bb:[\u00ab\u00a0https:\/\/www.liberation.fr\/\u00a0\u00bb,\u00a0\u00bb\/societe\u00a0\u00bb],\u00a0\u00bbheadernav\u00a0\u00bb:[\u00ab\u00a0https:\/\/www.liberation.fr\/\u00a0\u00bb,\u00a0\u00bb\/societe\u00a0\u00bb],\u00a0\u00bbburgermenu\u00a0\u00bb:[\u00ab\u00a0\/societe\u00a0\u00bb,\u00a0\u00bbhttps:\/\/www.liberation.fr\/\u00a0\u00bb],\u00a0\u00bbamp-menu\u00a0\u00bb:[\u00ab\u00a0https:\/\/www.liberation.fr\/\u00a0\u00bb,\u00a0\u00bb\/societe\u00a0\u00bb],\u00a0\u00bbfooter\u00a0\u00bb:[],\u00a0\u00bbfooter2&Prime;:[\u00ab\u00a0https:\/\/www.liberation.fr\/\u00a0\u00bb,\u00a0\u00bb\/societe\u00a0\u00bb]},\u00a0\u00bbparent\u00a0\u00bb:{\u00ab\u00a0default\u00a0\u00bb:\u00a0\u00bb\/societe\u00a0\u00bb,\u00a0\u00bbheadernav\u00a0\u00bb:\u00a0\u00bb\/societe\u00a0\u00bb,\u00a0\u00bbburgermenu\u00a0\u00bb:\u00a0\u00bb\/societe\u00a0\u00bb,\u00a0\u00bbamp-menu\u00a0\u00bb:\u00a0\u00bb\/societe\u00a0\u00bb,\u00a0\u00bbfooter\u00a0\u00bb:null,\u00a0\u00bbfooter2&Prime;:\u00a0\u00bb\/societe\u00a0\u00bb},\u00a0\u00bborder\u00a0\u00bb:{\u00ab\u00a0burgermenu\u00a0\u00bb:2006,\u00a0\u00bbheadernav\u00a0\u00bb:2007,\u00a0\u00bbamp-menu\u00a0\u00bb:2006,\u00a0\u00bbfooter2&Prime;:2004,\u00a0\u00bbdefault\u00a0\u00bb:2008},\u00a0\u00bb_admin\u00a0\u00bb:{\u00ab\u00a0alias_ids\u00a0\u00bb:[\u00ab\u00a0\/societe\/religions\u00a0\u00bb,\u00a0\u00bb200037&Prime;]},\u00a0\u00bbnavigation\u00a0\u00bb:{\u00ab\u00a0nav_title\u00a0\u00bb:\u00a0\u00bbReligions\u00a0\u00bb},\u00a0\u00bbsite\u00a0\u00bb:{\u00ab\u00a0pagebuilder_path_for_native_apps\u00a0\u00bb:null,\u00a0\u00bbsite_about\u00a0\u00bb:null,\u00a0\u00bbsite_description\u00a0\u00bb:\u00a0\u00bbLib\u00e9ration d\u00e9crypte pour vous toutes les actualit\u00e9s concernant les religions en continu : nos enqu\u00eates, interviews, vid\u00e9os et infos dans le monde par nos journalistes et correspondants.\u00a0\u00bb,\u00a0\u00bbsite_keywords\u00a0\u00bb:null,\u00a0\u00bbsite_tagline\u00a0\u00bb:null,\u00a0\u00bbsite_title\u00a0\u00bb:\u00a0\u00bbReligions : actualit\u00e9s, enqu\u00eates et infos en direct &#8211; Lib\u00e9ration\u00a0\u00bb,\u00a0\u00bbsite_url\u00a0\u00bb:null},\u00a0\u00bbsite_topper\u00a0\u00bb:{\u00ab\u00a0site_logo_image\u00a0\u00bb:null},\u00a0\u00bbsocial\u00a0\u00bb:{\u00ab\u00a0facebook\u00a0\u00bb:null,\u00a0\u00bbinstagram\u00a0\u00bb:null,\u00a0\u00bbrss\u00a0\u00bb:null,\u00a0\u00bbtwitter\u00a0\u00bb:null},\u00a0\u00bbnode_type\u00a0\u00bb:\u00a0\u00bbsection\u00a0\u00bb}},\u00a0\u00bb_website_section_id\u00a0\u00bb:\u00a0\u00bbliberation.\/societe\/religions\u00a0\u00bb},\u00a0\u00bbwebsite_url\u00a0\u00bb:\u00a0\u00bbhttps:\/\/www.liberation.fr\/societe\/religions\/le-plus-grand-temple-bouddhiste-de-france-en-partie-detruit-par-un-incendie-20250712_G7P4ERPHPZFLLDML7J2RAF4I3Q\/\u00a0\u00bb}},\u00a0\u00bbcanonical_url\u00a0\u00bb:\u00a0\u00bbhttps:\/\/www.liberation.fr\/societe\/religions\/le-plus-grand-temple-bouddhiste-de-france-en-partie-detruit-par-un-incendie-20250712_G7P4ERPHPZFLLDML7J2RAF4I3Q\/\u00a0\u00bb,\u00a0\u00bbwebsite\u00a0\u00bb:\u00a0\u00bbliberation\u00a0\u00bb,\u00a0\u00bbwebsite_url\u00a0\u00bb:\u00a0\u00bbhttps:\/\/www.liberation.fr\/societe\/religions\/le-plus-grand-temple-bouddhiste-de-france-en-partie-detruit-par-un-incendie-20250712_G7P4ERPHPZFLLDML7J2RAF4I3Q\/\u00a0\u00bb,\u00a0\u00bbnewsletterImages\u00a0\u00bb:{\u00ab\u00a0lead_art\u00a0\u00bb:null,\u00a0\u00bbbasic\u00a0\u00bb:\u00a0\u00bbhttps:\/\/www.liberation.fr\/resizer\/v2\/5MRDED5SEBH77NLI5WFE6SYYHM.jpg?smart=true&#038;auth=1221d30aecaea796268c6dde276f2b352ca1d45dd76831cd476b1ba317cff96a&#038;quality=70&#038;width=600&#038;height=600&Prime;},\u00a0\u00bbnewsletterImages600x400&Prime;:{\u00ab\u00a0lead_art\u00a0\u00bb:null,\u00a0\u00bbbasic\u00a0\u00bb:\u00a0\u00bbhttps:\/\/www.liberation.fr\/resizer\/v2\/5MRDED5SEBH77NLI5WFE6SYYHM.jpg?smart=true&#038;auth=1221d30aecaea796268c6dde276f2b352ca1d45dd76831cd476b1ba317cff96a&#038;quality=70&#038;width=600&#038;height=400&Prime;},\u00a0\u00bbnewsletterImagesRealSize\u00a0\u00bb:{\u00ab\u00a0lead_art\u00a0\u00bb:null,\u00a0\u00bbbasic\u00a0\u00bb:\u00a0\u00bbhttps:\/\/www.liberation.fr\/resizer\/v2\/5MRDED5SEBH77NLI5WFE6SYYHM.jpg?smart=true&#038;auth=1221d30aecaea796268c6dde276f2b352ca1d45dd76831cd476b1ba317cff96a&#038;quality=70&#038;width=600&Prime;},\u00a0\u00bbtwitterImage\u00a0\u00bb:{\u00ab\u00a0lead_art\u00a0\u00bb:null,\u00a0\u00bbbasic\u00a0\u00bb:\u00a0\u00bbhttps:\/\/www.liberation.fr\/resizer\/v2\/5MRDED5SEBH77NLI5WFE6SYYHM.jpg?smart=true&#038;auth=1221d30aecaea796268c6dde276f2b352ca1d45dd76831cd476b1ba317cff96a&#038;quality=70&#038;width=1200&#038;height=630&Prime;}};Fusion.globalContentConfig={\u00ab\u00a0source\u00a0\u00bb:\u00a0\u00bbpaywalled-article\u00a0\u00bb,\u00a0\u00bbquery\u00a0\u00bb:{\u00ab\u00a0uri\u00a0\u00bb:\u00a0\u00bbhttps:\/\/www.liberation.fr\/societe\/religions\/le-plus-grand-temple-bouddhiste-de-france-en-partie-detruit-par-un-incendie-20250712_G7P4ERPHPZFLLDML7J2RAF4I3Q\/\u00a0\u00bb,\u00a0\u00bbwebsite_url\u00a0\u00bb:\u00a0\u00bbhttps:\/\/www.liberation.fr\/societe\/religions\/le-plus-grand-temple-bouddhiste-de-france-en-partie-detruit-par-un-incendie-20250712_G7P4ERPHPZFLLDML7J2RAF4I3Q\/\u00a0\u00bb,\u00a0\u00bbarc-site\u00a0\u00bb:\u00a0\u00bbliberation\u00a0\u00bb}};Fusion.lastModified=1752380277093;Fusion.contentCache={\u00ab\u00a0site-service-hierarchy\u00a0\u00bb:{\u00ab\u00a0{\\\u00a0\u00bbhierarchy\\\u00a0\u00bb:\\\u00a0\u00bbburgermenu\\\u00a0\u00bb}\u00a0\u00bb:{\u00ab\u00a0data\u00a0\u00bb:{\u00ab\u00a0children\u00a0\u00bb:[{\u00ab\u00a0_id\u00a0\u00bb:\u00a0\u00bblink-75QFY2QJQN2395TPPTEURDJKW0&Prime;,\u00a0\u00bbchildren\u00a0\u00bb:[],\u00a0\u00bbdisplay_name\u00a0\u00bb:\u00a0\u00bbAccueil\u00a0\u00bb,\u00a0\u00bburl\u00a0\u00bb:\u00a0\u00bbhttps:\/\/www.liberation.fr\/\u00a0\u00bb},{\u00ab\u00a0_id\u00a0\u00bb:\u00a0\u00bb\/politique\u00a0\u00bb,\u00a0\u00bbchildren\u00a0\u00bb:[{\u00ab\u00a0_id\u00a0\u00bb:\u00a0\u00bblink-LTR3F26SOVBPNJMNOZJ554WMYE\u00a0\u00bb,\u00a0\u00bbdisplay_name\u00a0\u00bb:\u00a0\u00bbGouvernement Bayrou\u00a0\u00bb,\u00a0\u00bburl\u00a0\u00bb:\u00a0\u00bbhttps:\/\/www.liberation.fr\/dossier\/gouvernement\/\u00a0\u00bb},{\u00ab\u00a0_id\u00a0\u00bb:\u00a0\u00bblink-W6DJCC2655AIVCQUBUJ4II2J7A\u00a0\u00bb,\u00a0\u00bbdisplay_name\u00a0\u00bb:\u00a0\u00bbExtr\u00eame droite\u00a0\u00bb,\u00a0\u00bburl\u00a0\u00bb:\u00a0\u00bbhttps:\/\/www.liberation.fr\/tags\/extreme-droite\/\u00a0\u00bb},{\u00ab\u00a0_id\u00a0\u00bb:\u00a0\u00bblink-ATWUFAQLZRHX7NVTTTKC4NTACM\u00a0\u00bb,\u00a0\u00bbdisplay_name\u00a0\u00bb:\u00a0\u00bbNouveau Front populaire\u00a0\u00bb,\u00a0\u00bburl\u00a0\u00bb:\u00a0\u00bbhttps:\/\/www.liberation.fr\/tags\/front-populaire\/\u00a0\u00bb},{\u00ab\u00a0_id\u00a0\u00bb:\u00a0\u00bblink-PEJBNVUDNJBDBG57AQ63TZHIIM\u00a0\u00bb,\u00a0\u00bbdisplay_name\u00a0\u00bb:\u00a0\u00bbRassemblement national\u00a0\u00bb,\u00a0\u00bburl\u00a0\u00bb:\u00a0\u00bbhttps:\/\/www.liberation.fr\/tags\/rn\/\u00a0\u00bb},{\u00ab\u00a0_id\u00a0\u00bb:\u00a0\u00bb\/politique\/elections\u00a0\u00bb,\u00a0\u00bbname\u00a0\u00bb:\u00a0\u00bbElections\u00a0\u00bb}],\u00a0\u00bbname\u00a0\u00bb:\u00a0\u00bbPolitique\u00a0\u00bb},{\u00ab\u00a0_id\u00a0\u00bb:\u00a0\u00bb\/international\u00a0\u00bb,\u00a0\u00bbchildren\u00a0\u00bb:[{\u00ab\u00a0_id\u00a0\u00bb:\u00a0\u00bb\/international\/europe\u00a0\u00bb,\u00a0\u00bbname\u00a0\u00bb:\u00a0\u00bbEurope\u00a0\u00bb},{\u00ab\u00a0_id\u00a0\u00bb:\u00a0\u00bb\/international\/amerique\u00a0\u00bb,\u00a0\u00bbname\u00a0\u00bb:\u00a0\u00bbAm\u00e9rique\u00a0\u00bb},{\u00ab\u00a0_id\u00a0\u00bb:\u00a0\u00bb\/international\/afrique\u00a0\u00bb,\u00a0\u00bbname\u00a0\u00bb:\u00a0\u00bbAfrique\u00a0\u00bb},{\u00ab\u00a0_id\u00a0\u00bb:\u00a0\u00bb\/international\/moyen-orient\u00a0\u00bb,\u00a0\u00bbname\u00a0\u00bb:\u00a0\u00bbMoyen-Orient\u00a0\u00bb},{\u00ab\u00a0_id\u00a0\u00bb:\u00a0\u00bb\/international\/asie-pacifique\u00a0\u00bb,\u00a0\u00bbname\u00a0\u00bb:\u00a0\u00bbAsie Pacifique\u00a0\u00bb}],\u00a0\u00bbname\u00a0\u00bb:\u00a0\u00bbInternational\u00a0\u00bb},{\u00ab\u00a0_id\u00a0\u00bb:\u00a0\u00bb\/checknews\u00a0\u00bb,\u00a0\u00bbchildren\u00a0\u00bb:[{\u00ab\u00a0_id\u00a0\u00bb:\u00a0\u00bblink-J2W4TXZXVVFFTGDVN2SRQIQTKM\u00a0\u00bb,\u00a0\u00bbdisplay_name\u00a0\u00bb:\u00a0\u00bbPoser une question \u00e0 nos journalistes\u00a0\u00bb,\u00a0\u00bburl\u00a0\u00bb:\u00a0\u00bbhttps:\/\/www.liberation.fr\/checknews-questions\/\u00a0\u00bb}],\u00a0\u00bbname\u00a0\u00bb:\u00a0\u00bbCheckNews\u00a0\u00bb},{\u00ab\u00a0_id\u00a0\u00bb:\u00a0\u00bb\/culture\u00a0\u00bb,\u00a0\u00bbchildren\u00a0\u00bb:[{\u00ab\u00a0_id\u00a0\u00bb:\u00a0\u00bblink-IJXVKLAYAFD2PLRGCZBJRSLXGA\u00a0\u00bb,\u00a0\u00bbdisplay_name\u00a0\u00bb:\u00a0\u00bbFestival d&rsquo;Avignon\u00a0\u00bb,\u00a0\u00bburl\u00a0\u00bb:\u00a0\u00bbhttps:\/\/www.liberation.fr\/tags\/festival-d-avignon\/\u00a0\u00bb},{\u00ab\u00a0_id\u00a0\u00bb:\u00a0\u00bb\/culture\/arts\u00a0\u00bb,\u00a0\u00bbname\u00a0\u00bb:\u00a0\u00bbArts\u00a0\u00bb},{\u00ab\u00a0_id\u00a0\u00bb:\u00a0\u00bb\/culture\/cinema\u00a0\u00bb,\u00a0\u00bbname\u00a0\u00bb:\u00a0\u00bbCin\u00e9ma\u00a0\u00bb},{\u00ab\u00a0_id\u00a0\u00bb:\u00a0\u00bb\/culture\/jeux-video\u00a0\u00bb,\u00a0\u00bbname\u00a0\u00bb:\u00a0\u00bbJeux vid\u00e9o\u00a0\u00bb},{\u00ab\u00a0_id\u00a0\u00bb:\u00a0\u00bb\/culture\/musique\u00a0\u00bb,\u00a0\u00bbname\u00a0\u00bb:\u00a0\u00bbMusique\u00a0\u00bb},{\u00ab\u00a0_id\u00a0\u00bb:\u00a0\u00bb\/culture\/photographie\u00a0\u00bb,\u00a0\u00bbname\u00a0\u00bb:\u00a0\u00bbPhotographie\u00a0\u00bb},{\u00ab\u00a0_id\u00a0\u00bb:\u00a0\u00bb\/culture\/livres\u00a0\u00bb,\u00a0\u00bbname\u00a0\u00bb:\u00a0\u00bbLivres\u00a0\u00bb},{\u00ab\u00a0_id\u00a0\u00bb:\u00a0\u00bb\/culture\/bd\u00a0\u00bb,\u00a0\u00bbname\u00a0\u00bb:\u00a0\u00bbBD\u00a0\u00bb},{\u00ab\u00a0_id\u00a0\u00bb:\u00a0\u00bblink-PYKRJHIK3NBW3IMOPOCB64D6CI\u00a0\u00bb,\u00a0\u00bbdisplay_name\u00a0\u00bb:\u00a0\u00bbPolars et thrillers\u00a0\u00bb,\u00a0\u00bburl\u00a0\u00bb:\u00a0\u00bbhttps:\/\/www.liberation.fr\/tags\/romans-policiers-polars-et-thrillers\/\u00a0\u00bb},{\u00ab\u00a0_id\u00a0\u00bb:\u00a0\u00bb\/culture\/scenes\u00a0\u00bb,\u00a0\u00bbname\u00a0\u00bb:\u00a0\u00bbTh\u00e9\u00e2tre et sc\u00e8nes\u00a0\u00bb},{\u00ab\u00a0_id\u00a0\u00bb:\u00a0\u00bb\/culture\/series\u00a0\u00bb,\u00a0\u00bbname\u00a0\u00bb:\u00a0\u00bbS\u00e9ries\u00a0\u00bb},{\u00ab\u00a0_id\u00a0\u00bb:\u00a0\u00bblink-TO3DMXNNQJH5VHG44GZQOOX6VI\u00a0\u00bb,\u00a0\u00bbdisplay_name\u00a0\u00bb:\u00a0\u00bbLes s\u00e9lections Culture de Lib\u00e9\u00a0\u00bb,\u00a0\u00bburl\u00a0\u00bb:\u00a0\u00bbhttps:\/\/www.liberation.fr\/selections-culture\/\u00a0\u00bb}],\u00a0\u00bbname\u00a0\u00bb:\u00a0\u00bbCulture\u00a0\u00bb},{\u00ab\u00a0_id\u00a0\u00bb:\u00a0\u00bblink-246HYMKRCVB4ZJ4HZUNLTTQUBQ\u00a0\u00bb,\u00a0\u00bbchildren\u00a0\u00bb:[],\u00a0\u00bbdisplay_name\u00a0\u00bb:\u00a0\u00bbLes s\u00e9lections Culture de Lib\u00e9\u00a0\u00bb,\u00a0\u00bburl\u00a0\u00bb:\u00a0\u00bbhttps:\/\/www.liberation.fr\/selections-culture\/\u00a0\u00bb},{\u00ab\u00a0_id\u00a0\u00bb:\u00a0\u00bb\/environnement\u00a0\u00bb,\u00a0\u00bbchildren\u00a0\u00bb:[{\u00ab\u00a0_id\u00a0\u00bb:\u00a0\u00bb\/environnement\/animaux\u00a0\u00bb,\u00a0\u00bbname\u00a0\u00bb:\u00a0\u00bbAnimaux\u00a0\u00bb},{\u00ab\u00a0_id\u00a0\u00bb:\u00a0\u00bb\/environnement\/agriculture\u00a0\u00bb,\u00a0\u00bbname\u00a0\u00bb:\u00a0\u00bbAgriculture\u00a0\u00bb},{\u00ab\u00a0_id\u00a0\u00bb:\u00a0\u00bb\/environnement\/alimentation\u00a0\u00bb,\u00a0\u00bbname\u00a0\u00bb:\u00a0\u00bbAlimentation\u00a0\u00bb},{\u00ab\u00a0_id\u00a0\u00bb:\u00a0\u00bb\/environnement\/biodiversite\u00a0\u00bb,\u00a0\u00bbname\u00a0\u00bb:\u00a0\u00bbBiodiversit\u00e9\u00a0\u00bb},{\u00ab\u00a0_id\u00a0\u00bb:\u00a0\u00bb\/environnement\/climat\u00a0\u00bb,\u00a0\u00bbname\u00a0\u00bb:\u00a0\u00bbClimat\u00a0\u00bb},{\u00ab\u00a0_id\u00a0\u00bb:\u00a0\u00bb\/environnement\/nucleaire\u00a0\u00bb,\u00a0\u00bbname\u00a0\u00bb:\u00a0\u00bbNucl\u00e9aire\u00a0\u00bb},{\u00ab\u00a0_id\u00a0\u00bb:\u00a0\u00bb\/environnement\/pollution\u00a0\u00bb,\u00a0\u00bbname\u00a0\u00bb:\u00a0\u00bbPollution\u00a0\u00bb}],\u00a0\u00bbname\u00a0\u00bb:\u00a0\u00bbEnvironnement\u00a0\u00bb},{\u00ab\u00a0_id\u00a0\u00bb:\u00a0\u00bb\/idees-et-debats\u00a0\u00bb,\u00a0\u00bbchildren\u00a0\u00bb:[{\u00ab\u00a0_id\u00a0\u00bb:\u00a0\u00bb\/idees-et-debats\/opinions\u00a0\u00bb,\u00a0\u00bbname\u00a0\u00bb:\u00a0\u00bbOpinions\u00a0\u00bb},{\u00ab\u00a0_id\u00a0\u00bb:\u00a0\u00bb\/idees-et-debats\/editorial\u00a0\u00bb,\u00a0\u00bbname\u00a0\u00bb:\u00a0\u00bbEditorial\u00a0\u00bb},{\u00ab\u00a0_id\u00a0\u00bb:\u00a0\u00bb\/idees-et-debats\/tribunes\u00a0\u00bb,\u00a0\u00bbname\u00a0\u00bb:\u00a0\u00bbTribunes\u00a0\u00bb}],\u00a0\u00bbname\u00a0\u00bb:\u00a0\u00bbId\u00e9es et D\u00e9bats\u00a0\u00bb},{\u00ab\u00a0_id\u00a0\u00bb:\u00a0\u00bb\/societe\u00a0\u00bb,\u00a0\u00bbchildren\u00a0\u00bb:[{\u00ab\u00a0_id\u00a0\u00bb:\u00a0\u00bb\/societe\/police-justice\u00a0\u00bb,\u00a0\u00bbname\u00a0\u00bb:\u00a0\u00bbPolice \/ Justice\u00a0\u00bb},{\u00ab\u00a0_id\u00a0\u00bb:\u00a0\u00bb\/societe\/droits-des-femmes\u00a0\u00bb,\u00a0\u00bbname\u00a0\u00bb:\u00a0\u00bbDroits des femmes\u00a0\u00bb},{\u00ab\u00a0_id\u00a0\u00bb:\u00a0\u00bb\/societe\/education\u00a0\u00bb,\u00a0\u00bbname\u00a0\u00bb:\u00a0\u00bbEducation\u00a0\u00bb},{\u00ab\u00a0_id\u00a0\u00bb:\u00a0\u00bb\/societe\/familles\u00a0\u00bb,\u00a0\u00bbname\u00a0\u00bb:\u00a0\u00bbFamilles\u00a0\u00bb},{\u00ab\u00a0_id\u00a0\u00bb:\u00a0\u00bb\/societe\/logement\u00a0\u00bb,\u00a0\u00bbname\u00a0\u00bb:\u00a0\u00bbLogement\u00a0\u00bb},{\u00ab\u00a0_id\u00a0\u00bb:\u00a0\u00bb\/societe\/religions\u00a0\u00bb,\u00a0\u00bbname\u00a0\u00bb:\u00a0\u00bbReligions\u00a0\u00bb},{\u00ab\u00a0_id\u00a0\u00bb:\u00a0\u00bb\/societe\/sante\u00a0\u00bb,\u00a0\u00bbname\u00a0\u00bb:\u00a0\u00bbSant\u00e9\u00a0\u00bb},{\u00ab\u00a0_id\u00a0\u00bb:\u00a0\u00bb\/societe\/ville\u00a0\u00bb,\u00a0\u00bbname\u00a0\u00bb:\u00a0\u00bbVille\u00a0\u00bb},{\u00ab\u00a0_id\u00a0\u00bb:\u00a0\u00bb\/societe\/sexualite-et-genres\u00a0\u00bb,\u00a0\u00bbname\u00a0\u00bb:\u00a0\u00bbSexualit\u00e9s et genres\u00a0\u00bb},{\u00ab\u00a0_id\u00a0\u00bb:\u00a0\u00bb\/societe\/immigration\u00a0\u00bb,\u00a0\u00bbname\u00a0\u00bb:\u00a0\u00bbImmigration\u00a0\u00bb}],\u00a0\u00bbname\u00a0\u00bb:\u00a0\u00bbSoci\u00e9t\u00e9\u00a0\u00bb},{\u00ab\u00a0_id\u00a0\u00bb:\u00a0\u00bblink-2QV6MFWETVHFXLTSKW5RS2WVUM\u00a0\u00bb,\u00a0\u00bbchildren\u00a0\u00bb:[],\u00a0\u00bbdisplay_name\u00a0\u00bb:\u00a0\u00bbEnqu\u00eates\u00a0\u00bb,\u00a0\u00bburl\u00a0\u00bb:\u00a0\u00bbhttps:\/\/www.liberation.fr\/enquetes\/\u00a0\u00bb},{\u00ab\u00a0_id\u00a0\u00bb:\u00a0\u00bblink-6YRRL6US6JAV3FCOKQEZXVDJE4&Prime;,\u00a0\u00bbchildren\u00a0\u00bb:[],\u00a0\u00bbdisplay_name\u00a0\u00bb:\u00a0\u00bb\u00c7a va mieux en le lisant\u00a0\u00bb,\u00a0\u00bburl\u00a0\u00bb:\u00a0\u00bbhttps:\/\/www.liberation.fr\/tags\/ca-va-mieux-lisant\/\u00a0\u00bb},{\u00ab\u00a0_id\u00a0\u00bb:\u00a0\u00bblink-W7R2BXQURZEN7CQE6JHDFC7HHM\u00a0\u00bb,\u00a0\u00bbchildren\u00a0\u00bb:[],\u00a0\u00bbdisplay_name\u00a0\u00bb:\u00a0\u00bbT\u00e9moignages\u00a0\u00bb,\u00a0\u00bburl\u00a0\u00bb:\u00a0\u00bbhttps:\/\/www.liberation.fr\/temoignages\/\u00a0\u00bb},{\u00ab\u00a0_id\u00a0\u00bb:\u00a0\u00bb\/economie\u00a0\u00bb,\u00a0\u00bbchildren\u00a0\u00bb:[{\u00ab\u00a0_id\u00a0\u00bb:\u00a0\u00bb\/economie\/medias\u00a0\u00bb,\u00a0\u00bbname\u00a0\u00bb:\u00a0\u00bbM\u00e9dias\u00a0\u00bb},{\u00ab\u00a0_id\u00a0\u00bb:\u00a0\u00bb\/economie\/social\u00a0\u00bb,\u00a0\u00bbname\u00a0\u00bb:\u00a0\u00bbSocial\u00a0\u00bb},{\u00ab\u00a0_id\u00a0\u00bb:\u00a0\u00bb\/economie\/transports\u00a0\u00bb,\u00a0\u00bbname\u00a0\u00bb:\u00a0\u00bbTransports\u00a0\u00bb},{\u00ab\u00a0_id\u00a0\u00bb:\u00a0\u00bb\/economie\/economie-numerique\u00a0\u00bb,\u00a0\u00bbname\u00a0\u00bb:\u00a0\u00bbEconomie num\u00e9rique\u00a0\u00bb}],\u00a0\u00bbname\u00a0\u00bb:\u00a0\u00bbEconomie\u00a0\u00bb},{\u00ab\u00a0_id\u00a0\u00bb:\u00a0\u00bb\/lifestyle\u00a0\u00bb,\u00a0\u00bbchildren\u00a0\u00bb:[{\u00ab\u00a0_id\u00a0\u00bb:\u00a0\u00bb\/lifestyle\/beaute\u00a0\u00bb,\u00a0\u00bbname\u00a0\u00bb:\u00a0\u00bbBeaut\u00e9\u00a0\u00bb},{\u00ab\u00a0_id\u00a0\u00bb:\u00a0\u00bb\/lifestyle\/design\u00a0\u00bb,\u00a0\u00bbname\u00a0\u00bb:\u00a0\u00bbDesign\u00a0\u00bb},{\u00ab\u00a0_id\u00a0\u00bb:\u00a0\u00bb\/lifestyle\/gastronomie\u00a0\u00bb,\u00a0\u00bbname\u00a0\u00bb:\u00a0\u00bbGastronomie\u00a0\u00bb},{\u00ab\u00a0_id\u00a0\u00bb:\u00a0\u00bb\/lifestyle\/hightech\u00a0\u00bb,\u00a0\u00bbname\u00a0\u00bb:\u00a0\u00bbHigh tech\u00a0\u00bb},{\u00ab\u00a0_id\u00a0\u00bb:\u00a0\u00bb\/lifestyle\/mode\u00a0\u00bb,\u00a0\u00bbname\u00a0\u00bb:\u00a0\u00bbMode\u00a0\u00bb},{\u00ab\u00a0_id\u00a0\u00bb:\u00a0\u00bb\/lifestyle\/voyages\u00a0\u00bb,\u00a0\u00bbname\u00a0\u00bb:\u00a0\u00bbVoyages\u00a0\u00bb},{\u00ab\u00a0_id\u00a0\u00bb:\u00a0\u00bb\/lifestyle\/consommation\u00a0\u00bb,\u00a0\u00bbname\u00a0\u00bb:\u00a0\u00bbConsommation\u00a0\u00bb},{\u00ab\u00a0_id\u00a0\u00bb:\u00a0\u00bb\/lifestyle\/intimites\u00a0\u00bb,\u00a0\u00bbname\u00a0\u00bb:\u00a0\u00bbIntimit\u00e9s\u00a0\u00bb},{\u00ab\u00a0_id\u00a0\u00bb:\u00a0\u00bb\/lifestyle\/parentalites\u00a0\u00bb,\u00a0\u00bbname\u00a0\u00bb:\u00a0\u00bbParentalit\u00e9s\u00a0\u00bb},{\u00ab\u00a0_id\u00a0\u00bb:\u00a0\u00bblink-IRBRAAYPD5FHDJDA6EUBRW4YGM\u00a0\u00bb,\u00a0\u00bbdisplay_name\u00a0\u00bb:\u00a0\u00bbSports\u00a0\u00bb,\u00a0\u00bburl\u00a0\u00bb:\u00a0\u00bbhttps:\/\/www.liberation.fr\/sports\/\u00a0\u00bb},{\u00ab\u00a0_id\u00a0\u00bb:\u00a0\u00bblink-GQX3YRV2END2TIQ5C762P26FDM\u00a0\u00bb,\u00a0\u00bbdisplay_name\u00a0\u00bb:\u00a0\u00bbLes Tops de Lib\u00e9\u00a0\u00bb,\u00a0\u00bburl\u00a0\u00bb:\u00a0\u00bbhttps:\/\/www.liberation.fr\/dossier\/tops-de-libe\/\u00a0\u00bb}],\u00a0\u00bbname\u00a0\u00bb:\u00a0\u00bbLifestyle\u00a0\u00bb},{\u00ab\u00a0_id\u00a0\u00bb:\u00a0\u00bblink-0GZ387067T0Y3D40HAQUYUNZVW\u00a0\u00bb,\u00a0\u00bbchildren\u00a0\u00bb:[],\u00a0\u00bbdisplay_name\u00a0\u00bb:\u00a0\u00bbEn images\u00a0\u00bb,\u00a0\u00bburl\u00a0\u00bb:\u00a0\u00bbhttps:\/\/www.liberation.fr\/en-images\/\u00a0\u00bb},{\u00ab\u00a0_id\u00a0\u00bb:\u00a0\u00bblink-3XLEWBXEJZCURBKPGS5JDRH62Q\u00a0\u00bb,\u00a0\u00bbchildren\u00a0\u00bb:[],\u00a0\u00bbdisplay_name\u00a0\u00bb:\u00a0\u00bbData du jour\u00a0\u00bb,\u00a0\u00bburl\u00a0\u00bb:\u00a0\u00bbhttps:\/\/www.liberation.fr\/dossier\/data-matin\/\u00a0\u00bb},{\u00ab\u00a0_id\u00a0\u00bb:\u00a0\u00bblink-XKBPLDQUQVABVM65OZKDBXUXWE\u00a0\u00bb,\u00a0\u00bbchildren\u00a0\u00bb:[],\u00a0\u00bbdisplay_name\u00a0\u00bb:\u00a0\u00bbLes Tops de Lib\u00e9\u00a0\u00bb,\u00a0\u00bburl\u00a0\u00bb:\u00a0\u00bbhttps:\/\/www.liberation.fr\/dossier\/tops-de-libe\/\u00a0\u00bb},{\u00ab\u00a0_id\u00a0\u00bb:\u00a0\u00bb\/portraits\u00a0\u00bb,\u00a0\u00bbchildren\u00a0\u00bb:[],\u00a0\u00bbname\u00a0\u00bb:\u00a0\u00bbPortraits\u00a0\u00bb},{\u00ab\u00a0_id\u00a0\u00bb:\u00a0\u00bb\/sports\u00a0\u00bb,\u00a0\u00bbchildren\u00a0\u00bb:[{\u00ab\u00a0_id\u00a0\u00bb:\u00a0\u00bb\/sports\/football\u00a0\u00bb,\u00a0\u00bbname\u00a0\u00bb:\u00a0\u00bbFootball\u00a0\u00bb},{\u00ab\u00a0_id\u00a0\u00bb:\u00a0\u00bb\/sports\/cyclisme\u00a0\u00bb,\u00a0\u00bbname\u00a0\u00bb:\u00a0\u00bbCyclisme\u00a0\u00bb},{\u00ab\u00a0_id\u00a0\u00bb:\u00a0\u00bb\/sports\/tennis\u00a0\u00bb,\u00a0\u00bbname\u00a0\u00bb:\u00a0\u00bbTennis\u00a0\u00bb},{\u00ab\u00a0_id\u00a0\u00bb:\u00a0\u00bb\/sports\/rugby\u00a0\u00bb,\u00a0\u00bbname\u00a0\u00bb:\u00a0\u00bbRugby\u00a0\u00bb},{\u00ab\u00a0_id\u00a0\u00bb:\u00a0\u00bb\/sports\/sports-mecaniques\u00a0\u00bb,\u00a0\u00bbname\u00a0\u00bb:\u00a0\u00bbSports m\u00e9caniques\u00a0\u00bb},{\u00ab\u00a0_id\u00a0\u00bb:\u00a0\u00bb\/sports\/jeux-olympiques\u00a0\u00bb,\u00a0\u00bbname\u00a0\u00bb:\u00a0\u00bbJeux olympiques et paralympiques\u00a0\u00bb}],\u00a0\u00bbname\u00a0\u00bb:\u00a0\u00bbSports\u00a0\u00bb},{\u00ab\u00a0_id\u00a0\u00bb:\u00a0\u00bb\/forums\u00a0\u00bb,\u00a0\u00bbchildren\u00a0\u00bb:[],\u00a0\u00bbname\u00a0\u00bb:\u00a0\u00bbForums &#038; \u00e9v\u00e9nements\u00a0\u00bb},{\u00ab\u00a0_id\u00a0\u00bb:\u00a0\u00bb\/sciences\u00a0\u00bb,\u00a0\u00bbchildren\u00a0\u00bb:[{\u00ab\u00a0_id\u00a0\u00bb:\u00a0\u00bb\/sciences\/archeologie\u00a0\u00bb,\u00a0\u00bbname\u00a0\u00bb:\u00a0\u00bbArch\u00e9ologie et pal\u00e9ontologie\u00a0\u00bb},{\u00ab\u00a0_id\u00a0\u00bb:\u00a0\u00bb\/sciences\/biologie\u00a0\u00bb,\u00a0\u00bbname\u00a0\u00bb:\u00a0\u00bbBiologie\u00a0\u00bb},{\u00ab\u00a0_id\u00a0\u00bb:\u00a0\u00bb\/sciences\/espace\u00a0\u00bb,\u00a0\u00bbname\u00a0\u00bb:\u00a0\u00bbEspace\u00a0\u00bb},{\u00ab\u00a0_id\u00a0\u00bb:\u00a0\u00bb\/sciences\/histoire\u00a0\u00bb,\u00a0\u00bbname\u00a0\u00bb:\u00a0\u00bbHistoire\u00a0\u00bb},{\u00ab\u00a0_id\u00a0\u00bb:\u00a0\u00bb\/sciences\/technologie-innovation\u00a0\u00bb,\u00a0\u00bbname\u00a0\u00bb:\u00a0\u00bbTechnologie et innovation\u00a0\u00bb}],\u00a0\u00bbname\u00a0\u00bb:\u00a0\u00bbSciences\u00a0\u00bb},{\u00ab\u00a0_id\u00a0\u00bb:\u00a0\u00bblink-E7Y4ZGRMURDNTPGTPR2J6DSMVA\u00a0\u00bb,\u00a0\u00bbchildren\u00a0\u00bb:[],\u00a0\u00bbdisplay_name\u00a0\u00bb:\u00a0\u00bbLes playlists de Lib\u00e9\u00a0\u00bb,\u00a0\u00bburl\u00a0\u00bb:\u00a0\u00bbhttps:\/\/www.liberation.fr\/playlists-de-libe\/\u00a0\u00bb},{\u00ab\u00a0_id\u00a0\u00bb:\u00a0\u00bblink-SVKCCJFMTJAGJOK2ZMRFJ2VEKY\u00a0\u00bb,\u00a0\u00bbchildren\u00a0\u00bb:[],\u00a0\u00bbdisplay_name\u00a0\u00bb:\u00a0\u00bbNos dossiers\u00a0\u00bb,\u00a0\u00bburl\u00a0\u00bb:\u00a0\u00bbhttps:\/\/www.liberation.fr\/nos-dossiers\/\u00a0\u00bb},{\u00ab\u00a0_id\u00a0\u00bb:\u00a0\u00bb\/plus\u00a0\u00bb,\u00a0\u00bbchildren\u00a0\u00bb:[{\u00ab\u00a0_id\u00a0\u00bb:\u00a0\u00bb\/plus\/speciaux-cahier-ete\u00a0\u00bb,\u00a0\u00bbname\u00a0\u00bb:\u00a0\u00bbS\u00e9ries d&rsquo;\u00e9t\u00e9\u00a0\u00bb},{\u00ab\u00a0_id\u00a0\u00bb:\u00a0\u00bb\/plus\/numeros-speciaux\u00a0\u00bb,\u00a0\u00bbname\u00a0\u00bb:\u00a0\u00bbNum\u00e9ros sp\u00e9ciaux\u00a0\u00bb},{\u00ab\u00a0_id\u00a0\u00bb:\u00a0\u00bblink-CEST3Y6WSVCNBFWNCPZRBNO2J4&Prime;,\u00a0\u00bbdisplay_name\u00a0\u00bb:\u00a0\u00bbLes 50 ans de Lib\u00e9\u00a0\u00bb,\u00a0\u00bburl\u00a0\u00bb:\u00a0\u00bbhttps:\/\/www.liberation.fr\/dossier\/50-ans-liberation\/\u00a0\u00bb},{\u00ab\u00a0_id\u00a0\u00bb:\u00a0\u00bblink-CKVXXOOCUJGE5CTLINUTAVCEVY\u00a0\u00bb,\u00a0\u00bbdisplay_name\u00a0\u00bb:\u00a0\u00bbNos 50 combats\u00a0\u00bb,\u00a0\u00bburl\u00a0\u00bb:\u00a0\u00bbhttps:\/\/www.liberation.fr\/50-ans-50-combats\/\u00a0\u00bb}],\u00a0\u00bbname\u00a0\u00bb:\u00a0\u00bbPlus\u00a0\u00bb},{\u00ab\u00a0_id\u00a0\u00bb:\u00a0\u00bb\/archives\u00a0\u00bb,\u00a0\u00bbchildren\u00a0\u00bb:[{\u00ab\u00a0_id\u00a0\u00bb:\u00a0\u00bblink-K3RVIEFT5ZAJXJCHB7VUOPBUOE\u00a0\u00bb,\u00a0\u00bbdisplay_name\u00a0\u00bb:\u00a0\u00bb2025&Prime;,\u00a0\u00bburl\u00a0\u00bb:\u00a0\u00bbhttps:\/\/www.liberation.fr\/archives\/2025\/\u00a0\u00bb},{\u00ab\u00a0_id\u00a0\u00bb:\u00a0\u00bblink-HW6KZ7W4BVB7ZC2MUGELWSNMM4&Prime;,\u00a0\u00bbdisplay_name\u00a0\u00bb:\u00a0\u00bb2024&Prime;,\u00a0\u00bburl\u00a0\u00bb:\u00a0\u00bbhttps:\/\/www.liberation.fr\/archives\/2024\/\u00a0\u00bb},{\u00ab\u00a0_id\u00a0\u00bb:\u00a0\u00bblink-86U6ZQ3TGD6J38B3B0UD714BEM\u00a0\u00bb,\u00a0\u00bbdisplay_name\u00a0\u00bb:\u00a0\u00bb2023&Prime;,\u00a0\u00bburl\u00a0\u00bb:\u00a0\u00bbhttps:\/\/www.liberation.fr\/archives\/2023\/\u00a0\u00bb},{\u00ab\u00a0_id\u00a0\u00bb:\u00a0\u00bblink-TTAP7N6QVX4HX8KUYPNK8C8T2G\u00a0\u00bb,\u00a0\u00bbdisplay_name\u00a0\u00bb:\u00a0\u00bb2022&Prime;,\u00a0\u00bburl\u00a0\u00bb:\u00a0\u00bbhttps:\/\/www.liberation.fr\/archives\/2022\/\u00a0\u00bb},{\u00ab\u00a0_id\u00a0\u00bb:\u00a0\u00bblink-61DDUK20NX12HEYXG66F2U5D3W\u00a0\u00bb,\u00a0\u00bbdisplay_name\u00a0\u00bb:\u00a0\u00bb2021&Prime;,\u00a0\u00bburl\u00a0\u00bb:\u00a0\u00bbhttps:\/\/www.liberation.fr\/archives\/2021\/\u00a0\u00bb},{\u00ab\u00a0_id\u00a0\u00bb:\u00a0\u00bblink-TOFSORLNGZBOLDQTXPC2QY3WM4&Prime;,\u00a0\u00bbdisplay_name\u00a0\u00bb:\u00a0\u00bbToutes les archives\u00a0\u00bb,\u00a0\u00bburl\u00a0\u00bb:\u00a0\u00bbhttps:\/\/www.liberation.fr\/archives\/\u00a0\u00bb}],\u00a0\u00bbname\u00a0\u00bb:\u00a0\u00bbArchives\u00a0\u00bb},{\u00ab\u00a0_id\u00a0\u00bb:\u00a0\u00bblink-Y33KT60FFD0HZ90R7MF9EZKWHM\u00a0\u00bb,\u00a0\u00bbchildren\u00a0\u00bb:[],\u00a0\u00bbdisplay_name\u00a0\u00bb:\u00a0\u00bbOffrir Lib\u00e9\u00a0\u00bb,\u00a0\u00bburl\u00a0\u00bb:\u00a0\u00bbhttps:\/\/formulaire.liberation.fr\/offrir_abo?source=menu\u00a0\u00bb},{\u00ab\u00a0_id\u00a0\u00bb:\u00a0\u00bblink-8EYG0HFTT17Q56ZMF4F2MY2NU8&Prime;,\u00a0\u00bbchildren\u00a0\u00bb:[],\u00a0\u00bbdisplay_name\u00a0\u00bb:\u00a0\u00bbEv\u00e9nements Lib\u00e9\u00a0\u00bb,\u00a0\u00bburl\u00a0\u00bb:\u00a0\u00bbhttps:\/\/offre.liberation.fr\/evenements\/\u00a0\u00bb},{\u00ab\u00a0_id\u00a0\u00bb:\u00a0\u00bblink-WBU2ETVFYD7N129EAHEDEXM14R\u00a0\u00bb,\u00a0\u00bbchildren\u00a0\u00bb:[],\u00a0\u00bbdisplay_name\u00a0\u00bb:\u00a0\u00bbLes newsletters\u00a0\u00bb,\u00a0\u00bburl\u00a0\u00bb:\u00a0\u00bbhttps:\/\/www.liberation.fr\/newsletters\/\u00a0\u00bb},{\u00ab\u00a0_id\u00a0\u00bb:\u00a0\u00bblink-47HCX2GSRFGNRNEC4UURQT5S3I\u00a0\u00bb,\u00a0\u00bbchildren\u00a0\u00bb:[],\u00a0\u00bbdisplay_name\u00a0\u00bb:\u00a0\u00bbFaire un don (d\u00e9ductible des imp\u00f4ts)\u00a0\u00bb,\u00a0\u00bburl\u00a0\u00bb:\u00a0\u00bbhttps:\/\/www.liberation.fr\/faire-un-don\/\u00a0\u00bb},{\u00ab\u00a0_id\u00a0\u00bb:\u00a0\u00bblink-HBNY4B6XEH5C57Q0W2W0AVVRDW\u00a0\u00bb,\u00a0\u00bbchildren\u00a0\u00bb:[],\u00a0\u00bbdisplay_name\u00a0\u00bb:\u00a0\u00bbPetites annonces\u00a0\u00bb,\u00a0\u00bburl\u00a0\u00bb:\u00a0\u00bbhttps:\/\/petites-annonces.liberation.fr\/\u00a0\u00bb},{\u00ab\u00a0_id\u00a0\u00bb:\u00a0\u00bblink-HJTF0JBDM90710PFG5H51GYAF8&Prime;,\u00a0\u00bbchildren\u00a0\u00bb:[],\u00a0\u00bbdisplay_name\u00a0\u00bb:\u00a0\u00bbAnnonces l\u00e9gales\u00a0\u00bb,\u00a0\u00bburl\u00a0\u00bb:\u00a0\u00bbhttps:\/\/annonces-legales.liberation.fr\/\u00a0\u00bb},{\u00ab\u00a0_id\u00a0\u00bb:\u00a0\u00bblink-WQR3ZCK32ZBXZIHPYAYJUNRT7Q\u00a0\u00bb,\u00a0\u00bbchildren\u00a0\u00bb:[],\u00a0\u00bbdisplay_name\u00a0\u00bb:\u00a0\u00bbConjugaison\u00a0\u00bb,\u00a0\u00bburl\u00a0\u00bb:\u00a0\u00bbhttps:\/\/conjugaison.liberation.fr\/\u00a0\u00bb}],\u00a0\u00bb_id\u00a0\u00bb:\u00a0\u00bbhttps:\/\/www.liberation.fr\/\u00a0\u00bb},\u00a0\u00bbexpires\u00a0\u00bb:1752380343143,\u00a0\u00bblastModified\u00a0\u00bb:1752380043099},\u00a0\u00bb{\\\u00a0\u00bbhierarchy\\\u00a0\u00bb:\\\u00a0\u00bbheadernav\\\u00a0\u00bb}\u00a0\u00bb:{\u00ab\u00a0data\u00a0\u00bb:{\u00ab\u00a0_id\u00a0\u00bb:\u00a0\u00bbhttps:\/\/www.liberation.fr\/\u00a0\u00bb,\u00a0\u00bb_website\u00a0\u00bb:\u00a0\u00bbliberation\u00a0\u00bb,\u00a0\u00bbname\u00a0\u00bb:\u00a0\u00bbLiberation\u00a0\u00bb,\u00a0\u00bbinactive\u00a0\u00bb:false,\u00a0\u00bbparent\u00a0\u00bb:null,\u00a0\u00bbancestors\u00a0\u00bb:null,\u00a0\u00bborder\u00a0\u00bb:null,\u00a0\u00bbnode_type\u00a0\u00bb:\u00a0\u00bbsection\u00a0\u00bb,\u00a0\u00bbchildren\u00a0\u00bb:[{\u00ab\u00a0_id\u00a0\u00bb:\u00a0\u00bb\/politique\u00a0\u00bb,\u00a0\u00bbsite\u00a0\u00bb:{\u00ab\u00a0site_tagline\u00a0\u00bb:null,\u00a0\u00bbsite_url\u00a0\u00bb:null,\u00a0\u00bbsite_title\u00a0\u00bb:\u00a0\u00bbToute l&rsquo;actualit\u00e9 Politique en continu avec Lib\u00e9ration\u00a0\u00bb,\u00a0\u00bbsite_about\u00a0\u00bb:null,\u00a0\u00bbpagebuilder_path_for_native_apps\u00a0\u00bb:null,\u00a0\u00bbsite_description\u00a0\u00bb:\u00a0\u00bbL&rsquo;info politique \u00e0 suivre avec Lib\u00e9ration : actualit\u00e9s des partis, la gestion du gouvernement, les \u00e9lections, les r\u00e9formes, l&rsquo;activit\u00e9 \u00e0 l&rsquo;Assembl\u00e9e nationale et au S\u00e9nat&#8230;\u00a0\u00bb,\u00a0\u00bbsite_keywords\u00a0\u00bb:null},\u00a0\u00bbsite_topper\u00a0\u00bb:{\u00ab\u00a0site_logo_image\u00a0\u00bb:null},\u00a0\u00bbsocial\u00a0\u00bb:{\u00ab\u00a0twitter\u00a0\u00bb:null,\u00a0\u00bbfacebook\u00a0\u00bb:null,\u00a0\u00bbrss\u00a0\u00bb:null,\u00a0\u00bbinstagram\u00a0\u00bb:null},\u00a0\u00bbnavigation\u00a0\u00bb:{\u00ab\u00a0nav_title\u00a0\u00bb:\u00a0\u00bbPolitique\u00a0\u00bb},\u00a0\u00bb_admin\u00a0\u00bb:{\u00ab\u00a0alias_ids\u00a0\u00bb:[\u00ab\u00a0\/politique\u00a0\u00bb,\u00a0\u00bb100666&Prime;]},\u00a0\u00bb_website\u00a0\u00bb:\u00a0\u00bbliberation\u00a0\u00bb,\u00a0\u00bbname\u00a0\u00bb:\u00a0\u00bbPolitique\u00a0\u00bb,\u00a0\u00bborder\u00a0\u00bb:{\u00ab\u00a0default\u00a0\u00bb:1003,\u00a0\u00bbamp-menu\u00a0\u00bb:1003,\u00a0\u00bbburgermenu\u00a0\u00bb:1002,\u00a0\u00bbaccueil-tag-block\u00a0\u00bb:1001,\u00a0\u00bbfooter2&Prime;:2001,\u00a0\u00bbheadernav\u00a0\u00bb:1001},\u00a0\u00bbparent\u00a0\u00bb:{\u00ab\u00a0default\u00a0\u00bb:\u00a0\u00bbhttps:\/\/www.liberation.fr\/\u00a0\u00bb,\u00a0\u00bbamp-menu\u00a0\u00bb:\u00a0\u00bbhttps:\/\/www.liberation.fr\/\u00a0\u00bb,\u00a0\u00bbfooter-nav-bar\u00a0\u00bb:null,\u00a0\u00bbburgermenu\u00a0\u00bb:\u00a0\u00bbhttps:\/\/www.liberation.fr\/\u00a0\u00bb,\u00a0\u00bbfooter\u00a0\u00bb:null,\u00a0\u00bbaccueil-tag-block\u00a0\u00bb:\u00a0\u00bbhttps:\/\/www.liberation.fr\/\u00a0\u00bb,\u00a0\u00bbTest\u00a0\u00bb:null,\u00a0\u00bbheadernav\u00a0\u00bb:\u00a0\u00bbhttps:\/\/www.liberation.fr\/\u00a0\u00bb,\u00a0\u00bbfooter2&Prime;:\u00a0\u00bb\/idees-et-debats\u00a0\u00bb},\u00a0\u00bbancestors\u00a0\u00bb:{\u00ab\u00a0default\u00a0\u00bb:[\u00ab\u00a0https:\/\/www.liberation.fr\/\u00a0\u00bb],\u00a0\u00bbamp-menu\u00a0\u00bb:[\u00ab\u00a0https:\/\/www.liberation.fr\/\u00a0\u00bb],\u00a0\u00bbfooter-nav-bar\u00a0\u00bb:[],\u00a0\u00bbburgermenu\u00a0\u00bb:[\u00ab\u00a0https:\/\/www.liberation.fr\/\u00a0\u00bb],\u00a0\u00bbfooter\u00a0\u00bb:[],\u00a0\u00bbaccueil-tag-block\u00a0\u00bb:[\u00ab\u00a0https:\/\/www.liberation.fr\/\u00a0\u00bb],\u00a0\u00bbTest\u00a0\u00bb:[],\u00a0\u00bbheadernav\u00a0\u00bb:[\u00ab\u00a0https:\/\/www.liberation.fr\/\u00a0\u00bb],\u00a0\u00bbfooter2&Prime;:[\u00ab\u00a0\/idees-et-debats\u00a0\u00bb]},\u00a0\u00bbinactive\u00a0\u00bb:false,\u00a0\u00bbnode_type\u00a0\u00bb:\u00a0\u00bbsection\u00a0\u00bb,\u00a0\u00bbchildren\u00a0\u00bb:[]},{\u00ab\u00a0_id\u00a0\u00bb:\u00a0\u00bb\/international\u00a0\u00bb,\u00a0\u00bb_website\u00a0\u00bb:\u00a0\u00bbliberation\u00a0\u00bb,\u00a0\u00bbname\u00a0\u00bb:\u00a0\u00bbInternational\u00a0\u00bb,\u00a0\u00bbinactive\u00a0\u00bb:false,\u00a0\u00bbancestors\u00a0\u00bb:{\u00ab\u00a0default\u00a0\u00bb:[\u00ab\u00a0https:\/\/www.liberation.fr\/\u00a0\u00bb],\u00a0\u00bbamp-menu\u00a0\u00bb:[\u00ab\u00a0https:\/\/www.liberation.fr\/\u00a0\u00bb],\u00a0\u00bbburgermenu\u00a0\u00bb:[\u00ab\u00a0https:\/\/www.liberation.fr\/\u00a0\u00bb],\u00a0\u00bbheadernav\u00a0\u00bb:[\u00ab\u00a0https:\/\/www.liberation.fr\/\u00a0\u00bb],\u00a0\u00bbfooter\u00a0\u00bb:[],\u00a0\u00bbfooter2&Prime;:[]},\u00a0\u00bbparent\u00a0\u00bb:{\u00ab\u00a0default\u00a0\u00bb:\u00a0\u00bbhttps:\/\/www.liberation.fr\/\u00a0\u00bb,\u00a0\u00bbamp-menu\u00a0\u00bb:\u00a0\u00bbhttps:\/\/www.liberation.fr\/\u00a0\u00bb,\u00a0\u00bbburgermenu\u00a0\u00bb:\u00a0\u00bbhttps:\/\/www.liberation.fr\/\u00a0\u00bb,\u00a0\u00bbheadernav\u00a0\u00bb:\u00a0\u00bbhttps:\/\/www.liberation.fr\/\u00a0\u00bb,\u00a0\u00bbfooter\u00a0\u00bb:null,\u00a0\u00bbfooter2&Prime;:\u00a0\u00bbhttps:\/\/www.liberation.fr\/\u00a0\u00bb},\u00a0\u00bborder\u00a0\u00bb:{\u00ab\u00a0amp-menu\u00a0\u00bb:1006,\u00a0\u00bbburgermenu\u00a0\u00bb:1003,\u00a0\u00bbdefault\u00a0\u00bb:1006,\u00a0\u00bbheadernav\u00a0\u00bb:1002,\u00a0\u00bbfooter2&Prime;:1003},\u00a0\u00bb_admin\u00a0\u00bb:{\u00ab\u00a0alias_ids\u00a0\u00bb:[\u00ab\u00a0https:\/\/www.liberation.fr\/international\/\u00a0\u00bb,\u00a0\u00bb10&Prime;]},\u00a0\u00bbnavigation\u00a0\u00bb:{\u00ab\u00a0nav_title\u00a0\u00bb:null},\u00a0\u00bbsite\u00a0\u00bb:{\u00ab\u00a0pagebuilder_path_for_native_apps\u00a0\u00bb:null,\u00a0\u00bbsite_about\u00a0\u00bb:null,\u00a0\u00bbsite_description\u00a0\u00bb:\u00a0\u00bbLib\u00e9ration d\u00e9crypte pour vous toutes les actualit\u00e9s mondiales en continu : nos enqu\u00eates, interviews, vid\u00e9os et infos dans le monde par nos journalistes et correspondants.\u00a0\u00bb,\u00a0\u00bbsite_keywords\u00a0\u00bb:null,\u00a0\u00bbsite_tagline\u00a0\u00bb:null,\u00a0\u00bbsite_title\u00a0\u00bb:\u00a0\u00bbInternational : actualit\u00e9s et infos en direct dans le monde &#8211; Lib\u00e9ration\u00a0\u00bb,\u00a0\u00bbsite_url\u00a0\u00bb:null},\u00a0\u00bbsite_topper\u00a0\u00bb:{\u00ab\u00a0site_logo_image\u00a0\u00bb:null},\u00a0\u00bbsocial\u00a0\u00bb:{\u00ab\u00a0facebook\u00a0\u00bb:null,\u00a0\u00bbinstagram\u00a0\u00bb:null,\u00a0\u00bbrss\u00a0\u00bb:null,\u00a0\u00bbtwitter\u00a0\u00bb:null},\u00a0\u00bbnode_type\u00a0\u00bb:\u00a0\u00bbsection\u00a0\u00bb,\u00a0\u00bbchildren\u00a0\u00bb:[{\u00ab\u00a0_id\u00a0\u00bb:\u00a0\u00bb\/international\/europe\u00a0\u00bb,\u00a0\u00bbsite\u00a0\u00bb:{\u00ab\u00a0site_tagline\u00a0\u00bb:null,\u00a0\u00bbsite_url\u00a0\u00bb:null,\u00a0\u00bbsite_title\u00a0\u00bb:\u00a0\u00bbEurope : actualit\u00e9s et infos sur le continent europ\u00e9en &#8211; Lib\u00e9ration\u00a0\u00bb,\u00a0\u00bbpagebuilder_path_for_native_apps\u00a0\u00bb:null,\u00a0\u00bbsite_about\u00a0\u00bb:null,\u00a0\u00bbsite_description\u00a0\u00bb:\u00a0\u00bbRetrouvez toute l&rsquo;actualit\u00e9 politique et \u00e9conomique en Europe sur Lib\u00e9ration : Allemagne, Espagne, Italie, Belgique, Gr\u00e8ce, Hongrie, Ukraine&#8230;\u00a0\u00bb,\u00a0\u00bbsite_keywords\u00a0\u00bb:null},\u00a0\u00bbsite_topper\u00a0\u00bb:{\u00ab\u00a0site_logo_image\u00a0\u00bb:null},\u00a0\u00bbsocial\u00a0\u00bb:{\u00ab\u00a0twitter\u00a0\u00bb:null,\u00a0\u00bbfacebook\u00a0\u00bb:null,\u00a0\u00bbrss\u00a0\u00bb:null,\u00a0\u00bbinstagram\u00a0\u00bb:null},\u00a0\u00bbnavigation\u00a0\u00bb:{\u00ab\u00a0nav_title\u00a0\u00bb:\u00a0\u00bbEurope\u00a0\u00bb},\u00a0\u00bb_admin\u00a0\u00bb:{\u00ab\u00a0alias_ids\u00a0\u00bb:[\u00ab\u00a0\/international\/europe\u00a0\u00bb,\u00a0\u00bb200024&Prime;]},\u00a0\u00bb_website\u00a0\u00bb:\u00a0\u00bbliberation\u00a0\u00bb,\u00a0\u00bbname\u00a0\u00bb:\u00a0\u00bbEurope\u00a0\u00bb,\u00a0\u00bborder\u00a0\u00bb:{\u00ab\u00a0default\u00a0\u00bb:2001,\u00a0\u00bbheadernav\u00a0\u00bb:2001,\u00a0\u00bbburgermenu\u00a0\u00bb:2001,\u00a0\u00bbamp-menu\u00a0\u00bb:2001,\u00a0\u00bbfooter2&Prime;:2001},\u00a0\u00bbparent\u00a0\u00bb:{\u00ab\u00a0default\u00a0\u00bb:\u00a0\u00bb\/international\u00a0\u00bb,\u00a0\u00bbheadernav\u00a0\u00bb:\u00a0\u00bb\/international\u00a0\u00bb,\u00a0\u00bbburgermenu\u00a0\u00bb:\u00a0\u00bb\/international\u00a0\u00bb,\u00a0\u00bbamp-menu\u00a0\u00bb:\u00a0\u00bb\/international\u00a0\u00bb,\u00a0\u00bbfooter\u00a0\u00bb:null,\u00a0\u00bbfooter2&Prime;:\u00a0\u00bb\/international\u00a0\u00bb},\u00a0\u00bbancestors\u00a0\u00bb:{\u00ab\u00a0default\u00a0\u00bb:[\u00ab\u00a0\/international\u00a0\u00bb],\u00a0\u00bbheadernav\u00a0\u00bb:[\u00ab\u00a0https:\/\/www.liberation.fr\/\u00a0\u00bb,\u00a0\u00bb\/international\u00a0\u00bb],\u00a0\u00bbburgermenu\u00a0\u00bb:[\u00ab\u00a0https:\/\/www.liberation.fr\/\u00a0\u00bb,\u00a0\u00bb\/international\u00a0\u00bb],\u00a0\u00bbamp-menu\u00a0\u00bb:[\u00ab\u00a0https:\/\/www.liberation.fr\/\u00a0\u00bb,\u00a0\u00bb\/international\u00a0\u00bb],\u00a0\u00bbfooter\u00a0\u00bb:[],\u00a0\u00bbfooter2&Prime;:[\u00ab\u00a0\/international\u00a0\u00bb]},\u00a0\u00bbinactive\u00a0\u00bb:false,\u00a0\u00bbnode_type\u00a0\u00bb:\u00a0\u00bbsection\u00a0\u00bb,\u00a0\u00bbchildren\u00a0\u00bb:[]},{\u00ab\u00a0_id\u00a0\u00bb:\u00a0\u00bb\/international\/amerique\u00a0\u00bb,\u00a0\u00bbsite\u00a0\u00bb:{\u00ab\u00a0site_tagline\u00a0\u00bb:null,\u00a0\u00bbsite_url\u00a0\u00bb:null,\u00a0\u00bbsite_title\u00a0\u00bb:\u00a0\u00bbAm\u00e9rique : actualit\u00e9s sur le continent am\u00e9ricain &#8211; Lib\u00e9ration\u00a0\u00bb,\u00a0\u00bbpagebuilder_path_for_native_apps\u00a0\u00bb:null,\u00a0\u00bbsite_about\u00a0\u00bb:null,\u00a0\u00bbsite_description\u00a0\u00bb:\u00a0\u00bbAcc\u00e9dez aux derni\u00e8res informations sur les pays de l&rsquo;Am\u00e9rique du Nord et du Sud : Etats-Unis, Mexique, Br\u00e9sil, Canada, Chili, Venezuela&#8230;\u00a0\u00bb,\u00a0\u00bbsite_keywords\u00a0\u00bb:null},\u00a0\u00bbsite_topper\u00a0\u00bb:{\u00ab\u00a0site_logo_image\u00a0\u00bb:null},\u00a0\u00bbsocial\u00a0\u00bb:{\u00ab\u00a0twitter\u00a0\u00bb:null,\u00a0\u00bbfacebook\u00a0\u00bb:null,\u00a0\u00bbrss\u00a0\u00bb:null,\u00a0\u00bbinstagram\u00a0\u00bb:null},\u00a0\u00bbnavigation\u00a0\u00bb:{\u00ab\u00a0nav_title\u00a0\u00bb:\u00a0\u00bbAm\u00e9rique\u00a0\u00bb},\u00a0\u00bb_admin\u00a0\u00bb:{\u00ab\u00a0alias_ids\u00a0\u00bb:[\u00ab\u00a0\/international\/amerique\u00a0\u00bb,\u00a0\u00bb200022&Prime;]},\u00a0\u00bb_website\u00a0\u00bb:\u00a0\u00bbliberation\u00a0\u00bb,\u00a0\u00bbname\u00a0\u00bb:\u00a0\u00bbAm\u00e9rique\u00a0\u00bb,\u00a0\u00bborder\u00a0\u00bb:{\u00ab\u00a0default\u00a0\u00bb:2002,\u00a0\u00bbheadernav\u00a0\u00bb:2002,\u00a0\u00bbburgermenu\u00a0\u00bb:2002,\u00a0\u00bbamp-menu\u00a0\u00bb:2002,\u00a0\u00bbfooter2&Prime;:2002},\u00a0\u00bbparent\u00a0\u00bb:{\u00ab\u00a0default\u00a0\u00bb:\u00a0\u00bb\/international\u00a0\u00bb,\u00a0\u00bbheadernav\u00a0\u00bb:\u00a0\u00bb\/international\u00a0\u00bb,\u00a0\u00bbburgermenu\u00a0\u00bb:\u00a0\u00bb\/international\u00a0\u00bb,\u00a0\u00bbamp-menu\u00a0\u00bb:\u00a0\u00bb\/international\u00a0\u00bb,\u00a0\u00bbfooter\u00a0\u00bb:null,\u00a0\u00bbfooter2&Prime;:\u00a0\u00bb\/international\u00a0\u00bb},\u00a0\u00bbancestors\u00a0\u00bb:{\u00ab\u00a0default\u00a0\u00bb:[\u00ab\u00a0\/international\u00a0\u00bb],\u00a0\u00bbheadernav\u00a0\u00bb:[\u00ab\u00a0https:\/\/www.liberation.fr\/\u00a0\u00bb,\u00a0\u00bb\/international\u00a0\u00bb],\u00a0\u00bbburgermenu\u00a0\u00bb:[\u00ab\u00a0https:\/\/www.liberation.fr\/\u00a0\u00bb,\u00a0\u00bb\/international\u00a0\u00bb],\u00a0\u00bbamp-menu\u00a0\u00bb:[\u00ab\u00a0https:\/\/www.liberation.fr\/\u00a0\u00bb,\u00a0\u00bb\/international\u00a0\u00bb],\u00a0\u00bbfooter\u00a0\u00bb:[],\u00a0\u00bbfooter2&Prime;:[\u00ab\u00a0\/international\u00a0\u00bb]},\u00a0\u00bbinactive\u00a0\u00bb:false,\u00a0\u00bbnode_type\u00a0\u00bb:\u00a0\u00bbsection\u00a0\u00bb,\u00a0\u00bbchildren\u00a0\u00bb:[]},{\u00ab\u00a0_id\u00a0\u00bb:\u00a0\u00bb\/international\/afrique\u00a0\u00bb,\u00a0\u00bbsite\u00a0\u00bb:{\u00ab\u00a0site_tagline\u00a0\u00bb:null,\u00a0\u00bbsite_url\u00a0\u00bb:null,\u00a0\u00bbsite_title\u00a0\u00bb:\u00a0\u00bbAfrique &#8211; actualit\u00e9s et infos sur le continent africain &#8211; Lib\u00e9ration\u00a0\u00bb,\u00a0\u00bbpagebuilder_path_for_native_apps\u00a0\u00bb:null,\u00a0\u00bbsite_about\u00a0\u00bb:null,\u00a0\u00bbsite_description\u00a0\u00bb:\u00a0\u00bbRetrouvez les derni\u00e8res infos politiques, \u00e9conomiques et sociales des pays du continent africain : Mali, Niger, Tunisie, Maroc, Libye, Rwanda&#8230;\u00a0\u00bb,\u00a0\u00bbsite_keywords\u00a0\u00bb:null},\u00a0\u00bbsite_topper\u00a0\u00bb:{\u00ab\u00a0site_logo_image\u00a0\u00bb:null},\u00a0\u00bbsocial\u00a0\u00bb:{\u00ab\u00a0twitter\u00a0\u00bb:null,\u00a0\u00bbfacebook\u00a0\u00bb:null,\u00a0\u00bbrss\u00a0\u00bb:null,\u00a0\u00bbinstagram\u00a0\u00bb:null},\u00a0\u00bbnavigation\u00a0\u00bb:{\u00ab\u00a0nav_title\u00a0\u00bb:\u00a0\u00bbAfrique\u00a0\u00bb},\u00a0\u00bb_admin\u00a0\u00bb:{\u00ab\u00a0alias_ids\u00a0\u00bb:[\u00ab\u00a0https:\/\/www.liberation.fr\/international\/afrique\/\u00a0\u00bb,\u00a0\u00bb200021&Prime;]},\u00a0\u00bb_website\u00a0\u00bb:\u00a0\u00bbliberation\u00a0\u00bb,\u00a0\u00bbname\u00a0\u00bb:\u00a0\u00bbAfrique\u00a0\u00bb,\u00a0\u00bborder\u00a0\u00bb:{\u00ab\u00a0default\u00a0\u00bb:2003,\u00a0\u00bbheadernav\u00a0\u00bb:2003,\u00a0\u00bbburgermenu\u00a0\u00bb:2003,\u00a0\u00bbamp-menu\u00a0\u00bb:2003,\u00a0\u00bbfooter2&Prime;:2003},\u00a0\u00bbparent\u00a0\u00bb:{\u00ab\u00a0default\u00a0\u00bb:\u00a0\u00bb\/international\u00a0\u00bb,\u00a0\u00bbheadernav\u00a0\u00bb:\u00a0\u00bb\/international\u00a0\u00bb,\u00a0\u00bbburgermenu\u00a0\u00bb:\u00a0\u00bb\/international\u00a0\u00bb,\u00a0\u00bbamp-menu\u00a0\u00bb:\u00a0\u00bb\/international\u00a0\u00bb,\u00a0\u00bbfooter\u00a0\u00bb:null,\u00a0\u00bbfooter2&Prime;:\u00a0\u00bb\/international\u00a0\u00bb},\u00a0\u00bbancestors\u00a0\u00bb:{\u00ab\u00a0default\u00a0\u00bb:[\u00ab\u00a0\/international\u00a0\u00bb],\u00a0\u00bbheadernav\u00a0\u00bb:[\u00ab\u00a0https:\/\/www.liberation.fr\/\u00a0\u00bb,\u00a0\u00bb\/international\u00a0\u00bb],\u00a0\u00bbburgermenu\u00a0\u00bb:[\u00ab\u00a0https:\/\/www.liberation.fr\/\u00a0\u00bb,\u00a0\u00bb\/international\u00a0\u00bb],\u00a0\u00bbamp-menu\u00a0\u00bb:[\u00ab\u00a0https:\/\/www.liberation.fr\/\u00a0\u00bb,\u00a0\u00bb\/international\u00a0\u00bb],\u00a0\u00bbfooter\u00a0\u00bb:[],\u00a0\u00bbfooter2&Prime;:[\u00ab\u00a0\/international\u00a0\u00bb]},\u00a0\u00bbinactive\u00a0\u00bb:false,\u00a0\u00bbnode_type\u00a0\u00bb:\u00a0\u00bbsection\u00a0\u00bb,\u00a0\u00bbchildren\u00a0\u00bb:[]},{\u00ab\u00a0_id\u00a0\u00bb:\u00a0\u00bb\/international\/moyen-orient\u00a0\u00bb,\u00a0\u00bbsite\u00a0\u00bb:{\u00ab\u00a0site_tagline\u00a0\u00bb:null,\u00a0\u00bbsite_url\u00a0\u00bb:null,\u00a0\u00bbsite_title\u00a0\u00bb:\u00a0\u00bbMoyen-Orient : actualit\u00e9s et infos sur la r\u00e9gion &#8211; Lib\u00e9ration\u00a0\u00bb,\u00a0\u00bbpagebuilder_path_for_native_apps\u00a0\u00bb:null,\u00a0\u00bbsite_about\u00a0\u00bb:null,\u00a0\u00bbsite_description\u00a0\u00bb:\u00a0\u00bbRetrouvez toute l&rsquo;actualit\u00e9 politique et \u00e9conomique des pays du Moyen-Orient sur Lib\u00e9ration : Irak, Iran, Isra\u00ebl, Jordanie, Palestine, Arabie Saoudite&#8230;\u00a0\u00bb,\u00a0\u00bbsite_keywords\u00a0\u00bb:null},\u00a0\u00bbsite_topper\u00a0\u00bb:{\u00ab\u00a0site_logo_image\u00a0\u00bb:null},\u00a0\u00bbsocial\u00a0\u00bb:{\u00ab\u00a0twitter\u00a0\u00bb:null,\u00a0\u00bbfacebook\u00a0\u00bb:null,\u00a0\u00bbrss\u00a0\u00bb:null,\u00a0\u00bbinstagram\u00a0\u00bb:null},\u00a0\u00bbnavigation\u00a0\u00bb:{\u00ab\u00a0nav_title\u00a0\u00bb:\u00a0\u00bbMoyen-Orient\u00a0\u00bb},\u00a0\u00bb_admin\u00a0\u00bb:{\u00ab\u00a0alias_ids\u00a0\u00bb:[\u00ab\u00a0\/international\/moyen-orient\u00a0\u00bb,\u00a0\u00bb200025&Prime;]},\u00a0\u00bb_website\u00a0\u00bb:\u00a0\u00bbliberation\u00a0\u00bb,\u00a0\u00bbname\u00a0\u00bb:\u00a0\u00bbMoyen-Orient\u00a0\u00bb,\u00a0\u00bborder\u00a0\u00bb:{\u00ab\u00a0default\u00a0\u00bb:2004,\u00a0\u00bbheadernav\u00a0\u00bb:2004,\u00a0\u00bbburgermenu\u00a0\u00bb:2004,\u00a0\u00bbamp-menu\u00a0\u00bb:2004,\u00a0\u00bbfooter2&Prime;:2004},\u00a0\u00bbparent\u00a0\u00bb:{\u00ab\u00a0default\u00a0\u00bb:\u00a0\u00bb\/international\u00a0\u00bb,\u00a0\u00bbheadernav\u00a0\u00bb:\u00a0\u00bb\/international\u00a0\u00bb,\u00a0\u00bbburgermenu\u00a0\u00bb:\u00a0\u00bb\/international\u00a0\u00bb,\u00a0\u00bbamp-menu\u00a0\u00bb:\u00a0\u00bb\/international\u00a0\u00bb,\u00a0\u00bbfooter\u00a0\u00bb:null,\u00a0\u00bbfooter2&Prime;:\u00a0\u00bb\/international\u00a0\u00bb},\u00a0\u00bbancestors\u00a0\u00bb:{\u00ab\u00a0default\u00a0\u00bb:[\u00ab\u00a0\/international\u00a0\u00bb],\u00a0\u00bbheadernav\u00a0\u00bb:[\u00ab\u00a0https:\/\/www.liberation.fr\/\u00a0\u00bb,\u00a0\u00bb\/international\u00a0\u00bb],\u00a0\u00bbburgermenu\u00a0\u00bb:[\u00ab\u00a0https:\/\/www.liberation.fr\/\u00a0\u00bb,\u00a0\u00bb\/international\u00a0\u00bb],\u00a0\u00bbamp-menu\u00a0\u00bb:[\u00ab\u00a0https:\/\/www.liberation.fr\/\u00a0\u00bb,\u00a0\u00bb\/international\u00a0\u00bb],\u00a0\u00bbfooter\u00a0\u00bb:[],\u00a0\u00bbfooter2&Prime;:[\u00ab\u00a0\/international\u00a0\u00bb]},\u00a0\u00bbinactive\u00a0\u00bb:false,\u00a0\u00bbnode_type\u00a0\u00bb:\u00a0\u00bbsection\u00a0\u00bb,\u00a0\u00bbchildren\u00a0\u00bb:[]},{\u00ab\u00a0_id\u00a0\u00bb:\u00a0\u00bb\/international\/asie-pacifique\u00a0\u00bb,\u00a0\u00bbsite\u00a0\u00bb:{\u00ab\u00a0site_tagline\u00a0\u00bb:null,\u00a0\u00bbsite_url\u00a0\u00bb:null,\u00a0\u00bbsite_title\u00a0\u00bb:\u00a0\u00bbAsie Pacifique : actualit\u00e9 politique et \u00e9conomique &#8211; Lib\u00e9ration\u00a0\u00bb,\u00a0\u00bbpagebuilder_path_for_native_apps\u00a0\u00bb:null,\u00a0\u00bbsite_about\u00a0\u00bb:null,\u00a0\u00bbsite_description\u00a0\u00bb:\u00a0\u00bbRetrouvez toute l&rsquo;actualit\u00e9 politique et \u00e9conomique de l&rsquo;Asie Pacifique sur Lib\u00e9ration : Chine, Inde, Pakistan, Indon\u00e9sie, Australie, Nouvelle-Z\u00e9lande&#8230;\u00a0\u00bb,\u00a0\u00bbsite_keywords\u00a0\u00bb:null},\u00a0\u00bbsite_topper\u00a0\u00bb:{\u00ab\u00a0site_logo_image\u00a0\u00bb:null},\u00a0\u00bbsocial\u00a0\u00bb:{\u00ab\u00a0twitter\u00a0\u00bb:null,\u00a0\u00bbfacebook\u00a0\u00bb:null,\u00a0\u00bbrss\u00a0\u00bb:null,\u00a0\u00bbinstagram\u00a0\u00bb:null},\u00a0\u00bbnavigation\u00a0\u00bb:{\u00ab\u00a0nav_title\u00a0\u00bb:\u00a0\u00bbAsie Pacifique\u00a0\u00bb},\u00a0\u00bb_admin\u00a0\u00bb:{\u00ab\u00a0alias_ids\u00a0\u00bb:[\u00ab\u00a0\/international\/asie-pacifique\u00a0\u00bb,\u00a0\u00bb200023&Prime;]},\u00a0\u00bb_website\u00a0\u00bb:\u00a0\u00bbliberation\u00a0\u00bb,\u00a0\u00bbname\u00a0\u00bb:\u00a0\u00bbAsie Pacifique\u00a0\u00bb,\u00a0\u00bborder\u00a0\u00bb:{\u00ab\u00a0default\u00a0\u00bb:2005,\u00a0\u00bbheadernav\u00a0\u00bb:2005,\u00a0\u00bbburgermenu\u00a0\u00bb:2005,\u00a0\u00bbamp-menu\u00a0\u00bb:2005,\u00a0\u00bbfooter2&Prime;:2005},\u00a0\u00bbparent\u00a0\u00bb:{\u00ab\u00a0default\u00a0\u00bb:\u00a0\u00bb\/international\u00a0\u00bb,\u00a0\u00bbheadernav\u00a0\u00bb:\u00a0\u00bb\/international\u00a0\u00bb,\u00a0\u00bbburgermenu\u00a0\u00bb:\u00a0\u00bb\/international\u00a0\u00bb,\u00a0\u00bbamp-menu\u00a0\u00bb:\u00a0\u00bb\/international\u00a0\u00bb,\u00a0\u00bbfooter\u00a0\u00bb:null,\u00a0\u00bbfooter2&Prime;:\u00a0\u00bb\/international\u00a0\u00bb},\u00a0\u00bbancestors\u00a0\u00bb:{\u00ab\u00a0default\u00a0\u00bb:[\u00ab\u00a0\/international\u00a0\u00bb],\u00a0\u00bbheadernav\u00a0\u00bb:[\u00ab\u00a0https:\/\/www.liberation.fr\/\u00a0\u00bb,\u00a0\u00bb\/international\u00a0\u00bb],\u00a0\u00bbburgermenu\u00a0\u00bb:[\u00ab\u00a0https:\/\/www.liberation.fr\/\u00a0\u00bb,\u00a0\u00bb\/international\u00a0\u00bb],\u00a0\u00bbamp-menu\u00a0\u00bb:[\u00ab\u00a0https:\/\/www.liberation.fr\/\u00a0\u00bb,\u00a0\u00bb\/international\u00a0\u00bb],\u00a0\u00bbfooter\u00a0\u00bb:[],\u00a0\u00bbfooter2&Prime;:[\u00ab\u00a0\/international\u00a0\u00bb]},\u00a0\u00bbinactive\u00a0\u00bb:false,\u00a0\u00bbnode_type\u00a0\u00bb:\u00a0\u00bbsection\u00a0\u00bb,\u00a0\u00bbchildren\u00a0\u00bb:[]}]},{\u00ab\u00a0_id\u00a0\u00bb:\u00a0\u00bb\/idees-et-debats\u00a0\u00bb,\u00a0\u00bbsite\u00a0\u00bb:{\u00ab\u00a0site_tagline\u00a0\u00bb:null,\u00a0\u00bbsite_url\u00a0\u00bb:null,\u00a0\u00bbsite_title\u00a0\u00bb:\u00a0\u00bbId\u00e9es &#038; D\u00e9bats : nos tribunes et chroniques &#8211; Lib\u00e9ration\u00a0\u00bb,\u00a0\u00bbpagebuilder_path_for_native_apps\u00a0\u00bb:null,\u00a0\u00bbsite_about\u00a0\u00bb:null,\u00a0\u00bbsite_description\u00a0\u00bb:\u00a0\u00bbRetrouvez toutes les tribunes, id\u00e9es et d\u00e9bats, \u00e9ditoriaux de Lib\u00e9ration.\u00a0\u00bb,\u00a0\u00bbsite_keywords\u00a0\u00bb:null},\u00a0\u00bbsite_topper\u00a0\u00bb:{\u00ab\u00a0site_logo_image\u00a0\u00bb:null},\u00a0\u00bbsocial\u00a0\u00bb:{\u00ab\u00a0twitter\u00a0\u00bb:null,\u00a0\u00bbfacebook\u00a0\u00bb:null,\u00a0\u00bbrss\u00a0\u00bb:null,\u00a0\u00bbinstagram\u00a0\u00bb:null},\u00a0\u00bbnavigation\u00a0\u00bb:{\u00ab\u00a0nav_title\u00a0\u00bb:\u00a0\u00bbId\u00e9es et D\u00e9bats\u00a0\u00bb},\u00a0\u00bb_admin\u00a0\u00bb:{\u00ab\u00a0alias_ids\u00a0\u00bb:[\u00ab\u00a0\/idees-et-debats\u00a0\u00bb,\u00a0\u00bb18&Prime;]},\u00a0\u00bb_website\u00a0\u00bb:\u00a0\u00bbliberation\u00a0\u00bb,\u00a0\u00bbname\u00a0\u00bb:\u00a0\u00bbId\u00e9es et D\u00e9bats\u00a0\u00bb,\u00a0\u00bborder\u00a0\u00bb:{\u00ab\u00a0burgermenu\u00a0\u00bb:1008,\u00a0\u00bbheadernav\u00a0\u00bb:1003,\u00a0\u00bbamp-menu\u00a0\u00bb:1005,\u00a0\u00bbfooter2&Prime;:1002,\u00a0\u00bbdefault\u00a0\u00bb:1001},\u00a0\u00bbparent\u00a0\u00bb:{\u00ab\u00a0default\u00a0\u00bb:\u00a0\u00bbhttps:\/\/www.liberation.fr\/\u00a0\u00bb,\u00a0\u00bbburgermenu\u00a0\u00bb:\u00a0\u00bbhttps:\/\/www.liberation.fr\/\u00a0\u00bb,\u00a0\u00bbheadernav\u00a0\u00bb:\u00a0\u00bbhttps:\/\/www.liberation.fr\/\u00a0\u00bb,\u00a0\u00bbamp-menu\u00a0\u00bb:\u00a0\u00bbhttps:\/\/www.liberation.fr\/\u00a0\u00bb,\u00a0\u00bbfooter\u00a0\u00bb:null,\u00a0\u00bbfooter2&Prime;:\u00a0\u00bbhttps:\/\/www.liberation.fr\/\u00a0\u00bb},\u00a0\u00bbancestors\u00a0\u00bb:{\u00ab\u00a0default\u00a0\u00bb:[\u00ab\u00a0https:\/\/www.liberation.fr\/\u00a0\u00bb],\u00a0\u00bbburgermenu\u00a0\u00bb:[\u00ab\u00a0https:\/\/www.liberation.fr\/\u00a0\u00bb],\u00a0\u00bbheadernav\u00a0\u00bb:[\u00ab\u00a0https:\/\/www.liberation.fr\/\u00a0\u00bb],\u00a0\u00bbamp-menu\u00a0\u00bb:[\u00ab\u00a0https:\/\/www.liberation.fr\/\u00a0\u00bb],\u00a0\u00bbfooter\u00a0\u00bb:[],\u00a0\u00bbfooter2&Prime;:[]},\u00a0\u00bbinactive\u00a0\u00bb:false,\u00a0\u00bbnode_type\u00a0\u00bb:\u00a0\u00bbsection\u00a0\u00bb,\u00a0\u00bbchildren\u00a0\u00bb:[]},{\u00ab\u00a0_id\u00a0\u00bb:\u00a0\u00bb\/culture\u00a0\u00bb,\u00a0\u00bbsite\u00a0\u00bb:{\u00ab\u00a0site_tagline\u00a0\u00bb:null,\u00a0\u00bbsite_url\u00a0\u00bb:null,\u00a0\u00bbsite_title\u00a0\u00bb:\u00a0\u00bbCulture, livres, tendances, mode, cin\u00e9ma, musique&#8230; &#8211; Lib\u00e9ration\u00a0\u00bb,\u00a0\u00bbsite_about\u00a0\u00bb:null,\u00a0\u00bbpagebuilder_path_for_native_apps\u00a0\u00bb:null,\u00a0\u00bbsite_description\u00a0\u00bb:\u00a0\u00bbRetrouvez toute l&rsquo;actualit\u00e9 culturelle avec Lib\u00e9ration : cin\u00e9ma, musique, livres, photographie, sc\u00e8nes et arts, les infos sur les s\u00e9ries ou encore sur les jeux vid\u00e9os.\u00a0\u00bb,\u00a0\u00bbsite_keywords\u00a0\u00bb:null},\u00a0\u00bbsite_topper\u00a0\u00bb:{\u00ab\u00a0site_logo_image\u00a0\u00bb:null},\u00a0\u00bbsocial\u00a0\u00bb:{\u00ab\u00a0twitter\u00a0\u00bb:null,\u00a0\u00bbfacebook\u00a0\u00bb:null,\u00a0\u00bbrss\u00a0\u00bb:null,\u00a0\u00bbinstagram\u00a0\u00bb:null},\u00a0\u00bbnavigation\u00a0\u00bb:{\u00ab\u00a0nav_title\u00a0\u00bb:null},\u00a0\u00bb_admin\u00a0\u00bb:{\u00ab\u00a0alias_ids\u00a0\u00bb:[\u00ab\u00a0\/culture\u00a0\u00bb,\u00a0\u00bb54&Prime;]},\u00a0\u00bb_website\u00a0\u00bb:\u00a0\u00bbliberation\u00a0\u00bb,\u00a0\u00bbname\u00a0\u00bb:\u00a0\u00bbCulture\u00a0\u00bb,\u00a0\u00bborder\u00a0\u00bb:{\u00ab\u00a0burgermenu\u00a0\u00bb:1005,\u00a0\u00bbdefault\u00a0\u00bb:1008,\u00a0\u00bbheadernav\u00a0\u00bb:1004,\u00a0\u00bbamp-menu\u00a0\u00bb:1010,\u00a0\u00bbfooter2&Prime;:1005},\u00a0\u00bbparent\u00a0\u00bb:{\u00ab\u00a0default\u00a0\u00bb:\u00a0\u00bbhttps:\/\/www.liberation.fr\/\u00a0\u00bb,\u00a0\u00bbburgermenu\u00a0\u00bb:\u00a0\u00bbhttps:\/\/www.liberation.fr\/\u00a0\u00bb,\u00a0\u00bbfooter\u00a0\u00bb:null,\u00a0\u00bbheadernav\u00a0\u00bb:\u00a0\u00bbhttps:\/\/www.liberation.fr\/\u00a0\u00bb,\u00a0\u00bbamp-menu\u00a0\u00bb:\u00a0\u00bbhttps:\/\/www.liberation.fr\/\u00a0\u00bb,\u00a0\u00bbfooter2&Prime;:\u00a0\u00bbhttps:\/\/www.liberation.fr\/\u00a0\u00bb},\u00a0\u00bbancestors\u00a0\u00bb:{\u00ab\u00a0default\u00a0\u00bb:[\u00ab\u00a0https:\/\/www.liberation.fr\/\u00a0\u00bb],\u00a0\u00bbburgermenu\u00a0\u00bb:[\u00ab\u00a0https:\/\/www.liberation.fr\/\u00a0\u00bb],\u00a0\u00bbfooter\u00a0\u00bb:[],\u00a0\u00bbheadernav\u00a0\u00bb:[\u00ab\u00a0https:\/\/www.liberation.fr\/\u00a0\u00bb],\u00a0\u00bbamp-menu\u00a0\u00bb:[\u00ab\u00a0https:\/\/www.liberation.fr\/\u00a0\u00bb],\u00a0\u00bbfooter2&Prime;:[\u00ab\u00a0https:\/\/www.liberation.fr\/\u00a0\u00bb]},\u00a0\u00bbinactive\u00a0\u00bb:false,\u00a0\u00bbnode_type\u00a0\u00bb:\u00a0\u00bbsection\u00a0\u00bb,\u00a0\u00bbchildren\u00a0\u00bb:[{\u00ab\u00a0_id\u00a0\u00bb:\u00a0\u00bb\/culture\/cinema\u00a0\u00bb,\u00a0\u00bbsite\u00a0\u00bb:{\u00ab\u00a0site_tagline\u00a0\u00bb:null,\u00a0\u00bbsite_url\u00a0\u00bb:null,\u00a0\u00bbsite_title\u00a0\u00bb:\u00a0\u00bbToute l&rsquo;actualit\u00e9 du cin\u00e9ma avec Lib\u00e9ration\u00a0\u00bb,\u00a0\u00bbpagebuilder_path_for_native_apps\u00a0\u00bb:null,\u00a0\u00bbsite_about\u00a0\u00bb:null,\u00a0\u00bbsite_description\u00a0\u00bb:\u00a0\u00bbRetrouvez toute l&rsquo;actualit\u00e9 du cin\u00e9ma : sorties cin\u00e9ma, critiques de films, tournages, blockbusters&#8230;\u00a0\u00bb,\u00a0\u00bbsite_keywords\u00a0\u00bb:null},\u00a0\u00bbsite_topper\u00a0\u00bb:{\u00ab\u00a0site_logo_image\u00a0\u00bb:null},\u00a0\u00bbsocial\u00a0\u00bb:{\u00ab\u00a0twitter\u00a0\u00bb:null,\u00a0\u00bbfacebook\u00a0\u00bb:null,\u00a0\u00bbrss\u00a0\u00bb:null,\u00a0\u00bbinstagram\u00a0\u00bb:null},\u00a0\u00bbnavigation\u00a0\u00bb:{\u00ab\u00a0nav_title\u00a0\u00bb:\u00a0\u00bbCin\u00e9ma\u00a0\u00bb},\u00a0\u00bb_admin\u00a0\u00bb:{\u00ab\u00a0alias_ids\u00a0\u00bb:[\u00ab\u00a0\/culture\/cinema\u00a0\u00bb,\u00a0\u00bb58&Prime;]},\u00a0\u00bb_website\u00a0\u00bb:\u00a0\u00bbliberation\u00a0\u00bb,\u00a0\u00bbname\u00a0\u00bb:\u00a0\u00bbCin\u00e9ma\u00a0\u00bb,\u00a0\u00bborder\u00a0\u00bb:{\u00ab\u00a0burgermenu\u00a0\u00bb:2003,\u00a0\u00bbamp-menu\u00a0\u00bb:2002,\u00a0\u00bbheadernav\u00a0\u00bb:2001,\u00a0\u00bbdefault\u00a0\u00bb:2003},\u00a0\u00bbparent\u00a0\u00bb:{\u00ab\u00a0default\u00a0\u00bb:\u00a0\u00bb\/culture\u00a0\u00bb,\u00a0\u00bbburgermenu\u00a0\u00bb:\u00a0\u00bb\/culture\u00a0\u00bb,\u00a0\u00bbfooter\u00a0\u00bb:null,\u00a0\u00bbheadernav\u00a0\u00bb:\u00a0\u00bb\/culture\u00a0\u00bb,\u00a0\u00bbamp-menu\u00a0\u00bb:\u00a0\u00bb\/culture\u00a0\u00bb,\u00a0\u00bbfooter2&Prime;:\u00a0\u00bb\/culture\u00a0\u00bb},\u00a0\u00bbancestors\u00a0\u00bb:{\u00ab\u00a0default\u00a0\u00bb:[\u00ab\u00a0\/culture\u00a0\u00bb,\u00a0\u00bbhttps:\/\/www.liberation.fr\/\u00a0\u00bb],\u00a0\u00bbburgermenu\u00a0\u00bb:[\u00ab\u00a0\/culture\u00a0\u00bb,\u00a0\u00bbhttps:\/\/www.liberation.fr\/\u00a0\u00bb],\u00a0\u00bbfooter\u00a0\u00bb:[],\u00a0\u00bbheadernav\u00a0\u00bb:[\u00ab\u00a0\/culture\u00a0\u00bb,\u00a0\u00bbhttps:\/\/www.liberation.fr\/\u00a0\u00bb],\u00a0\u00bbamp-menu\u00a0\u00bb:[\u00ab\u00a0https:\/\/www.liberation.fr\/\u00a0\u00bb,\u00a0\u00bb\/culture\u00a0\u00bb],\u00a0\u00bbfooter2&Prime;:[\u00ab\u00a0https:\/\/www.liberation.fr\/\u00a0\u00bb,\u00a0\u00bb\/culture\u00a0\u00bb]},\u00a0\u00bbinactive\u00a0\u00bb:false,\u00a0\u00bbnode_type\u00a0\u00bb:\u00a0\u00bbsection\u00a0\u00bb,\u00a0\u00bbchildren\u00a0\u00bb:[]},{\u00ab\u00a0_id\u00a0\u00bb:\u00a0\u00bb\/culture\/musique\u00a0\u00bb,\u00a0\u00bbsite\u00a0\u00bb:{\u00ab\u00a0site_tagline\u00a0\u00bb:null,\u00a0\u00bbsite_url\u00a0\u00bb:null,\u00a0\u00bbsite_title\u00a0\u00bb:\u00a0\u00bbToute l&rsquo;actualit\u00e9 de la musique avec Lib\u00e9ration\u00a0\u00bb,\u00a0\u00bbpagebuilder_path_for_native_apps\u00a0\u00bb:null,\u00a0\u00bbsite_about\u00a0\u00bb:null,\u00a0\u00bbsite_description\u00a0\u00bb:\u00a0\u00bbL&rsquo;actualit\u00e9 musicale : sorties albums, critiques musicales, playlists et podcasts. Ecoutez les sessions live exclusives en vid\u00e9o et en audio.\u00a0\u00bb,\u00a0\u00bbsite_keywords\u00a0\u00bb:null},\u00a0\u00bbsite_topper\u00a0\u00bb:{\u00ab\u00a0site_logo_image\u00a0\u00bb:null},\u00a0\u00bbsocial\u00a0\u00bb:{\u00ab\u00a0twitter\u00a0\u00bb:null,\u00a0\u00bbfacebook\u00a0\u00bb:null,\u00a0\u00bbrss\u00a0\u00bb:null,\u00a0\u00bbinstagram\u00a0\u00bb:null},\u00a0\u00bbnavigation\u00a0\u00bb:{\u00ab\u00a0nav_title\u00a0\u00bb:\u00a0\u00bbMusique\u00a0\u00bb},\u00a0\u00bb_admin\u00a0\u00bb:{\u00ab\u00a0alias_ids\u00a0\u00bb:[\u00ab\u00a0\/culture\/musique\u00a0\u00bb,\u00a0\u00bb59&Prime;]},\u00a0\u00bb_website\u00a0\u00bb:\u00a0\u00bbliberation\u00a0\u00bb,\u00a0\u00bbname\u00a0\u00bb:\u00a0\u00bbMusique\u00a0\u00bb,\u00a0\u00bborder\u00a0\u00bb:{\u00ab\u00a0burgermenu\u00a0\u00bb:2005,\u00a0\u00bbamp-menu\u00a0\u00bb:2004,\u00a0\u00bbheadernav\u00a0\u00bb:2002,\u00a0\u00bbdefault\u00a0\u00bb:2004},\u00a0\u00bbparent\u00a0\u00bb:{\u00ab\u00a0default\u00a0\u00bb:\u00a0\u00bb\/culture\u00a0\u00bb,\u00a0\u00bbburgermenu\u00a0\u00bb:\u00a0\u00bb\/culture\u00a0\u00bb,\u00a0\u00bbfooter\u00a0\u00bb:null,\u00a0\u00bbheadernav\u00a0\u00bb:\u00a0\u00bb\/culture\u00a0\u00bb,\u00a0\u00bbamp-menu\u00a0\u00bb:\u00a0\u00bb\/culture\u00a0\u00bb,\u00a0\u00bbfooter2&Prime;:\u00a0\u00bb\/culture\u00a0\u00bb},\u00a0\u00bbancestors\u00a0\u00bb:{\u00ab\u00a0default\u00a0\u00bb:[\u00ab\u00a0\/culture\u00a0\u00bb,\u00a0\u00bbhttps:\/\/www.liberation.fr\/\u00a0\u00bb],\u00a0\u00bbburgermenu\u00a0\u00bb:[\u00ab\u00a0\/culture\u00a0\u00bb,\u00a0\u00bbhttps:\/\/www.liberation.fr\/\u00a0\u00bb],\u00a0\u00bbfooter\u00a0\u00bb:[],\u00a0\u00bbheadernav\u00a0\u00bb:[\u00ab\u00a0\/culture\u00a0\u00bb,\u00a0\u00bbhttps:\/\/www.liberation.fr\/\u00a0\u00bb],\u00a0\u00bbamp-menu\u00a0\u00bb:[\u00ab\u00a0https:\/\/www.liberation.fr\/\u00a0\u00bb,\u00a0\u00bb\/culture\u00a0\u00bb],\u00a0\u00bbfooter2&Prime;:[\u00ab\u00a0https:\/\/www.liberation.fr\/\u00a0\u00bb,\u00a0\u00bb\/culture\u00a0\u00bb]},\u00a0\u00bbinactive\u00a0\u00bb:false,\u00a0\u00bbnode_type\u00a0\u00bb:\u00a0\u00bbsection\u00a0\u00bb,\u00a0\u00bbchildren\u00a0\u00bb:[]},{\u00ab\u00a0_id\u00a0\u00bb:\u00a0\u00bb\/culture\/livres\u00a0\u00bb,\u00a0\u00bbsite\u00a0\u00bb:{\u00ab\u00a0site_tagline\u00a0\u00bb:null,\u00a0\u00bbsite_url\u00a0\u00bb:null,\u00a0\u00bbsite_title\u00a0\u00bb:\u00a0\u00bbLivres : toute l&rsquo;actualit\u00e9 litt\u00e9raire avec Lib\u00e9ration\u00a0\u00bb,\u00a0\u00bbpagebuilder_path_for_native_apps\u00a0\u00bb:null,\u00a0\u00bbsite_about\u00a0\u00bb:null,\u00a0\u00bbsite_description\u00a0\u00bb:\u00a0\u00bbRetrouvez toute l&rsquo;actualit\u00e9 litt\u00e9raire : critiques et nouveaut\u00e9s livres, le cahier livres, nos rencontres et interviews d&rsquo;auteurs.\u00a0\u00bb,\u00a0\u00bbsite_keywords\u00a0\u00bb:null},\u00a0\u00bbsite_topper\u00a0\u00bb:{\u00ab\u00a0site_logo_image\u00a0\u00bb:null},\u00a0\u00bbsocial\u00a0\u00bb:{\u00ab\u00a0twitter\u00a0\u00bb:null,\u00a0\u00bbfacebook\u00a0\u00bb:null,\u00a0\u00bbrss\u00a0\u00bb:null,\u00a0\u00bbinstagram\u00a0\u00bb:null},\u00a0\u00bbnavigation\u00a0\u00bb:{\u00ab\u00a0nav_title\u00a0\u00bb:\u00a0\u00bbLivres\u00a0\u00bb},\u00a0\u00bb_admin\u00a0\u00bb:{\u00ab\u00a0alias_ids\u00a0\u00bb:[\u00ab\u00a0\/culture\/livres\u00a0\u00bb,\u00a0\u00bb60&Prime;]},\u00a0\u00bb_website\u00a0\u00bb:\u00a0\u00bbliberation\u00a0\u00bb,\u00a0\u00bbname\u00a0\u00bb:\u00a0\u00bbLivres\u00a0\u00bb,\u00a0\u00bborder\u00a0\u00bb:{\u00ab\u00a0burgermenu\u00a0\u00bb:2007,\u00a0\u00bbdefault\u00a0\u00bb:2007,\u00a0\u00bbheadernav\u00a0\u00bb:2003,\u00a0\u00bbamp-menu\u00a0\u00bb:2006,\u00a0\u00bbfooter2&Prime;:2003},\u00a0\u00bbparent\u00a0\u00bb:{\u00ab\u00a0default\u00a0\u00bb:\u00a0\u00bb\/culture\u00a0\u00bb,\u00a0\u00bbburgermenu\u00a0\u00bb:\u00a0\u00bb\/culture\u00a0\u00bb,\u00a0\u00bbfooter\u00a0\u00bb:null,\u00a0\u00bbheadernav\u00a0\u00bb:\u00a0\u00bb\/culture\u00a0\u00bb,\u00a0\u00bbamp-menu\u00a0\u00bb:\u00a0\u00bb\/culture\u00a0\u00bb,\u00a0\u00bbfooter2&Prime;:\u00a0\u00bb\/culture\u00a0\u00bb},\u00a0\u00bbancestors\u00a0\u00bb:{\u00ab\u00a0default\u00a0\u00bb:[\u00ab\u00a0\/culture\u00a0\u00bb,\u00a0\u00bbhttps:\/\/www.liberation.fr\/\u00a0\u00bb],\u00a0\u00bbburgermenu\u00a0\u00bb:[\u00ab\u00a0\/culture\u00a0\u00bb,\u00a0\u00bbhttps:\/\/www.liberation.fr\/\u00a0\u00bb],\u00a0\u00bbfooter\u00a0\u00bb:[],\u00a0\u00bbheadernav\u00a0\u00bb:[\u00ab\u00a0\/culture\u00a0\u00bb,\u00a0\u00bbhttps:\/\/www.liberation.fr\/\u00a0\u00bb],\u00a0\u00bbamp-menu\u00a0\u00bb:[\u00ab\u00a0https:\/\/www.liberation.fr\/\u00a0\u00bb,\u00a0\u00bb\/culture\u00a0\u00bb],\u00a0\u00bbfooter2&Prime;:[\u00ab\u00a0https:\/\/www.liberation.fr\/\u00a0\u00bb,\u00a0\u00bb\/culture\u00a0\u00bb]},\u00a0\u00bbinactive\u00a0\u00bb:false,\u00a0\u00bbnode_type\u00a0\u00bb:\u00a0\u00bbsection\u00a0\u00bb,\u00a0\u00bbchildren\u00a0\u00bb:[]},{\u00ab\u00a0_id\u00a0\u00bb:\u00a0\u00bb\/culture\/scenes\u00a0\u00bb,\u00a0\u00bb_website\u00a0\u00bb:\u00a0\u00bbliberation\u00a0\u00bb,\u00a0\u00bbname\u00a0\u00bb:\u00a0\u00bbTh\u00e9\u00e2tre et sc\u00e8nes\u00a0\u00bb,\u00a0\u00bbinactive\u00a0\u00bb:false,\u00a0\u00bbancestors\u00a0\u00bb:{\u00ab\u00a0default\u00a0\u00bb:[\u00ab\u00a0\/culture\u00a0\u00bb,\u00a0\u00bbhttps:\/\/www.liberation.fr\/\u00a0\u00bb],\u00a0\u00bbburgermenu\u00a0\u00bb:[\u00ab\u00a0\/culture\u00a0\u00bb,\u00a0\u00bbhttps:\/\/www.liberation.fr\/\u00a0\u00bb],\u00a0\u00bbheadernav\u00a0\u00bb:[\u00ab\u00a0\/culture\u00a0\u00bb,\u00a0\u00bbhttps:\/\/www.liberation.fr\/\u00a0\u00bb],\u00a0\u00bbamp-menu\u00a0\u00bb:[\u00ab\u00a0https:\/\/www.liberation.fr\/\u00a0\u00bb,\u00a0\u00bb\/culture\u00a0\u00bb],\u00a0\u00bbfooter\u00a0\u00bb:[],\u00a0\u00bbfooter2&Prime;:[\u00ab\u00a0https:\/\/www.liberation.fr\/\u00a0\u00bb,\u00a0\u00bb\/culture\u00a0\u00bb]},\u00a0\u00bbparent\u00a0\u00bb:{\u00ab\u00a0default\u00a0\u00bb:\u00a0\u00bb\/culture\u00a0\u00bb,\u00a0\u00bbburgermenu\u00a0\u00bb:\u00a0\u00bb\/culture\u00a0\u00bb,\u00a0\u00bbheadernav\u00a0\u00bb:\u00a0\u00bb\/culture\u00a0\u00bb,\u00a0\u00bbamp-menu\u00a0\u00bb:\u00a0\u00bb\/culture\u00a0\u00bb,\u00a0\u00bbfooter\u00a0\u00bb:null,\u00a0\u00bbfooter2&Prime;:\u00a0\u00bb\/culture\u00a0\u00bb},\u00a0\u00bborder\u00a0\u00bb:{\u00ab\u00a0burgermenu\u00a0\u00bb:2010,\u00a0\u00bbdefault\u00a0\u00bb:2009,\u00a0\u00bbheadernav\u00a0\u00bb:2004,\u00a0\u00bbamp-menu\u00a0\u00bb:2008,\u00a0\u00bbfooter2&Prime;:2004},\u00a0\u00bb_admin\u00a0\u00bb:{\u00ab\u00a0alias_ids\u00a0\u00bb:[\u00ab\u00a0\/culture\/scenes\u00a0\u00bb,\u00a0\u00bb28&Prime;]},\u00a0\u00bbnavigation\u00a0\u00bb:{\u00ab\u00a0nav_title\u00a0\u00bb:\u00a0\u00bbSc\u00e8nes\u00a0\u00bb},\u00a0\u00bbsite\u00a0\u00bb:{\u00ab\u00a0pagebuilder_path_for_native_apps\u00a0\u00bb:null,\u00a0\u00bbsite_about\u00a0\u00bb:null,\u00a0\u00bbsite_description\u00a0\u00bb:\u00a0\u00bbRetrouvez toute l&rsquo;actualit\u00e9 du th\u00e9\u00e2tre et du spectacle : nouveaut\u00e9s et critiques de pi\u00e8ces de th\u00e9\u00e2tre, ballets, danse, nos interviews d&rsquo;auteurs et pr\u00e9sentation des Festival&#8230;\u00a0\u00bb,\u00a0\u00bbsite_keywords\u00a0\u00bb:null,\u00a0\u00bbsite_tagline\u00a0\u00bb:null,\u00a0\u00bbsite_title\u00a0\u00bb:\u00a0\u00bbSc\u00e8nes : toute l&rsquo;actualit\u00e9 du th\u00e9\u00e2tre et du spectacle &#8211; Lib\u00e9ration\u00a0\u00bb,\u00a0\u00bbsite_url\u00a0\u00bb:null},\u00a0\u00bbsite_topper\u00a0\u00bb:{\u00ab\u00a0site_logo_image\u00a0\u00bb:null},\u00a0\u00bbsocial\u00a0\u00bb:{\u00ab\u00a0facebook\u00a0\u00bb:null,\u00a0\u00bbinstagram\u00a0\u00bb:null,\u00a0\u00bbrss\u00a0\u00bb:null,\u00a0\u00bbtwitter\u00a0\u00bb:null},\u00a0\u00bbnode_type\u00a0\u00bb:\u00a0\u00bbsection\u00a0\u00bb,\u00a0\u00bbchildren\u00a0\u00bb:[]},{\u00ab\u00a0_id\u00a0\u00bb:\u00a0\u00bb\/culture\/arts\u00a0\u00bb,\u00a0\u00bbsite\u00a0\u00bb:{\u00ab\u00a0site_tagline\u00a0\u00bb:null,\u00a0\u00bbsite_url\u00a0\u00bb:null,\u00a0\u00bbsite_title\u00a0\u00bb:\u00a0\u00bbArts : actualit\u00e9s et informations &#8211; Lib\u00e9ration\u00a0\u00bb,\u00a0\u00bbpagebuilder_path_for_native_apps\u00a0\u00bb:null,\u00a0\u00bbsite_about\u00a0\u00bb:null,\u00a0\u00bbsite_description\u00a0\u00bb:\u00a0\u00bbRetrouvez toute l&rsquo;actualit\u00e9 sur les arts avec Lib\u00e9ration : expositions, peintures, art contemporain&#8230;\u00a0\u00bb,\u00a0\u00bbsite_keywords\u00a0\u00bb:null},\u00a0\u00bbsite_topper\u00a0\u00bb:{\u00ab\u00a0site_logo_image\u00a0\u00bb:null},\u00a0\u00bbsocial\u00a0\u00bb:{\u00ab\u00a0twitter\u00a0\u00bb:null,\u00a0\u00bbfacebook\u00a0\u00bb:null,\u00a0\u00bbrss\u00a0\u00bb:null,\u00a0\u00bbinstagram\u00a0\u00bb:null},\u00a0\u00bbnavigation\u00a0\u00bb:{\u00ab\u00a0nav_title\u00a0\u00bb:\u00a0\u00bbArts\u00a0\u00bb},\u00a0\u00bb_admin\u00a0\u00bb:{\u00ab\u00a0alias_ids\u00a0\u00bb:[\u00ab\u00a0\/culture\/arts\u00a0\u00bb,\u00a0\u00bb99964&Prime;]},\u00a0\u00bb_website\u00a0\u00bb:\u00a0\u00bbliberation\u00a0\u00bb,\u00a0\u00bbname\u00a0\u00bb:\u00a0\u00bbArts\u00a0\u00bb,\u00a0\u00bborder\u00a0\u00bb:{\u00ab\u00a0burgermenu\u00a0\u00bb:2002,\u00a0\u00bbdefault\u00a0\u00bb:2010,\u00a0\u00bbheadernav\u00a0\u00bb:2005,\u00a0\u00bbamp-menu\u00a0\u00bb:2001,\u00a0\u00bbfooter2&Prime;:2005},\u00a0\u00bbparent\u00a0\u00bb:{\u00ab\u00a0default\u00a0\u00bb:\u00a0\u00bb\/culture\u00a0\u00bb,\u00a0\u00bbburgermenu\u00a0\u00bb:\u00a0\u00bb\/culture\u00a0\u00bb,\u00a0\u00bbheadernav\u00a0\u00bb:\u00a0\u00bb\/culture\u00a0\u00bb,\u00a0\u00bbamp-menu\u00a0\u00bb:\u00a0\u00bb\/culture\u00a0\u00bb,\u00a0\u00bbfooter\u00a0\u00bb:null,\u00a0\u00bbfooter2&Prime;:\u00a0\u00bb\/culture\u00a0\u00bb},\u00a0\u00bbancestors\u00a0\u00bb:{\u00ab\u00a0default\u00a0\u00bb:[\u00ab\u00a0\/culture\u00a0\u00bb,\u00a0\u00bbhttps:\/\/www.liberation.fr\/\u00a0\u00bb],\u00a0\u00bbburgermenu\u00a0\u00bb:[\u00ab\u00a0\/culture\u00a0\u00bb,\u00a0\u00bbhttps:\/\/www.liberation.fr\/\u00a0\u00bb],\u00a0\u00bbheadernav\u00a0\u00bb:[\u00ab\u00a0\/culture\u00a0\u00bb,\u00a0\u00bbhttps:\/\/www.liberation.fr\/\u00a0\u00bb],\u00a0\u00bbamp-menu\u00a0\u00bb:[\u00ab\u00a0https:\/\/www.liberation.fr\/\u00a0\u00bb,\u00a0\u00bb\/culture\u00a0\u00bb],\u00a0\u00bbfooter\u00a0\u00bb:[],\u00a0\u00bbfooter2&Prime;:[\u00ab\u00a0https:\/\/www.liberation.fr\/\u00a0\u00bb,\u00a0\u00bb\/culture\u00a0\u00bb]},\u00a0\u00bbinactive\u00a0\u00bb:false,\u00a0\u00bbnode_type\u00a0\u00bb:\u00a0\u00bbsection\u00a0\u00bb,\u00a0\u00bbchildren\u00a0\u00bb:[{\u00ab\u00a0_id\u00a0\u00bb:\u00a0\u00bb\/culture\/arts\/art-contemporain\u00a0\u00bb,\u00a0\u00bbsite\u00a0\u00bb:{\u00ab\u00a0site_title\u00a0\u00bb:\u00a0\u00bbArt contemporain : actualit\u00e9s et informations &#8211; Lib\u00e9ration\u00a0\u00bb,\u00a0\u00bbsite_about\u00a0\u00bb:null,\u00a0\u00bbsite_tagline\u00a0\u00bb:null,\u00a0\u00bbpagebuilder_path_for_native_apps\u00a0\u00bb:null,\u00a0\u00bbsite_url\u00a0\u00bb:null,\u00a0\u00bbsite_description\u00a0\u00bb:\u00a0\u00bbRetrouvez toute l&rsquo;actualit\u00e9 sur l&rsquo;art contemporain avec Lib\u00e9ration.\u00a0\u00bb,\u00a0\u00bbsite_keywords\u00a0\u00bb:null},\u00a0\u00bbsocial\u00a0\u00bb:{\u00ab\u00a0facebook\u00a0\u00bb:null,\u00a0\u00bbinstagram\u00a0\u00bb:null,\u00a0\u00bbrss\u00a0\u00bb:null,\u00a0\u00bbtwitter\u00a0\u00bb:null},\u00a0\u00bbsite_topper\u00a0\u00bb:{\u00ab\u00a0site_logo_image\u00a0\u00bb:null},\u00a0\u00bbnavigation\u00a0\u00bb:{\u00ab\u00a0nav_title\u00a0\u00bb:\u00a0\u00bbArt contemporain\u00a0\u00bb},\u00a0\u00bb_admin\u00a0\u00bb:{\u00ab\u00a0alias_ids\u00a0\u00bb:[\u00ab\u00a0\/culture\/arts\/art-contemporain\u00a0\u00bb,\u00a0\u00bb200046&Prime;]},\u00a0\u00bb_website\u00a0\u00bb:\u00a0\u00bbliberation\u00a0\u00bb,\u00a0\u00bbname\u00a0\u00bb:\u00a0\u00bbArt contemporain\u00a0\u00bb,\u00a0\u00bborder\u00a0\u00bb:{\u00ab\u00a0burgermenu\u00a0\u00bb:3001},\u00a0\u00bbparent\u00a0\u00bb:{\u00ab\u00a0default\u00a0\u00bb:\u00a0\u00bb\/culture\/arts\u00a0\u00bb,\u00a0\u00bbheadernav\u00a0\u00bb:\u00a0\u00bb\/culture\/arts\u00a0\u00bb,\u00a0\u00bbburgermenu\u00a0\u00bb:\u00a0\u00bb\/culture\/arts\u00a0\u00bb,\u00a0\u00bbfooter\u00a0\u00bb:null,\u00a0\u00bbfooter2&Prime;:\u00a0\u00bb\/culture\/arts\u00a0\u00bb},\u00a0\u00bbancestors\u00a0\u00bb:{\u00ab\u00a0default\u00a0\u00bb:[\u00ab\u00a0https:\/\/www.liberation.fr\/\u00a0\u00bb,\u00a0\u00bb\/culture\u00a0\u00bb,\u00a0\u00bb\/culture\/arts\u00a0\u00bb],\u00a0\u00bbheadernav\u00a0\u00bb:[\u00ab\u00a0https:\/\/www.liberation.fr\/\u00a0\u00bb,\u00a0\u00bb\/culture\u00a0\u00bb,\u00a0\u00bb\/culture\/arts\u00a0\u00bb],\u00a0\u00bbburgermenu\u00a0\u00bb:[\u00ab\u00a0https:\/\/www.liberation.fr\/\u00a0\u00bb,\u00a0\u00bb\/culture\u00a0\u00bb,\u00a0\u00bb\/culture\/arts\u00a0\u00bb],\u00a0\u00bbfooter\u00a0\u00bb:[],\u00a0\u00bbfooter2&Prime;:[\u00ab\u00a0https:\/\/www.liberation.fr\/\u00a0\u00bb,\u00a0\u00bb\/culture\u00a0\u00bb,\u00a0\u00bb\/culture\/arts\u00a0\u00bb]},\u00a0\u00bbinactive\u00a0\u00bb:false,\u00a0\u00bbnode_type\u00a0\u00bb:\u00a0\u00bbsection\u00a0\u00bb,\u00a0\u00bbchildren\u00a0\u00bb:[]}]},{\u00ab\u00a0_id\u00a0\u00bb:\u00a0\u00bb\/culture\/series\u00a0\u00bb,\u00a0\u00bbsite\u00a0\u00bb:{\u00ab\u00a0site_tagline\u00a0\u00bb:null,\u00a0\u00bbsite_url\u00a0\u00bb:null,\u00a0\u00bbsite_title\u00a0\u00bb:\u00a0\u00bbS\u00e9ries TV : critiques, s\u00e9lections et actus &#8211; Lib\u00e9ration\u00a0\u00bb,\u00a0\u00bbpagebuilder_path_for_native_apps\u00a0\u00bb:null,\u00a0\u00bbsite_about\u00a0\u00bb:null,\u00a0\u00bbsite_description\u00a0\u00bb:\u00a0\u00bbRetrouvez toute l&rsquo;actualit\u00e9 sur les s\u00e9ries TV, critiques, nouveaut\u00e9s ainsi que les s\u00e9lections de Lib\u00e9ration.\u00a0\u00bb,\u00a0\u00bbsite_keywords\u00a0\u00bb:null},\u00a0\u00bbsite_topper\u00a0\u00bb:{\u00ab\u00a0site_logo_image\u00a0\u00bb:null},\u00a0\u00bbsocial\u00a0\u00bb:{\u00ab\u00a0twitter\u00a0\u00bb:null,\u00a0\u00bbfacebook\u00a0\u00bb:null,\u00a0\u00bbrss\u00a0\u00bb:null,\u00a0\u00bbinstagram\u00a0\u00bb:null},\u00a0\u00bbnavigation\u00a0\u00bb:{\u00ab\u00a0nav_title\u00a0\u00bb:\u00a0\u00bbS\u00e9ries\u00a0\u00bb},\u00a0\u00bb_admin\u00a0\u00bb:{\u00ab\u00a0alias_ids\u00a0\u00bb:[\u00ab\u00a0\/culture\/series\u00a0\u00bb,\u00a0\u00bb200005&Prime;]},\u00a0\u00bb_website\u00a0\u00bb:\u00a0\u00bbliberation\u00a0\u00bb,\u00a0\u00bbname\u00a0\u00bb:\u00a0\u00bbS\u00e9ries\u00a0\u00bb,\u00a0\u00bborder\u00a0\u00bb:{\u00ab\u00a0burgermenu\u00a0\u00bb:2011,\u00a0\u00bbdefault\u00a0\u00bb:2011,\u00a0\u00bbheadernav\u00a0\u00bb:2006,\u00a0\u00bbamp-menu\u00a0\u00bb:2009,\u00a0\u00bbfooter2&Prime;:2007},\u00a0\u00bbparent\u00a0\u00bb:{\u00ab\u00a0default\u00a0\u00bb:\u00a0\u00bb\/culture\u00a0\u00bb,\u00a0\u00bbburgermenu\u00a0\u00bb:\u00a0\u00bb\/culture\u00a0\u00bb,\u00a0\u00bbheadernav\u00a0\u00bb:\u00a0\u00bb\/culture\u00a0\u00bb,\u00a0\u00bbamp-menu\u00a0\u00bb:\u00a0\u00bb\/culture\u00a0\u00bb,\u00a0\u00bbfooter\u00a0\u00bb:null,\u00a0\u00bbfooter2&Prime;:\u00a0\u00bb\/culture\u00a0\u00bb},\u00a0\u00bbancestors\u00a0\u00bb:{\u00ab\u00a0default\u00a0\u00bb:[\u00ab\u00a0\/culture\u00a0\u00bb,\u00a0\u00bbhttps:\/\/www.liberation.fr\/\u00a0\u00bb],\u00a0\u00bbburgermenu\u00a0\u00bb:[\u00ab\u00a0\/culture\u00a0\u00bb,\u00a0\u00bbhttps:\/\/www.liberation.fr\/\u00a0\u00bb],\u00a0\u00bbheadernav\u00a0\u00bb:[\u00ab\u00a0\/culture\u00a0\u00bb,\u00a0\u00bbhttps:\/\/www.liberation.fr\/\u00a0\u00bb],\u00a0\u00bbamp-menu\u00a0\u00bb:[\u00ab\u00a0https:\/\/www.liberation.fr\/\u00a0\u00bb,\u00a0\u00bb\/culture\u00a0\u00bb],\u00a0\u00bbfooter\u00a0\u00bb:[],\u00a0\u00bbfooter2&Prime;:[\u00ab\u00a0https:\/\/www.liberation.fr\/\u00a0\u00bb,\u00a0\u00bb\/culture\u00a0\u00bb]},\u00a0\u00bbinactive\u00a0\u00bb:false,\u00a0\u00bbnode_type\u00a0\u00bb:\u00a0\u00bbsection\u00a0\u00bb,\u00a0\u00bbchildren\u00a0\u00bb:[]},{\u00ab\u00a0_id\u00a0\u00bb:\u00a0\u00bb\/culture\/jeux-video\u00a0\u00bb,\u00a0\u00bbsite\u00a0\u00bb:{\u00ab\u00a0site_tagline\u00a0\u00bb:null,\u00a0\u00bbsite_url\u00a0\u00bb:null,\u00a0\u00bbsite_title\u00a0\u00bb:\u00a0\u00bbToute l&rsquo;actualit\u00e9 des jeux vid\u00e9o &#8211; Lib\u00e9ration\u00a0\u00bb,\u00a0\u00bbpagebuilder_path_for_native_apps\u00a0\u00bb:null,\u00a0\u00bbsite_about\u00a0\u00bb:null,\u00a0\u00bbsite_description\u00a0\u00bb:\u00a0\u00bbRetrouvez toute l&rsquo;actualit\u00e9 sur les jeux vid\u00e9o avec Lib\u00e9ration.\u00a0\u00bb,\u00a0\u00bbsite_keywords\u00a0\u00bb:null},\u00a0\u00bbsite_topper\u00a0\u00bb:{\u00ab\u00a0site_logo_image\u00a0\u00bb:null},\u00a0\u00bbsocial\u00a0\u00bb:{\u00ab\u00a0twitter\u00a0\u00bb:null,\u00a0\u00bbfacebook\u00a0\u00bb:null,\u00a0\u00bbrss\u00a0\u00bb:null,\u00a0\u00bbinstagram\u00a0\u00bb:null},\u00a0\u00bbnavigation\u00a0\u00bb:{\u00ab\u00a0nav_title\u00a0\u00bb:\u00a0\u00bbJeux vid\u00e9o\u00a0\u00bb},\u00a0\u00bb_admin\u00a0\u00bb:{\u00ab\u00a0alias_ids\u00a0\u00bb:[\u00ab\u00a0\/culture\/jeux-video\u00a0\u00bb,\u00a0\u00bb200006&Prime;]},\u00a0\u00bb_website\u00a0\u00bb:\u00a0\u00bbliberation\u00a0\u00bb,\u00a0\u00bbname\u00a0\u00bb:\u00a0\u00bbJeux vid\u00e9o\u00a0\u00bb,\u00a0\u00bborder\u00a0\u00bb:{\u00ab\u00a0burgermenu\u00a0\u00bb:2004,\u00a0\u00bbdefault\u00a0\u00bb:2012,\u00a0\u00bbheadernav\u00a0\u00bb:2007,\u00a0\u00bbamp-menu\u00a0\u00bb:2003,\u00a0\u00bbfooter2&Prime;:2008},\u00a0\u00bbparent\u00a0\u00bb:{\u00ab\u00a0default\u00a0\u00bb:\u00a0\u00bb\/culture\u00a0\u00bb,\u00a0\u00bbburgermenu\u00a0\u00bb:\u00a0\u00bb\/culture\u00a0\u00bb,\u00a0\u00bbheadernav\u00a0\u00bb:\u00a0\u00bb\/culture\u00a0\u00bb,\u00a0\u00bbamp-menu\u00a0\u00bb:\u00a0\u00bb\/culture\u00a0\u00bb,\u00a0\u00bbfooter\u00a0\u00bb:null,\u00a0\u00bbfooter2&Prime;:\u00a0\u00bb\/culture\u00a0\u00bb},\u00a0\u00bbancestors\u00a0\u00bb:{\u00ab\u00a0default\u00a0\u00bb:[\u00ab\u00a0\/culture\u00a0\u00bb,\u00a0\u00bbhttps:\/\/www.liberation.fr\/\u00a0\u00bb],\u00a0\u00bbburgermenu\u00a0\u00bb:[\u00ab\u00a0\/culture\u00a0\u00bb,\u00a0\u00bbhttps:\/\/www.liberation.fr\/\u00a0\u00bb],\u00a0\u00bbheadernav\u00a0\u00bb:[\u00ab\u00a0\/culture\u00a0\u00bb,\u00a0\u00bbhttps:\/\/www.liberation.fr\/\u00a0\u00bb],\u00a0\u00bbamp-menu\u00a0\u00bb:[\u00ab\u00a0https:\/\/www.liberation.fr\/\u00a0\u00bb,\u00a0\u00bb\/culture\u00a0\u00bb],\u00a0\u00bbfooter\u00a0\u00bb:[],\u00a0\u00bbfooter2&Prime;:[\u00ab\u00a0https:\/\/www.liberation.fr\/\u00a0\u00bb,\u00a0\u00bb\/culture\u00a0\u00bb]},\u00a0\u00bbinactive\u00a0\u00bb:false,\u00a0\u00bbnode_type\u00a0\u00bb:\u00a0\u00bbsection\u00a0\u00bb,\u00a0\u00bbchildren\u00a0\u00bb:[]},{\u00ab\u00a0_id\u00a0\u00bb:\u00a0\u00bblink-QKLVECHFYRF7RALCHUEXUKCIYU\u00a0\u00bb,\u00a0\u00bb_website\u00a0\u00bb:\u00a0\u00bbliberation\u00a0\u00bb,\u00a0\u00bbdisplay_name\u00a0\u00bb:\u00a0\u00bbPolars et thrillers\u00a0\u00bb,\u00a0\u00bburl\u00a0\u00bb:\u00a0\u00bbhttps:\/\/www.liberation.fr\/tags\/romans-policiers-polars-et-thrillers\/\u00a0\u00bb,\u00a0\u00bbparent\u00a0\u00bb:{\u00ab\u00a0headernav\u00a0\u00bb:\u00a0\u00bb\/culture\u00a0\u00bb},\u00a0\u00bborder\u00a0\u00bb:{\u00ab\u00a0headernav\u00a0\u00bb:2008},\u00a0\u00bbnode_type\u00a0\u00bb:\u00a0\u00bblink\u00a0\u00bb,\u00a0\u00bbchildren\u00a0\u00bb:[]}]},{\u00ab\u00a0_id\u00a0\u00bb:\u00a0\u00bblink-ZBACY3EGOZCCTDADARMV2KBJQU\u00a0\u00bb,\u00a0\u00bb_website\u00a0\u00bb:\u00a0\u00bbliberation\u00a0\u00bb,\u00a0\u00bbdisplay_name\u00a0\u00bb:\u00a0\u00bbFestival d&rsquo;Avignon\u00a0\u00bb,\u00a0\u00bburl\u00a0\u00bb:\u00a0\u00bbhttps:\/\/www.liberation.fr\/tags\/festival-d-avignon\/\u00a0\u00bb,\u00a0\u00bbparent\u00a0\u00bb:{\u00ab\u00a0headernav\u00a0\u00bb:\u00a0\u00bbhttps:\/\/www.liberation.fr\/\u00a0\u00bb},\u00a0\u00bborder\u00a0\u00bb:{\u00ab\u00a0headernav\u00a0\u00bb:1005},\u00a0\u00bbnode_type\u00a0\u00bb:\u00a0\u00bblink\u00a0\u00bb,\u00a0\u00bbchildren\u00a0\u00bb:[]},{\u00ab\u00a0_id\u00a0\u00bb:\u00a0\u00bb\/checknews\u00a0\u00bb,\u00a0\u00bbsite\u00a0\u00bb:{\u00ab\u00a0site_tagline\u00a0\u00bb:null,\u00a0\u00bbsite_url\u00a0\u00bb:\u00a0\u00bb\u00a0\u00bb,\u00a0\u00bbsite_title\u00a0\u00bb:\u00a0\u00bbChecknews\u00a0\u00bb,\u00a0\u00bbsite_about\u00a0\u00bb:null,\u00a0\u00bbpagebuilder_path_for_native_apps\u00a0\u00bb:null,\u00a0\u00bbsite_description\u00a0\u00bb:\u00a0\u00bbPour mieux comprendre l&rsquo;actualit\u00e9, Lib\u00e9ration lance CheckNews, un nouveau type de moteur de recherche g\u00e9r\u00e9 par des journalistes. Posez vos questions, nous prendrons le temps d&rsquo;enqu\u00eater avant de vous r\u00e9pondre.\u00a0\u00bb,\u00a0\u00bbsite_keywords\u00a0\u00bb:null},\u00a0\u00bbsite_topper\u00a0\u00bb:{\u00ab\u00a0site_logo_image\u00a0\u00bb:\u00a0\u00bbhttps:\/\/cloudfront-eu-central-1.images.arcpublishing.com\/sandbox.liberation\/3GC5ULE5BNG2HFCF7GSPG2EVWA.jpg\u00a0\u00bb},\u00a0\u00bbsocial\u00a0\u00bb:{\u00ab\u00a0twitter\u00a0\u00bb:null,\u00a0\u00bbfacebook\u00a0\u00bb:null,\u00a0\u00bbrss\u00a0\u00bb:null,\u00a0\u00bbinstagram\u00a0\u00bb:null},\u00a0\u00bbnavigation\u00a0\u00bb:{\u00ab\u00a0nav_title\u00a0\u00bb:\u00a0\u00bbChecknews\u00a0\u00bb},\u00a0\u00bb_admin\u00a0\u00bb:{\u00ab\u00a0alias_ids\u00a0\u00bb:[\u00ab\u00a0\/checknews\u00a0\u00bb,\u00a0\u00bb100893&Prime;]},\u00a0\u00bb_website\u00a0\u00bb:\u00a0\u00bbliberation\u00a0\u00bb,\u00a0\u00bbname\u00a0\u00bb:\u00a0\u00bbCheckNews\u00a0\u00bb,\u00a0\u00bborder\u00a0\u00bb:{\u00ab\u00a0default\u00a0\u00bb:1011,\u00a0\u00bbburgermenu\u00a0\u00bb:1004,\u00a0\u00bbheadernav\u00a0\u00bb:1006,\u00a0\u00bbamp-menu\u00a0\u00bb:1002,\u00a0\u00bbfooter2&Prime;:1008},\u00a0\u00bbparent\u00a0\u00bb:{\u00ab\u00a0default\u00a0\u00bb:\u00a0\u00bbhttps:\/\/www.liberation.fr\/\u00a0\u00bb,\u00a0\u00bbburgermenu\u00a0\u00bb:\u00a0\u00bbhttps:\/\/www.liberation.fr\/\u00a0\u00bb,\u00a0\u00bbheadernav\u00a0\u00bb:\u00a0\u00bbhttps:\/\/www.liberation.fr\/\u00a0\u00bb,\u00a0\u00bbfooter\u00a0\u00bb:null,\u00a0\u00bbamp-menu\u00a0\u00bb:\u00a0\u00bbhttps:\/\/www.liberation.fr\/\u00a0\u00bb,\u00a0\u00bbfooter2&Prime;:\u00a0\u00bbhttps:\/\/www.liberation.fr\/\u00a0\u00bb},\u00a0\u00bbancestors\u00a0\u00bb:{\u00ab\u00a0default\u00a0\u00bb:[\u00ab\u00a0https:\/\/www.liberation.fr\/\u00a0\u00bb],\u00a0\u00bbburgermenu\u00a0\u00bb:[\u00ab\u00a0https:\/\/www.liberation.fr\/\u00a0\u00bb],\u00a0\u00bbheadernav\u00a0\u00bb:[\u00ab\u00a0https:\/\/www.liberation.fr\/\u00a0\u00bb],\u00a0\u00bbfooter\u00a0\u00bb:[],\u00a0\u00bbamp-menu\u00a0\u00bb:[\u00ab\u00a0https:\/\/www.liberation.fr\/\u00a0\u00bb],\u00a0\u00bbfooter2&Prime;:[\u00ab\u00a0https:\/\/www.liberation.fr\/\u00a0\u00bb]},\u00a0\u00bbinactive\u00a0\u00bb:false,\u00a0\u00bbnode_type\u00a0\u00bb:\u00a0\u00bbsection\u00a0\u00bb,\u00a0\u00bbchildren\u00a0\u00bb:[]},{\u00ab\u00a0_id\u00a0\u00bb:\u00a0\u00bb\/societe\u00a0\u00bb,\u00a0\u00bbsite\u00a0\u00bb:{\u00ab\u00a0site_tagline\u00a0\u00bb:null,\u00a0\u00bbsite_url\u00a0\u00bb:null,\u00a0\u00bbsite_title\u00a0\u00bb:\u00a0\u00bbToute l\u2019actualit\u00e9 Soci\u00e9t\u00e9 avec Lib\u00e9ration &#8211; Lib\u00e9ration\u00a0\u00bb,\u00a0\u00bbsite_about\u00a0\u00bb:null,\u00a0\u00bbpagebuilder_path_for_native_apps\u00a0\u00bb:null,\u00a0\u00bbsite_description\u00a0\u00bb:\u00a0\u00bbActualit\u00e9 soci\u00e9t\u00e9 &#8211; tout savoir sur les derni\u00e8res infos soci\u00e9t\u00e9 avec Lib\u00e9ration : droits des femmes, \u00e9ducation, police-justice, sant\u00e9, logement&#8230;\u00a0\u00bb,\u00a0\u00bbsite_keywords\u00a0\u00bb:null},\u00a0\u00bbsite_topper\u00a0\u00bb:{\u00ab\u00a0site_logo_image\u00a0\u00bb:null},\u00a0\u00bbsocial\u00a0\u00bb:{\u00ab\u00a0twitter\u00a0\u00bb:null,\u00a0\u00bbfacebook\u00a0\u00bb:null,\u00a0\u00bbrss\u00a0\u00bb:null,\u00a0\u00bbinstagram\u00a0\u00bb:null},\u00a0\u00bbnavigation\u00a0\u00bb:{\u00ab\u00a0nav_title\u00a0\u00bb:null},\u00a0\u00bb_admin\u00a0\u00bb:{\u00ab\u00a0alias_ids\u00a0\u00bb:[\u00ab\u00a0\/societe\u00a0\u00bb,\u00a0\u00bb11&Prime;]},\u00a0\u00bb_website\u00a0\u00bb:\u00a0\u00bbliberation\u00a0\u00bb,\u00a0\u00bbname\u00a0\u00bb:\u00a0\u00bbSoci\u00e9t\u00e9\u00a0\u00bb,\u00a0\u00bborder\u00a0\u00bb:{\u00ab\u00a0burgermenu\u00a0\u00bb:1009,\u00a0\u00bbdefault\u00a0\u00bb:1005,\u00a0\u00bbheadernav\u00a0\u00bb:1007,\u00a0\u00bbamp-menu\u00a0\u00bb:1004,\u00a0\u00bbfooter2&Prime;:1001},\u00a0\u00bbparent\u00a0\u00bb:{\u00ab\u00a0default\u00a0\u00bb:\u00a0\u00bbhttps:\/\/www.liberation.fr\/\u00a0\u00bb,\u00a0\u00bbburgermenu\u00a0\u00bb:\u00a0\u00bbhttps:\/\/www.liberation.fr\/\u00a0\u00bb,\u00a0\u00bbfooter\u00a0\u00bb:null,\u00a0\u00bbheadernav\u00a0\u00bb:\u00a0\u00bbhttps:\/\/www.liberation.fr\/\u00a0\u00bb,\u00a0\u00bbamp-menu\u00a0\u00bb:\u00a0\u00bbhttps:\/\/www.liberation.fr\/\u00a0\u00bb,\u00a0\u00bbfooter2&Prime;:\u00a0\u00bbhttps:\/\/www.liberation.fr\/\u00a0\u00bb},\u00a0\u00bbancestors\u00a0\u00bb:{\u00ab\u00a0default\u00a0\u00bb:[\u00ab\u00a0https:\/\/www.liberation.fr\/\u00a0\u00bb],\u00a0\u00bbburgermenu\u00a0\u00bb:[\u00ab\u00a0https:\/\/www.liberation.fr\/\u00a0\u00bb],\u00a0\u00bbfooter\u00a0\u00bb:[],\u00a0\u00bbheadernav\u00a0\u00bb:[\u00ab\u00a0https:\/\/www.liberation.fr\/\u00a0\u00bb],\u00a0\u00bbamp-menu\u00a0\u00bb:[\u00ab\u00a0https:\/\/www.liberation.fr\/\u00a0\u00bb],\u00a0\u00bbfooter2&Prime;:[\u00ab\u00a0https:\/\/www.liberation.fr\/\u00a0\u00bb]},\u00a0\u00bbinactive\u00a0\u00bb:false,\u00a0\u00bbnode_type\u00a0\u00bb:\u00a0\u00bbsection\u00a0\u00bb,\u00a0\u00bbchildren\u00a0\u00bb:[{\u00ab\u00a0_id\u00a0\u00bb:\u00a0\u00bb\/societe\/education\u00a0\u00bb,\u00a0\u00bbsite\u00a0\u00bb:{\u00ab\u00a0site_tagline\u00a0\u00bb:null,\u00a0\u00bbsite_url\u00a0\u00bb:null,\u00a0\u00bbsite_title\u00a0\u00bb:\u00a0\u00bbEducation : informations et actualit\u00e9s &#8211; Lib\u00e9ration\u00a0\u00bb,\u00a0\u00bbpagebuilder_path_for_native_apps\u00a0\u00bb:null,\u00a0\u00bbsite_about\u00a0\u00bb:null,\u00a0\u00bbsite_description\u00a0\u00bb:\u00a0\u00bbRetrouvez ici tous les articles de Lib\u00e9ration concernant l&rsquo;\u00e9ducation : infos, reportages, analyses, interviews, tribunes&#8230;\u00a0\u00bb,\u00a0\u00bbsite_keywords\u00a0\u00bb:null},\u00a0\u00bbsite_topper\u00a0\u00bb:{\u00ab\u00a0site_logo_image\u00a0\u00bb:null},\u00a0\u00bbsocial\u00a0\u00bb:{\u00ab\u00a0twitter\u00a0\u00bb:null,\u00a0\u00bbfacebook\u00a0\u00bb:null,\u00a0\u00bbrss\u00a0\u00bb:null,\u00a0\u00bbinstagram\u00a0\u00bb:null},\u00a0\u00bbnavigation\u00a0\u00bb:{\u00ab\u00a0nav_title\u00a0\u00bb:\u00a0\u00bbEducation\u00a0\u00bb},\u00a0\u00bb_admin\u00a0\u00bb:{\u00ab\u00a0alias_ids\u00a0\u00bb:[\u00ab\u00a0\/societe\/education\u00a0\u00bb,\u00a0\u00bb200032&Prime;]},\u00a0\u00bb_website\u00a0\u00bb:\u00a0\u00bbliberation\u00a0\u00bb,\u00a0\u00bbname\u00a0\u00bb:\u00a0\u00bbEducation\u00a0\u00bb,\u00a0\u00bborder\u00a0\u00bb:{\u00ab\u00a0burgermenu\u00a0\u00bb:2003,\u00a0\u00bbheadernav\u00a0\u00bb:2001,\u00a0\u00bbamp-menu\u00a0\u00bb:2003,\u00a0\u00bbfooter2&Prime;:2005,\u00a0\u00bbdefault\u00a0\u00bb:2002},\u00a0\u00bbparent\u00a0\u00bb:{\u00ab\u00a0default\u00a0\u00bb:\u00a0\u00bb\/societe\u00a0\u00bb,\u00a0\u00bbfooter\u00a0\u00bb:null,\u00a0\u00bbheadernav\u00a0\u00bb:\u00a0\u00bb\/societe\u00a0\u00bb,\u00a0\u00bbburgermenu\u00a0\u00bb:\u00a0\u00bb\/societe\u00a0\u00bb,\u00a0\u00bbamp-menu\u00a0\u00bb:\u00a0\u00bb\/societe\u00a0\u00bb,\u00a0\u00bbfooter2&Prime;:\u00a0\u00bb\/societe\u00a0\u00bb},\u00a0\u00bbancestors\u00a0\u00bb:{\u00ab\u00a0default\u00a0\u00bb:[\u00ab\u00a0https:\/\/www.liberation.fr\/\u00a0\u00bb,\u00a0\u00bb\/societe\u00a0\u00bb],\u00a0\u00bbfooter\u00a0\u00bb:[],\u00a0\u00bbheadernav\u00a0\u00bb:[\u00ab\u00a0https:\/\/www.liberation.fr\/\u00a0\u00bb,\u00a0\u00bb\/societe\u00a0\u00bb],\u00a0\u00bbburgermenu\u00a0\u00bb:[\u00ab\u00a0\/societe\u00a0\u00bb,\u00a0\u00bbhttps:\/\/www.liberation.fr\/\u00a0\u00bb],\u00a0\u00bbamp-menu\u00a0\u00bb:[\u00ab\u00a0https:\/\/www.liberation.fr\/\u00a0\u00bb,\u00a0\u00bb\/societe\u00a0\u00bb],\u00a0\u00bbfooter2&Prime;:[\u00ab\u00a0https:\/\/www.liberation.fr\/\u00a0\u00bb,\u00a0\u00bb\/societe\u00a0\u00bb]},\u00a0\u00bbinactive\u00a0\u00bb:false,\u00a0\u00bbnode_type\u00a0\u00bb:\u00a0\u00bbsection\u00a0\u00bb,\u00a0\u00bbchildren\u00a0\u00bb:[]},{\u00ab\u00a0_id\u00a0\u00bb:\u00a0\u00bb\/societe\/sante\u00a0\u00bb,\u00a0\u00bbsite\u00a0\u00bb:{\u00ab\u00a0site_tagline\u00a0\u00bb:null,\u00a0\u00bbsite_url\u00a0\u00bb:null,\u00a0\u00bbsite_title\u00a0\u00bb:\u00a0\u00bbSant\u00e9 : actualit\u00e9s et informations en direct &#8211; Lib\u00e9ration\u00a0\u00bb,\u00a0\u00bbpagebuilder_path_for_native_apps\u00a0\u00bb:null,\u00a0\u00bbsite_about\u00a0\u00bb:null,\u00a0\u00bbsite_description\u00a0\u00bb:\u00a0\u00bbRetrouvez toute l&rsquo;actualit\u00e9 sant\u00e9 avec des informations sur les maladies, les traitements, la recherche m\u00e9dicale, la situation des h\u00f4pitaux en France&#8230;\u00a0\u00bb,\u00a0\u00bbsite_keywords\u00a0\u00bb:null},\u00a0\u00bbsite_topper\u00a0\u00bb:{\u00ab\u00a0site_logo_image\u00a0\u00bb:null},\u00a0\u00bbsocial\u00a0\u00bb:{\u00ab\u00a0twitter\u00a0\u00bb:null,\u00a0\u00bbfacebook\u00a0\u00bb:null,\u00a0\u00bbrss\u00a0\u00bb:null,\u00a0\u00bbinstagram\u00a0\u00bb:null},\u00a0\u00bbnavigation\u00a0\u00bb:{\u00ab\u00a0nav_title\u00a0\u00bb:\u00a0\u00bbSant\u00e9\u00a0\u00bb},\u00a0\u00bb_admin\u00a0\u00bb:{\u00ab\u00a0alias_ids\u00a0\u00bb:[\u00ab\u00a0\/societe\/sante\u00a0\u00bb,\u00a0\u00bb200033&Prime;]},\u00a0\u00bb_website\u00a0\u00bb:\u00a0\u00bbliberation\u00a0\u00bb,\u00a0\u00bbname\u00a0\u00bb:\u00a0\u00bbSant\u00e9\u00a0\u00bb,\u00a0\u00bborder\u00a0\u00bb:{\u00ab\u00a0burgermenu\u00a0\u00bb:2007,\u00a0\u00bbheadernav\u00a0\u00bb:2002,\u00a0\u00bbamp-menu\u00a0\u00bb:2007,\u00a0\u00bbfooter2&Prime;:2007,\u00a0\u00bbdefault\u00a0\u00bb:2006},\u00a0\u00bbparent\u00a0\u00bb:{\u00ab\u00a0default\u00a0\u00bb:\u00a0\u00bb\/societe\u00a0\u00bb,\u00a0\u00bbfooter\u00a0\u00bb:null,\u00a0\u00bbheadernav\u00a0\u00bb:\u00a0\u00bb\/societe\u00a0\u00bb,\u00a0\u00bbburgermenu\u00a0\u00bb:\u00a0\u00bb\/societe\u00a0\u00bb,\u00a0\u00bbamp-menu\u00a0\u00bb:\u00a0\u00bb\/societe\u00a0\u00bb,\u00a0\u00bbfooter2&Prime;:\u00a0\u00bb\/societe\u00a0\u00bb},\u00a0\u00bbancestors\u00a0\u00bb:{\u00ab\u00a0default\u00a0\u00bb:[\u00ab\u00a0https:\/\/www.liberation.fr\/\u00a0\u00bb,\u00a0\u00bb\/societe\u00a0\u00bb],\u00a0\u00bbfooter\u00a0\u00bb:[],\u00a0\u00bbheadernav\u00a0\u00bb:[\u00ab\u00a0https:\/\/www.liberation.fr\/\u00a0\u00bb,\u00a0\u00bb\/societe\u00a0\u00bb],\u00a0\u00bbburgermenu\u00a0\u00bb:[\u00ab\u00a0\/societe\u00a0\u00bb,\u00a0\u00bbhttps:\/\/www.liberation.fr\/\u00a0\u00bb],\u00a0\u00bbamp-menu\u00a0\u00bb:[\u00ab\u00a0https:\/\/www.liberation.fr\/\u00a0\u00bb,\u00a0\u00bb\/societe\u00a0\u00bb],\u00a0\u00bbfooter2&Prime;:[\u00ab\u00a0https:\/\/www.liberation.fr\/\u00a0\u00bb,\u00a0\u00bb\/societe\u00a0\u00bb]},\u00a0\u00bbinactive\u00a0\u00bb:false,\u00a0\u00bbnode_type\u00a0\u00bb:\u00a0\u00bbsection\u00a0\u00bb,\u00a0\u00bbchildren\u00a0\u00bb:[]},{\u00ab\u00a0_id\u00a0\u00bb:\u00a0\u00bb\/societe\/droits-des-femmes\u00a0\u00bb,\u00a0\u00bb_website\u00a0\u00bb:\u00a0\u00bbliberation\u00a0\u00bb,\u00a0\u00bbname\u00a0\u00bb:\u00a0\u00bbDroits des femmes\u00a0\u00bb,\u00a0\u00bbinactive\u00a0\u00bb:false,\u00a0\u00bbancestors\u00a0\u00bb:{\u00ab\u00a0default\u00a0\u00bb:[\u00ab\u00a0https:\/\/www.liberation.fr\/\u00a0\u00bb,\u00a0\u00bb\/societe\u00a0\u00bb],\u00a0\u00bbfooter\u00a0\u00bb:[],\u00a0\u00bbheadernav\u00a0\u00bb:[\u00ab\u00a0https:\/\/www.liberation.fr\/\u00a0\u00bb,\u00a0\u00bb\/societe\u00a0\u00bb],\u00a0\u00bbburgermenu\u00a0\u00bb:[\u00ab\u00a0\/societe\u00a0\u00bb,\u00a0\u00bbhttps:\/\/www.liberation.fr\/\u00a0\u00bb],\u00a0\u00bbamp-menu\u00a0\u00bb:[\u00ab\u00a0https:\/\/www.liberation.fr\/\u00a0\u00bb,\u00a0\u00bb\/societe\u00a0\u00bb],\u00a0\u00bbfooter2&Prime;:[\u00ab\u00a0https:\/\/www.liberation.fr\/\u00a0\u00bb,\u00a0\u00bb\/societe\u00a0\u00bb]},\u00a0\u00bbparent\u00a0\u00bb:{\u00ab\u00a0default\u00a0\u00bb:\u00a0\u00bb\/societe\u00a0\u00bb,\u00a0\u00bbfooter\u00a0\u00bb:null,\u00a0\u00bbheadernav\u00a0\u00bb:\u00a0\u00bb\/societe\u00a0\u00bb,\u00a0\u00bbburgermenu\u00a0\u00bb:\u00a0\u00bb\/societe\u00a0\u00bb,\u00a0\u00bbamp-menu\u00a0\u00bb:\u00a0\u00bb\/societe\u00a0\u00bb,\u00a0\u00bbfooter2&Prime;:\u00a0\u00bb\/societe\u00a0\u00bb},\u00a0\u00bborder\u00a0\u00bb:{\u00ab\u00a0burgermenu\u00a0\u00bb:2002,\u00a0\u00bbheadernav\u00a0\u00bb:2004,\u00a0\u00bbamp-menu\u00a0\u00bb:2002,\u00a0\u00bbfooter2&Prime;:2009,\u00a0\u00bbdefault\u00a0\u00bb:2001},\u00a0\u00bb_admin\u00a0\u00bb:{\u00ab\u00a0alias_ids\u00a0\u00bb:[\u00ab\u00a0\/societe\/droits-des-femmes\u00a0\u00bb,\u00a0\u00bb200034&Prime;]},\u00a0\u00bbnavigation\u00a0\u00bb:{\u00ab\u00a0nav_title\u00a0\u00bb:\u00a0\u00bbDroits des femmes\u00a0\u00bb},\u00a0\u00bbsite\u00a0\u00bb:{\u00ab\u00a0pagebuilder_path_for_native_apps\u00a0\u00bb:null,\u00a0\u00bbsite_about\u00a0\u00bb:null,\u00a0\u00bbsite_description\u00a0\u00bb:\u00a0\u00bbRetrouvez tous nos articles sur les droits des femmes dans la soci\u00e9t\u00e9 : infos, reportages, analyses, interviews, tribunes&#8230;\u00a0\u00bb,\u00a0\u00bbsite_keywords\u00a0\u00bb:null,\u00a0\u00bbsite_tagline\u00a0\u00bb:null,\u00a0\u00bbsite_title\u00a0\u00bb:\u00a0\u00bbDroits des femmes : actualit\u00e9s, enqu\u00eates et infos en direct &#8211; Lib\u00e9ration\u00a0\u00bb,\u00a0\u00bbsite_url\u00a0\u00bb:null},\u00a0\u00bbsite_topper\u00a0\u00bb:{\u00ab\u00a0site_logo_image\u00a0\u00bb:null},\u00a0\u00bbsocial\u00a0\u00bb:{\u00ab\u00a0facebook\u00a0\u00bb:null,\u00a0\u00bbinstagram\u00a0\u00bb:null,\u00a0\u00bbrss\u00a0\u00bb:null,\u00a0\u00bbtwitter\u00a0\u00bb:null},\u00a0\u00bbnode_type\u00a0\u00bb:\u00a0\u00bbsection\u00a0\u00bb,\u00a0\u00bbchildren\u00a0\u00bb:[]},{\u00ab\u00a0_id\u00a0\u00bb:\u00a0\u00bb\/societe\/familles\u00a0\u00bb,\u00a0\u00bbsite\u00a0\u00bb:{\u00ab\u00a0site_tagline\u00a0\u00bb:null,\u00a0\u00bbsite_url\u00a0\u00bb:null,\u00a0\u00bbsite_title\u00a0\u00bb:\u00a0\u00bbFamilles : informations et actualit\u00e9s &#8211; Lib\u00e9ration\u00a0\u00bb,\u00a0\u00bbpagebuilder_path_for_native_apps\u00a0\u00bb:null,\u00a0\u00bbsite_about\u00a0\u00bb:null,\u00a0\u00bbsite_description\u00a0\u00bb:\u00a0\u00bbRetrouvez ici tous les articles de Lib\u00e9ration concernant la famille : infos, reportages, analyses, interviews, tribunes&#8230;\u00a0\u00bb,\u00a0\u00bbsite_keywords\u00a0\u00bb:null},\u00a0\u00bbsite_topper\u00a0\u00bb:{\u00ab\u00a0site_logo_image\u00a0\u00bb:null},\u00a0\u00bbsocial\u00a0\u00bb:{\u00ab\u00a0twitter\u00a0\u00bb:null,\u00a0\u00bbfacebook\u00a0\u00bb:null,\u00a0\u00bbrss\u00a0\u00bb:null,\u00a0\u00bbinstagram\u00a0\u00bb:null},\u00a0\u00bbnavigation\u00a0\u00bb:{\u00ab\u00a0nav_title\u00a0\u00bb:\u00a0\u00bbFamilles\u00a0\u00bb},\u00a0\u00bb_admin\u00a0\u00bb:{\u00ab\u00a0alias_ids\u00a0\u00bb:[\u00ab\u00a0\/societe\/familles\u00a0\u00bb,\u00a0\u00bb200035&Prime;]},\u00a0\u00bb_website\u00a0\u00bb:\u00a0\u00bbliberation\u00a0\u00bb,\u00a0\u00bbname\u00a0\u00bb:\u00a0\u00bbFamilles\u00a0\u00bb,\u00a0\u00bborder\u00a0\u00bb:{\u00ab\u00a0burgermenu\u00a0\u00bb:2004,\u00a0\u00bbheadernav\u00a0\u00bb:2005,\u00a0\u00bbamp-menu\u00a0\u00bb:2004,\u00a0\u00bbfooter2&Prime;:2008,\u00a0\u00bbdefault\u00a0\u00bb:2003},\u00a0\u00bbparent\u00a0\u00bb:{\u00ab\u00a0default\u00a0\u00bb:\u00a0\u00bb\/societe\u00a0\u00bb,\u00a0\u00bbfooter\u00a0\u00bb:null,\u00a0\u00bbheadernav\u00a0\u00bb:\u00a0\u00bb\/societe\u00a0\u00bb,\u00a0\u00bbburgermenu\u00a0\u00bb:\u00a0\u00bb\/societe\u00a0\u00bb,\u00a0\u00bbamp-menu\u00a0\u00bb:\u00a0\u00bb\/societe\u00a0\u00bb,\u00a0\u00bbfooter2&Prime;:\u00a0\u00bb\/societe\u00a0\u00bb},\u00a0\u00bbancestors\u00a0\u00bb:{\u00ab\u00a0default\u00a0\u00bb:[\u00ab\u00a0https:\/\/www.liberation.fr\/\u00a0\u00bb,\u00a0\u00bb\/societe\u00a0\u00bb],\u00a0\u00bbfooter\u00a0\u00bb:[],\u00a0\u00bbheadernav\u00a0\u00bb:[\u00ab\u00a0https:\/\/www.liberation.fr\/\u00a0\u00bb,\u00a0\u00bb\/societe\u00a0\u00bb],\u00a0\u00bbburgermenu\u00a0\u00bb:[\u00ab\u00a0\/societe\u00a0\u00bb,\u00a0\u00bbhttps:\/\/www.liberation.fr\/\u00a0\u00bb],\u00a0\u00bbamp-menu\u00a0\u00bb:[\u00ab\u00a0https:\/\/www.liberation.fr\/\u00a0\u00bb,\u00a0\u00bb\/societe\u00a0\u00bb],\u00a0\u00bbfooter2&Prime;:[\u00ab\u00a0https:\/\/www.liberation.fr\/\u00a0\u00bb,\u00a0\u00bb\/societe\u00a0\u00bb]},\u00a0\u00bbinactive\u00a0\u00bb:false,\u00a0\u00bbnode_type\u00a0\u00bb:\u00a0\u00bbsection\u00a0\u00bb,\u00a0\u00bbchildren\u00a0\u00bb:[]},{\u00ab\u00a0_id\u00a0\u00bb:\u00a0\u00bb\/societe\/logement\u00a0\u00bb,\u00a0\u00bbsite\u00a0\u00bb:{\u00ab\u00a0site_tagline\u00a0\u00bb:null,\u00a0\u00bbsite_url\u00a0\u00bb:null,\u00a0\u00bbsite_title\u00a0\u00bb:\u00a0\u00bbLogement : actualit\u00e9s et informations &#8211; Lib\u00e9ration\u00a0\u00bb,\u00a0\u00bbpagebuilder_path_for_native_apps\u00a0\u00bb:null,\u00a0\u00bbsite_about\u00a0\u00bb:null,\u00a0\u00bbsite_description\u00a0\u00bb:\u00a0\u00bbRetrouvez ici tous les articles de Lib\u00e9ration concernant le logement : infos, reportages, analyses, interviews, tribunes&#8230;\u00a0\u00bb,\u00a0\u00bbsite_keywords\u00a0\u00bb:null},\u00a0\u00bbsite_topper\u00a0\u00bb:{\u00ab\u00a0site_logo_image\u00a0\u00bb:null},\u00a0\u00bbsocial\u00a0\u00bb:{\u00ab\u00a0twitter\u00a0\u00bb:null,\u00a0\u00bbfacebook\u00a0\u00bb:null,\u00a0\u00bbrss\u00a0\u00bb:null,\u00a0\u00bbinstagram\u00a0\u00bb:null},\u00a0\u00bbnavigation\u00a0\u00bb:{\u00ab\u00a0nav_title\u00a0\u00bb:\u00a0\u00bbLogement\u00a0\u00bb},\u00a0\u00bb_admin\u00a0\u00bb:{\u00ab\u00a0alias_ids\u00a0\u00bb:[\u00ab\u00a0\/societe\/logement\u00a0\u00bb,\u00a0\u00bb200036&Prime;]},\u00a0\u00bb_website\u00a0\u00bb:\u00a0\u00bbliberation\u00a0\u00bb,\u00a0\u00bbname\u00a0\u00bb:\u00a0\u00bbLogement\u00a0\u00bb,\u00a0\u00bborder\u00a0\u00bb:{\u00ab\u00a0burgermenu\u00a0\u00bb:2005,\u00a0\u00bbheadernav\u00a0\u00bb:2006,\u00a0\u00bbamp-menu\u00a0\u00bb:2005,\u00a0\u00bbfooter2&Prime;:2006,\u00a0\u00bbdefault\u00a0\u00bb:2004},\u00a0\u00bbparent\u00a0\u00bb:{\u00ab\u00a0default\u00a0\u00bb:\u00a0\u00bb\/societe\u00a0\u00bb,\u00a0\u00bbheadernav\u00a0\u00bb:\u00a0\u00bb\/societe\u00a0\u00bb,\u00a0\u00bbburgermenu\u00a0\u00bb:\u00a0\u00bb\/societe\u00a0\u00bb,\u00a0\u00bbamp-menu\u00a0\u00bb:\u00a0\u00bb\/societe\u00a0\u00bb,\u00a0\u00bbfooter\u00a0\u00bb:null,\u00a0\u00bbfooter2&Prime;:\u00a0\u00bb\/societe\u00a0\u00bb},\u00a0\u00bbancestors\u00a0\u00bb:{\u00ab\u00a0default\u00a0\u00bb:[\u00ab\u00a0https:\/\/www.liberation.fr\/\u00a0\u00bb,\u00a0\u00bb\/societe\u00a0\u00bb],\u00a0\u00bbheadernav\u00a0\u00bb:[\u00ab\u00a0https:\/\/www.liberation.fr\/\u00a0\u00bb,\u00a0\u00bb\/societe\u00a0\u00bb],\u00a0\u00bbburgermenu\u00a0\u00bb:[\u00ab\u00a0\/societe\u00a0\u00bb,\u00a0\u00bbhttps:\/\/www.liberation.fr\/\u00a0\u00bb],\u00a0\u00bbamp-menu\u00a0\u00bb:[\u00ab\u00a0https:\/\/www.liberation.fr\/\u00a0\u00bb,\u00a0\u00bb\/societe\u00a0\u00bb],\u00a0\u00bbfooter\u00a0\u00bb:[],\u00a0\u00bbfooter2&Prime;:[\u00ab\u00a0https:\/\/www.liberation.fr\/\u00a0\u00bb,\u00a0\u00bb\/societe\u00a0\u00bb]},\u00a0\u00bbinactive\u00a0\u00bb:false,\u00a0\u00bbnode_type\u00a0\u00bb:\u00a0\u00bbsection\u00a0\u00bb,\u00a0\u00bbchildren\u00a0\u00bb:[]},{\u00ab\u00a0_id\u00a0\u00bb:\u00a0\u00bb\/societe\/religions\u00a0\u00bb,\u00a0\u00bb_website\u00a0\u00bb:\u00a0\u00bbliberation\u00a0\u00bb,\u00a0\u00bbname\u00a0\u00bb:\u00a0\u00bbReligions\u00a0\u00bb,\u00a0\u00bbinactive\u00a0\u00bb:false,\u00a0\u00bbancestors\u00a0\u00bb:{\u00ab\u00a0default\u00a0\u00bb:[\u00ab\u00a0https:\/\/www.liberation.fr\/\u00a0\u00bb,\u00a0\u00bb\/societe\u00a0\u00bb],\u00a0\u00bbheadernav\u00a0\u00bb:[\u00ab\u00a0https:\/\/www.liberation.fr\/\u00a0\u00bb,\u00a0\u00bb\/societe\u00a0\u00bb],\u00a0\u00bbburgermenu\u00a0\u00bb:[\u00ab\u00a0\/societe\u00a0\u00bb,\u00a0\u00bbhttps:\/\/www.liberation.fr\/\u00a0\u00bb],\u00a0\u00bbamp-menu\u00a0\u00bb:[\u00ab\u00a0https:\/\/www.liberation.fr\/\u00a0\u00bb,\u00a0\u00bb\/societe\u00a0\u00bb],\u00a0\u00bbfooter\u00a0\u00bb:[],\u00a0\u00bbfooter2&Prime;:[\u00ab\u00a0https:\/\/www.liberation.fr\/\u00a0\u00bb,\u00a0\u00bb\/societe\u00a0\u00bb]},\u00a0\u00bbparent\u00a0\u00bb:{\u00ab\u00a0default\u00a0\u00bb:\u00a0\u00bb\/societe\u00a0\u00bb,\u00a0\u00bbheadernav\u00a0\u00bb:\u00a0\u00bb\/societe\u00a0\u00bb,\u00a0\u00bbburgermenu\u00a0\u00bb:\u00a0\u00bb\/societe\u00a0\u00bb,\u00a0\u00bbamp-menu\u00a0\u00bb:\u00a0\u00bb\/societe\u00a0\u00bb,\u00a0\u00bbfooter\u00a0\u00bb:null,\u00a0\u00bbfooter2&Prime;:\u00a0\u00bb\/societe\u00a0\u00bb},\u00a0\u00bborder\u00a0\u00bb:{\u00ab\u00a0burgermenu\u00a0\u00bb:2006,\u00a0\u00bbheadernav\u00a0\u00bb:2007,\u00a0\u00bbamp-menu\u00a0\u00bb:2006,\u00a0\u00bbfooter2&Prime;:2004,\u00a0\u00bbdefault\u00a0\u00bb:2008},\u00a0\u00bb_admin\u00a0\u00bb:{\u00ab\u00a0alias_ids\u00a0\u00bb:[\u00ab\u00a0\/societe\/religions\u00a0\u00bb,\u00a0\u00bb200037&Prime;]},\u00a0\u00bbnavigation\u00a0\u00bb:{\u00ab\u00a0nav_title\u00a0\u00bb:\u00a0\u00bbReligions\u00a0\u00bb},\u00a0\u00bbsite\u00a0\u00bb:{\u00ab\u00a0pagebuilder_path_for_native_apps\u00a0\u00bb:null,\u00a0\u00bbsite_about\u00a0\u00bb:null,\u00a0\u00bbsite_description\u00a0\u00bb:\u00a0\u00bbLib\u00e9ration d\u00e9crypte pour vous toutes les actualit\u00e9s concernant les religions en continu : nos enqu\u00eates, interviews, vid\u00e9os et infos dans le monde par nos journalistes et correspondants.\u00a0\u00bb,\u00a0\u00bbsite_keywords\u00a0\u00bb:null,\u00a0\u00bbsite_tagline\u00a0\u00bb:null,\u00a0\u00bbsite_title\u00a0\u00bb:\u00a0\u00bbReligions : actualit\u00e9s, enqu\u00eates et infos en direct &#8211; Lib\u00e9ration\u00a0\u00bb,\u00a0\u00bbsite_url\u00a0\u00bb:null},\u00a0\u00bbsite_topper\u00a0\u00bb:{\u00ab\u00a0site_logo_image\u00a0\u00bb:null},\u00a0\u00bbsocial\u00a0\u00bb:{\u00ab\u00a0facebook\u00a0\u00bb:null,\u00a0\u00bbinstagram\u00a0\u00bb:null,\u00a0\u00bbrss\u00a0\u00bb:null,\u00a0\u00bbtwitter\u00a0\u00bb:null},\u00a0\u00bbnode_type\u00a0\u00bb:\u00a0\u00bbsection\u00a0\u00bb,\u00a0\u00bbchildren\u00a0\u00bb:[]},{\u00ab\u00a0_id\u00a0\u00bb:\u00a0\u00bb\/societe\/ville\u00a0\u00bb,\u00a0\u00bbsite\u00a0\u00bb:{\u00ab\u00a0site_tagline\u00a0\u00bb:null,\u00a0\u00bbsite_url\u00a0\u00bb:null,\u00a0\u00bbsite_title\u00a0\u00bb:\u00a0\u00bbVille : actualit\u00e9s sur l&rsquo;urbanisme et la politique de la ville &#8211; Lib\u00e9ration\u00a0\u00bb,\u00a0\u00bbpagebuilder_path_for_native_apps\u00a0\u00bb:null,\u00a0\u00bbsite_about\u00a0\u00bb:null,\u00a0\u00bbsite_description\u00a0\u00bb:\u00a0\u00bbRetrouvez ici tous les articles de Lib\u00e9ration concernant l&rsquo;urbanisme et la politique dans les villes et communes de France : infos, reportages, analyses, interviews&#8230;\u00a0\u00bb,\u00a0\u00bbsite_keywords\u00a0\u00bb:null},\u00a0\u00bbsite_topper\u00a0\u00bb:{\u00ab\u00a0site_logo_image\u00a0\u00bb:null},\u00a0\u00bbsocial\u00a0\u00bb:{\u00ab\u00a0twitter\u00a0\u00bb:null,\u00a0\u00bbfacebook\u00a0\u00bb:null,\u00a0\u00bbrss\u00a0\u00bb:null,\u00a0\u00bbinstagram\u00a0\u00bb:null},\u00a0\u00bbnavigation\u00a0\u00bb:{\u00ab\u00a0nav_title\u00a0\u00bb:\u00a0\u00bbVille\u00a0\u00bb},\u00a0\u00bb_admin\u00a0\u00bb:{\u00ab\u00a0alias_ids\u00a0\u00bb:[\u00ab\u00a0\/societe\/ville\u00a0\u00bb,\u00a0\u00bb200038&Prime;]},\u00a0\u00bb_website\u00a0\u00bb:\u00a0\u00bbliberation\u00a0\u00bb,\u00a0\u00bbname\u00a0\u00bb:\u00a0\u00bbVille\u00a0\u00bb,\u00a0\u00bborder\u00a0\u00bb:{\u00ab\u00a0burgermenu\u00a0\u00bb:2008,\u00a0\u00bbheadernav\u00a0\u00bb:2008,\u00a0\u00bbamp-menu\u00a0\u00bb:2009,\u00a0\u00bbfooter2&Prime;:2003,\u00a0\u00bbdefault\u00a0\u00bb:2009},\u00a0\u00bbparent\u00a0\u00bb:{\u00ab\u00a0default\u00a0\u00bb:\u00a0\u00bb\/societe\u00a0\u00bb,\u00a0\u00bbheadernav\u00a0\u00bb:\u00a0\u00bb\/societe\u00a0\u00bb,\u00a0\u00bbburgermenu\u00a0\u00bb:\u00a0\u00bb\/societe\u00a0\u00bb,\u00a0\u00bbamp-menu\u00a0\u00bb:\u00a0\u00bb\/societe\u00a0\u00bb,\u00a0\u00bbfooter\u00a0\u00bb:null,\u00a0\u00bbfooter2&Prime;:\u00a0\u00bb\/societe\u00a0\u00bb},\u00a0\u00bbancestors\u00a0\u00bb:{\u00ab\u00a0default\u00a0\u00bb:[\u00ab\u00a0https:\/\/www.liberation.fr\/\u00a0\u00bb,\u00a0\u00bb\/societe\u00a0\u00bb],\u00a0\u00bbheadernav\u00a0\u00bb:[\u00ab\u00a0https:\/\/www.liberation.fr\/\u00a0\u00bb,\u00a0\u00bb\/societe\u00a0\u00bb],\u00a0\u00bbburgermenu\u00a0\u00bb:[\u00ab\u00a0\/societe\u00a0\u00bb,\u00a0\u00bbhttps:\/\/www.liberation.fr\/\u00a0\u00bb],\u00a0\u00bbamp-menu\u00a0\u00bb:[\u00ab\u00a0https:\/\/www.liberation.fr\/\u00a0\u00bb,\u00a0\u00bb\/societe\u00a0\u00bb],\u00a0\u00bbfooter\u00a0\u00bb:[],\u00a0\u00bbfooter2&Prime;:[\u00ab\u00a0https:\/\/www.liberation.fr\/\u00a0\u00bb,\u00a0\u00bb\/societe\u00a0\u00bb]},\u00a0\u00bbinactive\u00a0\u00bb:false,\u00a0\u00bbnode_type\u00a0\u00bb:\u00a0\u00bbsection\u00a0\u00bb,\u00a0\u00bbchildren\u00a0\u00bb:[]},{\u00ab\u00a0_id\u00a0\u00bb:\u00a0\u00bb\/societe\/sexualite-et-genres\u00a0\u00bb,\u00a0\u00bb_website\u00a0\u00bb:\u00a0\u00bbliberation\u00a0\u00bb,\u00a0\u00bbname\u00a0\u00bb:\u00a0\u00bbSexualit\u00e9s et genres\u00a0\u00bb,\u00a0\u00bbinactive\u00a0\u00bb:false,\u00a0\u00bbancestors\u00a0\u00bb:{\u00ab\u00a0default\u00a0\u00bb:[\u00ab\u00a0https:\/\/www.liberation.fr\/\u00a0\u00bb,\u00a0\u00bb\/societe\u00a0\u00bb],\u00a0\u00bbheadernav\u00a0\u00bb:[\u00ab\u00a0https:\/\/www.liberation.fr\/\u00a0\u00bb,\u00a0\u00bb\/societe\u00a0\u00bb],\u00a0\u00bbburgermenu\u00a0\u00bb:[\u00ab\u00a0\/societe\u00a0\u00bb,\u00a0\u00bbhttps:\/\/www.liberation.fr\/\u00a0\u00bb],\u00a0\u00bbamp-menu\u00a0\u00bb:[\u00ab\u00a0https:\/\/www.liberation.fr\/\u00a0\u00bb,\u00a0\u00bb\/societe\u00a0\u00bb],\u00a0\u00bbfooter\u00a0\u00bb:[],\u00a0\u00bbfooter2&Prime;:[\u00ab\u00a0https:\/\/www.liberation.fr\/\u00a0\u00bb,\u00a0\u00bb\/societe\u00a0\u00bb]},\u00a0\u00bbparent\u00a0\u00bb:{\u00ab\u00a0default\u00a0\u00bb:\u00a0\u00bb\/societe\u00a0\u00bb,\u00a0\u00bbheadernav\u00a0\u00bb:\u00a0\u00bb\/societe\u00a0\u00bb,\u00a0\u00bbburgermenu\u00a0\u00bb:\u00a0\u00bb\/societe\u00a0\u00bb,\u00a0\u00bbamp-menu\u00a0\u00bb:\u00a0\u00bb\/societe\u00a0\u00bb,\u00a0\u00bbfooter\u00a0\u00bb:null,\u00a0\u00bbfooter2&Prime;:\u00a0\u00bb\/societe\u00a0\u00bb},\u00a0\u00bborder\u00a0\u00bb:{\u00ab\u00a0burgermenu\u00a0\u00bb:2009,\u00a0\u00bbheadernav\u00a0\u00bb:2009,\u00a0\u00bbamp-menu\u00a0\u00bb:2008,\u00a0\u00bbfooter2&Prime;:2002,\u00a0\u00bbdefault\u00a0\u00bb:2007},\u00a0\u00bb_admin\u00a0\u00bb:{\u00ab\u00a0alias_ids\u00a0\u00bb:[\u00ab\u00a0\/societe\/sexualite-et-genres\u00a0\u00bb,\u00a0\u00bb200039&Prime;]},\u00a0\u00bbnavigation\u00a0\u00bb:{\u00ab\u00a0nav_title\u00a0\u00bb:\u00a0\u00bbSexualit\u00e9s et genres\u00a0\u00bb},\u00a0\u00bbsite\u00a0\u00bb:{\u00ab\u00a0pagebuilder_path_for_native_apps\u00a0\u00bb:null,\u00a0\u00bbsite_about\u00a0\u00bb:null,\u00a0\u00bbsite_description\u00a0\u00bb:\u00a0\u00bbLib\u00e9ration d\u00e9crypte pour vous toutes les actualit\u00e9s sexualit\u00e9s et genres en continu : nos enqu\u00eates, interviews, vid\u00e9os et infos dans le monde par nos journalistes et correspondants.\u00a0\u00bb,\u00a0\u00bbsite_keywords\u00a0\u00bb:null,\u00a0\u00bbsite_tagline\u00a0\u00bb:null,\u00a0\u00bbsite_title\u00a0\u00bb:\u00a0\u00bbSexe et genre : actualit\u00e9s, enqu\u00eates et infos en direct &#8211; Lib\u00e9ration\u00a0\u00bb,\u00a0\u00bbsite_url\u00a0\u00bb:null},\u00a0\u00bbsite_topper\u00a0\u00bb:{\u00ab\u00a0site_logo_image\u00a0\u00bb:null},\u00a0\u00bbsocial\u00a0\u00bb:{\u00ab\u00a0facebook\u00a0\u00bb:null,\u00a0\u00bbinstagram\u00a0\u00bb:null,\u00a0\u00bbrss\u00a0\u00bb:null,\u00a0\u00bbtwitter\u00a0\u00bb:null},\u00a0\u00bbnode_type\u00a0\u00bb:\u00a0\u00bbsection\u00a0\u00bb,\u00a0\u00bbchildren\u00a0\u00bb:[]}]},{\u00ab\u00a0_id\u00a0\u00bb:\u00a0\u00bblink-M4CANHD3BVCH3MAUTLJ7PWI6SM\u00a0\u00bb,\u00a0\u00bb_website\u00a0\u00bb:\u00a0\u00bbliberation\u00a0\u00bb,\u00a0\u00bbdisplay_name\u00a0\u00bb:\u00a0\u00bbEnqu\u00eates\u00a0\u00bb,\u00a0\u00bburl\u00a0\u00bb:\u00a0\u00bbhttps:\/\/www.liberation.fr\/enquetes\/\u00a0\u00bb,\u00a0\u00bbparent\u00a0\u00bb:{\u00ab\u00a0headernav\u00a0\u00bb:\u00a0\u00bbhttps:\/\/www.liberation.fr\/\u00a0\u00bb},\u00a0\u00bborder\u00a0\u00bb:{\u00ab\u00a0headernav\u00a0\u00bb:1008},\u00a0\u00bbnode_type\u00a0\u00bb:\u00a0\u00bblink\u00a0\u00bb,\u00a0\u00bbchildren\u00a0\u00bb:[]},{\u00ab\u00a0_id\u00a0\u00bb:\u00a0\u00bb\/environnement\u00a0\u00bb,\u00a0\u00bb_website\u00a0\u00bb:\u00a0\u00bbliberation\u00a0\u00bb,\u00a0\u00bbname\u00a0\u00bb:\u00a0\u00bbEnvironnement\u00a0\u00bb,\u00a0\u00bbinactive\u00a0\u00bb:false,\u00a0\u00bbancestors\u00a0\u00bb:{\u00ab\u00a0default\u00a0\u00bb:[\u00ab\u00a0https:\/\/www.liberation.fr\/\u00a0\u00bb],\u00a0\u00bbamp-menu\u00a0\u00bb:[\u00ab\u00a0https:\/\/www.liberation.fr\/\u00a0\u00bb],\u00a0\u00bbburgermenu\u00a0\u00bb:[\u00ab\u00a0https:\/\/www.liberation.fr\/\u00a0\u00bb],\u00a0\u00bbfooter\u00a0\u00bb:[],\u00a0\u00bbheadernav\u00a0\u00bb:[\u00ab\u00a0https:\/\/www.liberation.fr\/\u00a0\u00bb],\u00a0\u00bbfooter2&Prime;:[]},\u00a0\u00bbparent\u00a0\u00bb:{\u00ab\u00a0default\u00a0\u00bb:\u00a0\u00bbhttps:\/\/www.liberation.fr\/\u00a0\u00bb,\u00a0\u00bbamp-menu\u00a0\u00bb:\u00a0\u00bbhttps:\/\/www.liberation.fr\/\u00a0\u00bb,\u00a0\u00bbburgermenu\u00a0\u00bb:\u00a0\u00bbhttps:\/\/www.liberation.fr\/\u00a0\u00bb,\u00a0\u00bbfooter\u00a0\u00bb:null,\u00a0\u00bbheadernav\u00a0\u00bb:\u00a0\u00bbhttps:\/\/www.liberation.fr\/\u00a0\u00bb,\u00a0\u00bbfooter2&Prime;:\u00a0\u00bbhttps:\/\/www.liberation.fr\/\u00a0\u00bb},\u00a0\u00bborder\u00a0\u00bb:{\u00ab\u00a0amp-menu\u00a0\u00bb:1008,\u00a0\u00bbburgermenu\u00a0\u00bb:1007,\u00a0\u00bbdefault\u00a0\u00bb:1007,\u00a0\u00bbheadernav\u00a0\u00bb:1009,\u00a0\u00bbfooter2&Prime;:1004},\u00a0\u00bb_admin\u00a0\u00bb:{\u00ab\u00a0alias_ids\u00a0\u00bb:[\u00ab\u00a0\/environnement\u00a0\u00bb,\u00a0\u00bb89&Prime;]},\u00a0\u00bbnavigation\u00a0\u00bb:{\u00ab\u00a0nav_title\u00a0\u00bb:null},\u00a0\u00bbsite\u00a0\u00bb:{\u00ab\u00a0pagebuilder_path_for_native_apps\u00a0\u00bb:null,\u00a0\u00bbsite_about\u00a0\u00bb:null,\u00a0\u00bbsite_description\u00a0\u00bb:\u00a0\u00bbRetrouvez toutes les derni\u00e8res infos sur l&rsquo;environnement et les enjeux pour la plan\u00e8te : climat, pollution, agriculture, biodiversit\u00e9, alimentation&#8230;\u00a0\u00bb,\u00a0\u00bbsite_keywords\u00a0\u00bb:null,\u00a0\u00bbsite_tagline\u00a0\u00bb:null,\u00a0\u00bbsite_title\u00a0\u00bb:\u00a0\u00bbToute l\u2019actualit\u00e9 Environnement avec Lib\u00e9ration\u00a0\u00bb,\u00a0\u00bbsite_url\u00a0\u00bb:null},\u00a0\u00bbsite_topper\u00a0\u00bb:{\u00ab\u00a0site_logo_image\u00a0\u00bb:null},\u00a0\u00bbsocial\u00a0\u00bb:{\u00ab\u00a0facebook\u00a0\u00bb:null,\u00a0\u00bbinstagram\u00a0\u00bb:null,\u00a0\u00bbrss\u00a0\u00bb:null,\u00a0\u00bbtwitter\u00a0\u00bb:null},\u00a0\u00bbnode_type\u00a0\u00bb:\u00a0\u00bbsection\u00a0\u00bb,\u00a0\u00bbchildren\u00a0\u00bb:[{\u00ab\u00a0_id\u00a0\u00bb:\u00a0\u00bb\/environnement\/biodiversite\u00a0\u00bb,\u00a0\u00bbsite\u00a0\u00bb:{\u00ab\u00a0site_tagline\u00a0\u00bb:null,\u00a0\u00bbsite_url\u00a0\u00bb:null,\u00a0\u00bbsite_title\u00a0\u00bb:\u00a0\u00bbBiodiversit\u00e9 : actualit\u00e9s et informations &#8211; Lib\u00e9ration\u00a0\u00bb,\u00a0\u00bbpagebuilder_path_for_native_apps\u00a0\u00bb:null,\u00a0\u00bbsite_about\u00a0\u00bb:null,\u00a0\u00bbsite_description\u00a0\u00bb:\u00a0\u00bbRetrouvez toute l&rsquo;actualit\u00e9 sur la biodiversit\u00e9 et ses enjeux sur la soci\u00e9t\u00e9 : derniers articles, analyses et t\u00e9moignages de la rubrique Biodiversit\u00e9 de Lib\u00e9ration.\u00a0\u00bb,\u00a0\u00bbsite_keywords\u00a0\u00bb:null},\u00a0\u00bbsite_topper\u00a0\u00bb:{\u00ab\u00a0site_logo_image\u00a0\u00bb:null},\u00a0\u00bbsocial\u00a0\u00bb:{\u00ab\u00a0twitter\u00a0\u00bb:null,\u00a0\u00bbfacebook\u00a0\u00bb:null,\u00a0\u00bbrss\u00a0\u00bb:null,\u00a0\u00bbinstagram\u00a0\u00bb:null},\u00a0\u00bbnavigation\u00a0\u00bb:{\u00ab\u00a0nav_title\u00a0\u00bb:\u00a0\u00bbBiodiversit\u00e9\u00a0\u00bb},\u00a0\u00bb_admin\u00a0\u00bb:{\u00ab\u00a0alias_ids\u00a0\u00bb:[\u00ab\u00a0\/environnement\/biodiversite\u00a0\u00bb,\u00a0\u00bb200014&Prime;]},\u00a0\u00bb_website\u00a0\u00bb:\u00a0\u00bbliberation\u00a0\u00bb,\u00a0\u00bbname\u00a0\u00bb:\u00a0\u00bbBiodiversit\u00e9\u00a0\u00bb,\u00a0\u00bborder\u00a0\u00bb:{\u00ab\u00a0burgermenu\u00a0\u00bb:2004,\u00a0\u00bbamp-menu\u00a0\u00bb:2003,\u00a0\u00bbdefault\u00a0\u00bb:2004},\u00a0\u00bbparent\u00a0\u00bb:{\u00ab\u00a0default\u00a0\u00bb:\u00a0\u00bb\/environnement\u00a0\u00bb,\u00a0\u00bbfooter\u00a0\u00bb:null,\u00a0\u00bbheadernav\u00a0\u00bb:\u00a0\u00bb\/environnement\u00a0\u00bb,\u00a0\u00bbburgermenu\u00a0\u00bb:\u00a0\u00bb\/environnement\u00a0\u00bb,\u00a0\u00bbamp-menu\u00a0\u00bb:\u00a0\u00bb\/environnement\u00a0\u00bb,\u00a0\u00bbfooter2&Prime;:\u00a0\u00bb\/environnement\u00a0\u00bb},\u00a0\u00bbancestors\u00a0\u00bb:{\u00ab\u00a0default\u00a0\u00bb:[\u00ab\u00a0\/environnement\u00a0\u00bb,\u00a0\u00bbhttps:\/\/www.liberation.fr\/\u00a0\u00bb],\u00a0\u00bbfooter\u00a0\u00bb:[],\u00a0\u00bbheadernav\u00a0\u00bb:[\u00ab\u00a0\/environnement\u00a0\u00bb],\u00a0\u00bbburgermenu\u00a0\u00bb:[\u00ab\u00a0\/environnement\u00a0\u00bb,\u00a0\u00bbhttps:\/\/www.liberation.fr\/\u00a0\u00bb],\u00a0\u00bbamp-menu\u00a0\u00bb:[\u00ab\u00a0https:\/\/www.liberation.fr\/\u00a0\u00bb,\u00a0\u00bb\/environnement\u00a0\u00bb],\u00a0\u00bbfooter2&Prime;:[\u00ab\u00a0\/environnement\u00a0\u00bb]},\u00a0\u00bbinactive\u00a0\u00bb:false,\u00a0\u00bbnode_type\u00a0\u00bb:\u00a0\u00bbsection\u00a0\u00bb,\u00a0\u00bbchildren\u00a0\u00bb:[]},{\u00ab\u00a0_id\u00a0\u00bb:\u00a0\u00bb\/environnement\/alimentation\u00a0\u00bb,\u00a0\u00bbsite\u00a0\u00bb:{\u00ab\u00a0site_tagline\u00a0\u00bb:null,\u00a0\u00bbsite_url\u00a0\u00bb:null,\u00a0\u00bbsite_title\u00a0\u00bb:\u00a0\u00bbAlimentation : actualit\u00e9s et informations &#8211; Lib\u00e9ration\u00a0\u00bb,\u00a0\u00bbpagebuilder_path_for_native_apps\u00a0\u00bb:null,\u00a0\u00bbsite_about\u00a0\u00bb:null,\u00a0\u00bbsite_description\u00a0\u00bb:\u00a0\u00bbRetrouvez toute l&rsquo;actualit\u00e9 sur l&rsquo;alimentation et ses enjeux sur la soci\u00e9t\u00e9 : derniers articles, analyses et t\u00e9moignages de la rubrique Alimentation de Lib\u00e9ration.\u00a0\u00bb,\u00a0\u00bbsite_keywords\u00a0\u00bb:null},\u00a0\u00bbsite_topper\u00a0\u00bb:{\u00ab\u00a0site_logo_image\u00a0\u00bb:null},\u00a0\u00bbsocial\u00a0\u00bb:{\u00ab\u00a0twitter\u00a0\u00bb:null,\u00a0\u00bbfacebook\u00a0\u00bb:null,\u00a0\u00bbrss\u00a0\u00bb:null,\u00a0\u00bbinstagram\u00a0\u00bb:null},\u00a0\u00bbnavigation\u00a0\u00bb:{\u00ab\u00a0nav_title\u00a0\u00bb:\u00a0\u00bbAlimentation\u00a0\u00bb},\u00a0\u00bb_admin\u00a0\u00bb:{\u00ab\u00a0alias_ids\u00a0\u00bb:[\u00ab\u00a0\/environnement\/alimentation\u00a0\u00bb,\u00a0\u00bb200011&Prime;]},\u00a0\u00bb_website\u00a0\u00bb:\u00a0\u00bbliberation\u00a0\u00bb,\u00a0\u00bbname\u00a0\u00bb:\u00a0\u00bbAlimentation\u00a0\u00bb,\u00a0\u00bborder\u00a0\u00bb:{\u00ab\u00a0burgermenu\u00a0\u00bb:2003,\u00a0\u00bbamp-menu\u00a0\u00bb:2002,\u00a0\u00bbdefault\u00a0\u00bb:2002},\u00a0\u00bbparent\u00a0\u00bb:{\u00ab\u00a0default\u00a0\u00bb:\u00a0\u00bb\/environnement\u00a0\u00bb,\u00a0\u00bbfooter\u00a0\u00bb:null,\u00a0\u00bbheadernav\u00a0\u00bb:\u00a0\u00bb\/environnement\u00a0\u00bb,\u00a0\u00bbburgermenu\u00a0\u00bb:\u00a0\u00bb\/environnement\u00a0\u00bb,\u00a0\u00bbamp-menu\u00a0\u00bb:\u00a0\u00bb\/environnement\u00a0\u00bb,\u00a0\u00bbfooter2&Prime;:\u00a0\u00bb\/environnement\u00a0\u00bb},\u00a0\u00bbancestors\u00a0\u00bb:{\u00ab\u00a0default\u00a0\u00bb:[\u00ab\u00a0\/environnement\u00a0\u00bb,\u00a0\u00bbhttps:\/\/www.liberation.fr\/\u00a0\u00bb],\u00a0\u00bbfooter\u00a0\u00bb:[],\u00a0\u00bbheadernav\u00a0\u00bb:[\u00ab\u00a0\/environnement\u00a0\u00bb],\u00a0\u00bbburgermenu\u00a0\u00bb:[\u00ab\u00a0\/environnement\u00a0\u00bb,\u00a0\u00bbhttps:\/\/www.liberation.fr\/\u00a0\u00bb],\u00a0\u00bbamp-menu\u00a0\u00bb:[\u00ab\u00a0https:\/\/www.liberation.fr\/\u00a0\u00bb,\u00a0\u00bb\/environnement\u00a0\u00bb],\u00a0\u00bbfooter2&Prime;:[\u00ab\u00a0\/environnement\u00a0\u00bb]},\u00a0\u00bbinactive\u00a0\u00bb:false,\u00a0\u00bbnode_type\u00a0\u00bb:\u00a0\u00bbsection\u00a0\u00bb,\u00a0\u00bbchildren\u00a0\u00bb:[]},{\u00ab\u00a0_id\u00a0\u00bb:\u00a0\u00bb\/environnement\/agriculture\u00a0\u00bb,\u00a0\u00bbsite\u00a0\u00bb:{\u00ab\u00a0site_tagline\u00a0\u00bb:null,\u00a0\u00bbsite_url\u00a0\u00bb:null,\u00a0\u00bbsite_title\u00a0\u00bb:\u00a0\u00bbAgriculture : actualit\u00e9s et informations &#8211; Lib\u00e9ration\u00a0\u00bb,\u00a0\u00bbpagebuilder_path_for_native_apps\u00a0\u00bb:null,\u00a0\u00bbsite_about\u00a0\u00bb:null,\u00a0\u00bbsite_description\u00a0\u00bb:\u00a0\u00bbRetrouvez toute l&rsquo;actualit\u00e9 sur l&rsquo;agriculture et ses enjeux sur la soci\u00e9t\u00e9 : derniers articles, analyses et t\u00e9moignages de la rubrique Agriculture de Lib\u00e9ration.\u00a0\u00bb,\u00a0\u00bbsite_keywords\u00a0\u00bb:null},\u00a0\u00bbsite_topper\u00a0\u00bb:{\u00ab\u00a0site_logo_image\u00a0\u00bb:null},\u00a0\u00bbsocial\u00a0\u00bb:{\u00ab\u00a0twitter\u00a0\u00bb:null,\u00a0\u00bbfacebook\u00a0\u00bb:null,\u00a0\u00bbrss\u00a0\u00bb:null,\u00a0\u00bbinstagram\u00a0\u00bb:null},\u00a0\u00bbnavigation\u00a0\u00bb:{\u00ab\u00a0nav_title\u00a0\u00bb:\u00a0\u00bbAgriculture\u00a0\u00bb},\u00a0\u00bb_admin\u00a0\u00bb:{\u00ab\u00a0alias_ids\u00a0\u00bb:[\u00ab\u00a0\/environnement\/agriculture\u00a0\u00bb,\u00a0\u00bb200013&Prime;]},\u00a0\u00bb_website\u00a0\u00bb:\u00a0\u00bbliberation\u00a0\u00bb,\u00a0\u00bbname\u00a0\u00bb:\u00a0\u00bbAgriculture\u00a0\u00bb,\u00a0\u00bborder\u00a0\u00bb:{\u00ab\u00a0burgermenu\u00a0\u00bb:2002,\u00a0\u00bbamp-menu\u00a0\u00bb:2001,\u00a0\u00bbdefault\u00a0\u00bb:2003},\u00a0\u00bbparent\u00a0\u00bb:{\u00ab\u00a0default\u00a0\u00bb:\u00a0\u00bb\/environnement\u00a0\u00bb,\u00a0\u00bbheadernav\u00a0\u00bb:\u00a0\u00bb\/environnement\u00a0\u00bb,\u00a0\u00bbburgermenu\u00a0\u00bb:\u00a0\u00bb\/environnement\u00a0\u00bb,\u00a0\u00bbamp-menu\u00a0\u00bb:\u00a0\u00bb\/environnement\u00a0\u00bb,\u00a0\u00bbfooter\u00a0\u00bb:null,\u00a0\u00bbfooter2&Prime;:\u00a0\u00bb\/environnement\u00a0\u00bb},\u00a0\u00bbancestors\u00a0\u00bb:{\u00ab\u00a0default\u00a0\u00bb:[\u00ab\u00a0\/environnement\u00a0\u00bb,\u00a0\u00bbhttps:\/\/www.liberation.fr\/\u00a0\u00bb],\u00a0\u00bbheadernav\u00a0\u00bb:[\u00ab\u00a0\/environnement\u00a0\u00bb],\u00a0\u00bbburgermenu\u00a0\u00bb:[\u00ab\u00a0\/environnement\u00a0\u00bb,\u00a0\u00bbhttps:\/\/www.liberation.fr\/\u00a0\u00bb],\u00a0\u00bbamp-menu\u00a0\u00bb:[\u00ab\u00a0https:\/\/www.liberation.fr\/\u00a0\u00bb,\u00a0\u00bb\/environnement\u00a0\u00bb],\u00a0\u00bbfooter\u00a0\u00bb:[],\u00a0\u00bbfooter2&Prime;:[\u00ab\u00a0\/environnement\u00a0\u00bb]},\u00a0\u00bbinactive\u00a0\u00bb:false,\u00a0\u00bbnode_type\u00a0\u00bb:\u00a0\u00bbsection\u00a0\u00bb,\u00a0\u00bbchildren\u00a0\u00bb:[]},{\u00ab\u00a0_id\u00a0\u00bb:\u00a0\u00bb\/environnement\/climat\u00a0\u00bb,\u00a0\u00bbsite\u00a0\u00bb:{\u00ab\u00a0site_tagline\u00a0\u00bb:null,\u00a0\u00bbsite_url\u00a0\u00bb:null,\u00a0\u00bbsite_title\u00a0\u00bb:\u00a0\u00bbClimat : actualit\u00e9s et informations &#8211; Lib\u00e9ration\u00a0\u00bb,\u00a0\u00bbpagebuilder_path_for_native_apps\u00a0\u00bb:null,\u00a0\u00bbsite_about\u00a0\u00bb:null,\u00a0\u00bbsite_description\u00a0\u00bb:\u00a0\u00bbRetrouvez toute l&rsquo;actualit\u00e9 sur le climat et ses enjeux sur la soci\u00e9t\u00e9 : derniers articles, analyses et t\u00e9moignages de la rubrique Climat de Lib\u00e9ration.\u00a0\u00bb,\u00a0\u00bbsite_keywords\u00a0\u00bb:null},\u00a0\u00bbsite_topper\u00a0\u00bb:{\u00ab\u00a0site_logo_image\u00a0\u00bb:null},\u00a0\u00bbsocial\u00a0\u00bb:{\u00ab\u00a0twitter\u00a0\u00bb:null,\u00a0\u00bbfacebook\u00a0\u00bb:null,\u00a0\u00bbrss\u00a0\u00bb:null,\u00a0\u00bbinstagram\u00a0\u00bb:null},\u00a0\u00bbnavigation\u00a0\u00bb:{\u00ab\u00a0nav_title\u00a0\u00bb:\u00a0\u00bbClimat\u00a0\u00bb},\u00a0\u00bb_admin\u00a0\u00bb:{\u00ab\u00a0alias_ids\u00a0\u00bb:[\u00ab\u00a0\/environnement\/climat\u00a0\u00bb,\u00a0\u00bb200053&Prime;]},\u00a0\u00bb_website\u00a0\u00bb:\u00a0\u00bbliberation\u00a0\u00bb,\u00a0\u00bbname\u00a0\u00bb:\u00a0\u00bbClimat\u00a0\u00bb,\u00a0\u00bborder\u00a0\u00bb:{\u00ab\u00a0burgermenu\u00a0\u00bb:2005,\u00a0\u00bbamp-menu\u00a0\u00bb:2004,\u00a0\u00bbdefault\u00a0\u00bb:2005},\u00a0\u00bbparent\u00a0\u00bb:{\u00ab\u00a0default\u00a0\u00bb:\u00a0\u00bb\/environnement\u00a0\u00bb,\u00a0\u00bbfooter\u00a0\u00bb:null,\u00a0\u00bbheadernav\u00a0\u00bb:\u00a0\u00bb\/environnement\u00a0\u00bb,\u00a0\u00bbburgermenu\u00a0\u00bb:\u00a0\u00bb\/environnement\u00a0\u00bb,\u00a0\u00bbamp-menu\u00a0\u00bb:\u00a0\u00bb\/environnement\u00a0\u00bb,\u00a0\u00bbfooter2&Prime;:\u00a0\u00bb\/environnement\u00a0\u00bb},\u00a0\u00bbancestors\u00a0\u00bb:{\u00ab\u00a0default\u00a0\u00bb:[\u00ab\u00a0\/environnement\u00a0\u00bb,\u00a0\u00bbhttps:\/\/www.liberation.fr\/\u00a0\u00bb],\u00a0\u00bbfooter\u00a0\u00bb:[],\u00a0\u00bbheadernav\u00a0\u00bb:[\u00ab\u00a0\/environnement\u00a0\u00bb],\u00a0\u00bbburgermenu\u00a0\u00bb:[\u00ab\u00a0\/environnement\u00a0\u00bb,\u00a0\u00bbhttps:\/\/www.liberation.fr\/\u00a0\u00bb],\u00a0\u00bbamp-menu\u00a0\u00bb:[\u00ab\u00a0https:\/\/www.liberation.fr\/\u00a0\u00bb,\u00a0\u00bb\/environnement\u00a0\u00bb],\u00a0\u00bbfooter2&Prime;:[\u00ab\u00a0\/environnement\u00a0\u00bb]},\u00a0\u00bbinactive\u00a0\u00bb:false,\u00a0\u00bbnode_type\u00a0\u00bb:\u00a0\u00bbsection\u00a0\u00bb,\u00a0\u00bbchildren\u00a0\u00bb:[]},{\u00ab\u00a0_id\u00a0\u00bb:\u00a0\u00bb\/environnement\/nucleaire\u00a0\u00bb,\u00a0\u00bbsite\u00a0\u00bb:{\u00ab\u00a0site_tagline\u00a0\u00bb:null,\u00a0\u00bbsite_url\u00a0\u00bb:null,\u00a0\u00bbsite_title\u00a0\u00bb:\u00a0\u00bbNucl\u00e9aire : actualit\u00e9s et informations &#8211; Lib\u00e9ration\u00a0\u00bb,\u00a0\u00bbpagebuilder_path_for_native_apps\u00a0\u00bb:null,\u00a0\u00bbsite_about\u00a0\u00bb:null,\u00a0\u00bbsite_description\u00a0\u00bb:\u00a0\u00bbRetrouvez toute l&rsquo;actualit\u00e9 sur le nucl\u00e9aire et ses enjeux sur la soci\u00e9t\u00e9 : derniers articles, analyses et t\u00e9moignages de la rubrique Nucl\u00e9aire de Lib\u00e9ration.\u00a0\u00bb,\u00a0\u00bbsite_keywords\u00a0\u00bb:null},\u00a0\u00bbsite_topper\u00a0\u00bb:{\u00ab\u00a0site_logo_image\u00a0\u00bb:null},\u00a0\u00bbsocial\u00a0\u00bb:{\u00ab\u00a0twitter\u00a0\u00bb:null,\u00a0\u00bbfacebook\u00a0\u00bb:null,\u00a0\u00bbrss\u00a0\u00bb:null,\u00a0\u00bbinstagram\u00a0\u00bb:null},\u00a0\u00bbnavigation\u00a0\u00bb:{\u00ab\u00a0nav_title\u00a0\u00bb:\u00a0\u00bbNucl\u00e9aire\u00a0\u00bb},\u00a0\u00bb_admin\u00a0\u00bb:{\u00ab\u00a0alias_ids\u00a0\u00bb:[\u00ab\u00a0\/environnement\/nucleaire\u00a0\u00bb,\u00a0\u00bb200015&Prime;]},\u00a0\u00bb_website\u00a0\u00bb:\u00a0\u00bbliberation\u00a0\u00bb,\u00a0\u00bbname\u00a0\u00bb:\u00a0\u00bbNucl\u00e9aire\u00a0\u00bb,\u00a0\u00bborder\u00a0\u00bb:{\u00ab\u00a0burgermenu\u00a0\u00bb:2006,\u00a0\u00bbamp-menu\u00a0\u00bb:2005,\u00a0\u00bbdefault\u00a0\u00bb:2006},\u00a0\u00bbparent\u00a0\u00bb:{\u00ab\u00a0default\u00a0\u00bb:\u00a0\u00bb\/environnement\u00a0\u00bb,\u00a0\u00bbheadernav\u00a0\u00bb:\u00a0\u00bb\/environnement\u00a0\u00bb,\u00a0\u00bbburgermenu\u00a0\u00bb:\u00a0\u00bb\/environnement\u00a0\u00bb,\u00a0\u00bbamp-menu\u00a0\u00bb:\u00a0\u00bb\/environnement\u00a0\u00bb,\u00a0\u00bbfooter\u00a0\u00bb:null,\u00a0\u00bbfooter2&Prime;:\u00a0\u00bb\/environnement\u00a0\u00bb},\u00a0\u00bbancestors\u00a0\u00bb:{\u00ab\u00a0default\u00a0\u00bb:[\u00ab\u00a0\/environnement\u00a0\u00bb,\u00a0\u00bbhttps:\/\/www.liberation.fr\/\u00a0\u00bb],\u00a0\u00bbheadernav\u00a0\u00bb:[\u00ab\u00a0\/environnement\u00a0\u00bb],\u00a0\u00bbburgermenu\u00a0\u00bb:[\u00ab\u00a0\/environnement\u00a0\u00bb,\u00a0\u00bbhttps:\/\/www.liberation.fr\/\u00a0\u00bb],\u00a0\u00bbamp-menu\u00a0\u00bb:[\u00ab\u00a0https:\/\/www.liberation.fr\/\u00a0\u00bb,\u00a0\u00bb\/environnement\u00a0\u00bb],\u00a0\u00bbfooter\u00a0\u00bb:[],\u00a0\u00bbfooter2&Prime;:[\u00ab\u00a0\/environnement\u00a0\u00bb]},\u00a0\u00bbinactive\u00a0\u00bb:false,\u00a0\u00bbnode_type\u00a0\u00bb:\u00a0\u00bbsection\u00a0\u00bb,\u00a0\u00bbchildren\u00a0\u00bb:[]},{\u00ab\u00a0_id\u00a0\u00bb:\u00a0\u00bb\/environnement\/pollution\u00a0\u00bb,\u00a0\u00bbsite\u00a0\u00bb:{\u00ab\u00a0site_tagline\u00a0\u00bb:null,\u00a0\u00bbsite_url\u00a0\u00bb:null,\u00a0\u00bbsite_title\u00a0\u00bb:\u00a0\u00bbPollution : actualit\u00e9s et informations &#8211; Lib\u00e9ration\u00a0\u00bb,\u00a0\u00bbpagebuilder_path_for_native_apps\u00a0\u00bb:null,\u00a0\u00bbsite_about\u00a0\u00bb:null,\u00a0\u00bbsite_description\u00a0\u00bb:\u00a0\u00bbRetrouvez toute l&rsquo;actualit\u00e9 sur la pollution et ses enjeux sur la soci\u00e9t\u00e9 : derniers articles, analyses et t\u00e9moignages de la rubrique Pollution de Lib\u00e9ration.\u00a0\u00bb,\u00a0\u00bbsite_keywords\u00a0\u00bb:null},\u00a0\u00bbsite_topper\u00a0\u00bb:{\u00ab\u00a0site_logo_image\u00a0\u00bb:null},\u00a0\u00bbsocial\u00a0\u00bb:{\u00ab\u00a0twitter\u00a0\u00bb:null,\u00a0\u00bbfacebook\u00a0\u00bb:null,\u00a0\u00bbrss\u00a0\u00bb:null,\u00a0\u00bbinstagram\u00a0\u00bb:null},\u00a0\u00bbnavigation\u00a0\u00bb:{\u00ab\u00a0nav_title\u00a0\u00bb:\u00a0\u00bbPollution\u00a0\u00bb},\u00a0\u00bb_admin\u00a0\u00bb:{\u00ab\u00a0alias_ids\u00a0\u00bb:[\u00ab\u00a0\/environnement\/pollution\u00a0\u00bb,\u00a0\u00bb200012&Prime;]},\u00a0\u00bb_website\u00a0\u00bb:\u00a0\u00bbliberation\u00a0\u00bb,\u00a0\u00bbname\u00a0\u00bb:\u00a0\u00bbPollution\u00a0\u00bb,\u00a0\u00bborder\u00a0\u00bb:{\u00ab\u00a0burgermenu\u00a0\u00bb:2007,\u00a0\u00bbamp-menu\u00a0\u00bb:2006,\u00a0\u00bbdefault\u00a0\u00bb:2007},\u00a0\u00bbparent\u00a0\u00bb:{\u00ab\u00a0default\u00a0\u00bb:\u00a0\u00bb\/environnement\u00a0\u00bb,\u00a0\u00bbheadernav\u00a0\u00bb:\u00a0\u00bb\/environnement\u00a0\u00bb,\u00a0\u00bbburgermenu\u00a0\u00bb:\u00a0\u00bb\/environnement\u00a0\u00bb,\u00a0\u00bbamp-menu\u00a0\u00bb:\u00a0\u00bb\/environnement\u00a0\u00bb,\u00a0\u00bbfooter\u00a0\u00bb:null,\u00a0\u00bbfooter2&Prime;:\u00a0\u00bb\/environnement\u00a0\u00bb},\u00a0\u00bbancestors\u00a0\u00bb:{\u00ab\u00a0default\u00a0\u00bb:[\u00ab\u00a0\/environnement\u00a0\u00bb,\u00a0\u00bbhttps:\/\/www.liberation.fr\/\u00a0\u00bb],\u00a0\u00bbheadernav\u00a0\u00bb:[\u00ab\u00a0\/environnement\u00a0\u00bb],\u00a0\u00bbburgermenu\u00a0\u00bb:[\u00ab\u00a0\/environnement\u00a0\u00bb,\u00a0\u00bbhttps:\/\/www.liberation.fr\/\u00a0\u00bb],\u00a0\u00bbamp-menu\u00a0\u00bb:[\u00ab\u00a0https:\/\/www.liberation.fr\/\u00a0\u00bb,\u00a0\u00bb\/environnement\u00a0\u00bb],\u00a0\u00bbfooter\u00a0\u00bb:[],\u00a0\u00bbfooter2&Prime;:[\u00ab\u00a0\/environnement\u00a0\u00bb]},\u00a0\u00bbinactive\u00a0\u00bb:false,\u00a0\u00bbnode_type\u00a0\u00bb:\u00a0\u00bbsection\u00a0\u00bb,\u00a0\u00bbchildren\u00a0\u00bb:[]}]},{\u00ab\u00a0_id\u00a0\u00bb:\u00a0\u00bb\/economie\u00a0\u00bb,\u00a0\u00bbsite\u00a0\u00bb:{\u00ab\u00a0site_tagline\u00a0\u00bb:null,\u00a0\u00bbsite_url\u00a0\u00bb:null,\u00a0\u00bbsite_title\u00a0\u00bb:\u00a0\u00bbEconomie : toute l&rsquo;actualit\u00e9 \u00e9conomique avec Lib\u00e9ration\u00a0\u00bb,\u00a0\u00bbsite_about\u00a0\u00bb:null,\u00a0\u00bbpagebuilder_path_for_native_apps\u00a0\u00bb:null,\u00a0\u00bbsite_description\u00a0\u00bb:\u00a0\u00bbRetrouvez toute l&rsquo;actualit\u00e9 \u00e9conomique et financi\u00e8re en France et \u00e0 l&rsquo;international : conjoncture, \u00e9conomie num\u00e9rique, m\u00e9dias, social, transports&#8230;\u00a0\u00bb,\u00a0\u00bbsite_keywords\u00a0\u00bb:null},\u00a0\u00bbsite_topper\u00a0\u00bb:{\u00ab\u00a0site_logo_image\u00a0\u00bb:null},\u00a0\u00bbsocial\u00a0\u00bb:{\u00ab\u00a0twitter\u00a0\u00bb:null,\u00a0\u00bbfacebook\u00a0\u00bb:null,\u00a0\u00bbrss\u00a0\u00bb:null,\u00a0\u00bbinstagram\u00a0\u00bb:null},\u00a0\u00bbnavigation\u00a0\u00bb:{\u00ab\u00a0nav_title\u00a0\u00bb:\u00a0\u00bbEconomie\u00a0\u00bb},\u00a0\u00bb_admin\u00a0\u00bb:{\u00ab\u00a0alias_ids\u00a0\u00bb:[\u00ab\u00a0https:\/\/www.liberation.fr\/economie\/\u00a0\u00bb,\u00a0\u00bb200001&Prime;]},\u00a0\u00bb_website\u00a0\u00bb:\u00a0\u00bbliberation\u00a0\u00bb,\u00a0\u00bbname\u00a0\u00bb:\u00a0\u00bbEconomie\u00a0\u00bb,\u00a0\u00bborder\u00a0\u00bb:{\u00ab\u00a0amp-menu\u00a0\u00bb:1007,\u00a0\u00bbburgermenu\u00a0\u00bb:1013,\u00a0\u00bbdefault\u00a0\u00bb:1009,\u00a0\u00bbheadernav\u00a0\u00bb:1010,\u00a0\u00bbfooter2&Prime;:1006},\u00a0\u00bbparent\u00a0\u00bb:{\u00ab\u00a0default\u00a0\u00bb:\u00a0\u00bbhttps:\/\/www.liberation.fr\/\u00a0\u00bb,\u00a0\u00bbamp-menu\u00a0\u00bb:\u00a0\u00bbhttps:\/\/www.liberation.fr\/\u00a0\u00bb,\u00a0\u00bbburgermenu\u00a0\u00bb:\u00a0\u00bbhttps:\/\/www.liberation.fr\/\u00a0\u00bb,\u00a0\u00bbfooter\u00a0\u00bb:null,\u00a0\u00bbaccueil-tag-block\u00a0\u00bb:null,\u00a0\u00bbheadernav\u00a0\u00bb:\u00a0\u00bbhttps:\/\/www.liberation.fr\/\u00a0\u00bb,\u00a0\u00bbfooter2&Prime;:\u00a0\u00bbhttps:\/\/www.liberation.fr\/\u00a0\u00bb},\u00a0\u00bbancestors\u00a0\u00bb:{\u00ab\u00a0default\u00a0\u00bb:[\u00ab\u00a0https:\/\/www.liberation.fr\/\u00a0\u00bb],\u00a0\u00bbamp-menu\u00a0\u00bb:[\u00ab\u00a0https:\/\/www.liberation.fr\/\u00a0\u00bb],\u00a0\u00bbburgermenu\u00a0\u00bb:[\u00ab\u00a0https:\/\/www.liberation.fr\/\u00a0\u00bb],\u00a0\u00bbfooter\u00a0\u00bb:[],\u00a0\u00bbaccueil-tag-block\u00a0\u00bb:[],\u00a0\u00bbheadernav\u00a0\u00bb:[\u00ab\u00a0https:\/\/www.liberation.fr\/\u00a0\u00bb],\u00a0\u00bbfooter2&Prime;:[]},\u00a0\u00bbinactive\u00a0\u00bb:false,\u00a0\u00bbnode_type\u00a0\u00bb:\u00a0\u00bbsection\u00a0\u00bb,\u00a0\u00bbchildren\u00a0\u00bb:[{\u00ab\u00a0_id\u00a0\u00bb:\u00a0\u00bb\/economie\/transports\u00a0\u00bb,\u00a0\u00bbsite\u00a0\u00bb:{\u00ab\u00a0site_tagline\u00a0\u00bb:null,\u00a0\u00bbsite_url\u00a0\u00bb:null,\u00a0\u00bbsite_title\u00a0\u00bb:\u00a0\u00bbTransports : actualit\u00e9s et informations &#8211; Lib\u00e9ration\u00a0\u00bb,\u00a0\u00bbpagebuilder_path_for_native_apps\u00a0\u00bb:null,\u00a0\u00bbsite_about\u00a0\u00bb:null,\u00a0\u00bbsite_description\u00a0\u00bb:\u00a0\u00bbRetrouvez toute l&rsquo;actualit\u00e9 sur le secteur des Transports et ses enjeux : derniers articles, analyses et t\u00e9moignages de la rubrique Transports de Lib\u00e9ration.\u00a0\u00bb,\u00a0\u00bbsite_keywords\u00a0\u00bb:null},\u00a0\u00bbsite_topper\u00a0\u00bb:{\u00ab\u00a0site_logo_image\u00a0\u00bb:null},\u00a0\u00bbsocial\u00a0\u00bb:{\u00ab\u00a0twitter\u00a0\u00bb:null,\u00a0\u00bbfacebook\u00a0\u00bb:null,\u00a0\u00bbrss\u00a0\u00bb:null,\u00a0\u00bbinstagram\u00a0\u00bb:null},\u00a0\u00bbnavigation\u00a0\u00bb:{\u00ab\u00a0nav_title\u00a0\u00bb:\u00a0\u00bbTransports\u00a0\u00bb},\u00a0\u00bb_admin\u00a0\u00bb:{\u00ab\u00a0alias_ids\u00a0\u00bb:[\u00ab\u00a0\/economie\/transports\u00a0\u00bb,\u00a0\u00bb200007&Prime;]},\u00a0\u00bb_website\u00a0\u00bb:\u00a0\u00bbliberation\u00a0\u00bb,\u00a0\u00bbname\u00a0\u00bb:\u00a0\u00bbTransports\u00a0\u00bb,\u00a0\u00bborder\u00a0\u00bb:{\u00ab\u00a0default\u00a0\u00bb:2001,\u00a0\u00bbheadernav\u00a0\u00bb:2001,\u00a0\u00bbburgermenu\u00a0\u00bb:2003,\u00a0\u00bbamp-menu\u00a0\u00bb:2004,\u00a0\u00bbfooter2&Prime;:2001},\u00a0\u00bbparent\u00a0\u00bb:{\u00ab\u00a0default\u00a0\u00bb:\u00a0\u00bb\/economie\u00a0\u00bb,\u00a0\u00bbfooter\u00a0\u00bb:null,\u00a0\u00bbheadernav\u00a0\u00bb:\u00a0\u00bb\/economie\u00a0\u00bb,\u00a0\u00bbburgermenu\u00a0\u00bb:\u00a0\u00bb\/economie\u00a0\u00bb,\u00a0\u00bbamp-menu\u00a0\u00bb:\u00a0\u00bb\/economie\u00a0\u00bb,\u00a0\u00bbfooter2&Prime;:\u00a0\u00bb\/economie\u00a0\u00bb},\u00a0\u00bbancestors\u00a0\u00bb:{\u00ab\u00a0default\u00a0\u00bb:[\u00ab\u00a0\/economie\u00a0\u00bb],\u00a0\u00bbfooter\u00a0\u00bb:[],\u00a0\u00bbheadernav\u00a0\u00bb:[\u00ab\u00a0https:\/\/www.liberation.fr\/\u00a0\u00bb,\u00a0\u00bb\/economie\u00a0\u00bb],\u00a0\u00bbburgermenu\u00a0\u00bb:[\u00ab\u00a0https:\/\/www.liberation.fr\/\u00a0\u00bb,\u00a0\u00bb\/economie\u00a0\u00bb],\u00a0\u00bbamp-menu\u00a0\u00bb:[\u00ab\u00a0https:\/\/www.liberation.fr\/\u00a0\u00bb,\u00a0\u00bb\/economie\u00a0\u00bb],\u00a0\u00bbfooter2&Prime;:[\u00ab\u00a0\/economie\u00a0\u00bb]},\u00a0\u00bbinactive\u00a0\u00bb:false,\u00a0\u00bbnode_type\u00a0\u00bb:\u00a0\u00bbsection\u00a0\u00bb,\u00a0\u00bbchildren\u00a0\u00bb:[]},{\u00ab\u00a0_id\u00a0\u00bb:\u00a0\u00bb\/economie\/medias\u00a0\u00bb,\u00a0\u00bbsite\u00a0\u00bb:{\u00ab\u00a0site_tagline\u00a0\u00bb:null,\u00a0\u00bbsite_url\u00a0\u00bb:null,\u00a0\u00bbsite_title\u00a0\u00bb:\u00a0\u00bbToute l\u2019actualit\u00e9 m\u00e9dia avec Lib\u00e9ration &#8211; Lib\u00e9ration\u00a0\u00bb,\u00a0\u00bbpagebuilder_path_for_native_apps\u00a0\u00bb:null,\u00a0\u00bbsite_about\u00a0\u00bb:null,\u00a0\u00bbsite_description\u00a0\u00bb:\u00a0\u00bbActualit\u00e9 m\u00e9dia &#8211; tout savoir sur les derni\u00e8res infos m\u00e9dias avec Lib\u00e9ration : t\u00e9l\u00e9vision, radio, journal, audiences, communication&#8230;\u00a0\u00bb,\u00a0\u00bbsite_keywords\u00a0\u00bb:null},\u00a0\u00bbsite_topper\u00a0\u00bb:{\u00ab\u00a0site_logo_image\u00a0\u00bb:null},\u00a0\u00bbsocial\u00a0\u00bb:{\u00ab\u00a0twitter\u00a0\u00bb:null,\u00a0\u00bbfacebook\u00a0\u00bb:null,\u00a0\u00bbrss\u00a0\u00bb:null,\u00a0\u00bbinstagram\u00a0\u00bb:null},\u00a0\u00bbnavigation\u00a0\u00bb:{\u00ab\u00a0nav_title\u00a0\u00bb:\u00a0\u00bbM\u00e9dias\u00a0\u00bb},\u00a0\u00bb_admin\u00a0\u00bb:{\u00ab\u00a0alias_ids\u00a0\u00bb:[\u00ab\u00a0\/economie\/medias\u00a0\u00bb,\u00a0\u00bb200008&Prime;]},\u00a0\u00bb_website\u00a0\u00bb:\u00a0\u00bbliberation\u00a0\u00bb,\u00a0\u00bbname\u00a0\u00bb:\u00a0\u00bbM\u00e9dias\u00a0\u00bb,\u00a0\u00bborder\u00a0\u00bb:{\u00ab\u00a0default\u00a0\u00bb:2002,\u00a0\u00bbheadernav\u00a0\u00bb:2002,\u00a0\u00bbburgermenu\u00a0\u00bb:2001,\u00a0\u00bbamp-menu\u00a0\u00bb:2002,\u00a0\u00bbfooter2&Prime;:2002},\u00a0\u00bbparent\u00a0\u00bb:{\u00ab\u00a0default\u00a0\u00bb:\u00a0\u00bb\/economie\u00a0\u00bb,\u00a0\u00bbfooter\u00a0\u00bb:null,\u00a0\u00bbheadernav\u00a0\u00bb:\u00a0\u00bb\/economie\u00a0\u00bb,\u00a0\u00bbburgermenu\u00a0\u00bb:\u00a0\u00bb\/economie\u00a0\u00bb,\u00a0\u00bbamp-menu\u00a0\u00bb:\u00a0\u00bb\/economie\u00a0\u00bb,\u00a0\u00bbfooter2&Prime;:\u00a0\u00bb\/economie\u00a0\u00bb},\u00a0\u00bbancestors\u00a0\u00bb:{\u00ab\u00a0default\u00a0\u00bb:[\u00ab\u00a0\/economie\u00a0\u00bb],\u00a0\u00bbfooter\u00a0\u00bb:[],\u00a0\u00bbheadernav\u00a0\u00bb:[\u00ab\u00a0https:\/\/www.liberation.fr\/\u00a0\u00bb,\u00a0\u00bb\/economie\u00a0\u00bb],\u00a0\u00bbburgermenu\u00a0\u00bb:[\u00ab\u00a0https:\/\/www.liberation.fr\/\u00a0\u00bb,\u00a0\u00bb\/economie\u00a0\u00bb],\u00a0\u00bbamp-menu\u00a0\u00bb:[\u00ab\u00a0https:\/\/www.liberation.fr\/\u00a0\u00bb,\u00a0\u00bb\/economie\u00a0\u00bb],\u00a0\u00bbfooter2&Prime;:[\u00ab\u00a0\/economie\u00a0\u00bb]},\u00a0\u00bbinactive\u00a0\u00bb:false,\u00a0\u00bbnode_type\u00a0\u00bb:\u00a0\u00bbsection\u00a0\u00bb,\u00a0\u00bbchildren\u00a0\u00bb:[]},{\u00ab\u00a0_id\u00a0\u00bb:\u00a0\u00bb\/economie\/economie-numerique\u00a0\u00bb,\u00a0\u00bbsite\u00a0\u00bb:{\u00ab\u00a0site_tagline\u00a0\u00bb:null,\u00a0\u00bbsite_url\u00a0\u00bb:null,\u00a0\u00bbsite_title\u00a0\u00bb:\u00a0\u00bbEconomie num\u00e9rique : actualit\u00e9s et informations &#8211; Lib\u00e9ration\u00a0\u00bb,\u00a0\u00bbpagebuilder_path_for_native_apps\u00a0\u00bb:null,\u00a0\u00bbsite_about\u00a0\u00bb:null,\u00a0\u00bbsite_description\u00a0\u00bb:\u00a0\u00bbRetrouvez toute l&rsquo;actualit\u00e9 sur l&rsquo;\u00e9conomie num\u00e9rique et ses enjeux : derniers articles, analyses et t\u00e9moignages de la rubrique Economie Num\u00e9rique de Lib\u00e9ration.\u00a0\u00bb,\u00a0\u00bbsite_keywords\u00a0\u00bb:null},\u00a0\u00bbsite_topper\u00a0\u00bb:{\u00ab\u00a0site_logo_image\u00a0\u00bb:null},\u00a0\u00bbsocial\u00a0\u00bb:{\u00ab\u00a0twitter\u00a0\u00bb:null,\u00a0\u00bbfacebook\u00a0\u00bb:null,\u00a0\u00bbrss\u00a0\u00bb:null,\u00a0\u00bbinstagram\u00a0\u00bb:null},\u00a0\u00bbnavigation\u00a0\u00bb:{\u00ab\u00a0nav_title\u00a0\u00bb:\u00a0\u00bbEconomie num\u00e9rique\u00a0\u00bb},\u00a0\u00bb_admin\u00a0\u00bb:{\u00ab\u00a0alias_ids\u00a0\u00bb:[\u00ab\u00a0\/economie\/economie-numerique\u00a0\u00bb,\u00a0\u00bb200009&Prime;]},\u00a0\u00bb_website\u00a0\u00bb:\u00a0\u00bbliberation\u00a0\u00bb,\u00a0\u00bbname\u00a0\u00bb:\u00a0\u00bbEconomie num\u00e9rique\u00a0\u00bb,\u00a0\u00bborder\u00a0\u00bb:{\u00ab\u00a0default\u00a0\u00bb:2003,\u00a0\u00bbheadernav\u00a0\u00bb:2003,\u00a0\u00bbburgermenu\u00a0\u00bb:2004,\u00a0\u00bbamp-menu\u00a0\u00bb:2001,\u00a0\u00bbfooter2&Prime;:2003},\u00a0\u00bbparent\u00a0\u00bb:{\u00ab\u00a0default\u00a0\u00bb:\u00a0\u00bb\/economie\u00a0\u00bb,\u00a0\u00bbfooter\u00a0\u00bb:null,\u00a0\u00bbheadernav\u00a0\u00bb:\u00a0\u00bb\/economie\u00a0\u00bb,\u00a0\u00bbburgermenu\u00a0\u00bb:\u00a0\u00bb\/economie\u00a0\u00bb,\u00a0\u00bbamp-menu\u00a0\u00bb:\u00a0\u00bb\/economie\u00a0\u00bb,\u00a0\u00bbfooter2&Prime;:\u00a0\u00bb\/economie\u00a0\u00bb},\u00a0\u00bbancestors\u00a0\u00bb:{\u00ab\u00a0default\u00a0\u00bb:[\u00ab\u00a0\/economie\u00a0\u00bb],\u00a0\u00bbfooter\u00a0\u00bb:[],\u00a0\u00bbheadernav\u00a0\u00bb:[\u00ab\u00a0https:\/\/www.liberation.fr\/\u00a0\u00bb,\u00a0\u00bb\/economie\u00a0\u00bb],\u00a0\u00bbburgermenu\u00a0\u00bb:[\u00ab\u00a0https:\/\/www.liberation.fr\/\u00a0\u00bb,\u00a0\u00bb\/economie\u00a0\u00bb],\u00a0\u00bbamp-menu\u00a0\u00bb:[\u00ab\u00a0https:\/\/www.liberation.fr\/\u00a0\u00bb,\u00a0\u00bb\/economie\u00a0\u00bb],\u00a0\u00bbfooter2&Prime;:[\u00ab\u00a0\/economie\u00a0\u00bb]},\u00a0\u00bbinactive\u00a0\u00bb:false,\u00a0\u00bbnode_type\u00a0\u00bb:\u00a0\u00bbsection\u00a0\u00bb,\u00a0\u00bbchildren\u00a0\u00bb:[]},{\u00ab\u00a0_id\u00a0\u00bb:\u00a0\u00bb\/economie\/social\u00a0\u00bb,\u00a0\u00bbsite\u00a0\u00bb:{\u00ab\u00a0site_tagline\u00a0\u00bb:null,\u00a0\u00bbsite_url\u00a0\u00bb:null,\u00a0\u00bbsite_title\u00a0\u00bb:\u00a0\u00bbSocial : actualit\u00e9s et informations &#8211; Lib\u00e9ration\u00a0\u00bb,\u00a0\u00bbpagebuilder_path_for_native_apps\u00a0\u00bb:null,\u00a0\u00bbsite_about\u00a0\u00bb:null,\u00a0\u00bbsite_description\u00a0\u00bb:\u00a0\u00bbRetrouvez toute l&rsquo;actualit\u00e9 \u00e9conomique et sociale avec Lib\u00e9ration : derniers articles, analyses et t\u00e9moignages&#8230;\u00a0\u00bb,\u00a0\u00bbsite_keywords\u00a0\u00bb:null},\u00a0\u00bbsite_topper\u00a0\u00bb:{\u00ab\u00a0site_logo_image\u00a0\u00bb:null},\u00a0\u00bbsocial\u00a0\u00bb:{\u00ab\u00a0twitter\u00a0\u00bb:null,\u00a0\u00bbfacebook\u00a0\u00bb:null,\u00a0\u00bbrss\u00a0\u00bb:null,\u00a0\u00bbinstagram\u00a0\u00bb:null},\u00a0\u00bbnavigation\u00a0\u00bb:{\u00ab\u00a0nav_title\u00a0\u00bb:\u00a0\u00bbSocial\u00a0\u00bb},\u00a0\u00bb_admin\u00a0\u00bb:{\u00ab\u00a0alias_ids\u00a0\u00bb:[\u00ab\u00a0\/economie\/social\u00a0\u00bb,\u00a0\u00bb200010&Prime;]},\u00a0\u00bb_website\u00a0\u00bb:\u00a0\u00bbliberation\u00a0\u00bb,\u00a0\u00bbname\u00a0\u00bb:\u00a0\u00bbSocial\u00a0\u00bb,\u00a0\u00bborder\u00a0\u00bb:{\u00ab\u00a0default\u00a0\u00bb:2004,\u00a0\u00bbheadernav\u00a0\u00bb:2004,\u00a0\u00bbburgermenu\u00a0\u00bb:2002,\u00a0\u00bbamp-menu\u00a0\u00bb:2003,\u00a0\u00bbfooter2&Prime;:2004},\u00a0\u00bbparent\u00a0\u00bb:{\u00ab\u00a0default\u00a0\u00bb:\u00a0\u00bb\/economie\u00a0\u00bb,\u00a0\u00bbheadernav\u00a0\u00bb:\u00a0\u00bb\/economie\u00a0\u00bb,\u00a0\u00bbburgermenu\u00a0\u00bb:\u00a0\u00bb\/economie\u00a0\u00bb,\u00a0\u00bbamp-menu\u00a0\u00bb:\u00a0\u00bb\/economie\u00a0\u00bb,\u00a0\u00bbfooter\u00a0\u00bb:null,\u00a0\u00bbfooter2&Prime;:\u00a0\u00bb\/economie\u00a0\u00bb},\u00a0\u00bbancestors\u00a0\u00bb:{\u00ab\u00a0default\u00a0\u00bb:[\u00ab\u00a0\/economie\u00a0\u00bb],\u00a0\u00bbheadernav\u00a0\u00bb:[\u00ab\u00a0https:\/\/www.liberation.fr\/\u00a0\u00bb,\u00a0\u00bb\/economie\u00a0\u00bb],\u00a0\u00bbburgermenu\u00a0\u00bb:[\u00ab\u00a0https:\/\/www.liberation.fr\/\u00a0\u00bb,\u00a0\u00bb\/economie\u00a0\u00bb],\u00a0\u00bbamp-menu\u00a0\u00bb:[\u00ab\u00a0https:\/\/www.liberation.fr\/\u00a0\u00bb,\u00a0\u00bb\/economie\u00a0\u00bb],\u00a0\u00bbfooter\u00a0\u00bb:[],\u00a0\u00bbfooter2&Prime;:[\u00ab\u00a0\/economie\u00a0\u00bb]},\u00a0\u00bbinactive\u00a0\u00bb:false,\u00a0\u00bbnode_type\u00a0\u00bb:\u00a0\u00bbsection\u00a0\u00bb,\u00a0\u00bbchildren\u00a0\u00bb:[]}]},{\u00ab\u00a0_id\u00a0\u00bb:\u00a0\u00bb\/lifestyle\u00a0\u00bb,\u00a0\u00bb_website\u00a0\u00bb:\u00a0\u00bbliberation\u00a0\u00bb,\u00a0\u00bbname\u00a0\u00bb:\u00a0\u00bbLifestyle\u00a0\u00bb,\u00a0\u00bbinactive\u00a0\u00bb:false,\u00a0\u00bbancestors\u00a0\u00bb:{\u00ab\u00a0default\u00a0\u00bb:[\u00ab\u00a0https:\/\/www.liberation.fr\/\u00a0\u00bb],\u00a0\u00bbburgermenu\u00a0\u00bb:[\u00ab\u00a0https:\/\/www.liberation.fr\/\u00a0\u00bb],\u00a0\u00bbheadernav\u00a0\u00bb:[\u00ab\u00a0https:\/\/www.liberation.fr\/\u00a0\u00bb],\u00a0\u00bbamp-menu\u00a0\u00bb:[\u00ab\u00a0https:\/\/www.liberation.fr\/\u00a0\u00bb],\u00a0\u00bbfooter\u00a0\u00bb:[],\u00a0\u00bbfooter2&Prime;:[\u00ab\u00a0https:\/\/www.liberation.fr\/\u00a0\u00bb]},\u00a0\u00bbparent\u00a0\u00bb:{\u00ab\u00a0default\u00a0\u00bb:\u00a0\u00bbhttps:\/\/www.liberation.fr\/\u00a0\u00bb,\u00a0\u00bbburgermenu\u00a0\u00bb:\u00a0\u00bbhttps:\/\/www.liberation.fr\/\u00a0\u00bb,\u00a0\u00bbheadernav\u00a0\u00bb:\u00a0\u00bbhttps:\/\/www.liberation.fr\/\u00a0\u00bb,\u00a0\u00bbamp-menu\u00a0\u00bb:\u00a0\u00bbhttps:\/\/www.liberation.fr\/\u00a0\u00bb,\u00a0\u00bbfooter\u00a0\u00bb:null,\u00a0\u00bbfooter2&Prime;:\u00a0\u00bbhttps:\/\/www.liberation.fr\/\u00a0\u00bb},\u00a0\u00bborder\u00a0\u00bb:{\u00ab\u00a0burgermenu\u00a0\u00bb:1014,\u00a0\u00bbdefault\u00a0\u00bb:1010,\u00a0\u00bbamp-menu\u00a0\u00bb:1011,\u00a0\u00bbfooter2&Prime;:1007,\u00a0\u00bbheadernav\u00a0\u00bb:1011},\u00a0\u00bb_admin\u00a0\u00bb:{\u00ab\u00a0alias_ids\u00a0\u00bb:[\u00ab\u00a0\/lifestyle\u00a0\u00bb,\u00a0\u00bb15&Prime;]},\u00a0\u00bbnavigation\u00a0\u00bb:{\u00ab\u00a0nav_title\u00a0\u00bb:null},\u00a0\u00bbsite\u00a0\u00bb:{\u00ab\u00a0pagebuilder_path_for_native_apps\u00a0\u00bb:null,\u00a0\u00bbsite_about\u00a0\u00bb:null,\u00a0\u00bbsite_description\u00a0\u00bb:\u00a0\u00bbVoyages, Mode, Gastronomie, Design, Beaut\u00e9 et High-tech : d\u00e9couvrez toutes les tendances sur Lib\u00e9ration.\u00a0\u00bb,\u00a0\u00bbsite_keywords\u00a0\u00bb:null,\u00a0\u00bbsite_tagline\u00a0\u00bb:null,\u00a0\u00bbsite_title\u00a0\u00bb:\u00a0\u00bbLifestyle : l\u2019actualit\u00e9 du style de vie au quotidien &#8211; Lib\u00e9ration\u00a0\u00bb,\u00a0\u00bbsite_url\u00a0\u00bb:null},\u00a0\u00bbsite_topper\u00a0\u00bb:{\u00ab\u00a0site_logo_image\u00a0\u00bb:null},\u00a0\u00bbsocial\u00a0\u00bb:{\u00ab\u00a0facebook\u00a0\u00bb:null,\u00a0\u00bbinstagram\u00a0\u00bb:null,\u00a0\u00bbrss\u00a0\u00bb:null,\u00a0\u00bbtwitter\u00a0\u00bb:null},\u00a0\u00bbnode_type\u00a0\u00bb:\u00a0\u00bbsection\u00a0\u00bb,\u00a0\u00bbchildren\u00a0\u00bb:[]},{\u00ab\u00a0_id\u00a0\u00bb:\u00a0\u00bblink-IRBRAAYPD5FHDJDA6EUBRW4YGM\u00a0\u00bb,\u00a0\u00bb_website\u00a0\u00bb:\u00a0\u00bbliberation\u00a0\u00bb,\u00a0\u00bbdisplay_name\u00a0\u00bb:\u00a0\u00bbSports\u00a0\u00bb,\u00a0\u00bburl\u00a0\u00bb:\u00a0\u00bbhttps:\/\/www.liberation.fr\/sports\/\u00a0\u00bb,\u00a0\u00bbparent\u00a0\u00bb:{\u00ab\u00a0burgermenu\u00a0\u00bb:\u00a0\u00bb\/lifestyle\u00a0\u00bb,\u00a0\u00bbheadernav\u00a0\u00bb:\u00a0\u00bbhttps:\/\/www.liberation.fr\/\u00a0\u00bb},\u00a0\u00bborder\u00a0\u00bb:{\u00ab\u00a0burgermenu\u00a0\u00bb:2010,\u00a0\u00bbheadernav\u00a0\u00bb:1012},\u00a0\u00bbnode_type\u00a0\u00bb:\u00a0\u00bblink\u00a0\u00bb,\u00a0\u00bbchildren\u00a0\u00bb:[]},{\u00ab\u00a0_id\u00a0\u00bb:\u00a0\u00bblink-CVAFAHXKI5AVTELUFP7BYGNOIM\u00a0\u00bb,\u00a0\u00bb_website\u00a0\u00bb:\u00a0\u00bbliberation\u00a0\u00bb,\u00a0\u00bbdisplay_name\u00a0\u00bb:\u00a0\u00bb\u00c7a va mieux en le lisant\u00a0\u00bb,\u00a0\u00bburl\u00a0\u00bb:\u00a0\u00bbhttps:\/\/www.liberation.fr\/tags\/ca-va-mieux-lisant\/\u00a0\u00bb,\u00a0\u00bbparent\u00a0\u00bb:{\u00ab\u00a0headernav\u00a0\u00bb:\u00a0\u00bbhttps:\/\/www.liberation.fr\/\u00a0\u00bb},\u00a0\u00bborder\u00a0\u00bb:{\u00ab\u00a0headernav\u00a0\u00bb:1013},\u00a0\u00bbnode_type\u00a0\u00bb:\u00a0\u00bblink\u00a0\u00bb,\u00a0\u00bbchildren\u00a0\u00bb:[]},{\u00ab\u00a0_id\u00a0\u00bb:\u00a0\u00bb\/portraits\u00a0\u00bb,\u00a0\u00bbsite\u00a0\u00bb:{\u00ab\u00a0site_tagline\u00a0\u00bb:null,\u00a0\u00bbsite_url\u00a0\u00bb:null,\u00a0\u00bbsite_title\u00a0\u00bb:\u00a0\u00bbTous les portraits de Lib\u00e9ration\u00a0\u00bb,\u00a0\u00bbsite_about\u00a0\u00bb:null,\u00a0\u00bbpagebuilder_path_for_native_apps\u00a0\u00bb:null,\u00a0\u00bbsite_description\u00a0\u00bb:\u00a0\u00bbD\u00e9couvrez chaque jour le portrait de Lib\u00e9ration sur des personnalit\u00e9s qui font l&rsquo;actualit\u00e9.\u00a0\u00bb,\u00a0\u00bbsite_keywords\u00a0\u00bb:null},\u00a0\u00bbsite_topper\u00a0\u00bb:{\u00ab\u00a0site_logo_image\u00a0\u00bb:null},\u00a0\u00bbsocial\u00a0\u00bb:{\u00ab\u00a0twitter\u00a0\u00bb:null,\u00a0\u00bbfacebook\u00a0\u00bb:null,\u00a0\u00bbrss\u00a0\u00bb:null,\u00a0\u00bbinstagram\u00a0\u00bb:null},\u00a0\u00bbnavigation\u00a0\u00bb:{\u00ab\u00a0nav_title\u00a0\u00bb:null},\u00a0\u00bb_admin\u00a0\u00bb:{\u00ab\u00a0alias_ids\u00a0\u00bb:[\u00ab\u00a0\/portraits\u00a0\u00bb,\u00a0\u00bb67&Prime;]},\u00a0\u00bb_website\u00a0\u00bb:\u00a0\u00bbliberation\u00a0\u00bb,\u00a0\u00bbname\u00a0\u00bb:\u00a0\u00bbPortraits\u00a0\u00bb,\u00a0\u00bborder\u00a0\u00bb:{\u00ab\u00a0default\u00a0\u00bb:1015,\u00a0\u00bbheadernav\u00a0\u00bb:1014,\u00a0\u00bbburgermenu\u00a0\u00bb:1018,\u00a0\u00bbamp-menu\u00a0\u00bb:1009,\u00a0\u00bbfooter2&Prime;:1012},\u00a0\u00bbparent\u00a0\u00bb:{\u00ab\u00a0default\u00a0\u00bb:\u00a0\u00bbhttps:\/\/www.liberation.fr\/\u00a0\u00bb,\u00a0\u00bbheadernav\u00a0\u00bb:\u00a0\u00bbhttps:\/\/www.liberation.fr\/\u00a0\u00bb,\u00a0\u00bbburgermenu\u00a0\u00bb:\u00a0\u00bbhttps:\/\/www.liberation.fr\/\u00a0\u00bb,\u00a0\u00bbamp-menu\u00a0\u00bb:\u00a0\u00bbhttps:\/\/www.liberation.fr\/\u00a0\u00bb,\u00a0\u00bbfooter\u00a0\u00bb:null,\u00a0\u00bbfooter2&Prime;:\u00a0\u00bbhttps:\/\/www.liberation.fr\/\u00a0\u00bb},\u00a0\u00bbancestors\u00a0\u00bb:{\u00ab\u00a0default\u00a0\u00bb:[\u00ab\u00a0https:\/\/www.liberation.fr\/\u00a0\u00bb],\u00a0\u00bbheadernav\u00a0\u00bb:[\u00ab\u00a0https:\/\/www.liberation.fr\/\u00a0\u00bb],\u00a0\u00bbburgermenu\u00a0\u00bb:[\u00ab\u00a0https:\/\/www.liberation.fr\/\u00a0\u00bb],\u00a0\u00bbamp-menu\u00a0\u00bb:[\u00ab\u00a0https:\/\/www.liberation.fr\/\u00a0\u00bb],\u00a0\u00bbfooter\u00a0\u00bb:[],\u00a0\u00bbfooter2&Prime;:[]},\u00a0\u00bbinactive\u00a0\u00bb:false,\u00a0\u00bbnode_type\u00a0\u00bb:\u00a0\u00bbsection\u00a0\u00bb,\u00a0\u00bbchildren\u00a0\u00bb:[]}]},\u00a0\u00bbexpires\u00a0\u00bb:1752380502698,\u00a0\u00bblastModified\u00a0\u00bb:1752380202649}},\u00a0\u00bbalert-bar-collections\u00a0\u00bb:{\u00ab\u00a0{\\\u00a0\u00bbfrom\\\u00a0\u00bb:0,\\\u00a0\u00bbsite\\\u00a0\u00bb:\\\u00a0\u00bbliberation\\\u00a0\u00bb,\\\u00a0\u00bbsize\\\u00a0\u00bb:1}\u00a0\u00bb:{\u00ab\u00a0data\u00a0\u00bb:{\u00ab\u00a0_id\u00a0\u00bb:\u00a0\u00bb4VXOY7T3RRAVPIN7RFAG3IXNFU\u00a0\u00bb,\u00a0\u00bbversion\u00a0\u00bb:\u00a0\u00bb0.10.6&Prime;,\u00a0\u00bbcreated_date\u00a0\u00bb:\u00a0\u00bb2021-01-26T08:33:27.405Z\u00a0\u00bb,\u00a0\u00bbheadlines\u00a0\u00bb:{\u00ab\u00a0basic\u00a0\u00bb:\u00a0\u00bbAlert Bar\u00a0\u00bb},\u00a0\u00bblast_updated_date\u00a0\u00bb:\u00a0\u00bb2025-06-25T18:03:09.780Z\u00a0\u00bb,\u00a0\u00bbtype\u00a0\u00bb:\u00a0\u00bbcollection\u00a0\u00bb,\u00a0\u00bbcanonical_website\u00a0\u00bb:\u00a0\u00bbliberation\u00a0\u00bb,\u00a0\u00bbwebsites\u00a0\u00bb:{\u00ab\u00a0liberation\u00a0\u00bb:{}},\u00a0\u00bbcontent_elements\u00a0\u00bb:[],\u00a0\u00bbdescription\u00a0\u00bb:{\u00ab\u00a0basic\u00a0\u00bb:\u00a0\u00bbAny story in this collection with show up in the alert bar below the Header\u00a0\u00bb},\u00a0\u00bbcontent_aliases\u00a0\u00bb:[\u00ab\u00a0alert-bar\u00a0\u00bb],\u00a0\u00bbowner\u00a0\u00bb:{\u00ab\u00a0id\u00a0\u00bb:\u00a0\u00bbliberation\u00a0\u00bb},\u00a0\u00bbrevision\u00a0\u00bb:{\u00ab\u00a0branch\u00a0\u00bb:\u00a0\u00bbdefault\u00a0\u00bb,\u00a0\u00bbpublished\u00a0\u00bb:true},\u00a0\u00bbcanonical_url\u00a0\u00bb:null,\u00a0\u00bbpublishing\u00a0\u00bb:{\u00ab\u00a0scheduled_operations\u00a0\u00bb:{\u00ab\u00a0publish_edition\u00a0\u00bb:[],\u00a0\u00bbunpublish_edition\u00a0\u00bb:[]}},\u00a0\u00bbwebsite\u00a0\u00bb:\u00a0\u00bbliberation\u00a0\u00bb},\u00a0\u00bbexpires\u00a0\u00bb:1752380358279,\u00a0\u00bblastModified\u00a0\u00bb:1752380238254}},\u00a0\u00bbauthor-api-w404&Prime;:{\u00ab\u00a0{\\\u00a0\u00bbslug\\\u00a0\u00bb:\\\u00a0\u00bbliberation\\\u00a0\u00bb}\u00a0\u00bb:{\u00ab\u00a0data\u00a0\u00bb:{\u00ab\u00a0authors\u00a0\u00bb:[{\u00ab\u00a0_id\u00a0\u00bb:\u00a0\u00bb13090&Prime;,\u00a0\u00bbbyline\u00a0\u00bb:\u00a0\u00bb LIBERATION\u00a0\u00bb,\u00a0\u00bbfirstName\u00a0\u00bb:\u00a0\u00bb\u00a0\u00bb,\u00a0\u00bblastName\u00a0\u00bb:\u00a0\u00bbLIBERATION\u00a0\u00bb,\u00a0\u00bbrole\u00a0\u00bb:\u00a0\u00bb\u00a0\u00bb,\u00a0\u00bbemail\u00a0\u00bb:\u00a0\u00bb\u00a0\u00bb,\u00a0\u00bbslug\u00a0\u00bb:\u00a0\u00bbliberation\u00a0\u00bb,\u00a0\u00bbbooks\u00a0\u00bb:[],\u00a0\u00bbpodcasts\u00a0\u00bb:[],\u00a0\u00bbeducation\u00a0\u00bb:[],\u00a0\u00bbawards\u00a0\u00bb:[],\u00a0\u00bblast_updated_date\u00a0\u00bb:\u00a0\u00bb2021-01-16T15:59:59.938Z\u00a0\u00bb}],\u00a0\u00bbmore\u00a0\u00bb:false,\u00a0\u00bb_id\u00a0\u00bb:\u00a0\u00bbee28caebb0ccfcdba5bcc75adb0404382b5b6e12d4f7c32fd84a1f8ac4eaaaca\u00a0\u00bb},\u00a0\u00bbexpires\u00a0\u00bb:1752380405593,\u00a0\u00bblastModified\u00a0\u00bb:1752380105565},\u00a0\u00bb{\\\u00a0\u00bbslug\\\u00a0\u00bb:\\\u00a0\u00bbafp\\\u00a0\u00bb}\u00a0\u00bb:{\u00ab\u00a0data\u00a0\u00bb:{\u00ab\u00a0authors\u00a0\u00bb:[{\u00ab\u00a0_id\u00a0\u00bb:\u00a0\u00bb2005&Prime;,\u00a0\u00bbbyline\u00a0\u00bb:\u00a0\u00bb AFP\u00a0\u00bb,\u00a0\u00bbfirstName\u00a0\u00bb:\u00a0\u00bb\u00a0\u00bb,\u00a0\u00bblastName\u00a0\u00bb:\u00a0\u00bbAFP\u00a0\u00bb,\u00a0\u00bbrole\u00a0\u00bb:\u00a0\u00bb\u00a0\u00bb,\u00a0\u00bbemail\u00a0\u00bb:\u00a0\u00bbafp@imp.libe.com\u00a0\u00bb,\u00a0\u00bbslug\u00a0\u00bb:\u00a0\u00bbafp\u00a0\u00bb,\u00a0\u00bbbooks\u00a0\u00bb:[],\u00a0\u00bbpodcasts\u00a0\u00bb:[],\u00a0\u00bbeducation\u00a0\u00bb:[],\u00a0\u00bbawards\u00a0\u00bb:[],\u00a0\u00bblast_updated_date\u00a0\u00bb:\u00a0\u00bb2021-01-16T15:12:57.209Z\u00a0\u00bb}],\u00a0\u00bbmore\u00a0\u00bb:false,\u00a0\u00bb_id\u00a0\u00bb:\u00a0\u00bb13f5554c87304a3b439c1384f313ad6dce71bed3fe8eced8277877bf98cdbe50&Prime;},\u00a0\u00bbexpires\u00a0\u00bb:1752380372378,\u00a0\u00bblastModified\u00a0\u00bb:1752380072358}},\u00a0\u00bbsite-story-feed-sections\u00a0\u00bb:{\u00ab\u00a0{\\\u00a0\u00bbarc-site\\\u00a0\u00bb:\\\u00a0\u00bbliberation\\\u00a0\u00bb,\\\u00a0\u00bbfeedOffset\\\u00a0\u00bb:0,\\\u00a0\u00bbfeedSize\\\u00a0\u00bb:1,\\\u00a0\u00bbimageRatio\\\u00a0\u00bb:1.5,\\\u00a0\u00bbincludeSections\\\u00a0\u00bb:\\\u00a0\u00bb\/societe\/religions\\\u00a0\u00bb}\u00a0\u00bb:{\u00ab\u00a0data\u00a0\u00bb:{\u00ab\u00a0_id\u00a0\u00bb:\u00a0\u00bb708047ef984aa925e2b890952b109820cad57c17e5fcf730b145355f11cc46c8&Prime;,\u00a0\u00bbcontent_elements\u00a0\u00bb:[{\u00ab\u00a0_id\u00a0\u00bb:\u00a0\u00bbG7P4ERPHPZFLLDML7J2RAF4I3Q\u00a0\u00bb,\u00a0\u00bbcontent_restrictions\u00a0\u00bb:{\u00ab\u00a0content_code\u00a0\u00bb:\u00a0\u00bbouvert\u00a0\u00bb},\u00a0\u00bbcredits\u00a0\u00bb:{\u00ab\u00a0by\u00a0\u00bb:[{\u00ab\u00a0_id\u00a0\u00bb:\u00a0\u00bb13090&Prime;,\u00a0\u00bbadditional_properties\u00a0\u00bb:{\u00ab\u00a0original\u00a0\u00bb:{\u00ab\u00a0byline\u00a0\u00bb:\u00a0\u00bb LIBERATION\u00a0\u00bb,\u00a0\u00bbslug\u00a0\u00bb:\u00a0\u00bbliberation\u00a0\u00bb}},\u00a0\u00bbname\u00a0\u00bb:\u00a0\u00bb LIBERATION\u00a0\u00bb,\u00a0\u00bbslug\u00a0\u00bb:\u00a0\u00bbliberation\u00a0\u00bb,\u00a0\u00bbtype\u00a0\u00bb:\u00a0\u00bbauthor\u00a0\u00bb},{\u00ab\u00a0_id\u00a0\u00bb:\u00a0\u00bb2005&Prime;,\u00a0\u00bbadditional_properties\u00a0\u00bb:{\u00ab\u00a0original\u00a0\u00bb:{\u00ab\u00a0byline\u00a0\u00bb:\u00a0\u00bb AFP\u00a0\u00bb,\u00a0\u00bbslug\u00a0\u00bb:\u00a0\u00bbafp\u00a0\u00bb}},\u00a0\u00bbname\u00a0\u00bb:\u00a0\u00bb AFP\u00a0\u00bb,\u00a0\u00bbslug\u00a0\u00bb:\u00a0\u00bbafp\u00a0\u00bb,\u00a0\u00bbtype\u00a0\u00bb:\u00a0\u00bbauthor\u00a0\u00bb}]},\u00a0\u00bbdescription\u00a0\u00bb:{\u00ab\u00a0basic\u00a0\u00bb:\u00a0\u00bbLe Wat Pho en Essonne a \u00e9t\u00e9 partiellement an\u00e9anti dans la nuit de vendredi\u00a011 \u00e0 samedi 12\u00a0juillet par un brasier qui a entra\u00een\u00e9 l\u2019\u00e9vacuation de 15 moines.\u00a0\u00bb},\u00a0\u00bbdisplay_date\u00a0\u00bb:\u00a0\u00bb2025-07-12T14:30:01.859Z\u00a0\u00bb,\u00a0\u00bbheadlines\u00a0\u00bb:{\u00ab\u00a0basic\u00a0\u00bb:\u00a0\u00bbLe plus grand temple bouddhiste de France en partie d\u00e9truit par un incendie\u00a0\u00bb},\u00a0\u00bblabel\u00a0\u00bb:{\u00ab\u00a0basic\u00a0\u00bb:{\u00ab\u00a0text\u00a0\u00bb:\u00a0\u00bbAccident\u00a0\u00bb}},\u00a0\u00bbpromo_items\u00a0\u00bb:{\u00ab\u00a0basic\u00a0\u00bb:{\u00ab\u00a0_id\u00a0\u00bb:\u00a0\u00bb5MRDED5SEBH77NLI5WFE6SYYHM\u00a0\u00bb,\u00a0\u00bbauth\u00a0\u00bb:{\u00ab\u00a01&Prime;:\u00a0\u00bb1221d30aecaea796268c6dde276f2b352ca1d45dd76831cd476b1ba317cff96a\u00a0\u00bb},\u00a0\u00bbheight\u00a0\u00bb:3673,\u00a0\u00bbresized_params\u00a0\u00bb:[{\u00ab\u00a0height\u00a0\u00bb:56,\u00a0\u00bburl\u00a0\u00bb:\u00a0\u00bbresizer\/iPWmglaeCQDPhGXGyBI9gtGE7b0=\/84&#215;56\/filters:format(jpg):quality(70)\/cloudfront-eu-central-1.images.arcpublishing.com\/liberation\/5MRDED5SEBH77NLI5WFE6SYYHM.jpg\u00a0\u00bb,\u00a0\u00bbwidth\u00a0\u00bb:84},{\u00ab\u00a0height\u00a0\u00bb:70,\u00a0\u00bburl\u00a0\u00bb:\u00a0\u00bbresizer\/i2whM0O9_-dXXnqRMYO8nA9Qt7M=\/105&#215;70\/filters:format(jpg):quality(70)\/cloudfront-eu-central-1.images.arcpublishing.com\/liberation\/5MRDED5SEBH77NLI5WFE6SYYHM.jpg\u00a0\u00bb,\u00a0\u00bbwidth\u00a0\u00bb:105},{\u00ab\u00a0height\u00a0\u00bb:105,\u00a0\u00bburl\u00a0\u00bb:\u00a0\u00bbresizer\/et-38Gvzm1fOQPlJhoFgEMZzdac=\/158&#215;105\/filters:format(jpg):quality(70)\/cloudfront-eu-central-1.images.arcpublishing.com\/liberation\/5MRDED5SEBH77NLI5WFE6SYYHM.jpg\u00a0\u00bb,\u00a0\u00bbwidth\u00a0\u00bb:158},{\u00ab\u00a0height\u00a0\u00bb:183,\u00a0\u00bburl\u00a0\u00bb:\u00a0\u00bbresizer\/Vflqf19OVRzDwWI0ds0g9RrP50Y=\/274&#215;183\/filters:format(jpg):quality(70)\/cloudfront-eu-central-1.images.arcpublishing.com\/liberation\/5MRDED5SEBH77NLI5WFE6SYYHM.jpg\u00a0\u00bb,\u00a0\u00bbwidth\u00a0\u00bb:274},{\u00ab\u00a0height\u00a0\u00bb:251,\u00a0\u00bburl\u00a0\u00bb:\u00a0\u00bbresizer\/CQMWSQZnNsOhrtQZoTYJ_OkMFSk=\/377&#215;251\/filters:format(jpg):quality(70)\/cloudfront-eu-central-1.images.arcpublishing.com\/liberation\/5MRDED5SEBH77NLI5WFE6SYYHM.jpg\u00a0\u00bb,\u00a0\u00bbwidth\u00a0\u00bb:377},{\u00ab\u00a0height\u00a0\u00bb:267,\u00a0\u00bburl\u00a0\u00bb:\u00a0\u00bbresizer\/mV14kXm3zdFKfJeFBbROMbR4B94=\/400&#215;267\/filters:format(jpg):quality(70)\/cloudfront-eu-central-1.images.arcpublishing.com\/liberation\/5MRDED5SEBH77NLI5WFE6SYYHM.jpg\u00a0\u00bb,\u00a0\u00bbwidth\u00a0\u00bb:400},{\u00ab\u00a0height\u00a0\u00bb:400,\u00a0\u00bburl\u00a0\u00bb:\u00a0\u00bbresizer\/Lf5QBlNF69SnSBBm5tb5U_oE_vg=\/600&#215;400\/filters:format(jpg):quality(70)\/cloudfront-eu-central-1.images.arcpublishing.com\/liberation\/5MRDED5SEBH77NLI5WFE6SYYHM.jpg\u00a0\u00bb,\u00a0\u00bbwidth\u00a0\u00bb:600},{\u00ab\u00a0height\u00a0\u00bb:512,\u00a0\u00bburl\u00a0\u00bb:\u00a0\u00bbresizer\/Gn1RfJvoqca09VAyBMsHUZm4e6g=\/768&#215;512\/filters:format(jpg):quality(70)\/cloudfront-eu-central-1.images.arcpublishing.com\/liberation\/5MRDED5SEBH77NLI5WFE6SYYHM.jpg\u00a0\u00bb,\u00a0\u00bbwidth\u00a0\u00bb:768},{\u00ab\u00a0height\u00a0\u00bb:533,\u00a0\u00bburl\u00a0\u00bb:\u00a0\u00bbresizer\/FOQyK9SU3xHlkLPk-7Z_WKG9Mq8=\/800&#215;533\/filters:format(jpg):quality(70)\/cloudfront-eu-central-1.images.arcpublishing.com\/liberation\/5MRDED5SEBH77NLI5WFE6SYYHM.jpg\u00a0\u00bb,\u00a0\u00bbwidth\u00a0\u00bb:800},{\u00ab\u00a0height\u00a0\u00bb:683,\u00a0\u00bburl\u00a0\u00bb:\u00a0\u00bbresizer\/HqhR7zIawIPqVlgfix-C8LFlYUA=\/1024&#215;683\/filters:format(jpg):quality(70)\/cloudfront-eu-central-1.images.arcpublishing.com\/liberation\/5MRDED5SEBH77NLI5WFE6SYYHM.jpg\u00a0\u00bb,\u00a0\u00bbwidth\u00a0\u00bb:1024},{\u00ab\u00a0height\u00a0\u00bb:800,\u00a0\u00bburl\u00a0\u00bb:\u00a0\u00bbresizer\/IQop0eE8DhVUkdqZzNdMKC9DJqI=\/1200&#215;800\/filters:format(jpg):quality(70)\/cloudfront-eu-central-1.images.arcpublishing.com\/liberation\/5MRDED5SEBH77NLI5WFE6SYYHM.jpg\u00a0\u00bb,\u00a0\u00bbwidth\u00a0\u00bb:1200},{\u00ab\u00a0height\u00a0\u00bb:960,\u00a0\u00bburl\u00a0\u00bb:\u00a0\u00bbresizer\/T6AVQeDa6U_81wCG49QrMbptnhk=\/1440&#215;960\/filters:format(jpg):quality(70)\/cloudfront-eu-central-1.images.arcpublishing.com\/liberation\/5MRDED5SEBH77NLI5WFE6SYYHM.jpg\u00a0\u00bb,\u00a0\u00bbwidth\u00a0\u00bb:1440},{\u00ab\u00a0height\u00a0\u00bb:1067,\u00a0\u00bburl\u00a0\u00bb:\u00a0\u00bbresizer\/xPmlAPDL2cpxEP3-5rbb3Qv8lSY=\/1600&#215;1067\/filters:format(jpg):quality(70)\/cloudfront-eu-central-1.images.arcpublishing.com\/liberation\/5MRDED5SEBH77NLI5WFE6SYYHM.jpg\u00a0\u00bb,\u00a0\u00bbwidth\u00a0\u00bb:1600}],\u00a0\u00bbtype\u00a0\u00bb:\u00a0\u00bbimage\u00a0\u00bb,\u00a0\u00bburl\u00a0\u00bb:\u00a0\u00bbhttps:\/\/cloudfront-eu-central-1.images.arcpublishing.com\/liberation\/5MRDED5SEBH77NLI5WFE6SYYHM.jpg\u00a0\u00bb,\u00a0\u00bbwidth\u00a0\u00bb:5510}},\u00a0\u00bbsubtype\u00a0\u00bb:\u00a0\u00bbnews\u00a0\u00bb,\u00a0\u00bbtype\u00a0\u00bb:\u00a0\u00bbstory\u00a0\u00bb,\u00a0\u00bbwebsites\u00a0\u00bb:{\u00ab\u00a0liberation\u00a0\u00bb:{\u00ab\u00a0website_section\u00a0\u00bb:{\u00ab\u00a0_id\u00a0\u00bb:\u00a0\u00bb\/societe\/religions\u00a0\u00bb,\u00a0\u00bbname\u00a0\u00bb:\u00a0\u00bbReligions\u00a0\u00bb},\u00a0\u00bbwebsite_url\u00a0\u00bb:\u00a0\u00bbhttps:\/\/www.liberation.fr\/societe\/religions\/le-plus-grand-temple-bouddhiste-de-france-en-partie-detruit-par-un-incendie-20250712_G7P4ERPHPZFLLDML7J2RAF4I3Q\/\u00a0\u00bb}}}],\u00a0\u00bbcount\u00a0\u00bb:1245},\u00a0\u00bbexpires\u00a0\u00bb:1752380564530,\u00a0\u00bblastModified\u00a0\u00bb:1752380264461},\u00a0\u00bb{\\\u00a0\u00bbarc-site\\\u00a0\u00bb:\\\u00a0\u00bbliberation\\\u00a0\u00bb,\\\u00a0\u00bbfeedOffset\\\u00a0\u00bb:1,\\\u00a0\u00bbfeedSize\\\u00a0\u00bb:1,\\\u00a0\u00bbimageRatio\\\u00a0\u00bb:1.5,\\\u00a0\u00bbincludeSections\\\u00a0\u00bb:\\\u00a0\u00bb\/societe\/religions\\\u00a0\u00bb}\u00a0\u00bb:{\u00ab\u00a0data\u00a0\u00bb:{\u00ab\u00a0_id\u00a0\u00bb:\u00a0\u00bb0499d72a50cea690d380065e338ad09c7e5c1a6c3b2b32e6e3e07c079890b800&Prime;,\u00a0\u00bbcontent_elements\u00a0\u00bb:[{\u00ab\u00a0_id\u00a0\u00bb:\u00a0\u00bbEV7FBTJOMFCC5MOWZX7TDRP3SE\u00a0\u00bb,\u00a0\u00bbcontent_restrictions\u00a0\u00bb:{\u00ab\u00a0content_code\u00a0\u00bb:\u00a0\u00bbferme\u00a0\u00bb},\u00a0\u00bbcredits\u00a0\u00bb:{\u00ab\u00a0by\u00a0\u00bb:[{\u00ab\u00a0_id\u00a0\u00bb:\u00a0\u00bb8815&Prime;,\u00a0\u00bbadditional_properties\u00a0\u00bb:{\u00ab\u00a0original\u00a0\u00bb:{\u00ab\u00a0byline\u00a0\u00bb:\u00a0\u00bbBernadette Sauvaget\u00a0\u00bb,\u00a0\u00bbslug\u00a0\u00bb:\u00a0\u00bbbernadette-sauvaget\u00a0\u00bb}},\u00a0\u00bbname\u00a0\u00bb:\u00a0\u00bbBernadette Sauvaget\u00a0\u00bb,\u00a0\u00bbslug\u00a0\u00bb:\u00a0\u00bbbernadette-sauvaget\u00a0\u00bb,\u00a0\u00bbtype\u00a0\u00bb:\u00a0\u00bbauthor\u00a0\u00bb}]},\u00a0\u00bbdescription\u00a0\u00bb:{\u00ab\u00a0basic\u00a0\u00bb:\u00a0\u00bbApr\u00e8s l\u2019Institut europ\u00e9en des sciences humaines, le gouvernement a pris des mesures \u00e0 l\u2019encontre du dirigeant de Barakacity, de l\u2019ancien bras droit en France de Tariq Ramadan ou du fondateur du site D\u00f4mes et minarets.\u00a0\u00bb},\u00a0\u00bbdisplay_date\u00a0\u00bb:\u00a0\u00bb2025-07-11T05:54:07.474Z\u00a0\u00bb,\u00a0\u00bbheadlines\u00a0\u00bb:{\u00ab\u00a0basic\u00a0\u00bb:\u00a0\u00bbIslam\u00a0: une douzaine de personnalit\u00e9s, proches des milieux fr\u00e9ristes ou salafistes, vis\u00e9es par une mesure de gel de leurs avoirs\u00a0\u00bb},\u00a0\u00bblabel\u00a0\u00bb:{\u00ab\u00a0basic\u00a0\u00bb:{\u00ab\u00a0text\u00a0\u00bb:\u00a0\u00bbInfo Lib\u00e9\u00a0\u00bb}},\u00a0\u00bbpromo_items\u00a0\u00bb:{\u00ab\u00a0basic\u00a0\u00bb:{\u00ab\u00a0_id\u00a0\u00bb:\u00a0\u00bbQFSYV3GVDBDVFIPZSWGF3IJ6GY\u00a0\u00bb,\u00a0\u00bbauth\u00a0\u00bb:{\u00ab\u00a01&Prime;:\u00a0\u00bb57f2c49640159851b1f2205a0a429f6688475454b60891a91fa04fb3fafa54ad\u00a0\u00bb},\u00a0\u00bbfocal_point\u00a0\u00bb:{\u00ab\u00a0x\u00a0\u00bb:2539,\u00a0\u00bby\u00a0\u00bb:1192},\u00a0\u00bbheight\u00a0\u00bb:3489,\u00a0\u00bbresized_params\u00a0\u00bb:[{\u00ab\u00a0height\u00a0\u00bb:56,\u00a0\u00bburl\u00a0\u00bb:\u00a0\u00bbresizer\/wKeBx9v05FgtMgJARrfMMDbfKnU=\/84&#215;56\/filters:format(jpg):quality(70):focal(2534&#215;1187:2544&#215;1197)\/cloudfront-eu-central-1.images.arcpublishing.com\/liberation\/QFSYV3GVDBDVFIPZSWGF3IJ6GY.jpg\u00a0\u00bb,\u00a0\u00bbwidth\u00a0\u00bb:84},{\u00ab\u00a0height\u00a0\u00bb:70,\u00a0\u00bburl\u00a0\u00bb:\u00a0\u00bbresizer\/jLuhR34pKqMYPpF54QF_Ka6qHTE=\/105&#215;70\/filters:format(jpg):quality(70):focal(2534&#215;1187:2544&#215;1197)\/cloudfront-eu-central-1.images.arcpublishing.com\/liberation\/QFSYV3GVDBDVFIPZSWGF3IJ6GY.jpg\u00a0\u00bb,\u00a0\u00bbwidth\u00a0\u00bb:105},{\u00ab\u00a0height\u00a0\u00bb:105,\u00a0\u00bburl\u00a0\u00bb:\u00a0\u00bbresizer\/cRMsAhHE-O8PS90JO3Vs0yhiJEA=\/158&#215;105\/filters:format(jpg):quality(70):focal(2534&#215;1187:2544&#215;1197)\/cloudfront-eu-central-1.images.arcpublishing.com\/liberation\/QFSYV3GVDBDVFIPZSWGF3IJ6GY.jpg\u00a0\u00bb,\u00a0\u00bbwidth\u00a0\u00bb:158},{\u00ab\u00a0height\u00a0\u00bb:183,\u00a0\u00bburl\u00a0\u00bb:\u00a0\u00bbresizer\/eJNuO4XOoeUE2NZf0xzRhMTW9_M=\/274&#215;183\/filters:format(jpg):quality(70):focal(2534&#215;1187:2544&#215;1197)\/cloudfront-eu-central-1.images.arcpublishing.com\/liberation\/QFSYV3GVDBDVFIPZSWGF3IJ6GY.jpg\u00a0\u00bb,\u00a0\u00bbwidth\u00a0\u00bb:274},{\u00ab\u00a0height\u00a0\u00bb:251,\u00a0\u00bburl\u00a0\u00bb:\u00a0\u00bbresizer\/nJc5_llVOq9X1Wrg82WwXPXzaGg=\/377&#215;251\/filters:format(jpg):quality(70):focal(2534&#215;1187:2544&#215;1197)\/cloudfront-eu-central-1.images.arcpublishing.com\/liberation\/QFSYV3GVDBDVFIPZSWGF3IJ6GY.jpg\u00a0\u00bb,\u00a0\u00bbwidth\u00a0\u00bb:377},{\u00ab\u00a0height\u00a0\u00bb:267,\u00a0\u00bburl\u00a0\u00bb:\u00a0\u00bbresizer\/laiHD6hYZotMXNbNLvGYWw0rfKI=\/400&#215;267\/filters:format(jpg):quality(70):focal(2534&#215;1187:2544&#215;1197)\/cloudfront-eu-central-1.images.arcpublishing.com\/liberation\/QFSYV3GVDBDVFIPZSWGF3IJ6GY.jpg\u00a0\u00bb,\u00a0\u00bbwidth\u00a0\u00bb:400},{\u00ab\u00a0height\u00a0\u00bb:400,\u00a0\u00bburl\u00a0\u00bb:\u00a0\u00bbresizer\/zF9O7FOzOp4HHWRPGLQF2FJvZHE=\/600&#215;400\/filters:format(jpg):quality(70):focal(2534&#215;1187:2544&#215;1197)\/cloudfront-eu-central-1.images.arcpublishing.com\/liberation\/QFSYV3GVDBDVFIPZSWGF3IJ6GY.jpg\u00a0\u00bb,\u00a0\u00bbwidth\u00a0\u00bb:600},{\u00ab\u00a0height\u00a0\u00bb:512,\u00a0\u00bburl\u00a0\u00bb:\u00a0\u00bbresizer\/zeXmHZnjwU_521f31ZztKNofZi0=\/768&#215;512\/filters:format(jpg):quality(70):focal(2534&#215;1187:2544&#215;1197)\/cloudfront-eu-central-1.images.arcpublishing.com\/liberation\/QFSYV3GVDBDVFIPZSWGF3IJ6GY.jpg\u00a0\u00bb,\u00a0\u00bbwidth\u00a0\u00bb:768},{\u00ab\u00a0height\u00a0\u00bb:533,\u00a0\u00bburl\u00a0\u00bb:\u00a0\u00bbresizer\/hsOJu9jd4lx2rHjo2UhpchCiylE=\/800&#215;533\/filters:format(jpg):quality(70):focal(2534&#215;1187:2544&#215;1197)\/cloudfront-eu-central-1.images.arcpublishing.com\/liberation\/QFSYV3GVDBDVFIPZSWGF3IJ6GY.jpg\u00a0\u00bb,\u00a0\u00bbwidth\u00a0\u00bb:800},{\u00ab\u00a0height\u00a0\u00bb:683,\u00a0\u00bburl\u00a0\u00bb:\u00a0\u00bbresizer\/QIU21UazUs-1Vfio-iGbovsH6NM=\/1024&#215;683\/filters:format(jpg):quality(70):focal(2534&#215;1187:2544&#215;1197)\/cloudfront-eu-central-1.images.arcpublishing.com\/liberation\/QFSYV3GVDBDVFIPZSWGF3IJ6GY.jpg\u00a0\u00bb,\u00a0\u00bbwidth\u00a0\u00bb:1024},{\u00ab\u00a0height\u00a0\u00bb:800,\u00a0\u00bburl\u00a0\u00bb:\u00a0\u00bbresizer\/R6dwfXCgHpeYDUYDXkBDKOEZJq0=\/1200&#215;800\/filters:format(jpg):quality(70):focal(2534&#215;1187:2544&#215;1197)\/cloudfront-eu-central-1.images.arcpublishing.com\/liberation\/QFSYV3GVDBDVFIPZSWGF3IJ6GY.jpg\u00a0\u00bb,\u00a0\u00bbwidth\u00a0\u00bb:1200},{\u00ab\u00a0height\u00a0\u00bb:960,\u00a0\u00bburl\u00a0\u00bb:\u00a0\u00bbresizer\/CcAfNhS2BfBgSd-FQ6FhnL4I86o=\/1440&#215;960\/filters:format(jpg):quality(70):focal(2534&#215;1187:2544&#215;1197)\/cloudfront-eu-central-1.images.arcpublishing.com\/liberation\/QFSYV3GVDBDVFIPZSWGF3IJ6GY.jpg\u00a0\u00bb,\u00a0\u00bbwidth\u00a0\u00bb:1440},{\u00ab\u00a0height\u00a0\u00bb:1067,\u00a0\u00bburl\u00a0\u00bb:\u00a0\u00bbresizer\/yYC0rVTtRTQyK5dBfS_wdz-xY5E=\/1600&#215;1067\/filters:format(jpg):quality(70):focal(2534&#215;1187:2544&#215;1197)\/cloudfront-eu-central-1.images.arcpublishing.com\/liberation\/QFSYV3GVDBDVFIPZSWGF3IJ6GY.jpg\u00a0\u00bb,\u00a0\u00bbwidth\u00a0\u00bb:1600}],\u00a0\u00bbtype\u00a0\u00bb:\u00a0\u00bbimage\u00a0\u00bb,\u00a0\u00bburl\u00a0\u00bb:\u00a0\u00bbhttps:\/\/cloudfront-eu-central-1.images.arcpublishing.com\/liberation\/QFSYV3GVDBDVFIPZSWGF3IJ6GY.jpg\u00a0\u00bb,\u00a0\u00bbwidth\u00a0\u00bb:5394}},\u00a0\u00bbsubtype\u00a0\u00bb:\u00a0\u00bbdefault\u00a0\u00bb,\u00a0\u00bbtype\u00a0\u00bb:\u00a0\u00bbstory\u00a0\u00bb,\u00a0\u00bbwebsites\u00a0\u00bb:{\u00ab\u00a0liberation\u00a0\u00bb:{\u00ab\u00a0website_section\u00a0\u00bb:{\u00ab\u00a0_id\u00a0\u00bb:\u00a0\u00bb\/societe\/religions\u00a0\u00bb,\u00a0\u00bbname\u00a0\u00bb:\u00a0\u00bbReligions\u00a0\u00bb},\u00a0\u00bbwebsite_url\u00a0\u00bb:\u00a0\u00bbhttps:\/\/www.liberation.fr\/societe\/religions\/islam-une-douzaine-de-personnalites-proches-des-milieux-freristes-ou-salafistes-visees-par-une-mesure-de-gel-de-leurs-avoirs-20250711_EV7FBTJOMFCC5MOWZX7TDRP3SE\/\u00a0\u00bb}}}],\u00a0\u00bbcount\u00a0\u00bb:1245},\u00a0\u00bbexpires\u00a0\u00bb:1752380564626,\u00a0\u00bblastModified\u00a0\u00bb:1752380264550},\u00a0\u00bb{\\\u00a0\u00bbarc-site\\\u00a0\u00bb:\\\u00a0\u00bbliberation\\\u00a0\u00bb,\\\u00a0\u00bbfeedOffset\\\u00a0\u00bb:2,\\\u00a0\u00bbfeedSize\\\u00a0\u00bb:1,\\\u00a0\u00bbimageRatio\\\u00a0\u00bb:1.5,\\\u00a0\u00bbincludeSections\\\u00a0\u00bb:\\\u00a0\u00bb\/societe\/religions\\\u00a0\u00bb}\u00a0\u00bb:{\u00ab\u00a0data\u00a0\u00bb:{\u00ab\u00a0_id\u00a0\u00bb:\u00a0\u00bbb904fe5dd5ec1de985cd37562599137aeff6e11fc9f6c63d1f3a6f1f47b6897c\u00a0\u00bb,\u00a0\u00bbcontent_elements\u00a0\u00bb:[{\u00ab\u00a0_id\u00a0\u00bb:\u00a0\u00bbHH4YBDRM4BCUXKJAEDYIZPP5ZU\u00a0\u00bb,\u00a0\u00bbcontent_restrictions\u00a0\u00bb:{\u00ab\u00a0content_code\u00a0\u00bb:\u00a0\u00bbferme\u00a0\u00bb},\u00a0\u00bbcredits\u00a0\u00bb:{\u00ab\u00a0by\u00a0\u00bb:[{\u00ab\u00a0_id\u00a0\u00bb:\u00a0\u00bb8815&Prime;,\u00a0\u00bbadditional_properties\u00a0\u00bb:{\u00ab\u00a0original\u00a0\u00bb:{\u00ab\u00a0byline\u00a0\u00bb:\u00a0\u00bbBernadette Sauvaget, envoy\u00e9e sp\u00e9ciale \u00e0 Marseille (Bouches-du-Rh\u00f4ne)\u00a0\u00bb,\u00a0\u00bbslug\u00a0\u00bb:\u00a0\u00bbbernadette-sauvaget\u00a0\u00bb}},\u00a0\u00bbname\u00a0\u00bb:\u00a0\u00bbBernadette Sauvaget\u00a0\u00bb,\u00a0\u00bbslug\u00a0\u00bb:\u00a0\u00bbbernadette-sauvaget\u00a0\u00bb,\u00a0\u00bbtype\u00a0\u00bb:\u00a0\u00bbauthor\u00a0\u00bb}]},\u00a0\u00bbdescription\u00a0\u00bb:{\u00ab\u00a0basic\u00a0\u00bb:\u00a0\u00bbVis\u00e9 dans un rapport du minist\u00e8re de\u00a0l\u2019Int\u00e9rieur, l\u2019association, par la voix de son pr\u00e9sident, r\u00e9fute tout \u00abentrisme\u00bb des Fr\u00e8res musulmans et regrette la brutalit\u00e9 de cette accusation.\u00a0\u00bb},\u00a0\u00bbdisplay_date\u00a0\u00bb:\u00a0\u00bb2025-07-10T04:00:01Z\u00a0\u00bb,\u00a0\u00bbheadlines\u00a0\u00bb:{\u00ab\u00a0basic\u00a0\u00bb:\u00a0\u00bbMohsen Ngazou, pr\u00e9sident de Musulmans de France\u00a0: \u00abC\u2019est violent de nous traiter encore comme des \u00e9trangers\u00bb\u00a0\u00bb},\u00a0\u00bblabel\u00a0\u00bb:{\u00ab\u00a0basic\u00a0\u00bb:{\u00ab\u00a0text\u00a0\u00bb:\u00a0\u00bbRencontre\u00a0\u00bb}},\u00a0\u00bbpromo_items\u00a0\u00bb:{\u00ab\u00a0basic\u00a0\u00bb:{\u00ab\u00a0_id\u00a0\u00bb:\u00a0\u00bb33NZYOPMMVGXLGB5XEQYTFCWQQ\u00a0\u00bb,\u00a0\u00bbauth\u00a0\u00bb:{\u00ab\u00a01&Prime;:\u00a0\u00bb37876740c4f6d1111e9eb1564d6f5fef8cb864c3402e239c965a88dd012b4141&Prime;},\u00a0\u00bbfocal_point\u00a0\u00bb:{\u00ab\u00a0x\u00a0\u00bb:2972,\u00a0\u00bby\u00a0\u00bb:4730},\u00a0\u00bbheight\u00a0\u00bb:9000,\u00a0\u00bbresized_params\u00a0\u00bb:[{\u00ab\u00a0height\u00a0\u00bb:56,\u00a0\u00bburl\u00a0\u00bb:\u00a0\u00bbresizer\/oQsX2Crj_AOpWV3aHzAYs3cZxog=\/84&#215;56\/filters:format(jpg):quality(70):focal(2967&#215;4725:2977&#215;4735)\/cloudfront-eu-central-1.images.arcpublishing.com\/liberation\/33NZYOPMMVGXLGB5XEQYTFCWQQ.jpg\u00a0\u00bb,\u00a0\u00bbwidth\u00a0\u00bb:84},{\u00ab\u00a0height\u00a0\u00bb:70,\u00a0\u00bburl\u00a0\u00bb:\u00a0\u00bbresizer\/sHYRmPrwhsjzbmHvUrqQJV6tfoo=\/105&#215;70\/filters:format(jpg):quality(70):focal(2967&#215;4725:2977&#215;4735)\/cloudfront-eu-central-1.images.arcpublishing.com\/liberation\/33NZYOPMMVGXLGB5XEQYTFCWQQ.jpg\u00a0\u00bb,\u00a0\u00bbwidth\u00a0\u00bb:105},{\u00ab\u00a0height\u00a0\u00bb:105,\u00a0\u00bburl\u00a0\u00bb:\u00a0\u00bbresizer\/vxAzlVwrIBWe0JEdViHM6XLn-lc=\/158&#215;105\/filters:format(jpg):quality(70):focal(2967&#215;4725:2977&#215;4735)\/cloudfront-eu-central-1.images.arcpublishing.com\/liberation\/33NZYOPMMVGXLGB5XEQYTFCWQQ.jpg\u00a0\u00bb,\u00a0\u00bbwidth\u00a0\u00bb:158},{\u00ab\u00a0height\u00a0\u00bb:183,\u00a0\u00bburl\u00a0\u00bb:\u00a0\u00bbresizer\/PgXAZlO-EsPqyW-50a8Ke_iiS9A=\/274&#215;183\/filters:format(jpg):quality(70):focal(2967&#215;4725:2977&#215;4735)\/cloudfront-eu-central-1.images.arcpublishing.com\/liberation\/33NZYOPMMVGXLGB5XEQYTFCWQQ.jpg\u00a0\u00bb,\u00a0\u00bbwidth\u00a0\u00bb:274},{\u00ab\u00a0height\u00a0\u00bb:251,\u00a0\u00bburl\u00a0\u00bb:\u00a0\u00bbresizer\/6luUW7vGOzGGde2_Zo1seWirm1k=\/377&#215;251\/filters:format(jpg):quality(70):focal(2967&#215;4725:2977&#215;4735)\/cloudfront-eu-central-1.images.arcpublishing.com\/liberation\/33NZYOPMMVGXLGB5XEQYTFCWQQ.jpg\u00a0\u00bb,\u00a0\u00bbwidth\u00a0\u00bb:377},{\u00ab\u00a0height\u00a0\u00bb:267,\u00a0\u00bburl\u00a0\u00bb:\u00a0\u00bbresizer\/yCU-VsI_RhjQvrZuyLD7VT58dWQ=\/400&#215;267\/filters:format(jpg):quality(70):focal(2967&#215;4725:2977&#215;4735)\/cloudfront-eu-central-1.images.arcpublishing.com\/liberation\/33NZYOPMMVGXLGB5XEQYTFCWQQ.jpg\u00a0\u00bb,\u00a0\u00bbwidth\u00a0\u00bb:400},{\u00ab\u00a0height\u00a0\u00bb:400,\u00a0\u00bburl\u00a0\u00bb:\u00a0\u00bbresizer\/OP-yVZuHZDhjDG998EiepkuNwes=\/600&#215;400\/filters:format(jpg):quality(70):focal(2967&#215;4725:2977&#215;4735)\/cloudfront-eu-central-1.images.arcpublishing.com\/liberation\/33NZYOPMMVGXLGB5XEQYTFCWQQ.jpg\u00a0\u00bb,\u00a0\u00bbwidth\u00a0\u00bb:600},{\u00ab\u00a0height\u00a0\u00bb:512,\u00a0\u00bburl\u00a0\u00bb:\u00a0\u00bbresizer\/go6CBRudip9yiYbStoXxOqhB314=\/768&#215;512\/filters:format(jpg):quality(70):focal(2967&#215;4725:2977&#215;4735)\/cloudfront-eu-central-1.images.arcpublishing.com\/liberation\/33NZYOPMMVGXLGB5XEQYTFCWQQ.jpg\u00a0\u00bb,\u00a0\u00bbwidth\u00a0\u00bb:768},{\u00ab\u00a0height\u00a0\u00bb:533,\u00a0\u00bburl\u00a0\u00bb:\u00a0\u00bbresizer\/E3QfQcvbxZejZt8wmoZwz1xJ6qE=\/800&#215;533\/filters:format(jpg):quality(70):focal(2967&#215;4725:2977&#215;4735)\/cloudfront-eu-central-1.images.arcpublishing.com\/liberation\/33NZYOPMMVGXLGB5XEQYTFCWQQ.jpg\u00a0\u00bb,\u00a0\u00bbwidth\u00a0\u00bb:800},{\u00ab\u00a0height\u00a0\u00bb:683,\u00a0\u00bburl\u00a0\u00bb:\u00a0\u00bbresizer\/PcSCl-PRlLi98IK4I_2Z4kTckNg=\/1024&#215;683\/filters:format(jpg):quality(70):focal(2967&#215;4725:2977&#215;4735)\/cloudfront-eu-central-1.images.arcpublishing.com\/liberation\/33NZYOPMMVGXLGB5XEQYTFCWQQ.jpg\u00a0\u00bb,\u00a0\u00bbwidth\u00a0\u00bb:1024},{\u00ab\u00a0height\u00a0\u00bb:800,\u00a0\u00bburl\u00a0\u00bb:\u00a0\u00bbresizer\/MA5tMNvtvAbVPqvOy5brAi-_1Hc=\/1200&#215;800\/filters:format(jpg):quality(70):focal(2967&#215;4725:2977&#215;4735)\/cloudfront-eu-central-1.images.arcpublishing.com\/liberation\/33NZYOPMMVGXLGB5XEQYTFCWQQ.jpg\u00a0\u00bb,\u00a0\u00bbwidth\u00a0\u00bb:1200},{\u00ab\u00a0height\u00a0\u00bb:960,\u00a0\u00bburl\u00a0\u00bb:\u00a0\u00bbresizer\/QFHTtxSJh0q_UFTFF6khSoUScoU=\/1440&#215;960\/filters:format(jpg):quality(70):focal(2967&#215;4725:2977&#215;4735)\/cloudfront-eu-central-1.images.arcpublishing.com\/liberation\/33NZYOPMMVGXLGB5XEQYTFCWQQ.jpg\u00a0\u00bb,\u00a0\u00bbwidth\u00a0\u00bb:1440},{\u00ab\u00a0height\u00a0\u00bb:1067,\u00a0\u00bburl\u00a0\u00bb:\u00a0\u00bbresizer\/VLOszdqw1kLhKb21xKX0BbQBGe4=\/1600&#215;1067\/filters:format(jpg):quality(70):focal(2967&#215;4725:2977&#215;4735)\/cloudfront-eu-central-1.images.arcpublishing.com\/liberation\/33NZYOPMMVGXLGB5XEQYTFCWQQ.jpg\u00a0\u00bb,\u00a0\u00bbwidth\u00a0\u00bb:1600}],\u00a0\u00bbtype\u00a0\u00bb:\u00a0\u00bbimage\u00a0\u00bb,\u00a0\u00bburl\u00a0\u00bb:\u00a0\u00bbhttps:\/\/cloudfront-eu-central-1.images.arcpublishing.com\/liberation\/33NZYOPMMVGXLGB5XEQYTFCWQQ.jpg\u00a0\u00bb,\u00a0\u00bbwidth\u00a0\u00bb:6000}},\u00a0\u00bbsubtype\u00a0\u00bb:\u00a0\u00bbdefault\u00a0\u00bb,\u00a0\u00bbtype\u00a0\u00bb:\u00a0\u00bbstory\u00a0\u00bb,\u00a0\u00bbwebsites\u00a0\u00bb:{\u00ab\u00a0liberation\u00a0\u00bb:{\u00ab\u00a0website_section\u00a0\u00bb:{\u00ab\u00a0_id\u00a0\u00bb:\u00a0\u00bb\/societe\/religions\u00a0\u00bb,\u00a0\u00bbname\u00a0\u00bb:\u00a0\u00bbReligions\u00a0\u00bb},\u00a0\u00bbwebsite_url\u00a0\u00bb:\u00a0\u00bbhttps:\/\/www.liberation.fr\/societe\/religions\/mohsen-ngazou-president-de-musulmans-de-france-cest-violent-de-nous-traiter-encore-comme-des-etrangers-20250710_HH4YBDRM4BCUXKJAEDYIZPP5ZU\/\u00a0\u00bb}}}],\u00a0\u00bbcount\u00a0\u00bb:1245},\u00a0\u00bbexpires\u00a0\u00bb:1752380564610,\u00a0\u00bblastModified\u00a0\u00bb:1752380264535},\u00a0\u00bb{\\\u00a0\u00bbarc-site\\\u00a0\u00bb:\\\u00a0\u00bbliberation\\\u00a0\u00bb,\\\u00a0\u00bbfeedOffset\\\u00a0\u00bb:3,\\\u00a0\u00bbfeedSize\\\u00a0\u00bb:1,\\\u00a0\u00bbimageRatio\\\u00a0\u00bb:1.5,\\\u00a0\u00bbincludeSections\\\u00a0\u00bb:\\\u00a0\u00bb\/societe\/religions\\\u00a0\u00bb}\u00a0\u00bb:{\u00ab\u00a0data\u00a0\u00bb:{\u00ab\u00a0_id\u00a0\u00bb:\u00a0\u00bb6c39c8ec88c18122b650366107fb850b43c8c7aaf69339bcc8c4bd03dc05c495&Prime;,\u00a0\u00bbcontent_elements\u00a0\u00bb:[{\u00ab\u00a0_id\u00a0\u00bb:\u00a0\u00bb73FIXBLPJ5CWNC2HUVGLZJA3S4&Prime;,\u00a0\u00bbcontent_restrictions\u00a0\u00bb:{\u00ab\u00a0content_code\u00a0\u00bb:\u00a0\u00bbferme\u00a0\u00bb},\u00a0\u00bbcredits\u00a0\u00bb:{\u00ab\u00a0by\u00a0\u00bb:[{\u00ab\u00a0_id\u00a0\u00bb:\u00a0\u00bb8815&Prime;,\u00a0\u00bbadditional_properties\u00a0\u00bb:{\u00ab\u00a0original\u00a0\u00bb:{\u00ab\u00a0byline\u00a0\u00bb:\u00a0\u00bbBernadette Sauvaget, envoy\u00e9e sp\u00e9ciale \u00e0 Marseille (Bouches-du-Rh\u00f4ne)\u00a0\u00bb,\u00a0\u00bbslug\u00a0\u00bb:\u00a0\u00bbbernadette-sauvaget\u00a0\u00bb}},\u00a0\u00bbname\u00a0\u00bb:\u00a0\u00bbBernadette Sauvaget\u00a0\u00bb,\u00a0\u00bbslug\u00a0\u00bb:\u00a0\u00bbbernadette-sauvaget\u00a0\u00bb,\u00a0\u00bbtype\u00a0\u00bb:\u00a0\u00bbauthor\u00a0\u00bb}]},\u00a0\u00bbdescription\u00a0\u00bb:{\u00ab\u00a0basic\u00a0\u00bb:\u00a0\u00bbSous contrat d\u2019association avec l\u2019Etat pour la moiti\u00e9 de ses classes, le coll\u00e8ge-lyc\u00e9e Ibn Khaldoun est sur la sellette depuis l\u2019automne, r\u00e9sultat d&rsquo;un nouvel \u00e9pisode de la croisade gouvernementale contre un suppos\u00e9 \u00abentrisme\u00bb.\u00a0\u00bb},\u00a0\u00bbdisplay_date\u00a0\u00bb:\u00a0\u00bb2025-07-09T17:32:27.626Z\u00a0\u00bb,\u00a0\u00bbheadlines\u00a0\u00bb:{\u00ab\u00a0basic\u00a0\u00bb:\u00a0\u00bbSuspension des subventions d\u2019un coll\u00e8ge-lyc\u00e9e musulman de Marseille\u00a0: \u00abNous savions que nous \u00e9tions dans le collimateur des autorit\u00e9s\u00bb\u00a0\u00bb},\u00a0\u00bblabel\u00a0\u00bb:{\u00ab\u00a0basic\u00a0\u00bb:{\u00ab\u00a0text\u00a0\u00bb:\u00a0\u00bbReportage\u00a0\u00bb}},\u00a0\u00bbpromo_items\u00a0\u00bb:{\u00ab\u00a0basic\u00a0\u00bb:{\u00ab\u00a0_id\u00a0\u00bb:\u00a0\u00bbSBHZ4REJJZCWLORWMY2O4DGN2Y\u00a0\u00bb,\u00a0\u00bbauth\u00a0\u00bb:{\u00ab\u00a01&Prime;:\u00a0\u00bbf3bddb193f2707a48f389eab80cac3ae286e18445300f6900110cbd1cdf8254f\u00a0\u00bb},\u00a0\u00bbfocal_point\u00a0\u00bb:{\u00ab\u00a0x\u00a0\u00bb:4270,\u00a0\u00bby\u00a0\u00bb:3223},\u00a0\u00bbheight\u00a0\u00bb:6000,\u00a0\u00bbresized_params\u00a0\u00bb:[{\u00ab\u00a0height\u00a0\u00bb:56,\u00a0\u00bburl\u00a0\u00bb:\u00a0\u00bbresizer\/pgyRm-1sbVtOgeIAnDsWy3xAnjM=\/84&#215;56\/filters:format(jpg):quality(70):focal(4265&#215;3218:4275&#215;3228)\/cloudfront-eu-central-1.images.arcpublishing.com\/liberation\/SBHZ4REJJZCWLORWMY2O4DGN2Y.jpg\u00a0\u00bb,\u00a0\u00bbwidth\u00a0\u00bb:84},{\u00ab\u00a0height\u00a0\u00bb:70,\u00a0\u00bburl\u00a0\u00bb:\u00a0\u00bbresizer\/JeUiO90fwBmKV94vlQ1z-DqSAVU=\/105&#215;70\/filters:format(jpg):quality(70):focal(4265&#215;3218:4275&#215;3228)\/cloudfront-eu-central-1.images.arcpublishing.com\/liberation\/SBHZ4REJJZCWLORWMY2O4DGN2Y.jpg\u00a0\u00bb,\u00a0\u00bbwidth\u00a0\u00bb:105},{\u00ab\u00a0height\u00a0\u00bb:105,\u00a0\u00bburl\u00a0\u00bb:\u00a0\u00bbresizer\/Jc1gD_2ymYaXGlKmZJ-wgVO91dg=\/158&#215;105\/filters:format(jpg):quality(70):focal(4265&#215;3218:4275&#215;3228)\/cloudfront-eu-central-1.images.arcpublishing.com\/liberation\/SBHZ4REJJZCWLORWMY2O4DGN2Y.jpg\u00a0\u00bb,\u00a0\u00bbwidth\u00a0\u00bb:158},{\u00ab\u00a0height\u00a0\u00bb:183,\u00a0\u00bburl\u00a0\u00bb:\u00a0\u00bbresizer\/8oe-gvUwnu428Azi5cTfMlA3ots=\/274&#215;183\/filters:format(jpg):quality(70):focal(4265&#215;3218:4275&#215;3228)\/cloudfront-eu-central-1.images.arcpublishing.com\/liberation\/SBHZ4REJJZCWLORWMY2O4DGN2Y.jpg\u00a0\u00bb,\u00a0\u00bbwidth\u00a0\u00bb:274},{\u00ab\u00a0height\u00a0\u00bb:251,\u00a0\u00bburl\u00a0\u00bb:\u00a0\u00bbresizer\/o8l3zBCyoHocXjU6wq31XC8ZOjc=\/377&#215;251\/filters:format(jpg):quality(70):focal(4265&#215;3218:4275&#215;3228)\/cloudfront-eu-central-1.images.arcpublishing.com\/liberation\/SBHZ4REJJZCWLORWMY2O4DGN2Y.jpg\u00a0\u00bb,\u00a0\u00bbwidth\u00a0\u00bb:377},{\u00ab\u00a0height\u00a0\u00bb:267,\u00a0\u00bburl\u00a0\u00bb:\u00a0\u00bbresizer\/Wj8VKvzb1Q5gsWPaJ4kzAjDl5x4=\/400&#215;267\/filters:format(jpg):quality(70):focal(4265&#215;3218:4275&#215;3228)\/cloudfront-eu-central-1.images.arcpublishing.com\/liberation\/SBHZ4REJJZCWLORWMY2O4DGN2Y.jpg\u00a0\u00bb,\u00a0\u00bbwidth\u00a0\u00bb:400},{\u00ab\u00a0height\u00a0\u00bb:400,\u00a0\u00bburl\u00a0\u00bb:\u00a0\u00bbresizer\/FpQB2kjwnbol2SxXgk5CWf8QHUM=\/600&#215;400\/filters:format(jpg):quality(70):focal(4265&#215;3218:4275&#215;3228)\/cloudfront-eu-central-1.images.arcpublishing.com\/liberation\/SBHZ4REJJZCWLORWMY2O4DGN2Y.jpg\u00a0\u00bb,\u00a0\u00bbwidth\u00a0\u00bb:600},{\u00ab\u00a0height\u00a0\u00bb:512,\u00a0\u00bburl\u00a0\u00bb:\u00a0\u00bbresizer\/QEh5YDQq7JXJTJdxLJu-0L4wNhc=\/768&#215;512\/filters:format(jpg):quality(70):focal(4265&#215;3218:4275&#215;3228)\/cloudfront-eu-central-1.images.arcpublishing.com\/liberation\/SBHZ4REJJZCWLORWMY2O4DGN2Y.jpg\u00a0\u00bb,\u00a0\u00bbwidth\u00a0\u00bb:768},{\u00ab\u00a0height\u00a0\u00bb:533,\u00a0\u00bburl\u00a0\u00bb:\u00a0\u00bbresizer\/NZXZ_lEkV5TrNTVdJa45o4xcVok=\/800&#215;533\/filters:format(jpg):quality(70):focal(4265&#215;3218:4275&#215;3228)\/cloudfront-eu-central-1.images.arcpublishing.com\/liberation\/SBHZ4REJJZCWLORWMY2O4DGN2Y.jpg\u00a0\u00bb,\u00a0\u00bbwidth\u00a0\u00bb:800},{\u00ab\u00a0height\u00a0\u00bb:683,\u00a0\u00bburl\u00a0\u00bb:\u00a0\u00bbresizer\/auHrLzv-u546he8P0sMJVTYdH0A=\/1024&#215;683\/filters:format(jpg):quality(70):focal(4265&#215;3218:4275&#215;3228)\/cloudfront-eu-central-1.images.arcpublishing.com\/liberation\/SBHZ4REJJZCWLORWMY2O4DGN2Y.jpg\u00a0\u00bb,\u00a0\u00bbwidth\u00a0\u00bb:1024},{\u00ab\u00a0height\u00a0\u00bb:800,\u00a0\u00bburl\u00a0\u00bb:\u00a0\u00bbresizer\/PrFM2wHcm-OXrxaELyAfaN7sAQM=\/1200&#215;800\/filters:format(jpg):quality(70):focal(4265&#215;3218:4275&#215;3228)\/cloudfront-eu-central-1.images.arcpublishing.com\/liberation\/SBHZ4REJJZCWLORWMY2O4DGN2Y.jpg\u00a0\u00bb,\u00a0\u00bbwidth\u00a0\u00bb:1200},{\u00ab\u00a0height\u00a0\u00bb:960,\u00a0\u00bburl\u00a0\u00bb:\u00a0\u00bbresizer\/2Wq1Dt4jM3B49mGW-ycws0pf0uY=\/1440&#215;960\/filters:format(jpg):quality(70):focal(4265&#215;3218:4275&#215;3228)\/cloudfront-eu-central-1.images.arcpublishing.com\/liberation\/SBHZ4REJJZCWLORWMY2O4DGN2Y.jpg\u00a0\u00bb,\u00a0\u00bbwidth\u00a0\u00bb:1440},{\u00ab\u00a0height\u00a0\u00bb:1067,\u00a0\u00bburl\u00a0\u00bb:\u00a0\u00bbresizer\/zswcu1HaVvVYCTrmhtgiWPrNnmk=\/1600&#215;1067\/filters:format(jpg):quality(70):focal(4265&#215;3218:4275&#215;3228)\/cloudfront-eu-central-1.images.arcpublishing.com\/liberation\/SBHZ4REJJZCWLORWMY2O4DGN2Y.jpg\u00a0\u00bb,\u00a0\u00bbwidth\u00a0\u00bb:1600}],\u00a0\u00bbtype\u00a0\u00bb:\u00a0\u00bbimage\u00a0\u00bb,\u00a0\u00bburl\u00a0\u00bb:\u00a0\u00bbhttps:\/\/cloudfront-eu-central-1.images.arcpublishing.com\/liberation\/SBHZ4REJJZCWLORWMY2O4DGN2Y.jpg\u00a0\u00bb,\u00a0\u00bbwidth\u00a0\u00bb:9000}},\u00a0\u00bbsubtype\u00a0\u00bb:\u00a0\u00bbreportage\u00a0\u00bb,\u00a0\u00bbtype\u00a0\u00bb:\u00a0\u00bbstory\u00a0\u00bb,\u00a0\u00bbwebsites\u00a0\u00bb:{\u00ab\u00a0liberation\u00a0\u00bb:{\u00ab\u00a0website_section\u00a0\u00bb:{\u00ab\u00a0_id\u00a0\u00bb:\u00a0\u00bb\/societe\/religions\u00a0\u00bb,\u00a0\u00bbname\u00a0\u00bb:\u00a0\u00bbReligions\u00a0\u00bb},\u00a0\u00bbwebsite_url\u00a0\u00bb:\u00a0\u00bbhttps:\/\/www.liberation.fr\/societe\/religions\/suspension-des-subventions-dun-college-lycee-musulman-de-marseille-nous-savions-que-nous-etions-dans-le-collimateur-des-autorites-20250709_73FIXBLPJ5CWNC2HUVGLZJA3S4\/\u00a0\u00bb}}}],\u00a0\u00bbcount\u00a0\u00bb:1245},\u00a0\u00bbexpires\u00a0\u00bb:1752380416060,\u00a0\u00bblastModified\u00a0\u00bb:1752380115939}},\u00a0\u00bbsite-most-read-articles\u00a0\u00bb:{\u00ab\u00a0{\\\u00a0\u00bbmaxSize\\\u00a0\u00bb:4}\u00a0\u00bb:{\u00ab\u00a0data\u00a0\u00bb:{\u00ab\u00a0articles\u00a0\u00bb:[{\u00ab\u00a0text\u00a0\u00bb:\u00a0\u00bbNico et L\u00e9a, un dernier moment de gr\u00e2ce, par Daniel Schneidermann\u00a0\u00bb,\u00a0\u00bbtitle\u00a0\u00bb:\u00a0\u00bbChronique \u00abM\u00e9diatiques\u00bb\u00a0\u00bb,\u00a0\u00bburl\u00a0\u00bb:\u00a0\u00bbhttps:\/\/www.liberation.fr\/idees-et-debats\/opinions\/nico-et-lea-un-dernier-moment-de-grace-par-daniel-schneidermann-20250712_WKODBNH62RGVRB2APKMU4YABEQ\/\u00a0\u00bb,\u00a0\u00bbsubscribedLabel\u00a0\u00bb:\u00a0\u00bbAbonn\u00e9s\u00a0\u00bb},{\u00ab\u00a0text\u00a0\u00bb:\u00a0\u00bbProc\u00e8s du \u00abCanard encha\u00een\u00e9\u00bb\u00a0: la \u00abfamille dysfonctionnelle\u00bb se d\u00e9chire \u00e0 la barre\u00a0\u00bb,\u00a0\u00bbtitle\u00a0\u00bb:\u00a0\u00bbJustice\u00a0\u00bb,\u00a0\u00bburl\u00a0\u00bb:\u00a0\u00bbhttps:\/\/www.liberation.fr\/societe\/proces-du-canard-enchaine-la-famille-dysfonctionnelle-se-dechire-a-la-barre-20250711_X4VDBURUGVDVZB3YEPFT23HVJA\/\u00a0\u00bb,\u00a0\u00bbsubscribedLabel\u00a0\u00bb:\u00a0\u00bbAbonn\u00e9s\u00a0\u00bb},{\u00ab\u00a0text\u00a0\u00bb:\u00a0\u00bbGuerre en Ukraine\u00a0: Trump en aurait-il (enfin) assez de Poutine\u00a0?\u00a0\u00bb,\u00a0\u00bbtitle\u00a0\u00bb:\u00a0\u00bbBromance\u00a0\u00bb,\u00a0\u00bburl\u00a0\u00bb:\u00a0\u00bbhttps:\/\/www.liberation.fr\/international\/amerique\/guerre-en-ukraine-trump-en-aurait-il-enfin-assez-de-poutine-20250712_62IZK4MPF5DMZOTFTIDTG3CEXI\/\u00a0\u00bb,\u00a0\u00bbsubscribedLabel\u00a0\u00bb:\u00a0\u00bbAbonn\u00e9s\u00a0\u00bb},{\u00ab\u00a0text\u00a0\u00bb:\u00a0\u00bb\u00abEtat de Nouvelle-Cal\u00e9donie\u00bb, nouvelle nationalit\u00e9, \u00e9conomie\u2026 Ce que contient le projet d\u2019accord sign\u00e9 \u00e0 Bougival\u00a0\u00bb,\u00a0\u00bbtitle\u00a0\u00bb:\u00a0\u00bbD\u00e9cryptage\u00a0\u00bb,\u00a0\u00bburl\u00a0\u00bb:\u00a0\u00bbhttps:\/\/www.liberation.fr\/politique\/nouvelle-caledonie-independantistes-et-loyalistes-signent-un-accord-historique-20250712_Y4QFLARU4JHB5CO5GDKW6GLBF4\/\u00a0\u00bb,\u00a0\u00bbsubscribedLabel\u00a0\u00bb:\u00a0\u00bb\u00a0\u00bb}],\u00a0\u00bb_id\u00a0\u00bb:\u00a0\u00bb53c9fe00a616faa850dca7d48d692e143db4a5ed830ad9951c6e859bcb31af5b\u00a0\u00bb},\u00a0\u00bbexpires\u00a0\u00bb:1752380302874,\u00a0\u00bblastModified\u00a0\u00bb:1752380181339}},\u00a0\u00bbnavigation-hierarchy\u00a0\u00bb:{\u00ab\u00a0{\\\u00a0\u00bbfeature\\\u00a0\u00bb:\\\u00a0\u00bbfooter\\\u00a0\u00bb,\\\u00a0\u00bbhierarchy\\\u00a0\u00bb:\\\u00a0\u00bbfooter\\\u00a0\u00bb}\u00a0\u00bb:{\u00ab\u00a0data\u00a0\u00bb:{\u00ab\u00a0children\u00a0\u00bb:[{\u00ab\u00a0_id\u00a0\u00bb:\u00a0\u00bb\/rubriques\u00a0\u00bb,\u00a0\u00bbchildren\u00a0\u00bb:[{\u00ab\u00a0_id\u00a0\u00bb:\u00a0\u00bblink-7DJW34D5RVHVLD7HNCVPPWQSQ4&Prime;,\u00a0\u00bbdisplay_name\u00a0\u00bb:\u00a0\u00bbGouvernement Bayrou\u00a0\u00bb,\u00a0\u00bbnode_type\u00a0\u00bb:\u00a0\u00bblink\u00a0\u00bb,\u00a0\u00bburl\u00a0\u00bb:\u00a0\u00bbhttps:\/\/www.liberation.fr\/dossier\/gouvernement\/\u00a0\u00bb},{\u00ab\u00a0_id\u00a0\u00bb:\u00a0\u00bblink-RC369V56Q942188M64HXCF7GQ8&Prime;,\u00a0\u00bbdisplay_name\u00a0\u00bb:\u00a0\u00bbGuerre au Proche-Orient\u00a0\u00bb,\u00a0\u00bbnode_type\u00a0\u00bb:\u00a0\u00bblink\u00a0\u00bb,\u00a0\u00bburl\u00a0\u00bb:\u00a0\u00bbhttps:\/\/www.liberation.fr\/dossier\/guerre-hamas-israel\/\u00a0\u00bb},{\u00ab\u00a0_id\u00a0\u00bb:\u00a0\u00bblink-YPGJ1BRE6D08T0GDAFYDMGFM6R\u00a0\u00bb,\u00a0\u00bbdisplay_name\u00a0\u00bb:\u00a0\u00bbGuerre en Ukraine\u00a0\u00bb,\u00a0\u00bbnode_type\u00a0\u00bb:\u00a0\u00bblink\u00a0\u00bb,\u00a0\u00bburl\u00a0\u00bb:\u00a0\u00bbhttps:\/\/www.liberation.fr\/dossier\/ukraine-la-crise\/\u00a0\u00bb},{\u00ab\u00a0_id\u00a0\u00bb:\u00a0\u00bblink-CAGM62V2SFAMZOMJDUUFLZ3BQA\u00a0\u00bb,\u00a0\u00bbdisplay_name\u00a0\u00bb:\u00a0\u00bbDonald Trump \u00e0 la Maison Blanche\u00a0\u00bb,\u00a0\u00bbnode_type\u00a0\u00bb:\u00a0\u00bblink\u00a0\u00bb,\u00a0\u00bburl\u00a0\u00bb:\u00a0\u00bbhttps:\/\/www.liberation.fr\/tags\/donald-trump\/\u00a0\u00bb},{\u00ab\u00a0_id\u00a0\u00bb:\u00a0\u00bblink-9G4PAT524N05DDUWEUM8W43JU4&Prime;,\u00a0\u00bbdisplay_name\u00a0\u00bb:\u00a0\u00bbLa menace de l&rsquo;extr\u00eame droite\u00a0\u00bb,\u00a0\u00bbnode_type\u00a0\u00bb:\u00a0\u00bblink\u00a0\u00bb,\u00a0\u00bburl\u00a0\u00bb:\u00a0\u00bbhttps:\/\/www.liberation.fr\/tags\/extreme-droite\/\u00a0\u00bb},{\u00ab\u00a0_id\u00a0\u00bb:\u00a0\u00bblink-RNKDTRJWQBCZ5KMEOCJGQPOMVQ\u00a0\u00bb,\u00a0\u00bbdisplay_name\u00a0\u00bb:\u00a0\u00bbR\u00e9chauffement climatique\u00a0\u00bb,\u00a0\u00bbnode_type\u00a0\u00bb:\u00a0\u00bblink\u00a0\u00bb,\u00a0\u00bburl\u00a0\u00bb:\u00a0\u00bbhttps:\/\/www.liberation.fr\/tags\/rechauffement-climatique\/\u00a0\u00bb},{\u00ab\u00a0_id\u00a0\u00bb:\u00a0\u00bblink-9VF7BA3QMD7PB9V2YXBJ6AAFU0&Prime;,\u00a0\u00bbdisplay_name\u00a0\u00bb:\u00a0\u00bbLutte contre les violences sexistes\u00a0\u00bb,\u00a0\u00bbnode_type\u00a0\u00bb:\u00a0\u00bblink\u00a0\u00bb,\u00a0\u00bburl\u00a0\u00bb:\u00a0\u00bbhttps:\/\/www.liberation.fr\/dossier\/violences-sexuelles\/\u00a0\u00bb},{\u00ab\u00a0_id\u00a0\u00bb:\u00a0\u00bblink-CZS6MDHVGRCCPJCAD2B6RH4HQU\u00a0\u00bb,\u00a0\u00bbdisplay_name\u00a0\u00bb:\u00a0\u00bbR\u00e9cap d&rsquo;actu\u00a0\u00bb,\u00a0\u00bbnode_type\u00a0\u00bb:\u00a0\u00bblink\u00a0\u00bb,\u00a0\u00bburl\u00a0\u00bb:\u00a0\u00bbhttps:\/\/www.liberation.fr\/tags\/recap-actu\/\u00a0\u00bb}],\u00a0\u00bbname\u00a0\u00bb:\u00a0\u00bbDossiers\u00a0\u00bb,\u00a0\u00bbnode_type\u00a0\u00bb:\u00a0\u00bbsection\u00a0\u00bb},{\u00ab\u00a0_id\u00a0\u00bb:\u00a0\u00bb\/service\u00a0\u00bb,\u00a0\u00bbchildren\u00a0\u00bb:[{\u00ab\u00a0_id\u00a0\u00bb:\u00a0\u00bblink-HTNS4GU3NZBVDPNJGBVFWZ2ZKE\u00a0\u00bb,\u00a0\u00bbdisplay_name\u00a0\u00bb:\u00a0\u00bbContactez-nous\u00a0\u00bb,\u00a0\u00bbnode_type\u00a0\u00bb:\u00a0\u00bblink\u00a0\u00bb,\u00a0\u00bburl\u00a0\u00bb:\u00a0\u00bbhttps:\/\/www.liberation.fr\/contact\/\u00a0\u00bb},{\u00ab\u00a0_id\u00a0\u00bb:\u00a0\u00bblink-63RYRX3KD50AH00WZN2E03D0UR\u00a0\u00bb,\u00a0\u00bbdisplay_name\u00a0\u00bb:\u00a0\u00bbS&rsquo;abonner\u00a0\u00bb,\u00a0\u00bbnode_type\u00a0\u00bb:\u00a0\u00bblink\u00a0\u00bb,\u00a0\u00bburl\u00a0\u00bb:\u00a0\u00bbhttps:\/\/offre.liberation.fr\/abonnez-vous\u00a0\u00bb},{\u00ab\u00a0_id\u00a0\u00bb:\u00a0\u00bblink-OYXN6EHT6RHVDFB47HW5OCY2NE\u00a0\u00bb,\u00a0\u00bbdisplay_name\u00a0\u00bb:\u00a0\u00bbFaire un don (d\u00e9ductible des imp\u00f4ts)\u00a0\u00bb,\u00a0\u00bbnode_type\u00a0\u00bb:\u00a0\u00bblink\u00a0\u00bb,\u00a0\u00bburl\u00a0\u00bb:\u00a0\u00bbhttps:\/\/www.liberation.fr\/faire-un-don\/\u00a0\u00bb},{\u00ab\u00a0_id\u00a0\u00bb:\u00a0\u00bblink-HJTF0JBDM90710PFG5H51GYAF8&Prime;,\u00a0\u00bbdisplay_name\u00a0\u00bb:\u00a0\u00bbAnnonces l\u00e9gales\u00a0\u00bb,\u00a0\u00bbnode_type\u00a0\u00bb:\u00a0\u00bblink\u00a0\u00bb,\u00a0\u00bburl\u00a0\u00bb:\u00a0\u00bbhttps:\/\/annonces-legales.liberation.fr\/\u00a0\u00bb},{\u00ab\u00a0_id\u00a0\u00bb:\u00a0\u00bblink-9VA8YKE7GH49TDWP1J3BANCZKG\u00a0\u00bb,\u00a0\u00bbdisplay_name\u00a0\u00bb:\u00a0\u00bbDonnez-nous votre avis\u00a0\u00bb,\u00a0\u00bbnode_type\u00a0\u00bb:\u00a0\u00bblink\u00a0\u00bb,\u00a0\u00bburl\u00a0\u00bb:\u00a0\u00bbhttps:\/\/formulaire.liberation.fr\/votre-avis\u00a0\u00bb},{\u00ab\u00a0_id\u00a0\u00bb:\u00a0\u00bblink-TQCM39679X6E9DFBHVYJ2PQAMC\u00a0\u00bb,\u00a0\u00bbdisplay_name\u00a0\u00bb:\u00a0\u00bbFoire aux questions\u00a0\u00bb,\u00a0\u00bbnode_type\u00a0\u00bb:\u00a0\u00bblink\u00a0\u00bb,\u00a0\u00bburl\u00a0\u00bb:\u00a0\u00bbhttps:\/\/aideliberation.crisp.help\/fr\/\u00a0\u00bb},{\u00ab\u00a0_id\u00a0\u00bb:\u00a0\u00bblink-5BKFYBAR5D40B2BYE9CH5VHRY8&Prime;,\u00a0\u00bbdisplay_name\u00a0\u00bb:\u00a0\u00bbProposer une tribune\u00a0\u00bb,\u00a0\u00bbnode_type\u00a0\u00bb:\u00a0\u00bblink\u00a0\u00bb,\u00a0\u00bburl\u00a0\u00bb:\u00a0\u00bbhttps:\/\/www.liberation.fr\/proposer-une-tribune\/\u00a0\u00bb},{\u00ab\u00a0_id\u00a0\u00bb:\u00a0\u00bblink-6VAQDSFXBVCENE3D7IPHAMW4SY\u00a0\u00bb,\u00a0\u00bbdisplay_name\u00a0\u00bb:\u00a0\u00bbPublicit\u00e9\u00a0\u00bb,\u00a0\u00bbnode_type\u00a0\u00bb:\u00a0\u00bblink\u00a0\u00bb,\u00a0\u00bburl\u00a0\u00bb:\u00a0\u00bbhttps:\/\/libeplus.fr\/\u00a0\u00bb},{\u00ab\u00a0_id\u00a0\u00bb:\u00a0\u00bblink-WGIXPQBHYVCANHY42V3P3IMSGU\u00a0\u00bb,\u00a0\u00bbdisplay_name\u00a0\u00bb:\u00a0\u00bbConjugaison\u00a0\u00bb,\u00a0\u00bbnode_type\u00a0\u00bb:\u00a0\u00bblink\u00a0\u00bb,\u00a0\u00bburl\u00a0\u00bb:\u00a0\u00bbhttps:\/\/conjugaison.liberation.fr\/\u00a0\u00bb},{\u00ab\u00a0_id\u00a0\u00bb:\u00a0\u00bblink-B54NADCHPD4FB576T26N73MHZC\u00a0\u00bb,\u00a0\u00bbdisplay_name\u00a0\u00bb:\u00a0\u00bbCours d&rsquo;anglais\u00a0\u00bb,\u00a0\u00bbnode_type\u00a0\u00bb:\u00a0\u00bblink\u00a0\u00bb,\u00a0\u00bburl\u00a0\u00bb:\u00a0\u00bbhttps:\/\/cours-anglais.liberation.fr\/\u00a0\u00bb},{\u00ab\u00a0_id\u00a0\u00bb:\u00a0\u00bblink-MDR9V1GCHH26QB0EPXEVYAY1ZG\u00a0\u00bb,\u00a0\u00bbdisplay_name\u00a0\u00bb:\u00a0\u00bbPetites annonces\u00a0\u00bb,\u00a0\u00bbnode_type\u00a0\u00bb:\u00a0\u00bblink\u00a0\u00bb,\u00a0\u00bburl\u00a0\u00bb:\u00a0\u00bbhttps:\/\/petites-annonces.liberation.fr\/\u00a0\u00bb}],\u00a0\u00bbname\u00a0\u00bb:\u00a0\u00bbServices\u00a0\u00bb,\u00a0\u00bbnode_type\u00a0\u00bb:\u00a0\u00bbsection\u00a0\u00bb},{\u00ab\u00a0_id\u00a0\u00bb:\u00a0\u00bb\/conditions-g\u00e9n\u00e9rales\u00a0\u00bb,\u00a0\u00bbchildren\u00a0\u00bb:[{\u00ab\u00a0_id\u00a0\u00bb:\u00a0\u00bblink-AK4ERRAM0N0UN86D8WQ7RBZTJG\u00a0\u00bb,\u00a0\u00bbdisplay_name\u00a0\u00bb:\u00a0\u00bbMentions l\u00e9gales\u00a0\u00bb,\u00a0\u00bbnode_type\u00a0\u00bb:\u00a0\u00bblink\u00a0\u00bb,\u00a0\u00bburl\u00a0\u00bb:\u00a0\u00bbhttps:\/\/www.liberation.fr\/mentions-legales\/\u00a0\u00bb},{\u00ab\u00a0_id\u00a0\u00bb:\u00a0\u00bblink-Z3ED3QUF8N5J12T2N9B9X1W2KW\u00a0\u00bb,\u00a0\u00bbdisplay_name\u00a0\u00bb:\u00a0\u00bbCharte \u00e9thique\u00a0\u00bb,\u00a0\u00bbnode_type\u00a0\u00bb:\u00a0\u00bblink\u00a0\u00bb,\u00a0\u00bburl\u00a0\u00bb:\u00a0\u00bbhttps:\/\/www.liberation.fr\/charte-ethique\/\u00a0\u00bb},{\u00ab\u00a0_id\u00a0\u00bb:\u00a0\u00bblink-JYD7IEBXIJBSFN3FRTFSLTID3M\u00a0\u00bb,\u00a0\u00bbdisplay_name\u00a0\u00bb:\u00a0\u00bbPacte d&rsquo;ind\u00e9pendance \u00e9ditoriale\u00a0\u00bb,\u00a0\u00bbnode_type\u00a0\u00bb:\u00a0\u00bblink\u00a0\u00bb,\u00a0\u00bburl\u00a0\u00bb:\u00a0\u00bbhttps:\/\/www.liberation.fr\/pacte-independance-editoriale\/\u00a0\u00bb},{\u00ab\u00a0_id\u00a0\u00bb:\u00a0\u00bblink-1DDAP4QRK12TXAV4C5ZUTEFAM4&Prime;,\u00a0\u00bbdisplay_name\u00a0\u00bb:\u00a0\u00bbCGVU\u00a0\u00bb,\u00a0\u00bbnode_type\u00a0\u00bb:\u00a0\u00bblink\u00a0\u00bb,\u00a0\u00bburl\u00a0\u00bb:\u00a0\u00bbhttps:\/\/www.liberation.fr\/cgvu\/\u00a0\u00bb},{\u00ab\u00a0_id\u00a0\u00bb:\u00a0\u00bblink-FDAK21DHQH0XF67B9KR9ZCEFN8&Prime;,\u00a0\u00bbdisplay_name\u00a0\u00bb:\u00a0\u00bbProtection des donn\u00e9es personnelles\u00a0\u00bb,\u00a0\u00bbnode_type\u00a0\u00bb:\u00a0\u00bblink\u00a0\u00bb,\u00a0\u00bburl\u00a0\u00bb:\u00a0\u00bbhttps:\/\/www.liberation.fr\/protection-des-donnees-personnelles\/\u00a0\u00bb},{\u00ab\u00a0_id\u00a0\u00bb:\u00a0\u00bblink-MYKHZKG9BH151DN02KM91Y779G\u00a0\u00bb,\u00a0\u00bbdisplay_name\u00a0\u00bb:\u00a0\u00bbGestion des cookies\u00a0\u00bb,\u00a0\u00bbnode_type\u00a0\u00bb:\u00a0\u00bblink\u00a0\u00bb,\u00a0\u00bburl\u00a0\u00bb:\u00a0\u00bbhttps:\/\/www.liberation.fr\/gestions-des-cookies\/\u00a0\u00bb},{\u00ab\u00a0_id\u00a0\u00bb:\u00a0\u00bblink-5DZ6XQ3QV57WD261CVWCW7UBCW\u00a0\u00bb,\u00a0\u00bbdisplay_name\u00a0\u00bb:\u00a0\u00bbLicence\u00a0\u00bb,\u00a0\u00bbnode_type\u00a0\u00bb:\u00a0\u00bblink\u00a0\u00bb,\u00a0\u00bburl\u00a0\u00bb:\u00a0\u00bbhttps:\/\/www.liberation.fr\/licence\/\u00a0\u00bb},{\u00ab\u00a0_id\u00a0\u00bb:\u00a0\u00bblink-3GBZAORGDRC7DP32PFCT4EMYKA\u00a0\u00bb,\u00a0\u00bbdisplay_name\u00a0\u00bb:\u00a0\u00bbEco-contribution\u00a0\u00bb,\u00a0\u00bbnode_type\u00a0\u00bb:\u00a0\u00bblink\u00a0\u00bb,\u00a0\u00bburl\u00a0\u00bb:\u00a0\u00bbhttps:\/\/www.liberation.fr\/eco-contribution\/\u00a0\u00bb}],\u00a0\u00bbname\u00a0\u00bb:\u00a0\u00bbConditions g\u00e9n\u00e9rales\u00a0\u00bb,\u00a0\u00bbnode_type\u00a0\u00bb:\u00a0\u00bbsection\u00a0\u00bb},{\u00ab\u00a0_id\u00a0\u00bb:\u00a0\u00bb\/lire-libe\u00a0\u00bb,\u00a0\u00bbchildren\u00a0\u00bb:[{\u00ab\u00a0_id\u00a0\u00bb:\u00a0\u00bblink-LI2U665NO5D67JUFSFPW2EK45I\u00a0\u00bb,\u00a0\u00bbdisplay_name\u00a0\u00bb:\u00a0\u00bbGuide des festivals\u00a0\u00bb,\u00a0\u00bbnode_type\u00a0\u00bb:\u00a0\u00bblink\u00a0\u00bb,\u00a0\u00bburl\u00a0\u00bb:\u00a0\u00bbhttps:\/\/www.liberation.fr\/dossier\/festivals-de-l-ete\/\u00a0\u00bb},{\u00ab\u00a0_id\u00a0\u00bb:\u00a0\u00bblink-8EYG0HFTT17Q56ZMF4F2MY2NU8&Prime;,\u00a0\u00bbdisplay_name\u00a0\u00bb:\u00a0\u00bbEv\u00e9nements Lib\u00e9\u00a0\u00bb,\u00a0\u00bbnode_type\u00a0\u00bb:\u00a0\u00bblink\u00a0\u00bb,\u00a0\u00bburl\u00a0\u00bb:\u00a0\u00bbhttps:\/\/offre.liberation.fr\/evenements\/\u00a0\u00bb},{\u00ab\u00a0_id\u00a0\u00bb:\u00a0\u00bblink-UYM7XLYVJBD7JLAPTDBM3PAYLI\u00a0\u00bb,\u00a0\u00bbdisplay_name\u00a0\u00bb:\u00a0\u00bbClimat Lib\u00e9 Tour\u00a0\u00bb,\u00a0\u00bbnode_type\u00a0\u00bb:\u00a0\u00bblink\u00a0\u00bb,\u00a0\u00bburl\u00a0\u00bb:\u00a0\u00bbhttps:\/\/www.climat-libe-tour.liberation.fr\/\u00a0\u00bb},{\u00ab\u00a0_id\u00a0\u00bb:\u00a0\u00bblink-QMJXPD53OFAMJIML37XAB74YVY\u00a0\u00bb,\u00a0\u00bbdisplay_name\u00a0\u00bb:\u00a0\u00bbUniversit\u00e9 Lib\u00e9\u00a0\u00bb,\u00a0\u00bbnode_type\u00a0\u00bb:\u00a0\u00bblink\u00a0\u00bb,\u00a0\u00bburl\u00a0\u00bb:\u00a0\u00bbhttps:\/\/www.liberation.fr\/dossier\/universite-libe\/\u00a0\u00bb},{\u00ab\u00a0_id\u00a0\u00bb:\u00a0\u00bblink-WBU2ETVFYD7N129EAHEDEXM14R\u00a0\u00bb,\u00a0\u00bbdisplay_name\u00a0\u00bb:\u00a0\u00bbLes newsletters\u00a0\u00bb,\u00a0\u00bbnode_type\u00a0\u00bb:\u00a0\u00bblink\u00a0\u00bb,\u00a0\u00bburl\u00a0\u00bb:\u00a0\u00bbhttps:\/\/www.liberation.fr\/newsletters\/\u00a0\u00bb},{\u00ab\u00a0_id\u00a0\u00bb:\u00a0\u00bblink-GTULXHGA5BC73LNTCQCVD3KBD4&Prime;,\u00a0\u00bbdisplay_name\u00a0\u00bb:\u00a0\u00bbNos dossiers\u00a0\u00bb,\u00a0\u00bbnode_type\u00a0\u00bb:\u00a0\u00bblink\u00a0\u00bb,\u00a0\u00bburl\u00a0\u00bb:\u00a0\u00bbhttps:\/\/www.liberation.fr\/nos-dossiers\/\u00a0\u00bb},{\u00ab\u00a0_id\u00a0\u00bb:\u00a0\u00bblink-SFRQMYVD4NDZBLTV5ASBM4GY4E\u00a0\u00bb,\u00a0\u00bbdisplay_name\u00a0\u00bb:\u00a0\u00bbLes playlists de Lib\u00e9\u00a0\u00bb,\u00a0\u00bbnode_type\u00a0\u00bb:\u00a0\u00bblink\u00a0\u00bb,\u00a0\u00bburl\u00a0\u00bb:\u00a0\u00bbhttps:\/\/www.liberation.fr\/playlists-de-libe\/\u00a0\u00bb},{\u00ab\u00a0_id\u00a0\u00bb:\u00a0\u00bblink-MNIBXA6NJVCLVD3FSWGCAJHXEI\u00a0\u00bb,\u00a0\u00bbdisplay_name\u00a0\u00bb:\u00a0\u00bbLes s\u00e9lections Culture de Lib\u00e9\u00a0\u00bb,\u00a0\u00bbnode_type\u00a0\u00bb:\u00a0\u00bblink\u00a0\u00bb,\u00a0\u00bburl\u00a0\u00bb:\u00a0\u00bbhttps:\/\/www.liberation.fr\/selections-culture\/\u00a0\u00bb},{\u00ab\u00a0_id\u00a0\u00bb:\u00a0\u00bblink-DPK4VHXRC128Z0BJNMRGUAATTG\u00a0\u00bb,\u00a0\u00bbdisplay_name\u00a0\u00bb:\u00a0\u00bbPr\u00e9sentation de l&rsquo;application\u00a0\u00bb,\u00a0\u00bbnode_type\u00a0\u00bb:\u00a0\u00bblink\u00a0\u00bb,\u00a0\u00bburl\u00a0\u00bb:\u00a0\u00bbhttps:\/\/www.liberation.fr\/application-mobile\/\u00a0\u00bb},{\u00ab\u00a0_id\u00a0\u00bb:\u00a0\u00bblink-Z2H8XFXEB138BAMKZMTU0YKP1R\u00a0\u00bb,\u00a0\u00bbdisplay_name\u00a0\u00bb:\u00a0\u00bbApplication sur Android\u00a0\u00bb,\u00a0\u00bbnode_type\u00a0\u00bb:\u00a0\u00bblink\u00a0\u00bb,\u00a0\u00bburl\u00a0\u00bb:\u00a0\u00bbhttps:\/\/play.google.com\/store\/apps\/details?id=com.visuamobile.liberation&#038;hl=fr&#038;gl=US\u00a0\u00bb},{\u00ab\u00a0_id\u00a0\u00bb:\u00a0\u00bblink-9NMDHH91494W98YDFUQXF3436G\u00a0\u00bb,\u00a0\u00bbdisplay_name\u00a0\u00bb:\u00a0\u00bbApplication sur iPhone \/ iPad\u00a0\u00bb,\u00a0\u00bbnode_type\u00a0\u00bb:\u00a0\u00bblink\u00a0\u00bb,\u00a0\u00bburl\u00a0\u00bb:\u00a0\u00bbhttps:\/\/apps.apple.com\/fr\/app\/lib%C3%A9ration-toute-lactualit%C3%A9\/id336173383&Prime;},{\u00ab\u00a0_id\u00a0\u00bb:\u00a0\u00bb\/archives\u00a0\u00bb,\u00a0\u00bbname\u00a0\u00bb:\u00a0\u00bbArchives\u00a0\u00bb,\u00a0\u00bbnode_type\u00a0\u00bb:\u00a0\u00bbsection\u00a0\u00bb}],\u00a0\u00bbname\u00a0\u00bb:\u00a0\u00bbO\u00f9 lire Lib\u00e9?\u00a0\u00bb,\u00a0\u00bbnode_type\u00a0\u00bb:\u00a0\u00bbsection\u00a0\u00bb}],\u00a0\u00bb_id\u00a0\u00bb:\u00a0\u00bbhttps:\/\/www.liberation.fr\/\u00a0\u00bb},\u00a0\u00bbexpires\u00a0\u00bb:1752380554737,\u00a0\u00bblastModified\u00a0\u00bb:1752380254693}}};Fusion.layout=\u00a0\u00bbright-rail-layout\u00a0\u00bb;Fusion.metas={\u00ab\u00a0page-type\u00a0\u00bb:{\u00ab\u00a0value\u00a0\u00bb:\u00a0\u00bbarticle\u00a0\u00bb,\u00a0\u00bbhtml\u00a0\u00bb:true},\u00a0\u00bbtdm-reservation\u00a0\u00bb:{\u00ab\u00a0value\u00a0\u00bb:\u00a0\u00bb1&Prime;,\u00a0\u00bbhtml\u00a0\u00bb:true},\u00a0\u00bbtdm-policy\u00a0\u00bb:{\u00ab\u00a0value\u00a0\u00bb:\u00a0\u00bbhttps:\/\/www.liberation.fr\/.well-known\/tdmrep.json\u00a0\u00bb,\u00a0\u00bbhtml\u00a0\u00bb:true}};Fusion.outputType=\u00a0\u00bbdefault\u00a0\u00bb;Fusion.template=\u00a0\u00bbtemplate\/article-right-rail\u00a0\u00bb;Fusion.tree={\u00ab\u00a0collection\u00a0\u00bb:\u00a0\u00bblayouts\u00a0\u00bb,\u00a0\u00bbtype\u00a0\u00bb:\u00a0\u00bbright-rail-layout\u00a0\u00bb,\u00a0\u00bbprops\u00a0\u00bb:{\u00ab\u00a0collection\u00a0\u00bb:\u00a0\u00bblayouts\u00a0\u00bb,\u00a0\u00bbtype\u00a0\u00bb:\u00a0\u00bbright-rail-layout\u00a0\u00bb,\u00a0\u00bbid\u00a0\u00bb:\u00a0\u00bbright-rail-layout\u00a0\u00bb,\u00a0\u00bbchildProps\u00a0\u00bb:[{\u00ab\u00a0collection\u00a0\u00bb:\u00a0\u00bbsections\u00a0\u00bb,\u00a0\u00bbid\u00a0\u00bb:0},{\u00ab\u00a0collection\u00a0\u00bb:\u00a0\u00bbsections\u00a0\u00bb,\u00a0\u00bbid\u00a0\u00bb:1},{\u00ab\u00a0collection\u00a0\u00bb:\u00a0\u00bbsections\u00a0\u00bb,\u00a0\u00bbid\u00a0\u00bb:2},{\u00ab\u00a0collection\u00a0\u00bb:\u00a0\u00bbsections\u00a0\u00bb,\u00a0\u00bbid\u00a0\u00bb:3},{\u00ab\u00a0collection\u00a0\u00bb:\u00a0\u00bbsections\u00a0\u00bb,\u00a0\u00bbid\u00a0\u00bb:4},{\u00ab\u00a0collection\u00a0\u00bb:\u00a0\u00bbsections\u00a0\u00bb,\u00a0\u00bbid\u00a0\u00bb:5}]},\u00a0\u00bbchildren\u00a0\u00bb:[{\u00ab\u00a0collection\u00a0\u00bb:\u00a0\u00bbsections\u00a0\u00bb,\u00a0\u00bbprops\u00a0\u00bb:{\u00ab\u00a0collection\u00a0\u00bb:\u00a0\u00bbsections\u00a0\u00bb,\u00a0\u00bbid\u00a0\u00bb:0},\u00a0\u00bbchildren\u00a0\u00bb:[{\u00ab\u00a0collection\u00a0\u00bb:\u00a0\u00bbfeatures\u00a0\u00bb,\u00a0\u00bbtype\u00a0\u00bb:\u00a0\u00bbHeaders\/MainHeader\u00a0\u00bb,\u00a0\u00bbprops\u00a0\u00bb:{\u00ab\u00a0collection\u00a0\u00bb:\u00a0\u00bbfeatures\u00a0\u00bb,\u00a0\u00bbtype\u00a0\u00bb:\u00a0\u00bbHeaders\/MainHeader\u00a0\u00bb,\u00a0\u00bbid\u00a0\u00bb:\u00a0\u00bbf0f0M8FUu8Jz77S\u00a0\u00bb,\u00a0\u00bbcontentConfig\u00a0\u00bb:{\u00ab\u00a0contentService\u00a0\u00bb:\u00a0\u00bb\u00a0\u00bb,\u00a0\u00bbcontentConfigValues\u00a0\u00bb:{},\u00a0\u00bbinherit\u00a0\u00bb:true},\u00a0\u00bbcustomFields\u00a0\u00bb:{\u00ab\u00a0hasTags\u00a0\u00bb:true,\u00a0\u00bblabelTag1&Prime;:\u00a0\u00bbGaza\u00a0\u00bb,\u00a0\u00bburlTag1&Prime;:\u00a0\u00bbhttps:\/\/www.liberation.fr\/dossier\/guerre-hamas-israel\/\u00a0\u00bb,\u00a0\u00bblabelTag2&Prime;:\u00a0\u00bbGuerre en Ukraine\u00a0\u00bb,\u00a0\u00bburlTag2&Prime;:\u00a0\u00bbhttps:\/\/www.liberation.fr\/dossier\/ukraine-la-crise\/\u00a0\u00bb,\u00a0\u00bblabelTag3&Prime;:\u00a0\u00bbTour de France\u00a0\u00bb,\u00a0\u00bburlTag3&Prime;:\u00a0\u00bbhttps:\/\/www.liberation.fr\/tags\/tour-de-france\/\u00a0\u00bb,\u00a0\u00bblabelTag4&Prime;:\u00a0\u00bb\u00a0\u00bb,\u00a0\u00bburlTag4&Prime;:\u00a0\u00bb\u00a0\u00bb,\u00a0\u00bblabelTag5&Prime;:\u00a0\u00bb\u00a0\u00bb,\u00a0\u00bburlTag5&Prime;:\u00a0\u00bb\u00a0\u00bb,\u00a0\u00bblabelTag6&Prime;:\u00a0\u00bb\u00a0\u00bb,\u00a0\u00bburlTag6&Prime;:\u00a0\u00bb\u00a0\u00bb,\u00a0\u00bbfacebookItem\u00a0\u00bb:\u00a0\u00bbhttps:\/\/www.facebook.com\/Liberation\/\u00a0\u00bb,\u00a0\u00bbtwitterItem\u00a0\u00bb:\u00a0\u00bbhttps:\/\/twitter.com\/libe\u00a0\u00bb,\u00a0\u00bblinkedinItem\u00a0\u00bb:\u00a0\u00bbhttps:\/\/www.linkedin.com\/company\/lib%C3%A9ration\/\u00a0\u00bb,\u00a0\u00bbinstagramItem\u00a0\u00bb:\u00a0\u00bbhttps:\/\/www.instagram.com\/liberationfr\/\u00a0\u00bb,\u00a0\u00bbyoutubeItem\u00a0\u00bb:\u00a0\u00bbhttps:\/\/www.youtube.com\/c\/liberation\u00a0\u00bb,\u00a0\u00bbtiktokItem\u00a0\u00bb:\u00a0\u00bbhttps:\/\/www.tiktok.com\/@liberation.fr\u00a0\u00bb,\u00a0\u00bbblueskyItem\u00a0\u00bb:\u00a0\u00bbhttps:\/\/bsky.app\/profile\/liberation.fr\u00a0\u00bb,\u00a0\u00bbtwitchItem\u00a0\u00bb:\u00a0\u00bbhttps:\/\/www.twitch.tv\/liberationfr\u00a0\u00bb,\u00a0\u00bbwhatsappItem\u00a0\u00bb:\u00a0\u00bbhttps:\/\/whatsapp.com\/channel\/0029VaBC5Q50G0Xdttyzpn0k\u00a0\u00bb,\u00a0\u00bbsubscriptionParams\u00a0\u00bb:\u00a0\u00bbhttps:\/\/offre.liberation.fr\/soutenez-libe\/?xtatc=INT-21-%5BSoutienLibe%5D\u00a0\u00bb,\u00a0\u00bburlButtonHeaderParams\u00a0\u00bb:\u00a0\u00bbhttps:\/\/offre.liberation.fr\/avantages-abonnes\u00a0\u00bb,\u00a0\u00bblabelButtonHeaderParams\u00a0\u00bb:\u00a0\u00bbVos avantages abonn\u00e9\u00a0\u00bb,\u00a0\u00bbcolorButtonHeaderLabel\u00a0\u00bb:\u00a0\u00bb#FFFFFF\u00a0\u00bb,\u00a0\u00bbborderColorButtonHeaderParams\u00a0\u00bb:\u00a0\u00bb#FFFFFF\u00a0\u00bb,\u00a0\u00bbbackgroundColorButtonHeaderParams\u00a0\u00bb:\u00a0\u00bb#4991E2&Prime;,\u00a0\u00bbpremiumButtonMobileUrl\u00a0\u00bb:\u00a0\u00bbhttps:\/\/offre.liberation.fr\/avantages-abonnes\u00a0\u00bb,\u00a0\u00bbpremiumButtonMobileLabel\u00a0\u00bb:\u00a0\u00bbVos avantages\u00a0\u00bb,\u00a0\u00bbpremiumButtonMobileTextColor\u00a0\u00bb:\u00a0\u00bb#FFFFFF\u00a0\u00bb,\u00a0\u00bbpremiumButtonMobileBborderColor\u00a0\u00bb:\u00a0\u00bb#FFFFFF\u00a0\u00bb,\u00a0\u00bbpremiumButtonMobileBackgroundColor\u00a0\u00bb:\u00a0\u00bb#4991E2&Prime;,\u00a0\u00bbmenuLabelBanner\u00a0\u00bb:\u00a0\u00bb1 mois pour 1\u20ac\u00a0\u00bb},\u00a0\u00bbdisplayProperties\u00a0\u00bb:{},\u00a0\u00bblocalEdits\u00a0\u00bb:{},\u00a0\u00bbvariants\u00a0\u00bb:{}}}]},{\u00ab\u00a0collection\u00a0\u00bb:\u00a0\u00bbsections\u00a0\u00bb,\u00a0\u00bbprops\u00a0\u00bb:{\u00ab\u00a0collection\u00a0\u00bb:\u00a0\u00bbsections\u00a0\u00bb,\u00a0\u00bbid\u00a0\u00bb:1},\u00a0\u00bbchildren\u00a0\u00bb:[{\u00ab\u00a0collection\u00a0\u00bb:\u00a0\u00bbfeatures\u00a0\u00bb,\u00a0\u00bbtype\u00a0\u00bb:\u00a0\u00bb@wpmedia\/htmlbox-block\/htmlbox\u00a0\u00bb,\u00a0\u00bbprops\u00a0\u00bb:{\u00ab\u00a0collection\u00a0\u00bb:\u00a0\u00bbfeatures\u00a0\u00bb,\u00a0\u00bbtype\u00a0\u00bb:\u00a0\u00bb@wpmedia\/htmlbox-block\/htmlbox\u00a0\u00bb,\u00a0\u00bbid\u00a0\u00bb:\u00a0\u00bbf0fHuGl1erKI2wa\u00a0\u00bb,\u00a0\u00bbcontentConfig\u00a0\u00bb:{\u00ab\u00a0contentService\u00a0\u00bb:\u00a0\u00bb\u00a0\u00bb,\u00a0\u00bbcontentConfigValues\u00a0\u00bb:{},\u00a0\u00bbinherit\u00a0\u00bb:true},\u00a0\u00bbcustomFields\u00a0\u00bb:{\u00ab\u00a0HTML\u00a0\u00bb:\u00a0\u00bb\\n\\n.mailmunch-topbar\\n{\\n    z-index: 1010000004 !important;\\n}\\n\\n\u00a0\u00bb},\u00a0\u00bbdisplayProperties\u00a0\u00bb:{},\u00a0\u00bblocalEdits\u00a0\u00bb:{},\u00a0\u00bbvariants\u00a0\u00bb:{}}},{\u00ab\u00a0collection\u00a0\u00bb:\u00a0\u00bbfeatures\u00a0\u00bb,\u00a0\u00bbtype\u00a0\u00bb:\u00a0\u00bb@wpmedia\/alert-bar-block\/alert-bar\u00a0\u00bb,\u00a0\u00bbprops\u00a0\u00bb:{\u00ab\u00a0collection\u00a0\u00bb:\u00a0\u00bbfeatures\u00a0\u00bb,\u00a0\u00bbtype\u00a0\u00bb:\u00a0\u00bb@wpmedia\/alert-bar-block\/alert-bar\u00a0\u00bb,\u00a0\u00bbid\u00a0\u00bb:\u00a0\u00bb0fyf1HqBRHEIbDE\u00a0\u00bb,\u00a0\u00bbcontentConfig\u00a0\u00bb:{\u00ab\u00a0contentService\u00a0\u00bb:\u00a0\u00bb\u00a0\u00bb,\u00a0\u00bbcontentConfigValues\u00a0\u00bb:{},\u00a0\u00bbinherit\u00a0\u00bb:true},\u00a0\u00bbcustomFields\u00a0\u00bb:{\u00ab\u00a0_id\u00a0\u00bb:\u00a0\u00bbFGGR5EBGGRAY7G37VQSXS6EWTQ\u00a0\u00bb},\u00a0\u00bbdisplayProperties\u00a0\u00bb:{},\u00a0\u00bblocalEdits\u00a0\u00bb:{},\u00a0\u00bbvariants\u00a0\u00bb:{}}},{\u00ab\u00a0collection\u00a0\u00bb:\u00a0\u00bbfeatures\u00a0\u00bb,\u00a0\u00bbtype\u00a0\u00bb:\u00a0\u00bbcommon\/adPrisma\u00a0\u00bb,\u00a0\u00bbprops\u00a0\u00bb:{\u00ab\u00a0collection\u00a0\u00bb:\u00a0\u00bbfeatures\u00a0\u00bb,\u00a0\u00bbtype\u00a0\u00bb:\u00a0\u00bbcommon\/adPrisma\u00a0\u00bb,\u00a0\u00bbid\u00a0\u00bb:\u00a0\u00bbf0fGsy1V5ARj2R9&Prime;,\u00a0\u00bbcontentConfig\u00a0\u00bb:{\u00ab\u00a0contentService\u00a0\u00bb:\u00a0\u00bb\u00a0\u00bb,\u00a0\u00bbcontentConfigValues\u00a0\u00bb:{},\u00a0\u00bbinherit\u00a0\u00bb:true},\u00a0\u00bbcustomFields\u00a0\u00bb:{\u00ab\u00a0displayOnDesktop\u00a0\u00bb:false,\u00a0\u00bbdisplayOnTablet\u00a0\u00bb:false,\u00a0\u00bbdisplayOnMobile\u00a0\u00bb:true,\u00a0\u00bbpbInternal_cloneId\u00a0\u00bb:\u00a0\u00bbf0fGsy1V5ARj2R9&Prime;,\u00a0\u00bbadType\u00a0\u00bb:\u00a0\u00bbBanniere-Haute\u00a0\u00bb,\u00a0\u00bbadWidth\u00a0\u00bb:\u00a0\u00bb320&Prime;,\u00a0\u00bbadHeight\u00a0\u00bb:\u00a0\u00bb100&Prime;,\u00a0\u00bblayoutOnDesktop\u00a0\u00bb:null,\u00a0\u00bbhasMarginTop\u00a0\u00bb:false,\u00a0\u00bbhasMarginBottom\u00a0\u00bb:false,\u00a0\u00bblayoutOnMobile\u00a0\u00bb:\u00a0\u00bbHorizontal\u00a0\u00bb},\u00a0\u00bbdisplayProperties\u00a0\u00bb:{},\u00a0\u00bblocalEdits\u00a0\u00bb:{},\u00a0\u00bbvariants\u00a0\u00bb:{}}},{\u00ab\u00a0collection\u00a0\u00bb:\u00a0\u00bbfeatures\u00a0\u00bb,\u00a0\u00bbtype\u00a0\u00bb:\u00a0\u00bbcommon\/adPrisma\u00a0\u00bb,\u00a0\u00bbprops\u00a0\u00bb:{\u00ab\u00a0collection\u00a0\u00bb:\u00a0\u00bbfeatures\u00a0\u00bb,\u00a0\u00bbtype\u00a0\u00bb:\u00a0\u00bbcommon\/adPrisma\u00a0\u00bb,\u00a0\u00bbid\u00a0\u00bb:\u00a0\u00bbf0fA5NfUW5DrDf\u00a0\u00bb,\u00a0\u00bbcontentConfig\u00a0\u00bb:{\u00ab\u00a0contentService\u00a0\u00bb:\u00a0\u00bb\u00a0\u00bb,\u00a0\u00bbcontentConfigValues\u00a0\u00bb:{},\u00a0\u00bbinherit\u00a0\u00bb:true},\u00a0\u00bbcustomFields\u00a0\u00bb:{\u00ab\u00a0displayOnDesktop\u00a0\u00bb:true,\u00a0\u00bbdisplayOnTablet\u00a0\u00bb:false,\u00a0\u00bbdisplayOnMobile\u00a0\u00bb:false,\u00a0\u00bbpbInternal_cloneId\u00a0\u00bb:\u00a0\u00bbf0fA5NfUW5DrDf\u00a0\u00bb,\u00a0\u00bbadType\u00a0\u00bb:\u00a0\u00bbBanniere-Haute\u00a0\u00bb,\u00a0\u00bbadWidth\u00a0\u00bb:\u00a0\u00bb1000&Prime;,\u00a0\u00bbadHeight\u00a0\u00bb:\u00a0\u00bb250&Prime;,\u00a0\u00bblayoutOnDesktop\u00a0\u00bb:\u00a0\u00bbHorizontal\u00a0\u00bb,\u00a0\u00bbhasMarginTop\u00a0\u00bb:true,\u00a0\u00bbhasMarginBottom\u00a0\u00bb:true},\u00a0\u00bbdisplayProperties\u00a0\u00bb:{},\u00a0\u00bblocalEdits\u00a0\u00bb:{},\u00a0\u00bbvariants\u00a0\u00bb:{}}},{\u00ab\u00a0collection\u00a0\u00bb:\u00a0\u00bbfeatures\u00a0\u00bb,\u00a0\u00bbtype\u00a0\u00bb:\u00a0\u00bbcommon\/ad\u00a0\u00bb,\u00a0\u00bbprops\u00a0\u00bb:{\u00ab\u00a0collection\u00a0\u00bb:\u00a0\u00bbfeatures\u00a0\u00bb,\u00a0\u00bbtype\u00a0\u00bb:\u00a0\u00bbcommon\/ad\u00a0\u00bb,\u00a0\u00bbid\u00a0\u00bb:\u00a0\u00bbf0fmcNi97arLim\u00a0\u00bb,\u00a0\u00bbcontentConfig\u00a0\u00bb:{\u00ab\u00a0contentService\u00a0\u00bb:\u00a0\u00bb\u00a0\u00bb,\u00a0\u00bbcontentConfigValues\u00a0\u00bb:{},\u00a0\u00bbinherit\u00a0\u00bb:true},\u00a0\u00bbcustomFields\u00a0\u00bb:{\u00ab\u00a0displayOnDesktop\u00a0\u00bb:true,\u00a0\u00bbdisplayOnMobile\u00a0\u00bb:false,\u00a0\u00bbformatId\u00a0\u00bb:95},\u00a0\u00bbdisplayProperties\u00a0\u00bb:{},\u00a0\u00bblocalEdits\u00a0\u00bb:{},\u00a0\u00bbvariants\u00a0\u00bb:{}}},{\u00ab\u00a0collection\u00a0\u00bb:\u00a0\u00bbfeatures\u00a0\u00bb,\u00a0\u00bbtype\u00a0\u00bb:\u00a0\u00bbcommon\/breadcrumbs\u00a0\u00bb,\u00a0\u00bbprops\u00a0\u00bb:{\u00ab\u00a0collection\u00a0\u00bb:\u00a0\u00bbfeatures\u00a0\u00bb,\u00a0\u00bbtype\u00a0\u00bb:\u00a0\u00bbcommon\/breadcrumbs\u00a0\u00bb,\u00a0\u00bbid\u00a0\u00bb:\u00a0\u00bbf0fKXREtkqMnx9&Prime;,\u00a0\u00bbcontentConfig\u00a0\u00bb:{\u00ab\u00a0contentService\u00a0\u00bb:\u00a0\u00bb\u00a0\u00bb,\u00a0\u00bbcontentConfigValues\u00a0\u00bb:{},\u00a0\u00bbinherit\u00a0\u00bb:true},\u00a0\u00bbcustomFields\u00a0\u00bb:{},\u00a0\u00bbdisplayProperties\u00a0\u00bb:{},\u00a0\u00bblocalEdits\u00a0\u00bb:{},\u00a0\u00bbvariants\u00a0\u00bb:{}}}]},{\u00ab\u00a0collection\u00a0\u00bb:\u00a0\u00bbsections\u00a0\u00bb,\u00a0\u00bbprops\u00a0\u00bb:{\u00ab\u00a0collection\u00a0\u00bb:\u00a0\u00bbsections\u00a0\u00bb,\u00a0\u00bbid\u00a0\u00bb:2},\u00a0\u00bbchildren\u00a0\u00bb:[{\u00ab\u00a0collection\u00a0\u00bb:\u00a0\u00bbfeatures\u00a0\u00bb,\u00a0\u00bbtype\u00a0\u00bb:\u00a0\u00bbarticle\/header\u00a0\u00bb,\u00a0\u00bbprops\u00a0\u00bb:{\u00ab\u00a0collection\u00a0\u00bb:\u00a0\u00bbfeatures\u00a0\u00bb,\u00a0\u00bbtype\u00a0\u00bb:\u00a0\u00bbarticle\/header\u00a0\u00bb,\u00a0\u00bbid\u00a0\u00bb:\u00a0\u00bbf0fqzDoZz4o71JL\u00a0\u00bb,\u00a0\u00bbcontentConfig\u00a0\u00bb:{\u00ab\u00a0contentService\u00a0\u00bb:\u00a0\u00bb\u00a0\u00bb,\u00a0\u00bbcontentConfigValues\u00a0\u00bb:{},\u00a0\u00bbinherit\u00a0\u00bb:true},\u00a0\u00bbcustomFields\u00a0\u00bb:{\u00ab\u00a0displayLabel\u00a0\u00bb:true,\u00a0\u00bbdisplayHeadline\u00a0\u00bb:true,\u00a0\u00bbdisplaySubheadline\u00a0\u00bb:true,\u00a0\u00bbdisplayDossier\u00a0\u00bb:true},\u00a0\u00bbdisplayProperties\u00a0\u00bb:{},\u00a0\u00bblocalEdits\u00a0\u00bb:{},\u00a0\u00bbvariants\u00a0\u00bb:{}}},{\u00ab\u00a0collection\u00a0\u00bb:\u00a0\u00bbfeatures\u00a0\u00bb,\u00a0\u00bbtype\u00a0\u00bb:\u00a0\u00bbcommon\/LeadArt\u00a0\u00bb,\u00a0\u00bbprops\u00a0\u00bb:{\u00ab\u00a0collection\u00a0\u00bb:\u00a0\u00bbfeatures\u00a0\u00bb,\u00a0\u00bbtype\u00a0\u00bb:\u00a0\u00bbcommon\/LeadArt\u00a0\u00bb,\u00a0\u00bbid\u00a0\u00bb:\u00a0\u00bbf0fLWKAwg6FP87b\u00a0\u00bb,\u00a0\u00bbcontentConfig\u00a0\u00bb:{\u00ab\u00a0contentService\u00a0\u00bb:\u00a0\u00bb\u00a0\u00bb,\u00a0\u00bbcontentConfigValues\u00a0\u00bb:{},\u00a0\u00bbinherit\u00a0\u00bb:true},\u00a0\u00bbcustomFields\u00a0\u00bb:{},\u00a0\u00bbdisplayProperties\u00a0\u00bb:{},\u00a0\u00bblocalEdits\u00a0\u00bb:{},\u00a0\u00bbvariants\u00a0\u00bb:{}}},{\u00ab\u00a0collection\u00a0\u00bb:\u00a0\u00bbfeatures\u00a0\u00bb,\u00a0\u00bbtype\u00a0\u00bb:\u00a0\u00bbarticle\/byline\u00a0\u00bb,\u00a0\u00bbprops\u00a0\u00bb:{\u00ab\u00a0collection\u00a0\u00bb:\u00a0\u00bbfeatures\u00a0\u00bb,\u00a0\u00bbtype\u00a0\u00bb:\u00a0\u00bbarticle\/byline\u00a0\u00bb,\u00a0\u00bbid\u00a0\u00bb:\u00a0\u00bbf0fhG2ECCO081EK\u00a0\u00bb,\u00a0\u00bbcontentConfig\u00a0\u00bb:{\u00ab\u00a0contentService\u00a0\u00bb:\u00a0\u00bb\u00a0\u00bb,\u00a0\u00bbcontentConfigValues\u00a0\u00bb:{},\u00a0\u00bbinherit\u00a0\u00bb:true},\u00a0\u00bbcustomFields\u00a0\u00bb:{},\u00a0\u00bbdisplayProperties\u00a0\u00bb:{},\u00a0\u00bblocalEdits\u00a0\u00bb:{},\u00a0\u00bbvariants\u00a0\u00bb:{}}},{\u00ab\u00a0collection\u00a0\u00bb:\u00a0\u00bbfeatures\u00a0\u00bb,\u00a0\u00bbtype\u00a0\u00bb:\u00a0\u00bbarticle\/date\u00a0\u00bb,\u00a0\u00bbprops\u00a0\u00bb:{\u00ab\u00a0collection\u00a0\u00bb:\u00a0\u00bbfeatures\u00a0\u00bb,\u00a0\u00bbtype\u00a0\u00bb:\u00a0\u00bbarticle\/date\u00a0\u00bb,\u00a0\u00bbid\u00a0\u00bb:\u00a0\u00bb0f7R2z6MSrh\u00a0\u00bb,\u00a0\u00bbcontentConfig\u00a0\u00bb:{\u00ab\u00a0contentService\u00a0\u00bb:\u00a0\u00bb\u00a0\u00bb,\u00a0\u00bbcontentConfigValues\u00a0\u00bb:{},\u00a0\u00bbinherit\u00a0\u00bb:false},\u00a0\u00bbcustomFields\u00a0\u00bb:{},\u00a0\u00bbdisplayProperties\u00a0\u00bb:{},\u00a0\u00bblocalEdits\u00a0\u00bb:{},\u00a0\u00bbvariants\u00a0\u00bb:{}}},{\u00ab\u00a0collection\u00a0\u00bb:\u00a0\u00bbfeatures\u00a0\u00bb,\u00a0\u00bbtype\u00a0\u00bb:\u00a0\u00bb@wpmedia\/htmlbox-block\/htmlbox\u00a0\u00bb,\u00a0\u00bbprops\u00a0\u00bb:{\u00ab\u00a0collection\u00a0\u00bb:\u00a0\u00bbfeatures\u00a0\u00bb,\u00a0\u00bbtype\u00a0\u00bb:\u00a0\u00bb@wpmedia\/htmlbox-block\/htmlbox\u00a0\u00bb,\u00a0\u00bbid\u00a0\u00bb:\u00a0\u00bbf0fxYZjElxf8ew\u00a0\u00bb,\u00a0\u00bbcontentConfig\u00a0\u00bb:{\u00ab\u00a0contentService\u00a0\u00bb:\u00a0\u00bb\u00a0\u00bb,\u00a0\u00bbcontentConfigValues\u00a0\u00bb:{},\u00a0\u00bbinherit\u00a0\u00bb:true},\u00a0\u00bbcustomFields\u00a0\u00bb:{\u00ab\u00a0HTML\u00a0\u00bb:\u00a0\u00bb\u00a0\u00bb},\u00a0\u00bbdisplayProperties\u00a0\u00bb:{},\u00a0\u00bblocalEdits\u00a0\u00bb:{},\u00a0\u00bbvariants\u00a0\u00bb:{}}},{\u00ab\u00a0collection\u00a0\u00bb:\u00a0\u00bbfeatures\u00a0\u00bb,\u00a0\u00bbtype\u00a0\u00bb:\u00a0\u00bbcommon\/adPrisma\u00a0\u00bb,\u00a0\u00bbprops\u00a0\u00bb:{\u00ab\u00a0collection\u00a0\u00bb:\u00a0\u00bbfeatures\u00a0\u00bb,\u00a0\u00bbtype\u00a0\u00bb:\u00a0\u00bbcommon\/adPrisma\u00a0\u00bb,\u00a0\u00bbid\u00a0\u00bb:\u00a0\u00bbf0f0tueVMIPJccj\u00a0\u00bb,\u00a0\u00bbcontentConfig\u00a0\u00bb:{\u00ab\u00a0contentService\u00a0\u00bb:\u00a0\u00bb\u00a0\u00bb,\u00a0\u00bbcontentConfigValues\u00a0\u00bb:{},\u00a0\u00bbinherit\u00a0\u00bb:true},\u00a0\u00bbcustomFields\u00a0\u00bb:{\u00ab\u00a0displayOnDesktop\u00a0\u00bb:true,\u00a0\u00bbdisplayOnTablet\u00a0\u00bb:false,\u00a0\u00bbdisplayOnMobile\u00a0\u00bb:false,\u00a0\u00bbadType\u00a0\u00bb:\u00a0\u00bbPave-Haut2-Desktop\u00a0\u00bb,\u00a0\u00bbhasStickyPlaceholder\u00a0\u00bb:false,\u00a0\u00bbhasStickyAd\u00a0\u00bb:false,\u00a0\u00bbadWidth\u00a0\u00bb:\u00a0\u00bb600&Prime;,\u00a0\u00bbadHeight\u00a0\u00bb:\u00a0\u00bb400&Prime;,\u00a0\u00bblayoutOnDesktop\u00a0\u00bb:\u00a0\u00bbHorizontal\u00a0\u00bb,\u00a0\u00bbhasMarginTop\u00a0\u00bb:true,\u00a0\u00bbhasMarginBottom\u00a0\u00bb:true},\u00a0\u00bbdisplayProperties\u00a0\u00bb:{},\u00a0\u00bblocalEdits\u00a0\u00bb:{},\u00a0\u00bbvariants\u00a0\u00bb:{}}},{\u00ab\u00a0collection\u00a0\u00bb:\u00a0\u00bbfeatures\u00a0\u00bb,\u00a0\u00bbtype\u00a0\u00bb:\u00a0\u00bbcommon\/adPrisma\u00a0\u00bb,\u00a0\u00bbprops\u00a0\u00bb:{\u00ab\u00a0collection\u00a0\u00bb:\u00a0\u00bbfeatures\u00a0\u00bb,\u00a0\u00bbtype\u00a0\u00bb:\u00a0\u00bbcommon\/adPrisma\u00a0\u00bb,\u00a0\u00bbid\u00a0\u00bb:\u00a0\u00bbf0fTBz3xtDVQ67&Prime;,\u00a0\u00bbcontentConfig\u00a0\u00bb:{\u00ab\u00a0contentService\u00a0\u00bb:\u00a0\u00bb\u00a0\u00bb,\u00a0\u00bbcontentConfigValues\u00a0\u00bb:{},\u00a0\u00bbinherit\u00a0\u00bb:true},\u00a0\u00bbcustomFields\u00a0\u00bb:{\u00ab\u00a0displayOnDesktop\u00a0\u00bb:false,\u00a0\u00bbdisplayOnTablet\u00a0\u00bb:false,\u00a0\u00bbdisplayOnMobile\u00a0\u00bb:true,\u00a0\u00bbadType\u00a0\u00bb:\u00a0\u00bbPave-Haut\u00a0\u00bb,\u00a0\u00bbpbInternal_cloneId\u00a0\u00bb:\u00a0\u00bbf0fTBz3xtDVQ67&Prime;,\u00a0\u00bbadWidth\u00a0\u00bb:\u00a0\u00bb300&Prime;,\u00a0\u00bbadHeight\u00a0\u00bb:\u00a0\u00bb400&Prime;,\u00a0\u00bblayoutOnMobile\u00a0\u00bb:\u00a0\u00bbVertical\u00a0\u00bb,\u00a0\u00bbhasMarginTop\u00a0\u00bb:true,\u00a0\u00bbhasMarginBottom\u00a0\u00bb:true,\u00a0\u00bbhasStickyAd\u00a0\u00bb:true},\u00a0\u00bbdisplayProperties\u00a0\u00bb:{},\u00a0\u00bblocalEdits\u00a0\u00bb:{},\u00a0\u00bbvariants\u00a0\u00bb:{}}},{\u00ab\u00a0collection\u00a0\u00bb:\u00a0\u00bbchains\u00a0\u00bb,\u00a0\u00bbtype\u00a0\u00bb:\u00a0\u00bbarticle-body\u00a0\u00bb,\u00a0\u00bbprops\u00a0\u00bb:{\u00ab\u00a0collection\u00a0\u00bb:\u00a0\u00bbchains\u00a0\u00bb,\u00a0\u00bbtype\u00a0\u00bb:\u00a0\u00bbarticle-body\u00a0\u00bb,\u00a0\u00bbid\u00a0\u00bb:\u00a0\u00bbc0fFBxtnoyMx6vA\u00a0\u00bb,\u00a0\u00bbcustomFields\u00a0\u00bb:{\u00ab\u00a0elementPlacement\u00a0\u00bb:{\u00ab\u00a01&Prime;:\u00a0\u00bb11&Prime;,\u00a0\u00bb3&Prime;:\u00a0\u00bb2&Prime;,\u00a0\u00bb4&Prime;:\u00a0\u00bb4&Prime;,\u00a0\u00bb5&Prime;:\u00a0\u00bb6&Prime;,\u00a0\u00bb6&Prime;:\u00a0\u00bb8&Prime;,\u00a0\u00bb7&Prime;:\u00a0\u00bb10&Prime;,\u00a0\u00bb8&Prime;:\u00a0\u00bb12&Prime;,\u00a0\u00bb9&Prime;:\u00a0\u00bb14&Prime;,\u00a0\u00bb10&Prime;:\u00a0\u00bb16&Prime;,\u00a0\u00bb11&Prime;:\u00a0\u00bb18&Prime;,\u00a0\u00bb12&Prime;:\u00a0\u00bb20&Prime;,\u00a0\u00bb13&Prime;:\u00a0\u00bb4&Prime;,\u00a0\u00bb14&Prime;:\u00a0\u00bb8&Prime;,\u00a0\u00bb15&Prime;:\u00a0\u00bb4&Prime;,\u00a0\u00bb16&Prime;:\u00a0\u00bb8&Prime;,\u00a0\u00bb17&Prime;:\u00a0\u00bb14&Prime;,\u00a0\u00bb\u00a0\u00bb:\u00a0\u00bb\u00a0\u00bb}},\u00a0\u00bbdisplayProperties\u00a0\u00bb:{}},\u00a0\u00bbchildren\u00a0\u00bb:[{\u00ab\u00a0collection\u00a0\u00bb:\u00a0\u00bbfeatures\u00a0\u00bb,\u00a0\u00bbtype\u00a0\u00bb:\u00a0\u00bbcommon\/adPrisma\u00a0\u00bb,\u00a0\u00bbprops\u00a0\u00bb:{\u00ab\u00a0collection\u00a0\u00bb:\u00a0\u00bbfeatures\u00a0\u00bb,\u00a0\u00bbtype\u00a0\u00bb:\u00a0\u00bbcommon\/adPrisma\u00a0\u00bb,\u00a0\u00bbid\u00a0\u00bb:\u00a0\u00bbf0fJfv4wLVoK5fT\u00a0\u00bb,\u00a0\u00bbcontentConfig\u00a0\u00bb:{\u00ab\u00a0contentService\u00a0\u00bb:\u00a0\u00bb\u00a0\u00bb,\u00a0\u00bbcontentConfigValues\u00a0\u00bb:{},\u00a0\u00bbinherit\u00a0\u00bb:true},\u00a0\u00bbcustomFields\u00a0\u00bb:{\u00ab\u00a0displayOnDesktop\u00a0\u00bb:true,\u00a0\u00bblayoutOnDesktop\u00a0\u00bb:\u00a0\u00bbHorizontal\u00a0\u00bb,\u00a0\u00bbdisplayOnTablet\u00a0\u00bb:false,\u00a0\u00bblayoutOnTablet\u00a0\u00bb:null,\u00a0\u00bbdisplayOnMobile\u00a0\u00bb:false,\u00a0\u00bblayoutOnMobile\u00a0\u00bb:null,\u00a0\u00bbadType\u00a0\u00bb:\u00a0\u00bbPave-Haut2-Desktop\u00a0\u00bb,\u00a0\u00bbadWidth\u00a0\u00bb:600,\u00a0\u00bbadHeight\u00a0\u00bb:400},\u00a0\u00bbdisplayProperties\u00a0\u00bb:{},\u00a0\u00bblocalEdits\u00a0\u00bb:{},\u00a0\u00bbvariants\u00a0\u00bb:{}}},{\u00ab\u00a0collection\u00a0\u00bb:\u00a0\u00bbfeatures\u00a0\u00bb,\u00a0\u00bbtype\u00a0\u00bb:\u00a0\u00bbcommon\/adPrisma\u00a0\u00bb,\u00a0\u00bbprops\u00a0\u00bb:{\u00ab\u00a0collection\u00a0\u00bb:\u00a0\u00bbfeatures\u00a0\u00bb,\u00a0\u00bbtype\u00a0\u00bb:\u00a0\u00bbcommon\/adPrisma\u00a0\u00bb,\u00a0\u00bbid\u00a0\u00bb:\u00a0\u00bbf0fSE1HDtw9L53Y\u00a0\u00bb,\u00a0\u00bbcontentConfig\u00a0\u00bb:{\u00ab\u00a0contentService\u00a0\u00bb:\u00a0\u00bb\u00a0\u00bb,\u00a0\u00bbcontentConfigValues\u00a0\u00bb:{},\u00a0\u00bbinherit\u00a0\u00bb:true},\u00a0\u00bbcustomFields\u00a0\u00bb:{\u00ab\u00a0displayOnDesktop\u00a0\u00bb:false,\u00a0\u00bblayoutOnDesktop\u00a0\u00bb:null,\u00a0\u00bbdisplayOnTablet\u00a0\u00bb:false,\u00a0\u00bblayoutOnTablet\u00a0\u00bb:null,\u00a0\u00bbdisplayOnMobile\u00a0\u00bb:true,\u00a0\u00bblayoutOnMobile\u00a0\u00bb:\u00a0\u00bbVertical\u00a0\u00bb,\u00a0\u00bbadType\u00a0\u00bb:\u00a0\u00bbPave-Haut\u00a0\u00bb,\u00a0\u00bbadWidth\u00a0\u00bb:300,\u00a0\u00bbadHeight\u00a0\u00bb:\u00a0\u00bb400&Prime;,\u00a0\u00bbpbInternal_cloneId\u00a0\u00bb:\u00a0\u00bbf0fSE1HDtw9L53Y\u00a0\u00bb,\u00a0\u00bbhasStickyAd\u00a0\u00bb:true},\u00a0\u00bbdisplayProperties\u00a0\u00bb:{},\u00a0\u00bblocalEdits\u00a0\u00bb:{},\u00a0\u00bbvariants\u00a0\u00bb:{}}},{\u00ab\u00a0collection\u00a0\u00bb:\u00a0\u00bbfeatures\u00a0\u00bb,\u00a0\u00bbtype\u00a0\u00bb:\u00a0\u00bbcommon\/adPrisma\u00a0\u00bb,\u00a0\u00bbprops\u00a0\u00bb:{\u00ab\u00a0collection\u00a0\u00bb:\u00a0\u00bbfeatures\u00a0\u00bb,\u00a0\u00bbtype\u00a0\u00bb:\u00a0\u00bbcommon\/adPrisma\u00a0\u00bb,\u00a0\u00bbid\u00a0\u00bb:\u00a0\u00bbf0f27dasiVo462W\u00a0\u00bb,\u00a0\u00bbcontentConfig\u00a0\u00bb:{\u00ab\u00a0contentService\u00a0\u00bb:\u00a0\u00bb\u00a0\u00bb,\u00a0\u00bbcontentConfigValues\u00a0\u00bb:{},\u00a0\u00bbinherit\u00a0\u00bb:true},\u00a0\u00bbcustomFields\u00a0\u00bb:{\u00ab\u00a0displayOnDesktop\u00a0\u00bb:false,\u00a0\u00bblayoutOnDesktop\u00a0\u00bb:null,\u00a0\u00bbdisplayOnTablet\u00a0\u00bb:false,\u00a0\u00bblayoutOnTablet\u00a0\u00bb:null,\u00a0\u00bbdisplayOnMobile\u00a0\u00bb:true,\u00a0\u00bblayoutOnMobile\u00a0\u00bb:\u00a0\u00bbVertical\u00a0\u00bb,\u00a0\u00bbadType\u00a0\u00bb:\u00a0\u00bbPave-Haut2&Prime;,\u00a0\u00bbadWidth\u00a0\u00bb:300,\u00a0\u00bbadHeight\u00a0\u00bb:\u00a0\u00bb400&Prime;,\u00a0\u00bbpbInternal_cloneId\u00a0\u00bb:\u00a0\u00bbf0f27dasiVo462W\u00a0\u00bb,\u00a0\u00bbhasStickyAd\u00a0\u00bb:true,\u00a0\u00bbhasMarginTop\u00a0\u00bb:true,\u00a0\u00bbhasMarginBottom\u00a0\u00bb:true},\u00a0\u00bbdisplayProperties\u00a0\u00bb:{},\u00a0\u00bblocalEdits\u00a0\u00bb:{},\u00a0\u00bbvariants\u00a0\u00bb:{}}},{\u00ab\u00a0collection\u00a0\u00bb:\u00a0\u00bbfeatures\u00a0\u00bb,\u00a0\u00bbtype\u00a0\u00bb:\u00a0\u00bbcommon\/adPrisma\u00a0\u00bb,\u00a0\u00bbprops\u00a0\u00bb:{\u00ab\u00a0collection\u00a0\u00bb:\u00a0\u00bbfeatures\u00a0\u00bb,\u00a0\u00bbtype\u00a0\u00bb:\u00a0\u00bbcommon\/adPrisma\u00a0\u00bb,\u00a0\u00bbid\u00a0\u00bb:\u00a0\u00bbf0fftZPUtmeM5qO\u00a0\u00bb,\u00a0\u00bbcontentConfig\u00a0\u00bb:{\u00ab\u00a0contentService\u00a0\u00bb:\u00a0\u00bb\u00a0\u00bb,\u00a0\u00bbcontentConfigValues\u00a0\u00bb:{},\u00a0\u00bbinherit\u00a0\u00bb:true},\u00a0\u00bbcustomFields\u00a0\u00bb:{\u00ab\u00a0displayOnDesktop\u00a0\u00bb:false,\u00a0\u00bblayoutOnDesktop\u00a0\u00bb:null,\u00a0\u00bbdisplayOnTablet\u00a0\u00bb:false,\u00a0\u00bblayoutOnTablet\u00a0\u00bb:null,\u00a0\u00bbdisplayOnMobile\u00a0\u00bb:true,\u00a0\u00bblayoutOnMobile\u00a0\u00bb:\u00a0\u00bbVertical\u00a0\u00bb,\u00a0\u00bbadType\u00a0\u00bb:\u00a0\u00bbPave-Haut2&Prime;,\u00a0\u00bbadWidth\u00a0\u00bb:300,\u00a0\u00bbadHeight\u00a0\u00bb:\u00a0\u00bb400&Prime;,\u00a0\u00bbpbInternal_cloneId\u00a0\u00bb:\u00a0\u00bbf0fftZPUtmeM5qO\u00a0\u00bb,\u00a0\u00bbhasStickyAd\u00a0\u00bb:true,\u00a0\u00bbhasMarginTop\u00a0\u00bb:true,\u00a0\u00bbhasMarginBottom\u00a0\u00bb:true},\u00a0\u00bbdisplayProperties\u00a0\u00bb:{},\u00a0\u00bblocalEdits\u00a0\u00bb:{},\u00a0\u00bbvariants\u00a0\u00bb:{}}},{\u00ab\u00a0collection\u00a0\u00bb:\u00a0\u00bbfeatures\u00a0\u00bb,\u00a0\u00bbtype\u00a0\u00bb:\u00a0\u00bbcommon\/adPrisma\u00a0\u00bb,\u00a0\u00bbprops\u00a0\u00bb:{\u00ab\u00a0collection\u00a0\u00bb:\u00a0\u00bbfeatures\u00a0\u00bb,\u00a0\u00bbtype\u00a0\u00bb:\u00a0\u00bbcommon\/adPrisma\u00a0\u00bb,\u00a0\u00bbid\u00a0\u00bb:\u00a0\u00bbf0fCDISK7jsn39V\u00a0\u00bb,\u00a0\u00bbcontentConfig\u00a0\u00bb:{\u00ab\u00a0contentService\u00a0\u00bb:\u00a0\u00bb\u00a0\u00bb,\u00a0\u00bbcontentConfigValues\u00a0\u00bb:{},\u00a0\u00bbinherit\u00a0\u00bb:true},\u00a0\u00bbcustomFields\u00a0\u00bb:{\u00ab\u00a0displayOnDesktop\u00a0\u00bb:false,\u00a0\u00bblayoutOnDesktop\u00a0\u00bb:null,\u00a0\u00bbdisplayOnTablet\u00a0\u00bb:false,\u00a0\u00bblayoutOnTablet\u00a0\u00bb:null,\u00a0\u00bbdisplayOnMobile\u00a0\u00bb:true,\u00a0\u00bblayoutOnMobile\u00a0\u00bb:\u00a0\u00bbVertical\u00a0\u00bb,\u00a0\u00bbadType\u00a0\u00bb:\u00a0\u00bbPave-Haut2&Prime;,\u00a0\u00bbadWidth\u00a0\u00bb:300,\u00a0\u00bbadHeight\u00a0\u00bb:\u00a0\u00bb400&Prime;,\u00a0\u00bbpbInternal_cloneId\u00a0\u00bb:\u00a0\u00bbf0fCDISK7jsn39V\u00a0\u00bb,\u00a0\u00bbhasStickyAd\u00a0\u00bb:true,\u00a0\u00bbhasMarginTop\u00a0\u00bb:true,\u00a0\u00bbhasMarginBottom\u00a0\u00bb:true},\u00a0\u00bbdisplayProperties\u00a0\u00bb:{},\u00a0\u00bblocalEdits\u00a0\u00bb:{},\u00a0\u00bbvariants\u00a0\u00bb:{}}},{\u00ab\u00a0collection\u00a0\u00bb:\u00a0\u00bbfeatures\u00a0\u00bb,\u00a0\u00bbtype\u00a0\u00bb:\u00a0\u00bbcommon\/adPrisma\u00a0\u00bb,\u00a0\u00bbprops\u00a0\u00bb:{\u00ab\u00a0collection\u00a0\u00bb:\u00a0\u00bbfeatures\u00a0\u00bb,\u00a0\u00bbtype\u00a0\u00bb:\u00a0\u00bbcommon\/adPrisma\u00a0\u00bb,\u00a0\u00bbid\u00a0\u00bb:\u00a0\u00bbf0fU1CNp29HL1OU\u00a0\u00bb,\u00a0\u00bbcontentConfig\u00a0\u00bb:{\u00ab\u00a0contentService\u00a0\u00bb:\u00a0\u00bb\u00a0\u00bb,\u00a0\u00bbcontentConfigValues\u00a0\u00bb:{},\u00a0\u00bbinherit\u00a0\u00bb:true},\u00a0\u00bbcustomFields\u00a0\u00bb:{\u00ab\u00a0displayOnDesktop\u00a0\u00bb:false,\u00a0\u00bblayoutOnDesktop\u00a0\u00bb:null,\u00a0\u00bbdisplayOnTablet\u00a0\u00bb:false,\u00a0\u00bblayoutOnTablet\u00a0\u00bb:null,\u00a0\u00bbdisplayOnMobile\u00a0\u00bb:true,\u00a0\u00bblayoutOnMobile\u00a0\u00bb:\u00a0\u00bbVertical\u00a0\u00bb,\u00a0\u00bbadType\u00a0\u00bb:\u00a0\u00bbPave-Haut2&Prime;,\u00a0\u00bbadWidth\u00a0\u00bb:300,\u00a0\u00bbadHeight\u00a0\u00bb:\u00a0\u00bb400&Prime;,\u00a0\u00bbpbInternal_cloneId\u00a0\u00bb:\u00a0\u00bbf0fU1CNp29HL1OU\u00a0\u00bb,\u00a0\u00bbhasStickyAd\u00a0\u00bb:true,\u00a0\u00bbhasMarginTop\u00a0\u00bb:true,\u00a0\u00bbhasMarginBottom\u00a0\u00bb:true},\u00a0\u00bbdisplayProperties\u00a0\u00bb:{},\u00a0\u00bblocalEdits\u00a0\u00bb:{},\u00a0\u00bbvariants\u00a0\u00bb:{}}},{\u00ab\u00a0collection\u00a0\u00bb:\u00a0\u00bbfeatures\u00a0\u00bb,\u00a0\u00bbtype\u00a0\u00bb:\u00a0\u00bbcommon\/adPrisma\u00a0\u00bb,\u00a0\u00bbprops\u00a0\u00bb:{\u00ab\u00a0collection\u00a0\u00bb:\u00a0\u00bbfeatures\u00a0\u00bb,\u00a0\u00bbtype\u00a0\u00bb:\u00a0\u00bbcommon\/adPrisma\u00a0\u00bb,\u00a0\u00bbid\u00a0\u00bb:\u00a0\u00bbf0ffpAb7sXIL18p\u00a0\u00bb,\u00a0\u00bbcontentConfig\u00a0\u00bb:{\u00ab\u00a0contentService\u00a0\u00bb:\u00a0\u00bb\u00a0\u00bb,\u00a0\u00bbcontentConfigValues\u00a0\u00bb:{},\u00a0\u00bbinherit\u00a0\u00bb:true},\u00a0\u00bbcustomFields\u00a0\u00bb:{\u00ab\u00a0displayOnDesktop\u00a0\u00bb:false,\u00a0\u00bblayoutOnDesktop\u00a0\u00bb:null,\u00a0\u00bbdisplayOnTablet\u00a0\u00bb:false,\u00a0\u00bblayoutOnTablet\u00a0\u00bb:null,\u00a0\u00bbdisplayOnMobile\u00a0\u00bb:true,\u00a0\u00bblayoutOnMobile\u00a0\u00bb:\u00a0\u00bbVertical\u00a0\u00bb,\u00a0\u00bbadType\u00a0\u00bb:\u00a0\u00bbPave-Haut2&Prime;,\u00a0\u00bbadWidth\u00a0\u00bb:300,\u00a0\u00bbadHeight\u00a0\u00bb:\u00a0\u00bb400&Prime;,\u00a0\u00bbpbInternal_cloneId\u00a0\u00bb:\u00a0\u00bbf0ffpAb7sXIL18p\u00a0\u00bb,\u00a0\u00bbhasStickyAd\u00a0\u00bb:true,\u00a0\u00bbhasMarginTop\u00a0\u00bb:true,\u00a0\u00bbhasMarginBottom\u00a0\u00bb:true},\u00a0\u00bbdisplayProperties\u00a0\u00bb:{},\u00a0\u00bblocalEdits\u00a0\u00bb:{},\u00a0\u00bbvariants\u00a0\u00bb:{}}},{\u00ab\u00a0collection\u00a0\u00bb:\u00a0\u00bbfeatures\u00a0\u00bb,\u00a0\u00bbtype\u00a0\u00bb:\u00a0\u00bbcommon\/adPrisma\u00a0\u00bb,\u00a0\u00bbprops\u00a0\u00bb:{\u00ab\u00a0collection\u00a0\u00bb:\u00a0\u00bbfeatures\u00a0\u00bb,\u00a0\u00bbtype\u00a0\u00bb:\u00a0\u00bbcommon\/adPrisma\u00a0\u00bb,\u00a0\u00bbid\u00a0\u00bb:\u00a0\u00bbf0fqDrV6aTKL18r\u00a0\u00bb,\u00a0\u00bbcontentConfig\u00a0\u00bb:{\u00ab\u00a0contentService\u00a0\u00bb:\u00a0\u00bb\u00a0\u00bb,\u00a0\u00bbcontentConfigValues\u00a0\u00bb:{},\u00a0\u00bbinherit\u00a0\u00bb:true},\u00a0\u00bbcustomFields\u00a0\u00bb:{\u00ab\u00a0displayOnDesktop\u00a0\u00bb:false,\u00a0\u00bblayoutOnDesktop\u00a0\u00bb:null,\u00a0\u00bbdisplayOnTablet\u00a0\u00bb:false,\u00a0\u00bblayoutOnTablet\u00a0\u00bb:null,\u00a0\u00bbdisplayOnMobile\u00a0\u00bb:true,\u00a0\u00bblayoutOnMobile\u00a0\u00bb:\u00a0\u00bbVertical\u00a0\u00bb,\u00a0\u00bbadType\u00a0\u00bb:\u00a0\u00bbPave-Haut2&Prime;,\u00a0\u00bbadWidth\u00a0\u00bb:300,\u00a0\u00bbadHeight\u00a0\u00bb:\u00a0\u00bb400&Prime;,\u00a0\u00bbpbInternal_cloneId\u00a0\u00bb:\u00a0\u00bbf0fqDrV6aTKL18r\u00a0\u00bb,\u00a0\u00bbhasStickyAd\u00a0\u00bb:true,\u00a0\u00bbhasMarginTop\u00a0\u00bb:true,\u00a0\u00bbhasMarginBottom\u00a0\u00bb:true},\u00a0\u00bbdisplayProperties\u00a0\u00bb:{},\u00a0\u00bblocalEdits\u00a0\u00bb:{},\u00a0\u00bbvariants\u00a0\u00bb:{}}},{\u00ab\u00a0collection\u00a0\u00bb:\u00a0\u00bbfeatures\u00a0\u00bb,\u00a0\u00bbtype\u00a0\u00bb:\u00a0\u00bbcommon\/adPrisma\u00a0\u00bb,\u00a0\u00bbprops\u00a0\u00bb:{\u00ab\u00a0collection\u00a0\u00bb:\u00a0\u00bbfeatures\u00a0\u00bb,\u00a0\u00bbtype\u00a0\u00bb:\u00a0\u00bbcommon\/adPrisma\u00a0\u00bb,\u00a0\u00bbid\u00a0\u00bb:\u00a0\u00bbf0fPujFYZiNL10K\u00a0\u00bb,\u00a0\u00bbcontentConfig\u00a0\u00bb:{\u00ab\u00a0contentService\u00a0\u00bb:\u00a0\u00bb\u00a0\u00bb,\u00a0\u00bbcontentConfigValues\u00a0\u00bb:{},\u00a0\u00bbinherit\u00a0\u00bb:true},\u00a0\u00bbcustomFields\u00a0\u00bb:{\u00ab\u00a0displayOnDesktop\u00a0\u00bb:false,\u00a0\u00bblayoutOnDesktop\u00a0\u00bb:null,\u00a0\u00bbdisplayOnTablet\u00a0\u00bb:false,\u00a0\u00bblayoutOnTablet\u00a0\u00bb:null,\u00a0\u00bbdisplayOnMobile\u00a0\u00bb:true,\u00a0\u00bblayoutOnMobile\u00a0\u00bb:\u00a0\u00bbVertical\u00a0\u00bb,\u00a0\u00bbadType\u00a0\u00bb:\u00a0\u00bbPave-Haut2&Prime;,\u00a0\u00bbadWidth\u00a0\u00bb:300,\u00a0\u00bbadHeight\u00a0\u00bb:\u00a0\u00bb400&Prime;,\u00a0\u00bbpbInternal_cloneId\u00a0\u00bb:\u00a0\u00bbf0fPujFYZiNL10K\u00a0\u00bb,\u00a0\u00bbhasStickyAd\u00a0\u00bb:true,\u00a0\u00bbhasMarginTop\u00a0\u00bb:true,\u00a0\u00bbhasMarginBottom\u00a0\u00bb:true},\u00a0\u00bbdisplayProperties\u00a0\u00bb:{},\u00a0\u00bblocalEdits\u00a0\u00bb:{},\u00a0\u00bbvariants\u00a0\u00bb:{}}},{\u00ab\u00a0collection\u00a0\u00bb:\u00a0\u00bbfeatures\u00a0\u00bb,\u00a0\u00bbtype\u00a0\u00bb:\u00a0\u00bbcommon\/adPrisma\u00a0\u00bb,\u00a0\u00bbprops\u00a0\u00bb:{\u00ab\u00a0collection\u00a0\u00bb:\u00a0\u00bbfeatures\u00a0\u00bb,\u00a0\u00bbtype\u00a0\u00bb:\u00a0\u00bbcommon\/adPrisma\u00a0\u00bb,\u00a0\u00bbid\u00a0\u00bb:\u00a0\u00bbf0fFzaovdKYL1z1&Prime;,\u00a0\u00bbcontentConfig\u00a0\u00bb:{\u00ab\u00a0contentService\u00a0\u00bb:\u00a0\u00bb\u00a0\u00bb,\u00a0\u00bbcontentConfigValues\u00a0\u00bb:{},\u00a0\u00bbinherit\u00a0\u00bb:true},\u00a0\u00bbcustomFields\u00a0\u00bb:{\u00ab\u00a0displayOnDesktop\u00a0\u00bb:false,\u00a0\u00bblayoutOnDesktop\u00a0\u00bb:null,\u00a0\u00bbdisplayOnTablet\u00a0\u00bb:false,\u00a0\u00bblayoutOnTablet\u00a0\u00bb:null,\u00a0\u00bbdisplayOnMobile\u00a0\u00bb:true,\u00a0\u00bblayoutOnMobile\u00a0\u00bb:\u00a0\u00bbVertical\u00a0\u00bb,\u00a0\u00bbadType\u00a0\u00bb:\u00a0\u00bbPave-Haut2&Prime;,\u00a0\u00bbadWidth\u00a0\u00bb:300,\u00a0\u00bbadHeight\u00a0\u00bb:\u00a0\u00bb400&Prime;,\u00a0\u00bbpbInternal_cloneId\u00a0\u00bb:\u00a0\u00bbf0fFzaovdKYL1z1&Prime;,\u00a0\u00bbhasStickyAd\u00a0\u00bb:true,\u00a0\u00bbhasMarginTop\u00a0\u00bb:true,\u00a0\u00bbhasMarginBottom\u00a0\u00bb:true},\u00a0\u00bbdisplayProperties\u00a0\u00bb:{},\u00a0\u00bblocalEdits\u00a0\u00bb:{},\u00a0\u00bbvariants\u00a0\u00bb:{}}},{\u00ab\u00a0collection\u00a0\u00bb:\u00a0\u00bbfeatures\u00a0\u00bb,\u00a0\u00bbtype\u00a0\u00bb:\u00a0\u00bbcommon\/adPrisma\u00a0\u00bb,\u00a0\u00bbprops\u00a0\u00bb:{\u00ab\u00a0collection\u00a0\u00bb:\u00a0\u00bbfeatures\u00a0\u00bb,\u00a0\u00bbtype\u00a0\u00bb:\u00a0\u00bbcommon\/adPrisma\u00a0\u00bb,\u00a0\u00bbid\u00a0\u00bb:\u00a0\u00bbf0f00fWk9HjD3Gy\u00a0\u00bb,\u00a0\u00bbcontentConfig\u00a0\u00bb:{\u00ab\u00a0contentService\u00a0\u00bb:\u00a0\u00bb\u00a0\u00bb,\u00a0\u00bbcontentConfigValues\u00a0\u00bb:{},\u00a0\u00bbinherit\u00a0\u00bb:true},\u00a0\u00bbcustomFields\u00a0\u00bb:{\u00ab\u00a0displayOnDesktop\u00a0\u00bb:false,\u00a0\u00bblayoutOnDesktop\u00a0\u00bb:null,\u00a0\u00bbdisplayOnTablet\u00a0\u00bb:false,\u00a0\u00bblayoutOnTablet\u00a0\u00bb:null,\u00a0\u00bbdisplayOnMobile\u00a0\u00bb:true,\u00a0\u00bblayoutOnMobile\u00a0\u00bb:\u00a0\u00bbVertical\u00a0\u00bb,\u00a0\u00bbadType\u00a0\u00bb:\u00a0\u00bbPave-Haut2&Prime;,\u00a0\u00bbadWidth\u00a0\u00bb:300,\u00a0\u00bbadHeight\u00a0\u00bb:\u00a0\u00bb400&Prime;,\u00a0\u00bbpbInternal_cloneId\u00a0\u00bb:\u00a0\u00bbf0f00fWk9HjD3Gy\u00a0\u00bb,\u00a0\u00bbhasStickyAd\u00a0\u00bb:true,\u00a0\u00bbhasMarginTop\u00a0\u00bb:true,\u00a0\u00bbhasMarginBottom\u00a0\u00bb:true},\u00a0\u00bbdisplayProperties\u00a0\u00bb:{},\u00a0\u00bblocalEdits\u00a0\u00bb:{},\u00a0\u00bbvariants\u00a0\u00bb:{}}},{\u00ab\u00a0collection\u00a0\u00bb:\u00a0\u00bbfeatures\u00a0\u00bb,\u00a0\u00bbtype\u00a0\u00bb:\u00a0\u00bbcommon\/adPrisma\u00a0\u00bb,\u00a0\u00bbprops\u00a0\u00bb:{\u00ab\u00a0collection\u00a0\u00bb:\u00a0\u00bbfeatures\u00a0\u00bb,\u00a0\u00bbtype\u00a0\u00bb:\u00a0\u00bbcommon\/adPrisma\u00a0\u00bb,\u00a0\u00bbid\u00a0\u00bb:\u00a0\u00bbf0fY1yQA6sSs3HK\u00a0\u00bb,\u00a0\u00bbcontentConfig\u00a0\u00bb:{\u00ab\u00a0contentService\u00a0\u00bb:\u00a0\u00bb\u00a0\u00bb,\u00a0\u00bbcontentConfigValues\u00a0\u00bb:{},\u00a0\u00bbinherit\u00a0\u00bb:true},\u00a0\u00bbcustomFields\u00a0\u00bb:{\u00ab\u00a0displayOnDesktop\u00a0\u00bb:false,\u00a0\u00bblayoutOnDesktop\u00a0\u00bb:null,\u00a0\u00bbdisplayOnTablet\u00a0\u00bb:false,\u00a0\u00bblayoutOnTablet\u00a0\u00bb:null,\u00a0\u00bbdisplayOnMobile\u00a0\u00bb:true,\u00a0\u00bblayoutOnMobile\u00a0\u00bb:\u00a0\u00bbVertical\u00a0\u00bb,\u00a0\u00bbadType\u00a0\u00bb:\u00a0\u00bbPave-Haut2&Prime;,\u00a0\u00bbadWidth\u00a0\u00bb:300,\u00a0\u00bbadHeight\u00a0\u00bb:\u00a0\u00bb400&Prime;,\u00a0\u00bbpbInternal_cloneId\u00a0\u00bb:\u00a0\u00bbf0fY1yQA6sSs3HK\u00a0\u00bb,\u00a0\u00bbhasStickyAd\u00a0\u00bb:true,\u00a0\u00bbhasMarginTop\u00a0\u00bb:true,\u00a0\u00bbhasMarginBottom\u00a0\u00bb:true},\u00a0\u00bbdisplayProperties\u00a0\u00bb:{},\u00a0\u00bblocalEdits\u00a0\u00bb:{},\u00a0\u00bbvariants\u00a0\u00bb:{}}},{\u00ab\u00a0collection\u00a0\u00bb:\u00a0\u00bbfeatures\u00a0\u00bb,\u00a0\u00bbtype\u00a0\u00bb:\u00a0\u00bb@wpmedia\/htmlbox-block\/htmlbox\u00a0\u00bb,\u00a0\u00bbprops\u00a0\u00bb:{\u00ab\u00a0collection\u00a0\u00bb:\u00a0\u00bbfeatures\u00a0\u00bb,\u00a0\u00bbtype\u00a0\u00bb:\u00a0\u00bb@wpmedia\/htmlbox-block\/htmlbox\u00a0\u00bb,\u00a0\u00bbid\u00a0\u00bb:\u00a0\u00bbf0fDDbYMYiut3FT\u00a0\u00bb,\u00a0\u00bbcontentConfig\u00a0\u00bb:{\u00ab\u00a0contentService\u00a0\u00bb:\u00a0\u00bb\u00a0\u00bb,\u00a0\u00bbcontentConfigValues\u00a0\u00bb:{},\u00a0\u00bbinherit\u00a0\u00bb:true},\u00a0\u00bbcustomFields\u00a0\u00bb:{\u00ab\u00a0HTML\u00a0\u00bb:\u00a0\u00bb\\n\\n\\n\\n.mailmunch-embedded-iframe{margin-bottom:0 !important;} \u00ab\u00a0},\u00a0\u00bbdisplayProperties\u00a0\u00bb:{},\u00a0\u00bblocalEdits\u00a0\u00bb:{},\u00a0\u00bbvariants\u00a0\u00bb:{}}},{\u00ab\u00a0collection\u00a0\u00bb:\u00a0\u00bbfeatures\u00a0\u00bb,\u00a0\u00bbtype\u00a0\u00bb:\u00a0\u00bb@wpmedia\/htmlbox-block\/htmlbox\u00a0\u00bb,\u00a0\u00bbprops\u00a0\u00bb:{\u00ab\u00a0collection\u00a0\u00bb:\u00a0\u00bbfeatures\u00a0\u00bb,\u00a0\u00bbtype\u00a0\u00bb:\u00a0\u00bb@wpmedia\/htmlbox-block\/htmlbox\u00a0\u00bb,\u00a0\u00bbid\u00a0\u00bb:\u00a0\u00bbf0fpINmuLQW76D1&Prime;,\u00a0\u00bbcontentConfig\u00a0\u00bb:{\u00ab\u00a0contentService\u00a0\u00bb:\u00a0\u00bb\u00a0\u00bb,\u00a0\u00bbcontentConfigValues\u00a0\u00bb:{},\u00a0\u00bbinherit\u00a0\u00bb:true},\u00a0\u00bbcustomFields\u00a0\u00bb:{\u00ab\u00a0pbInternal_cloneId\u00a0\u00bb:\u00a0\u00bbf0fpINmuLQW76D1&Prime;,\u00a0\u00bbHTML\u00a0\u00bb:\u00a0\u00bb\\n\\n\\n.mailmunch-embedded-iframe{margin-bottom:0 !important;} \u00ab\u00a0},\u00a0\u00bbdisplayProperties\u00a0\u00bb:{},\u00a0\u00bblocalEdits\u00a0\u00bb:{},\u00a0\u00bbvariants\u00a0\u00bb:{}}},{\u00ab\u00a0collection\u00a0\u00bb:\u00a0\u00bbfeatures\u00a0\u00bb,\u00a0\u00bbtype\u00a0\u00bb:\u00a0\u00bbcommon\/adPrisma\u00a0\u00bb,\u00a0\u00bbprops\u00a0\u00bb:{\u00ab\u00a0collection\u00a0\u00bb:\u00a0\u00bbfeatures\u00a0\u00bb,\u00a0\u00bbtype\u00a0\u00bb:\u00a0\u00bbcommon\/adPrisma\u00a0\u00bb,\u00a0\u00bbid\u00a0\u00bb:\u00a0\u00bbf0feeszWIa532UK\u00a0\u00bb,\u00a0\u00bbcontentConfig\u00a0\u00bb:{\u00ab\u00a0contentService\u00a0\u00bb:\u00a0\u00bb\u00a0\u00bb,\u00a0\u00bbcontentConfigValues\u00a0\u00bb:{},\u00a0\u00bbinherit\u00a0\u00bb:true},\u00a0\u00bbcustomFields\u00a0\u00bb:{\u00ab\u00a0displayOnDesktop\u00a0\u00bb:true,\u00a0\u00bblayoutOnDesktop\u00a0\u00bb:\u00a0\u00bbHorizontal\u00a0\u00bb,\u00a0\u00bbdisplayOnTablet\u00a0\u00bb:false,\u00a0\u00bblayoutOnTablet\u00a0\u00bb:null,\u00a0\u00bbdisplayOnMobile\u00a0\u00bb:false,\u00a0\u00bblayoutOnMobile\u00a0\u00bb:null,\u00a0\u00bbadType\u00a0\u00bb:\u00a0\u00bbPave-Haut2-Desktop\u00a0\u00bb,\u00a0\u00bbadWidth\u00a0\u00bb:\u00a0\u00bb600&Prime;,\u00a0\u00bbadHeight\u00a0\u00bb:\u00a0\u00bb400&Prime;,\u00a0\u00bbpbInternal_cloneId\u00a0\u00bb:\u00a0\u00bbf0feeszWIa532UK\u00a0\u00bb,\u00a0\u00bbhasStickyAd\u00a0\u00bb:true,\u00a0\u00bbhasMarginTop\u00a0\u00bb:false,\u00a0\u00bbhasMarginBottom\u00a0\u00bb:false},\u00a0\u00bbdisplayProperties\u00a0\u00bb:{},\u00a0\u00bblocalEdits\u00a0\u00bb:{},\u00a0\u00bbvariants\u00a0\u00bb:{}}},{\u00ab\u00a0collection\u00a0\u00bb:\u00a0\u00bbfeatures\u00a0\u00bb,\u00a0\u00bbtype\u00a0\u00bb:\u00a0\u00bbcommon\/adPrisma\u00a0\u00bb,\u00a0\u00bbprops\u00a0\u00bb:{\u00ab\u00a0collection\u00a0\u00bb:\u00a0\u00bbfeatures\u00a0\u00bb,\u00a0\u00bbtype\u00a0\u00bb:\u00a0\u00bbcommon\/adPrisma\u00a0\u00bb,\u00a0\u00bbid\u00a0\u00bb:\u00a0\u00bbf0flJXlEvZDj59R\u00a0\u00bb,\u00a0\u00bbcontentConfig\u00a0\u00bb:{\u00ab\u00a0contentService\u00a0\u00bb:\u00a0\u00bb\u00a0\u00bb,\u00a0\u00bbcontentConfigValues\u00a0\u00bb:{},\u00a0\u00bbinherit\u00a0\u00bb:true},\u00a0\u00bbcustomFields\u00a0\u00bb:{\u00ab\u00a0displayOnDesktop\u00a0\u00bb:true,\u00a0\u00bblayoutOnDesktop\u00a0\u00bb:\u00a0\u00bbHorizontal\u00a0\u00bb,\u00a0\u00bbdisplayOnTablet\u00a0\u00bb:false,\u00a0\u00bblayoutOnTablet\u00a0\u00bb:null,\u00a0\u00bbdisplayOnMobile\u00a0\u00bb:false,\u00a0\u00bblayoutOnMobile\u00a0\u00bb:null,\u00a0\u00bbadType\u00a0\u00bb:\u00a0\u00bbPave-Haut2-Desktop\u00a0\u00bb,\u00a0\u00bbadWidth\u00a0\u00bb:\u00a0\u00bb600&Prime;,\u00a0\u00bbadHeight\u00a0\u00bb:\u00a0\u00bb400&Prime;,\u00a0\u00bbpbInternal_cloneId\u00a0\u00bb:\u00a0\u00bbf0flJXlEvZDj59R\u00a0\u00bb,\u00a0\u00bbhasStickyAd\u00a0\u00bb:true,\u00a0\u00bbhasMarginTop\u00a0\u00bb:false,\u00a0\u00bbhasMarginBottom\u00a0\u00bb:false},\u00a0\u00bbdisplayProperties\u00a0\u00bb:{},\u00a0\u00bblocalEdits\u00a0\u00bb:{},\u00a0\u00bbvariants\u00a0\u00bb:{}}},{\u00ab\u00a0collection\u00a0\u00bb:\u00a0\u00bbfeatures\u00a0\u00bb,\u00a0\u00bbtype\u00a0\u00bb:\u00a0\u00bbcommon\/adPrisma\u00a0\u00bb,\u00a0\u00bbprops\u00a0\u00bb:{\u00ab\u00a0collection\u00a0\u00bb:\u00a0\u00bbfeatures\u00a0\u00bb,\u00a0\u00bbtype\u00a0\u00bb:\u00a0\u00bbcommon\/adPrisma\u00a0\u00bb,\u00a0\u00bbid\u00a0\u00bb:\u00a0\u00bbf0fUqEPIRzQ4aAO\u00a0\u00bb,\u00a0\u00bbcontentConfig\u00a0\u00bb:{\u00ab\u00a0contentService\u00a0\u00bb:\u00a0\u00bb\u00a0\u00bb,\u00a0\u00bbcontentConfigValues\u00a0\u00bb:{},\u00a0\u00bbinherit\u00a0\u00bb:true},\u00a0\u00bbcustomFields\u00a0\u00bb:{\u00ab\u00a0displayOnDesktop\u00a0\u00bb:true,\u00a0\u00bblayoutOnDesktop\u00a0\u00bb:\u00a0\u00bbHorizontal\u00a0\u00bb,\u00a0\u00bbdisplayOnTablet\u00a0\u00bb:false,\u00a0\u00bblayoutOnTablet\u00a0\u00bb:null,\u00a0\u00bbdisplayOnMobile\u00a0\u00bb:false,\u00a0\u00bblayoutOnMobile\u00a0\u00bb:null,\u00a0\u00bbadType\u00a0\u00bb:\u00a0\u00bbPave-Haut2-Desktop\u00a0\u00bb,\u00a0\u00bbadWidth\u00a0\u00bb:\u00a0\u00bb600&Prime;,\u00a0\u00bbadHeight\u00a0\u00bb:\u00a0\u00bb400&Prime;,\u00a0\u00bbpbInternal_cloneId\u00a0\u00bb:\u00a0\u00bbf0fUqEPIRzQ4aAO\u00a0\u00bb,\u00a0\u00bbhasStickyAd\u00a0\u00bb:true,\u00a0\u00bbhasMarginTop\u00a0\u00bb:false,\u00a0\u00bbhasMarginBottom\u00a0\u00bb:false},\u00a0\u00bbdisplayProperties\u00a0\u00bb:{},\u00a0\u00bblocalEdits\u00a0\u00bb:{},\u00a0\u00bbvariants\u00a0\u00bb:{}}}]},{\u00ab\u00a0collection\u00a0\u00bb:\u00a0\u00bbfeatures\u00a0\u00bb,\u00a0\u00bbtype\u00a0\u00bb:\u00a0\u00bbarticle\/paywall\u00a0\u00bb,\u00a0\u00bbprops\u00a0\u00bb:{\u00ab\u00a0collection\u00a0\u00bb:\u00a0\u00bbfeatures\u00a0\u00bb,\u00a0\u00bbtype\u00a0\u00bb:\u00a0\u00bbarticle\/paywall\u00a0\u00bb,\u00a0\u00bbid\u00a0\u00bb:\u00a0\u00bbf0f8vGVlAd832fw\u00a0\u00bb,\u00a0\u00bbcontentConfig\u00a0\u00bb:{\u00ab\u00a0contentService\u00a0\u00bb:\u00a0\u00bb\u00a0\u00bb,\u00a0\u00bbcontentConfigValues\u00a0\u00bb:{},\u00a0\u00bbinherit\u00a0\u00bb:true},\u00a0\u00bbcustomFields\u00a0\u00bb:{\u00ab\u00a0colorBorder\u00a0\u00bb:\u00a0\u00bbF8F8F8&Prime;,\u00a0\u00bbcolorBackground\u00a0\u00bb:\u00a0\u00bbF8F8F8&Prime;,\u00a0\u00bbintroText\u00a0\u00bb:\u00a0\u00bbPour lire la suite, abonnez-vous\u00a0\u00bb,\u00a0\u00bbpricePrimary\u00a0\u00bb:\u00a0\u00bb15 jours pour 1\u20ac\u00a0\u00bb,\u00a0\u00bbpriceSecondary\u00a0\u00bb:\u00a0\u00bbSans engagement\u00a0\u00bb,\u00a0\u00bbbuttonText\u00a0\u00bb:\u00a0\u00bbS\u2019abonner pour lire l\u2019article\u00a0\u00bb,\u00a0\u00bbpoint1&Prime;:\u00a0\u00bb Tous les contenus \u00ab abonn\u00e9s \u00bb en illimit\u00e9\u00a0\u00bb,\u00a0\u00bbpoint2&Prime;:\u00a0\u00bb Le journal num\u00e9rique en avant-premi\u00e8re\u00a0\u00bb,\u00a0\u00bbpoint3&Prime;:\u00a0\u00bb Newsletters exclusives, club abonn\u00e9s\u00a0\u00bb,\u00a0\u00bbbuttonLinkParams\u00a0\u00bb:{},\u00a0\u00bbshowClassicOffer\u00a0\u00bb:true,\u00a0\u00bbshowAdvantageOffer\u00a0\u00bb:false,\u00a0\u00bbbuttonLink\u00a0\u00bb:\u00a0\u00bbhttps:\/\/abo.liberation.fr\/numerique\/inscription\/offre-decouverte-numerique-15jours-1euro?origin=PAYWALL&#038;xtatc=INT-28-[15jours_1euro]\u00a0\u00bb,\u00a0\u00bbshowSwgOffer\u00a0\u00bb:true,\u00a0\u00bbtitleSwg\u00a0\u00bb:\u00a0\u00bb1 an pour 36\u20ac (au lieu de 119\u20ac)\u00a0\u00bb,\u00a0\u00bblegendeSwg\u00a0\u00bb:\u00a0\u00bbEn choisissant ce parcours d\u2019abonnement promotionnel, vous acceptez le d\u00e9p\u00f4t d\u2019un cookie d\u2019analyse par Google\u00a0\u00bb,\u00a0\u00bblinkSwg\u00a0\u00bb:\u00a0\u00bbhttps:\/\/abo.liberation.fr\/swg\/offre-swg-promo-annuelle-1an-36euros\/?origin=PAYWALL&#038;xtatc=INT-28-[swg-1an36]\u00a0\u00bb},\u00a0\u00bbdisplayProperties\u00a0\u00bb:{},\u00a0\u00bblocalEdits\u00a0\u00bb:{},\u00a0\u00bbvariants\u00a0\u00bb:{}}},{\u00ab\u00a0collection\u00a0\u00bb:\u00a0\u00bbfeatures\u00a0\u00bb,\u00a0\u00bbtype\u00a0\u00bb:\u00a0\u00bbarticle\/tag\u00a0\u00bb,\u00a0\u00bbprops\u00a0\u00bb:{\u00ab\u00a0collection\u00a0\u00bb:\u00a0\u00bbfeatures\u00a0\u00bb,\u00a0\u00bbtype\u00a0\u00bb:\u00a0\u00bbarticle\/tag\u00a0\u00bb,\u00a0\u00bbid\u00a0\u00bb:\u00a0\u00bbf0fKgNUtanUBgp\u00a0\u00bb,\u00a0\u00bbcontentConfig\u00a0\u00bb:{\u00ab\u00a0contentService\u00a0\u00bb:\u00a0\u00bb\u00a0\u00bb,\u00a0\u00bbcontentConfigValues\u00a0\u00bb:{},\u00a0\u00bbinherit\u00a0\u00bb:true},\u00a0\u00bbcustomFields\u00a0\u00bb:{\u00ab\u00a0title\u00a0\u00bb:\u00a0\u00bbPour aller plus loin :\u00a0\u00bb},\u00a0\u00bbdisplayProperties\u00a0\u00bb:{},\u00a0\u00bblocalEdits\u00a0\u00bb:{},\u00a0\u00bbvariants\u00a0\u00bb:{}}},{\u00ab\u00a0collection\u00a0\u00bb:\u00a0\u00bbfeatures\u00a0\u00bb,\u00a0\u00bbtype\u00a0\u00bb:\u00a0\u00bbarticle\/outbrain\u00a0\u00bb,\u00a0\u00bbprops\u00a0\u00bb:{\u00ab\u00a0collection\u00a0\u00bb:\u00a0\u00bbfeatures\u00a0\u00bb,\u00a0\u00bbtype\u00a0\u00bb:\u00a0\u00bbarticle\/outbrain\u00a0\u00bb,\u00a0\u00bbid\u00a0\u00bb:\u00a0\u00bbf0fFgEF7moy02yS\u00a0\u00bb,\u00a0\u00bbcontentConfig\u00a0\u00bb:{\u00ab\u00a0contentService\u00a0\u00bb:\u00a0\u00bb\u00a0\u00bb,\u00a0\u00bbcontentConfigValues\u00a0\u00bb:{},\u00a0\u00bbinherit\u00a0\u00bb:true},\u00a0\u00bbcustomFields\u00a0\u00bb:{\u00ab\u00a0widgetId\u00a0\u00bb:\u00a0\u00bbarticleBody\u00a0\u00bb},\u00a0\u00bbdisplayProperties\u00a0\u00bb:{},\u00a0\u00bblocalEdits\u00a0\u00bb:{},\u00a0\u00bbvariants\u00a0\u00bb:{}}},{\u00ab\u00a0collection\u00a0\u00bb:\u00a0\u00bbfeatures\u00a0\u00bb,\u00a0\u00bbtype\u00a0\u00bb:\u00a0\u00bbShareBar\/default\u00a0\u00bb,\u00a0\u00bbprops\u00a0\u00bb:{\u00ab\u00a0collection\u00a0\u00bb:\u00a0\u00bbfeatures\u00a0\u00bb,\u00a0\u00bbtype\u00a0\u00bb:\u00a0\u00bbShareBar\/default\u00a0\u00bb,\u00a0\u00bbid\u00a0\u00bb:\u00a0\u00bbf0f2zPAoJBJx22s\u00a0\u00bb,\u00a0\u00bbcontentConfig\u00a0\u00bb:{\u00ab\u00a0contentService\u00a0\u00bb:\u00a0\u00bb\u00a0\u00bb,\u00a0\u00bbcontentConfigValues\u00a0\u00bb:{},\u00a0\u00bbinherit\u00a0\u00bb:true},\u00a0\u00bbcustomFields\u00a0\u00bb:{\u00ab\u00a0facebookItem\u00a0\u00bb:true,\u00a0\u00bbtwitterItem\u00a0\u00bb:false,\u00a0\u00bbpinterestItem\u00a0\u00bb:true,\u00a0\u00bblinkedinItem\u00a0\u00bb:true,\u00a0\u00bbemailItem\u00a0\u00bb:true,\u00a0\u00bbgiftItem\u00a0\u00bb:true,\u00a0\u00bblinkItem\u00a0\u00bb:true},\u00a0\u00bbdisplayProperties\u00a0\u00bb:{},\u00a0\u00bblocalEdits\u00a0\u00bb:{},\u00a0\u00bbvariants\u00a0\u00bb:{}}},{\u00ab\u00a0collection\u00a0\u00bb:\u00a0\u00bbfeatures\u00a0\u00bb,\u00a0\u00bbtype\u00a0\u00bb:\u00a0\u00bbcommon\/CustomCardTitle\u00a0\u00bb,\u00a0\u00bbprops\u00a0\u00bb:{\u00ab\u00a0collection\u00a0\u00bb:\u00a0\u00bbfeatures\u00a0\u00bb,\u00a0\u00bbtype\u00a0\u00bb:\u00a0\u00bbcommon\/CustomCardTitle\u00a0\u00bb,\u00a0\u00bbid\u00a0\u00bb:\u00a0\u00bbf0foqM8guYos2Uw\u00a0\u00bb,\u00a0\u00bbcontentConfig\u00a0\u00bb:{\u00ab\u00a0contentService\u00a0\u00bb:\u00a0\u00bb\u00a0\u00bb,\u00a0\u00bbcontentConfigValues\u00a0\u00bb:{},\u00a0\u00bbinherit\u00a0\u00bb:true},\u00a0\u00bbcustomFields\u00a0\u00bb:{\u00ab\u00a0title\u00a0\u00bb:\u00a0\u00bbDans la m\u00eame rubrique\u00a0\u00bb,\u00a0\u00bblink\u00a0\u00bb:\u00a0\u00bb\u00a0\u00bb},\u00a0\u00bbdisplayProperties\u00a0\u00bb:{},\u00a0\u00bblocalEdits\u00a0\u00bb:{},\u00a0\u00bbvariants\u00a0\u00bb:{}}},{\u00ab\u00a0collection\u00a0\u00bb:\u00a0\u00bbchains\u00a0\u00bb,\u00a0\u00bbtype\u00a0\u00bb:\u00a0\u00bbflex-chain\u00a0\u00bb,\u00a0\u00bbprops\u00a0\u00bb:{\u00ab\u00a0collection\u00a0\u00bb:\u00a0\u00bbchains\u00a0\u00bb,\u00a0\u00bbtype\u00a0\u00bb:\u00a0\u00bbflex-chain\u00a0\u00bb,\u00a0\u00bbid\u00a0\u00bb:\u00a0\u00bbc0f2rXNWJ30g7O\u00a0\u00bb,\u00a0\u00bbcustomFields\u00a0\u00bb:{\u00ab\u00a0layout\u00a0\u00bb:\u00a0\u00bb6-6&Prime;,\u00a0\u00bbcolumn1&Prime;:2,\u00a0\u00bbcolumn2&Prime;:2,\u00a0\u00bbcolumn3&Prime;:1,\u00a0\u00bbcolumn4&Prime;:1,\u00a0\u00bbmobileOrderColumn1&Prime;:1,\u00a0\u00bbmobileOrderColumn2&Prime;:2,\u00a0\u00bbmobileOrderColumn3&Prime;:3,\u00a0\u00bbmobileOrderColumn4&Prime;:4},\u00a0\u00bbdisplayProperties\u00a0\u00bb:{}},\u00a0\u00bbchildren\u00a0\u00bb:[{\u00ab\u00a0collection\u00a0\u00bb:\u00a0\u00bbfeatures\u00a0\u00bb,\u00a0\u00bbtype\u00a0\u00bb:\u00a0\u00bbcommon\/customCardList\u00a0\u00bb,\u00a0\u00bbprops\u00a0\u00bb:{\u00ab\u00a0collection\u00a0\u00bb:\u00a0\u00bbfeatures\u00a0\u00bb,\u00a0\u00bbtype\u00a0\u00bb:\u00a0\u00bbcommon\/customCardList\u00a0\u00bb,\u00a0\u00bbid\u00a0\u00bb:\u00a0\u00bbf0fvaRXfKAFdSc\u00a0\u00bb,\u00a0\u00bbcontentConfig\u00a0\u00bb:{\u00ab\u00a0contentService\u00a0\u00bb:\u00a0\u00bb\u00a0\u00bb,\u00a0\u00bbcontentConfigValues\u00a0\u00bb:{},\u00a0\u00bbinherit\u00a0\u00bb:true},\u00a0\u00bbcustomFields\u00a0\u00bb:{\u00ab\u00a0listContentConfig\u00a0\u00bb:{\u00ab\u00a0contentService\u00a0\u00bb:\u00a0\u00bbsite-story-feed-sections\u00a0\u00bb,\u00a0\u00bbcontentConfigValues\u00a0\u00bb:{\u00ab\u00a0includeSections\u00a0\u00bb:\u00a0\u00bb\/societe\/religions\u00a0\u00bb,\u00a0\u00bbfeedSize\u00a0\u00bb:1,\u00a0\u00bbfeedOffset\u00a0\u00bb:0}},\u00a0\u00bboverwriteSize\u00a0\u00bb:null,\u00a0\u00bbshowPrimary\u00a0\u00bb:true,\u00a0\u00bbshowOverlinePrimary\u00a0\u00bb:true,\u00a0\u00bbshowHeadlinePrimary\u00a0\u00bb:true,\u00a0\u00bbshowImagePrimary\u00a0\u00bb:false,\u00a0\u00bbshowDescriptionPrimary\u00a0\u00bb:false,\u00a0\u00bbshowBylinePrimary\u00a0\u00bb:false,\u00a0\u00bbshowDatePrimary\u00a0\u00bb:true,\u00a0\u00bbimageRatioPrimary\u00a0\u00bb:\u00a0\u00bb3:2&Prime;,\u00a0\u00bbimagePositionPrimary\u00a0\u00bb:\u00a0\u00bbtop\u00a0\u00bb,\u00a0\u00bbshowSectionList\u00a0\u00bb:true,\u00a0\u00bbshowHeadlineList\u00a0\u00bb:true,\u00a0\u00bbshowImageList\u00a0\u00bb:false,\u00a0\u00bbshowDescriptionList\u00a0\u00bb:false,\u00a0\u00bbshowDateList\u00a0\u00bb:true,\u00a0\u00bbimageRatioList\u00a0\u00bb:\u00a0\u00bb1:1&Prime;,\u00a0\u00bbimagePositionList\u00a0\u00bb:\u00a0\u00bbtop\u00a0\u00bb,\u00a0\u00bbtitle\u00a0\u00bb:\u00a0\u00bb\u00a0\u00bb,\u00a0\u00bbtitleFontSize\u00a0\u00bb:\u00a0\u00bbS\u00a0\u00bb},\u00a0\u00bbdisplayProperties\u00a0\u00bb:{},\u00a0\u00bblocalEdits\u00a0\u00bb:{},\u00a0\u00bbvariants\u00a0\u00bb:{}}},{\u00ab\u00a0collection\u00a0\u00bb:\u00a0\u00bbfeatures\u00a0\u00bb,\u00a0\u00bbtype\u00a0\u00bb:\u00a0\u00bbcommon\/customCardList\u00a0\u00bb,\u00a0\u00bbprops\u00a0\u00bb:{\u00ab\u00a0collection\u00a0\u00bb:\u00a0\u00bbfeatures\u00a0\u00bb,\u00a0\u00bbtype\u00a0\u00bb:\u00a0\u00bbcommon\/customCardList\u00a0\u00bb,\u00a0\u00bbid\u00a0\u00bb:\u00a0\u00bbf0fHvQGffWcl4Qx\u00a0\u00bb,\u00a0\u00bbcontentConfig\u00a0\u00bb:{\u00ab\u00a0contentService\u00a0\u00bb:\u00a0\u00bb\u00a0\u00bb,\u00a0\u00bbcontentConfigValues\u00a0\u00bb:{},\u00a0\u00bbinherit\u00a0\u00bb:true},\u00a0\u00bbcustomFields\u00a0\u00bb:{\u00ab\u00a0listContentConfig\u00a0\u00bb:{\u00ab\u00a0contentService\u00a0\u00bb:\u00a0\u00bbsite-story-feed-sections\u00a0\u00bb,\u00a0\u00bbcontentConfigValues\u00a0\u00bb:{\u00ab\u00a0includeSections\u00a0\u00bb:\u00a0\u00bb\/societe\/religions\u00a0\u00bb,\u00a0\u00bbfeedSize\u00a0\u00bb:1,\u00a0\u00bbfeedOffset\u00a0\u00bb:1}},\u00a0\u00bboverwriteSize\u00a0\u00bb:null,\u00a0\u00bbshowPrimary\u00a0\u00bb:true,\u00a0\u00bbshowOverlinePrimary\u00a0\u00bb:true,\u00a0\u00bbshowHeadlinePrimary\u00a0\u00bb:true,\u00a0\u00bbshowImagePrimary\u00a0\u00bb:false,\u00a0\u00bbshowDescriptionPrimary\u00a0\u00bb:false,\u00a0\u00bbshowBylinePrimary\u00a0\u00bb:false,\u00a0\u00bbshowDatePrimary\u00a0\u00bb:true,\u00a0\u00bbimageRatioPrimary\u00a0\u00bb:\u00a0\u00bb3:2&Prime;,\u00a0\u00bbimagePositionPrimary\u00a0\u00bb:\u00a0\u00bbtop\u00a0\u00bb,\u00a0\u00bbshowSectionList\u00a0\u00bb:true,\u00a0\u00bbshowHeadlineList\u00a0\u00bb:true,\u00a0\u00bbshowImageList\u00a0\u00bb:false,\u00a0\u00bbshowDescriptionList\u00a0\u00bb:false,\u00a0\u00bbshowDateList\u00a0\u00bb:true,\u00a0\u00bbimageRatioList\u00a0\u00bb:\u00a0\u00bb1:1&Prime;,\u00a0\u00bbimagePositionList\u00a0\u00bb:\u00a0\u00bbtop\u00a0\u00bb,\u00a0\u00bbtitle\u00a0\u00bb:\u00a0\u00bb\u00a0\u00bb,\u00a0\u00bbtitleFontSize\u00a0\u00bb:\u00a0\u00bbS\u00a0\u00bb,\u00a0\u00bbpbInternal_cloneId\u00a0\u00bb:\u00a0\u00bbf0fHvQGffWcl4Qx\u00a0\u00bb},\u00a0\u00bbdisplayProperties\u00a0\u00bb:{},\u00a0\u00bblocalEdits\u00a0\u00bb:{},\u00a0\u00bbvariants\u00a0\u00bb:{}}},{\u00ab\u00a0collection\u00a0\u00bb:\u00a0\u00bbfeatures\u00a0\u00bb,\u00a0\u00bbtype\u00a0\u00bb:\u00a0\u00bbcommon\/customCardList\u00a0\u00bb,\u00a0\u00bbprops\u00a0\u00bb:{\u00ab\u00a0collection\u00a0\u00bb:\u00a0\u00bbfeatures\u00a0\u00bb,\u00a0\u00bbtype\u00a0\u00bb:\u00a0\u00bbcommon\/customCardList\u00a0\u00bb,\u00a0\u00bbid\u00a0\u00bb:\u00a0\u00bbf0fpr8FonMWLnY\u00a0\u00bb,\u00a0\u00bbcontentConfig\u00a0\u00bb:{\u00ab\u00a0contentService\u00a0\u00bb:\u00a0\u00bb\u00a0\u00bb,\u00a0\u00bbcontentConfigValues\u00a0\u00bb:{},\u00a0\u00bbinherit\u00a0\u00bb:true},\u00a0\u00bbcustomFields\u00a0\u00bb:{\u00ab\u00a0listContentConfig\u00a0\u00bb:{\u00ab\u00a0contentService\u00a0\u00bb:\u00a0\u00bbsite-story-feed-sections\u00a0\u00bb,\u00a0\u00bbcontentConfigValues\u00a0\u00bb:{\u00ab\u00a0includeSections\u00a0\u00bb:\u00a0\u00bb\/societe\/religions\u00a0\u00bb,\u00a0\u00bbfeedSize\u00a0\u00bb:1,\u00a0\u00bbfeedOffset\u00a0\u00bb:2}},\u00a0\u00bboverwriteSize\u00a0\u00bb:null,\u00a0\u00bbshowPrimary\u00a0\u00bb:true,\u00a0\u00bbshowOverlinePrimary\u00a0\u00bb:true,\u00a0\u00bbshowHeadlinePrimary\u00a0\u00bb:true,\u00a0\u00bbshowImagePrimary\u00a0\u00bb:false,\u00a0\u00bbshowDescriptionPrimary\u00a0\u00bb:false,\u00a0\u00bbshowBylinePrimary\u00a0\u00bb:false,\u00a0\u00bbshowDatePrimary\u00a0\u00bb:true,\u00a0\u00bbimageRatioPrimary\u00a0\u00bb:\u00a0\u00bb3:2&Prime;,\u00a0\u00bbimagePositionPrimary\u00a0\u00bb:\u00a0\u00bbtop\u00a0\u00bb,\u00a0\u00bbshowSectionList\u00a0\u00bb:true,\u00a0\u00bbshowHeadlineList\u00a0\u00bb:true,\u00a0\u00bbshowImageList\u00a0\u00bb:false,\u00a0\u00bbshowDescriptionList\u00a0\u00bb:false,\u00a0\u00bbshowDateList\u00a0\u00bb:true,\u00a0\u00bbimageRatioList\u00a0\u00bb:\u00a0\u00bb1:1&Prime;,\u00a0\u00bbimagePositionList\u00a0\u00bb:\u00a0\u00bbtop\u00a0\u00bb,\u00a0\u00bbtitle\u00a0\u00bb:\u00a0\u00bb\u00a0\u00bb,\u00a0\u00bbtitleFontSize\u00a0\u00bb:\u00a0\u00bbS\u00a0\u00bb,\u00a0\u00bbpbInternal_cloneId\u00a0\u00bb:\u00a0\u00bbf0fpr8FonMWLnY\u00a0\u00bb},\u00a0\u00bbdisplayProperties\u00a0\u00bb:{},\u00a0\u00bblocalEdits\u00a0\u00bb:{},\u00a0\u00bbvariants\u00a0\u00bb:{}}},{\u00ab\u00a0collection\u00a0\u00bb:\u00a0\u00bbfeatures\u00a0\u00bb,\u00a0\u00bbtype\u00a0\u00bb:\u00a0\u00bbcommon\/customCardList\u00a0\u00bb,\u00a0\u00bbprops\u00a0\u00bb:{\u00ab\u00a0collection\u00a0\u00bb:\u00a0\u00bbfeatures\u00a0\u00bb,\u00a0\u00bbtype\u00a0\u00bb:\u00a0\u00bbcommon\/customCardList\u00a0\u00bb,\u00a0\u00bbid\u00a0\u00bb:\u00a0\u00bbf0fPLmWaR5cs2DD\u00a0\u00bb,\u00a0\u00bbcontentConfig\u00a0\u00bb:{\u00ab\u00a0contentService\u00a0\u00bb:\u00a0\u00bb\u00a0\u00bb,\u00a0\u00bbcontentConfigValues\u00a0\u00bb:{},\u00a0\u00bbinherit\u00a0\u00bb:true},\u00a0\u00bbcustomFields\u00a0\u00bb:{\u00ab\u00a0listContentConfig\u00a0\u00bb:{\u00ab\u00a0contentService\u00a0\u00bb:\u00a0\u00bbsite-story-feed-sections\u00a0\u00bb,\u00a0\u00bbcontentConfigValues\u00a0\u00bb:{\u00ab\u00a0includeSections\u00a0\u00bb:\u00a0\u00bb\/societe\/religions\u00a0\u00bb,\u00a0\u00bbfeedSize\u00a0\u00bb:1,\u00a0\u00bbfeedOffset\u00a0\u00bb:3}},\u00a0\u00bboverwriteSize\u00a0\u00bb:null,\u00a0\u00bbshowPrimary\u00a0\u00bb:true,\u00a0\u00bbshowOverlinePrimary\u00a0\u00bb:true,\u00a0\u00bbshowHeadlinePrimary\u00a0\u00bb:true,\u00a0\u00bbshowImagePrimary\u00a0\u00bb:false,\u00a0\u00bbshowDescriptionPrimary\u00a0\u00bb:false,\u00a0\u00bbshowBylinePrimary\u00a0\u00bb:false,\u00a0\u00bbshowDatePrimary\u00a0\u00bb:true,\u00a0\u00bbimageRatioPrimary\u00a0\u00bb:\u00a0\u00bb3:2&Prime;,\u00a0\u00bbimagePositionPrimary\u00a0\u00bb:\u00a0\u00bbtop\u00a0\u00bb,\u00a0\u00bbshowSectionList\u00a0\u00bb:true,\u00a0\u00bbshowHeadlineList\u00a0\u00bb:true,\u00a0\u00bbshowImageList\u00a0\u00bb:false,\u00a0\u00bbshowDescriptionList\u00a0\u00bb:false,\u00a0\u00bbshowDateList\u00a0\u00bb:true,\u00a0\u00bbimageRatioList\u00a0\u00bb:\u00a0\u00bb1:1&Prime;,\u00a0\u00bbimagePositionList\u00a0\u00bb:\u00a0\u00bbtop\u00a0\u00bb,\u00a0\u00bbtitle\u00a0\u00bb:\u00a0\u00bb\u00a0\u00bb,\u00a0\u00bbtitleFontSize\u00a0\u00bb:\u00a0\u00bbS\u00a0\u00bb,\u00a0\u00bbpbInternal_cloneId\u00a0\u00bb:\u00a0\u00bbf0fPLmWaR5cs2DD\u00a0\u00bb},\u00a0\u00bbdisplayProperties\u00a0\u00bb:{},\u00a0\u00bblocalEdits\u00a0\u00bb:{},\u00a0\u00bbvariants\u00a0\u00bb:{}}}]}]},{\u00ab\u00a0collection\u00a0\u00bb:\u00a0\u00bbsections\u00a0\u00bb,\u00a0\u00bbprops\u00a0\u00bb:{\u00ab\u00a0collection\u00a0\u00bb:\u00a0\u00bbsections\u00a0\u00bb,\u00a0\u00bbid\u00a0\u00bb:3},\u00a0\u00bbchildren\u00a0\u00bb:[{\u00ab\u00a0collection\u00a0\u00bb:\u00a0\u00bbfeatures\u00a0\u00bb,\u00a0\u00bbtype\u00a0\u00bb:\u00a0\u00bbcommon\/CustomCardTitle\u00a0\u00bb,\u00a0\u00bbprops\u00a0\u00bb:{\u00ab\u00a0collection\u00a0\u00bb:\u00a0\u00bbfeatures\u00a0\u00bb,\u00a0\u00bbtype\u00a0\u00bb:\u00a0\u00bbcommon\/CustomCardTitle\u00a0\u00bb,\u00a0\u00bbid\u00a0\u00bb:\u00a0\u00bbf0fK6dKiYqoY28g\u00a0\u00bb,\u00a0\u00bbcontentConfig\u00a0\u00bb:{\u00ab\u00a0contentService\u00a0\u00bb:\u00a0\u00bb\u00a0\u00bb,\u00a0\u00bbcontentConfigValues\u00a0\u00bb:{},\u00a0\u00bbinherit\u00a0\u00bb:true},\u00a0\u00bbcustomFields\u00a0\u00bb:{\u00ab\u00a0title\u00a0\u00bb:\u00a0\u00bbNos newsletters\u00a0\u00bb,\u00a0\u00bblink\u00a0\u00bb:\u00a0\u00bbhttps:\/\/www.liberation.fr\/newsletters\/\u00a0\u00bb,\u00a0\u00bbpbInternal_cloneId\u00a0\u00bb:\u00a0\u00bbf0fK6dKiYqoY28g\u00a0\u00bb},\u00a0\u00bbdisplayProperties\u00a0\u00bb:{},\u00a0\u00bblocalEdits\u00a0\u00bb:{},\u00a0\u00bbvariants\u00a0\u00bb:{}}},{\u00ab\u00a0collection\u00a0\u00bb:\u00a0\u00bbfeatures\u00a0\u00bb,\u00a0\u00bbtype\u00a0\u00bb:\u00a0\u00bbSlideBarItem\/default\u00a0\u00bb,\u00a0\u00bbprops\u00a0\u00bb:{\u00ab\u00a0collection\u00a0\u00bb:\u00a0\u00bbfeatures\u00a0\u00bb,\u00a0\u00bbtype\u00a0\u00bb:\u00a0\u00bbSlideBarItem\/default\u00a0\u00bb,\u00a0\u00bbid\u00a0\u00bb:\u00a0\u00bbf0fDapvk7YMv3Lm\u00a0\u00bb,\u00a0\u00bbcontentConfig\u00a0\u00bb:{\u00ab\u00a0contentService\u00a0\u00bb:\u00a0\u00bb\u00a0\u00bb,\u00a0\u00bbcontentConfigValues\u00a0\u00bb:{},\u00a0\u00bbinherit\u00a0\u00bb:true},\u00a0\u00bbcustomFields\u00a0\u00bb:{\u00ab\u00a0surtitle\u00a0\u00bb:\u00a0\u00bbAlerte Lib\u00e9\u00a0\u00bb,\u00a0\u00bbtitle\u00a0\u00bb:\u00a0\u00bbLes alertes, infos et enqu\u00eates Lib\u00e9 \u00e0 ne pas manquer\u00a0\u00bb,\u00a0\u00bbimageSrc\u00a0\u00bb:\u00a0\u00bbhttps:\/\/www.liberation.fr\/resizer\/v2\/W6N6IKOH7BBO7DNAV6Z55CC47Q.png?auth=3f8d5faa5deb6f875c08fc1fdc2a3dd0ec4008b507a3283a83222fad5eec39df\u00a0\u00bb,\u00a0\u00bbarticleLink\u00a0\u00bb:\u00a0\u00bbhttps:\/\/offre.liberation.fr\/les-alertes-libe\u00a0\u00bb},\u00a0\u00bbdisplayProperties\u00a0\u00bb:{},\u00a0\u00bblocalEdits\u00a0\u00bb:{},\u00a0\u00bbvariants\u00a0\u00bb:{}}},{\u00ab\u00a0collection\u00a0\u00bb:\u00a0\u00bbfeatures\u00a0\u00bb,\u00a0\u00bbtype\u00a0\u00bb:\u00a0\u00bbSlideBarItem\/default\u00a0\u00bb,\u00a0\u00bbprops\u00a0\u00bb:{\u00ab\u00a0collection\u00a0\u00bb:\u00a0\u00bbfeatures\u00a0\u00bb,\u00a0\u00bbtype\u00a0\u00bb:\u00a0\u00bbSlideBarItem\/default\u00a0\u00bb,\u00a0\u00bbid\u00a0\u00bb:\u00a0\u00bbf0fBjjoN94bd4Su\u00a0\u00bb,\u00a0\u00bbcontentConfig\u00a0\u00bb:{\u00ab\u00a0contentService\u00a0\u00bb:\u00a0\u00bb\u00a0\u00bb,\u00a0\u00bbcontentConfigValues\u00a0\u00bb:{},\u00a0\u00bbinherit\u00a0\u00bb:true},\u00a0\u00bbcustomFields\u00a0\u00bb:{\u00ab\u00a0surtitle\u00a0\u00bb:\u00a0\u00bbLib\u00e9 Matin\u00a0\u00bb,\u00a0\u00bbtitle\u00a0\u00bb:\u00a0\u00bbLe brief matinal id\u00e9al pour bien commencer la journ\u00e9e\u00a0\u00bb,\u00a0\u00bbimageSrc\u00a0\u00bb:\u00a0\u00bbhttps:\/\/www.liberation.fr\/resizer\/v2\/345MSOLPRJGOPKF5IHFHGEJWTU.png?auth=5a6082bc2e76ac381fe898873139d4eb7974707df7c5278d27ecf3200c9d21ca\u00a0\u00bb,\u00a0\u00bbarticleLink\u00a0\u00bb:\u00a0\u00bbhttps:\/\/offre.liberation.fr\/les-alertes-libe\u00a0\u00bb,\u00a0\u00bbpbInternal_cloneId\u00a0\u00bb:\u00a0\u00bbf0fBjjoN94bd4Su\u00a0\u00bb},\u00a0\u00bbdisplayProperties\u00a0\u00bb:{},\u00a0\u00bblocalEdits\u00a0\u00bb:{},\u00a0\u00bbvariants\u00a0\u00bb:{}}},{\u00ab\u00a0collection\u00a0\u00bb:\u00a0\u00bbfeatures\u00a0\u00bb,\u00a0\u00bbtype\u00a0\u00bb:\u00a0\u00bbSlideBarItem\/default\u00a0\u00bb,\u00a0\u00bbprops\u00a0\u00bb:{\u00ab\u00a0collection\u00a0\u00bb:\u00a0\u00bbfeatures\u00a0\u00bb,\u00a0\u00bbtype\u00a0\u00bb:\u00a0\u00bbSlideBarItem\/default\u00a0\u00bb,\u00a0\u00bbid\u00a0\u00bb:\u00a0\u00bbf0f5QHgR1HBt1qL\u00a0\u00bb,\u00a0\u00bbcontentConfig\u00a0\u00bb:{\u00ab\u00a0contentService\u00a0\u00bb:\u00a0\u00bb\u00a0\u00bb,\u00a0\u00bbcontentConfigValues\u00a0\u00bb:{},\u00a0\u00bbinherit\u00a0\u00bb:true},\u00a0\u00bbcustomFields\u00a0\u00bb:{\u00ab\u00a0surtitle\u00a0\u00bb:\u00a0\u00bbOpinions\u00a0\u00bb,\u00a0\u00bbtitle\u00a0\u00bb:\u00a0\u00bbLes billets, \u00e9ditos, tribunes ou chroniques qui font d\u00e9bat\u00a0\u00bb,\u00a0\u00bbimageSrc\u00a0\u00bb:\u00a0\u00bbhttps:\/\/www.liberation.fr\/resizer\/v2\/M7A3F5AS4NFYNAZ3MYKHJRM5RM.png?auth=fe40ba50bc314996abc0ae1adf4975c437133a0bb58adf9bd182bdafc84d1089&Prime;,\u00a0\u00bbarticleLink\u00a0\u00bb:\u00a0\u00bbhttps:\/\/offre.liberation.fr\/chroniqueurs-de-libe\u00a0\u00bb,\u00a0\u00bbpbInternal_cloneId\u00a0\u00bb:\u00a0\u00bbf0f5QHgR1HBt1qL\u00a0\u00bb},\u00a0\u00bbdisplayProperties\u00a0\u00bb:{},\u00a0\u00bblocalEdits\u00a0\u00bb:{},\u00a0\u00bbvariants\u00a0\u00bb:{}}},{\u00ab\u00a0collection\u00a0\u00bb:\u00a0\u00bbfeatures\u00a0\u00bb,\u00a0\u00bbtype\u00a0\u00bb:\u00a0\u00bbSlideBarItem\/default\u00a0\u00bb,\u00a0\u00bbprops\u00a0\u00bb:{\u00ab\u00a0collection\u00a0\u00bb:\u00a0\u00bbfeatures\u00a0\u00bb,\u00a0\u00bbtype\u00a0\u00bb:\u00a0\u00bbSlideBarItem\/default\u00a0\u00bb,\u00a0\u00bbid\u00a0\u00bb:\u00a0\u00bbf0fxinaqBo4M3GR\u00a0\u00bb,\u00a0\u00bbcontentConfig\u00a0\u00bb:{\u00ab\u00a0contentService\u00a0\u00bb:\u00a0\u00bb\u00a0\u00bb,\u00a0\u00bbcontentConfigValues\u00a0\u00bb:{},\u00a0\u00bbinherit\u00a0\u00bb:true},\u00a0\u00bbcustomFields\u00a0\u00bb:{\u00ab\u00a0surtitle\u00a0\u00bb:\u00a0\u00bbToutes nos newsletters\u00a0\u00bb,\u00a0\u00bbtitle\u00a0\u00bb:\u00a0\u00bbActualit\u00e9, politique, lifestyle&#8230; d\u00e9couvrez toutes nos newsletters\u00a0\u00bb,\u00a0\u00bbimageSrc\u00a0\u00bb:\u00a0\u00bbhttps:\/\/www.liberation.fr\/resizer\/v2\/JZ7JLWLRV5AUXEJWKXWIWJPIIM.png?auth=5b998f94c32627882a883dbba36d4ab1bd24871333a764d01e9b769678a5beea\u00a0\u00bb,\u00a0\u00bbarticleLink\u00a0\u00bb:\u00a0\u00bbhttps:\/\/www.liberation.fr\/newsletters\/\u00a0\u00bb,\u00a0\u00bbpbInternal_cloneId\u00a0\u00bb:\u00a0\u00bbf0fxinaqBo4M3GR\u00a0\u00bb},\u00a0\u00bbdisplayProperties\u00a0\u00bb:{},\u00a0\u00bblocalEdits\u00a0\u00bb:{},\u00a0\u00bbvariants\u00a0\u00bb:{}}},{\u00ab\u00a0collection\u00a0\u00bb:\u00a0\u00bbfeatures\u00a0\u00bb,\u00a0\u00bbtype\u00a0\u00bb:\u00a0\u00bb@wpmedia\/htmlbox-block\/htmlbox\u00a0\u00bb,\u00a0\u00bbprops\u00a0\u00bb:{\u00ab\u00a0collection\u00a0\u00bb:\u00a0\u00bbfeatures\u00a0\u00bb,\u00a0\u00bbtype\u00a0\u00bb:\u00a0\u00bb@wpmedia\/htmlbox-block\/htmlbox\u00a0\u00bb,\u00a0\u00bbid\u00a0\u00bb:\u00a0\u00bbf0fPDLS7SzFB6XU\u00a0\u00bb,\u00a0\u00bbcontentConfig\u00a0\u00bb:{\u00ab\u00a0contentService\u00a0\u00bb:\u00a0\u00bb\u00a0\u00bb,\u00a0\u00bbcontentConfigValues\u00a0\u00bb:{},\u00a0\u00bbinherit\u00a0\u00bb:true},\u00a0\u00bbcustomFields\u00a0\u00bb:{\u00ab\u00a0HTML\u00a0\u00bb:\u00a0\u00bb\u00a0\u00bb},\u00a0\u00bbdisplayProperties\u00a0\u00bb:{},\u00a0\u00bblocalEdits\u00a0\u00bb:{},\u00a0\u00bbvariants\u00a0\u00bb:{}}},{\u00ab\u00a0collection\u00a0\u00bb:\u00a0\u00bbfeatures\u00a0\u00bb,\u00a0\u00bbtype\u00a0\u00bb:\u00a0\u00bbcommon\/adPrisma\u00a0\u00bb,\u00a0\u00bbprops\u00a0\u00bb:{\u00ab\u00a0collection\u00a0\u00bb:\u00a0\u00bbfeatures\u00a0\u00bb,\u00a0\u00bbtype\u00a0\u00bb:\u00a0\u00bbcommon\/adPrisma\u00a0\u00bb,\u00a0\u00bbid\u00a0\u00bb:\u00a0\u00bbf0f5l9oC2rQzJL\u00a0\u00bb,\u00a0\u00bbcontentConfig\u00a0\u00bb:{\u00ab\u00a0contentService\u00a0\u00bb:\u00a0\u00bb\u00a0\u00bb,\u00a0\u00bbcontentConfigValues\u00a0\u00bb:{},\u00a0\u00bbinherit\u00a0\u00bb:true},\u00a0\u00bbcustomFields\u00a0\u00bb:{\u00ab\u00a0displayOnDesktop\u00a0\u00bb:true,\u00a0\u00bbdisplayOnTablet\u00a0\u00bb:false,\u00a0\u00bbdisplayOnMobile\u00a0\u00bb:false,\u00a0\u00bbadType\u00a0\u00bb:\u00a0\u00bbPave-Haut\u00a0\u00bb,\u00a0\u00bbadWidth\u00a0\u00bb:\u00a0\u00bb450&Prime;,\u00a0\u00bbadHeight\u00a0\u00bb:\u00a0\u00bb1200&Prime;,\u00a0\u00bblayoutOnDesktop\u00a0\u00bb:\u00a0\u00bbVertical\u00a0\u00bb,\u00a0\u00bbhasStickyPlaceholder\u00a0\u00bb:false,\u00a0\u00bbhasStickyAd\u00a0\u00bb:true,\u00a0\u00bbhasMarginTop\u00a0\u00bb:true,\u00a0\u00bbhasMarginBottom\u00a0\u00bb:true},\u00a0\u00bbdisplayProperties\u00a0\u00bb:{},\u00a0\u00bblocalEdits\u00a0\u00bb:{},\u00a0\u00bbvariants\u00a0\u00bb:{}}},{\u00ab\u00a0collection\u00a0\u00bb:\u00a0\u00bbfeatures\u00a0\u00bb,\u00a0\u00bbtype\u00a0\u00bb:\u00a0\u00bbcommon\/CustomCardTitle\u00a0\u00bb,\u00a0\u00bbprops\u00a0\u00bb:{\u00ab\u00a0collection\u00a0\u00bb:\u00a0\u00bbfeatures\u00a0\u00bb,\u00a0\u00bbtype\u00a0\u00bb:\u00a0\u00bbcommon\/CustomCardTitle\u00a0\u00bb,\u00a0\u00bbid\u00a0\u00bb:\u00a0\u00bbf0ftIbHRR6s62oy\u00a0\u00bb,\u00a0\u00bbcontentConfig\u00a0\u00bb:{\u00ab\u00a0contentService\u00a0\u00bb:\u00a0\u00bb\u00a0\u00bb,\u00a0\u00bbcontentConfigValues\u00a0\u00bb:{},\u00a0\u00bbinherit\u00a0\u00bb:true},\u00a0\u00bbcustomFields\u00a0\u00bb:{\u00ab\u00a0title\u00a0\u00bb:\u00a0\u00bbLes plus lus\u00a0\u00bb,\u00a0\u00bblink\u00a0\u00bb:\u00a0\u00bb\u00a0\u00bb},\u00a0\u00bbdisplayProperties\u00a0\u00bb:{},\u00a0\u00bblocalEdits\u00a0\u00bb:{},\u00a0\u00bbvariants\u00a0\u00bb:{}}},{\u00ab\u00a0collection\u00a0\u00bb:\u00a0\u00bbfeatures\u00a0\u00bb,\u00a0\u00bbtype\u00a0\u00bb:\u00a0\u00bbMostReadArticle\/default\u00a0\u00bb,\u00a0\u00bbprops\u00a0\u00bb:{\u00ab\u00a0collection\u00a0\u00bb:\u00a0\u00bbfeatures\u00a0\u00bb,\u00a0\u00bbtype\u00a0\u00bb:\u00a0\u00bbMostReadArticle\/default\u00a0\u00bb,\u00a0\u00bbid\u00a0\u00bb:\u00a0\u00bbf0fp5Hb0pxWL2bS\u00a0\u00bb,\u00a0\u00bbcontentConfig\u00a0\u00bb:{\u00ab\u00a0contentService\u00a0\u00bb:\u00a0\u00bb\u00a0\u00bb,\u00a0\u00bbcontentConfigValues\u00a0\u00bb:{},\u00a0\u00bbinherit\u00a0\u00bb:true},\u00a0\u00bbcustomFields\u00a0\u00bb:{\u00ab\u00a0maxDisplaySize\u00a0\u00bb:4,\u00a0\u00bbvariant\u00a0\u00bb:\u00a0\u00bbmain\u00a0\u00bb},\u00a0\u00bbdisplayProperties\u00a0\u00bb:{},\u00a0\u00bblocalEdits\u00a0\u00bb:{},\u00a0\u00bbvariants\u00a0\u00bb:{}}},{\u00ab\u00a0collection\u00a0\u00bb:\u00a0\u00bbfeatures\u00a0\u00bb,\u00a0\u00bbtype\u00a0\u00bb:\u00a0\u00bb@wpmedia\/htmlbox-block\/htmlbox\u00a0\u00bb,\u00a0\u00bbprops\u00a0\u00bb:{\u00ab\u00a0collection\u00a0\u00bb:\u00a0\u00bbfeatures\u00a0\u00bb,\u00a0\u00bbtype\u00a0\u00bb:\u00a0\u00bb@wpmedia\/htmlbox-block\/htmlbox\u00a0\u00bb,\u00a0\u00bbid\u00a0\u00bb:\u00a0\u00bbf0fraWVHYlAg6Ub\u00a0\u00bb,\u00a0\u00bbcontentConfig\u00a0\u00bb:{\u00ab\u00a0contentService\u00a0\u00bb:\u00a0\u00bb\u00a0\u00bb,\u00a0\u00bbcontentConfigValues\u00a0\u00bb:{},\u00a0\u00bbinherit\u00a0\u00bb:true},\u00a0\u00bbcustomFields\u00a0\u00bb:{\u00ab\u00a0HTML\u00a0\u00bb:\u00a0\u00bb\u00a0\u00bb,\u00a0\u00bbpbInternal_clipboardId\u00a0\u00bb:\u00a0\u00bbf0fraWVHYlAg6Ub\u00a0\u00bb},\u00a0\u00bbdisplayProperties\u00a0\u00bb:{},\u00a0\u00bblocalEdits\u00a0\u00bb:{},\u00a0\u00bbvariants\u00a0\u00bb:{}}},{\u00ab\u00a0collection\u00a0\u00bb:\u00a0\u00bbfeatures\u00a0\u00bb,\u00a0\u00bbtype\u00a0\u00bb:\u00a0\u00bbcommon\/checkNewsCTA\u00a0\u00bb,\u00a0\u00bbprops\u00a0\u00bb:{\u00ab\u00a0collection\u00a0\u00bb:\u00a0\u00bbfeatures\u00a0\u00bb,\u00a0\u00bbtype\u00a0\u00bb:\u00a0\u00bbcommon\/checkNewsCTA\u00a0\u00bb,\u00a0\u00bbid\u00a0\u00bb:\u00a0\u00bbf0fXbvxCzSyU4j\u00a0\u00bb,\u00a0\u00bbcontentConfig\u00a0\u00bb:{\u00ab\u00a0contentService\u00a0\u00bb:\u00a0\u00bb\u00a0\u00bb,\u00a0\u00bbcontentConfigValues\u00a0\u00bb:{},\u00a0\u00bbinherit\u00a0\u00bb:true},\u00a0\u00bbcustomFields\u00a0\u00bb:{},\u00a0\u00bbdisplayProperties\u00a0\u00bb:{},\u00a0\u00bblocalEdits\u00a0\u00bb:{},\u00a0\u00bbvariants\u00a0\u00bb:{}}},{\u00ab\u00a0collection\u00a0\u00bb:\u00a0\u00bbfeatures\u00a0\u00bb,\u00a0\u00bbtype\u00a0\u00bb:\u00a0\u00bb@wpmedia\/htmlbox-block\/htmlbox\u00a0\u00bb,\u00a0\u00bbprops\u00a0\u00bb:{\u00ab\u00a0collection\u00a0\u00bb:\u00a0\u00bbfeatures\u00a0\u00bb,\u00a0\u00bbtype\u00a0\u00bb:\u00a0\u00bb@wpmedia\/htmlbox-block\/htmlbox\u00a0\u00bb,\u00a0\u00bbid\u00a0\u00bb:\u00a0\u00bbf0fDGhnupDiX13B\u00a0\u00bb,\u00a0\u00bbcontentConfig\u00a0\u00bb:{\u00ab\u00a0contentService\u00a0\u00bb:\u00a0\u00bb\u00a0\u00bb,\u00a0\u00bbcontentConfigValues\u00a0\u00bb:{},\u00a0\u00bbinherit\u00a0\u00bb:true},\u00a0\u00bbcustomFields\u00a0\u00bb:{\u00ab\u00a0HTML\u00a0\u00bb:\u00a0\u00bb\\n\u00a0\u00bb,\u00a0\u00bbpbInternal_clipboardId\u00a0\u00bb:\u00a0\u00bbf0fraWVHYlAg6Ub\u00a0\u00bb,\u00a0\u00bbpbInternal_cloneId\u00a0\u00bb:\u00a0\u00bbf0fDGhnupDiX13B\u00a0\u00bb},\u00a0\u00bbdisplayProperties\u00a0\u00bb:{},\u00a0\u00bblocalEdits\u00a0\u00bb:{},\u00a0\u00bbvariants\u00a0\u00bb:{}}},{\u00ab\u00a0collection\u00a0\u00bb:\u00a0\u00bbfeatures\u00a0\u00bb,\u00a0\u00bbtype\u00a0\u00bb:\u00a0\u00bbcommon\/adPrisma\u00a0\u00bb,\u00a0\u00bbprops\u00a0\u00bb:{\u00ab\u00a0collection\u00a0\u00bb:\u00a0\u00bbfeatures\u00a0\u00bb,\u00a0\u00bbtype\u00a0\u00bb:\u00a0\u00bbcommon\/adPrisma\u00a0\u00bb,\u00a0\u00bbid\u00a0\u00bb:\u00a0\u00bbf0flwLGJ3Blg17A\u00a0\u00bb,\u00a0\u00bbcontentConfig\u00a0\u00bb:{\u00ab\u00a0contentService\u00a0\u00bb:\u00a0\u00bb\u00a0\u00bb,\u00a0\u00bbcontentConfigValues\u00a0\u00bb:{},\u00a0\u00bbinherit\u00a0\u00bb:true},\u00a0\u00bbcustomFields\u00a0\u00bb:{\u00ab\u00a0displayOnDesktop\u00a0\u00bb:true,\u00a0\u00bbdisplayOnTablet\u00a0\u00bb:false,\u00a0\u00bbdisplayOnMobile\u00a0\u00bb:false,\u00a0\u00bbadType\u00a0\u00bb:\u00a0\u00bbPave-Bas\u00a0\u00bb,\u00a0\u00bbpbInternal_cloneId\u00a0\u00bb:\u00a0\u00bbf0flwLGJ3Blg17A\u00a0\u00bb,\u00a0\u00bbadWidth\u00a0\u00bb:\u00a0\u00bb450&Prime;,\u00a0\u00bbadHeight\u00a0\u00bb:\u00a0\u00bb800&Prime;,\u00a0\u00bblayoutOnDesktop\u00a0\u00bb:\u00a0\u00bbVertical\u00a0\u00bb,\u00a0\u00bbhasStickyPlaceholder\u00a0\u00bb:false,\u00a0\u00bbhasStickyAd\u00a0\u00bb:true,\u00a0\u00bbhasMarginTop\u00a0\u00bb:true,\u00a0\u00bbhasMarginBottom\u00a0\u00bb:true},\u00a0\u00bbdisplayProperties\u00a0\u00bb:{},\u00a0\u00bblocalEdits\u00a0\u00bb:{},\u00a0\u00bbvariants\u00a0\u00bb:{}}},{\u00ab\u00a0collection\u00a0\u00bb:\u00a0\u00bbfeatures\u00a0\u00bb,\u00a0\u00bbtype\u00a0\u00bb:\u00a0\u00bbarticle\/outbrain\u00a0\u00bb,\u00a0\u00bbprops\u00a0\u00bb:{\u00ab\u00a0collection\u00a0\u00bb:\u00a0\u00bbfeatures\u00a0\u00bb,\u00a0\u00bbtype\u00a0\u00bb:\u00a0\u00bbarticle\/outbrain\u00a0\u00bb,\u00a0\u00bbid\u00a0\u00bb:\u00a0\u00bbf0fdVod2L1Dfjh\u00a0\u00bb,\u00a0\u00bbcontentConfig\u00a0\u00bb:{\u00ab\u00a0contentService\u00a0\u00bb:\u00a0\u00bb\u00a0\u00bb,\u00a0\u00bbcontentConfigValues\u00a0\u00bb:{},\u00a0\u00bbinherit\u00a0\u00bb:true},\u00a0\u00bbcustomFields\u00a0\u00bb:{\u00ab\u00a0widgetId\u00a0\u00bb:\u00a0\u00bbrightRail\u00a0\u00bb},\u00a0\u00bbdisplayProperties\u00a0\u00bb:{},\u00a0\u00bblocalEdits\u00a0\u00bb:{},\u00a0\u00bbvariants\u00a0\u00bb:{}}},{\u00ab\u00a0collection\u00a0\u00bb:\u00a0\u00bbfeatures\u00a0\u00bb,\u00a0\u00bbtype\u00a0\u00bb:\u00a0\u00bbcommon\/adPrisma\u00a0\u00bb,\u00a0\u00bbprops\u00a0\u00bb:{\u00ab\u00a0collection\u00a0\u00bb:\u00a0\u00bbfeatures\u00a0\u00bb,\u00a0\u00bbtype\u00a0\u00bb:\u00a0\u00bbcommon\/adPrisma\u00a0\u00bb,\u00a0\u00bbid\u00a0\u00bb:\u00a0\u00bbf0f2x0gOsgSE8F9&Prime;,\u00a0\u00bbcontentConfig\u00a0\u00bb:{\u00ab\u00a0contentService\u00a0\u00bb:\u00a0\u00bb\u00a0\u00bb,\u00a0\u00bbcontentConfigValues\u00a0\u00bb:{},\u00a0\u00bbinherit\u00a0\u00bb:true},\u00a0\u00bbcustomFields\u00a0\u00bb:{\u00ab\u00a0displayOnDesktop\u00a0\u00bb:true,\u00a0\u00bblayoutOnDesktop\u00a0\u00bb:\u00a0\u00bbVertical\u00a0\u00bb,\u00a0\u00bbdisplayOnTablet\u00a0\u00bb:true,\u00a0\u00bblayoutOnTablet\u00a0\u00bb:\u00a0\u00bbVertical\u00a0\u00bb,\u00a0\u00bbdisplayOnMobile\u00a0\u00bb:false,\u00a0\u00bblayoutOnMobile\u00a0\u00bb:\u00a0\u00bbHorizontal\u00a0\u00bb,\u00a0\u00bbhasStickyPlaceholder\u00a0\u00bb:true,\u00a0\u00bbhasStickyAd\u00a0\u00bb:true,\u00a0\u00bbadType\u00a0\u00bb:\u00a0\u00bbPave-Bas2&Prime;,\u00a0\u00bbadWidth\u00a0\u00bb:\u00a0\u00bb450&Prime;,\u00a0\u00bbadHeight\u00a0\u00bb:\u00a0\u00bb800&Prime;,\u00a0\u00bbhasMarginTop\u00a0\u00bb:true,\u00a0\u00bbhasMarginBottom\u00a0\u00bb:true},\u00a0\u00bbdisplayProperties\u00a0\u00bb:{},\u00a0\u00bblocalEdits\u00a0\u00bb:{},\u00a0\u00bbvariants\u00a0\u00bb:{}}},{\u00ab\u00a0collection\u00a0\u00bb:\u00a0\u00bbfeatures\u00a0\u00bb,\u00a0\u00bbtype\u00a0\u00bb:\u00a0\u00bb@wpmedia\/htmlbox-block\/htmlbox\u00a0\u00bb,\u00a0\u00bbprops\u00a0\u00bb:{\u00ab\u00a0collection\u00a0\u00bb:\u00a0\u00bbfeatures\u00a0\u00bb,\u00a0\u00bbtype\u00a0\u00bb:\u00a0\u00bb@wpmedia\/htmlbox-block\/htmlbox\u00a0\u00bb,\u00a0\u00bbid\u00a0\u00bb:\u00a0\u00bbf0fTmfarDLDf6Jq\u00a0\u00bb,\u00a0\u00bbcontentConfig\u00a0\u00bb:{\u00ab\u00a0contentService\u00a0\u00bb:\u00a0\u00bb\u00a0\u00bb,\u00a0\u00bbcontentConfigValues\u00a0\u00bb:{},\u00a0\u00bbinherit\u00a0\u00bb:true},\u00a0\u00bbcustomFields\u00a0\u00bb:{\u00ab\u00a0HTML\u00a0\u00bb:\u00a0\u00bb\u00a0\u00bb,\u00a0\u00bbpbInternal_cloneId\u00a0\u00bb:\u00a0\u00bbf0fOEJ4pewL24Gt\u00a0\u00bb,\u00a0\u00bbpbInternal_clipboardId\u00a0\u00bb:\u00a0\u00bbf0fTmfarDLDf6Jq\u00a0\u00bb},\u00a0\u00bbdisplayProperties\u00a0\u00bb:{},\u00a0\u00bblocalEdits\u00a0\u00bb:{},\u00a0\u00bbvariants\u00a0\u00bb:{}}}]},{\u00ab\u00a0collection\u00a0\u00bb:\u00a0\u00bbsections\u00a0\u00bb,\u00a0\u00bbprops\u00a0\u00bb:{\u00ab\u00a0collection\u00a0\u00bb:\u00a0\u00bbsections\u00a0\u00bb,\u00a0\u00bbid\u00a0\u00bb:4},\u00a0\u00bbchildren\u00a0\u00bb:[]},{\u00ab\u00a0collection\u00a0\u00bb:\u00a0\u00bbsections\u00a0\u00bb,\u00a0\u00bbprops\u00a0\u00bb:{\u00ab\u00a0collection\u00a0\u00bb:\u00a0\u00bbsections\u00a0\u00bb,\u00a0\u00bbid\u00a0\u00bb:5},\u00a0\u00bbchildren\u00a0\u00bb:[{\u00ab\u00a0collection\u00a0\u00bb:\u00a0\u00bbfeatures\u00a0\u00bb,\u00a0\u00bbtype\u00a0\u00bb:\u00a0\u00bb@wpmedia\/event-tester-block\/event-tester\u00a0\u00bb,\u00a0\u00bbprops\u00a0\u00bb:{\u00ab\u00a0collection\u00a0\u00bb:\u00a0\u00bbfeatures\u00a0\u00bb,\u00a0\u00bbtype\u00a0\u00bb:\u00a0\u00bb@wpmedia\/event-tester-block\/event-tester\u00a0\u00bb,\u00a0\u00bbid\u00a0\u00bb:\u00a0\u00bb0fdKl3sZUizm86n\u00a0\u00bb,\u00a0\u00bbcontentConfig\u00a0\u00bb:{\u00ab\u00a0contentService\u00a0\u00bb:\u00a0\u00bb\u00a0\u00bb,\u00a0\u00bbcontentConfigValues\u00a0\u00bb:{},\u00a0\u00bbinherit\u00a0\u00bb:true},\u00a0\u00bbcustomFields\u00a0\u00bb:{},\u00a0\u00bbdisplayProperties\u00a0\u00bb:{},\u00a0\u00bblocalEdits\u00a0\u00bb:{},\u00a0\u00bbvariants\u00a0\u00bb:{}}},{\u00ab\u00a0collection\u00a0\u00bb:\u00a0\u00bbfeatures\u00a0\u00bb,\u00a0\u00bbtype\u00a0\u00bb:\u00a0\u00bbFooter\/default\u00a0\u00bb,\u00a0\u00bbprops\u00a0\u00bb:{\u00ab\u00a0collection\u00a0\u00bb:\u00a0\u00bbfeatures\u00a0\u00bb,\u00a0\u00bbtype\u00a0\u00bb:\u00a0\u00bbFooter\/default\u00a0\u00bb,\u00a0\u00bbid\u00a0\u00bb:\u00a0\u00bbf0fWCmXziG7A7M9&Prime;,\u00a0\u00bbcontentConfig\u00a0\u00bb:{\u00ab\u00a0contentService\u00a0\u00bb:\u00a0\u00bb\u00a0\u00bb,\u00a0\u00bbcontentConfigValues\u00a0\u00bb:{},\u00a0\u00bbinherit\u00a0\u00bb:true},\u00a0\u00bbcustomFields\u00a0\u00bb:{\u00ab\u00a0facebookItem\u00a0\u00bb:\u00a0\u00bbhttps:\/\/www.facebook.com\/Liberation\/\u00a0\u00bb,\u00a0\u00bbtwitterItem\u00a0\u00bb:\u00a0\u00bbhttps:\/\/twitter.com\/libe\u00a0\u00bb,\u00a0\u00bblinkedinItem\u00a0\u00bb:\u00a0\u00bbhttps:\/\/www.linkedin.com\/company\/lib%C3%A9ration\/\u00a0\u00bb,\u00a0\u00bbinstagramItem\u00a0\u00bb:\u00a0\u00bbhttps:\/\/www.instagram.com\/liberationfr\/\u00a0\u00bb,\u00a0\u00bbyoutubeItem\u00a0\u00bb:\u00a0\u00bbhttps:\/\/www.youtube.com\/c\/liberation\u00a0\u00bb,\u00a0\u00bbrssItem\u00a0\u00bb:\u00a0\u00bbhttps:\/\/www.liberation.fr\/liste-flux-rss\/\u00a0\u00bb,\u00a0\u00bbtiktokItem\u00a0\u00bb:\u00a0\u00bbhttps:\/\/www.tiktok.com\/@liberation.fr\u00a0\u00bb,\u00a0\u00bbblueskyItem\u00a0\u00bb:\u00a0\u00bbhttps:\/\/bsky.app\/profile\/liberation.fr\u00a0\u00bb,\u00a0\u00bbtwitchItem\u00a0\u00bb:\u00a0\u00bbhttps:\/\/www.twitch.tv\/liberationfr\u00a0\u00bb,\u00a0\u00bbwhatsappItem\u00a0\u00bb:\u00a0\u00bbhttps:\/\/whatsapp.com\/channel\/0029VaBC5Q50G0Xdttyzpn0k\u00a0\u00bb},\u00a0\u00bbdisplayProperties\u00a0\u00bb:{},\u00a0\u00bblocalEdits\u00a0\u00bb:{},\u00a0\u00bbvariants\u00a0\u00bb:{}}},{\u00ab\u00a0collection\u00a0\u00bb:\u00a0\u00bbfeatures\u00a0\u00bb,\u00a0\u00bbtype\u00a0\u00bb:\u00a0\u00bb@wpmedia\/htmlbox-block\/htmlbox\u00a0\u00bb,\u00a0\u00bbprops\u00a0\u00bb:{\u00ab\u00a0collection\u00a0\u00bb:\u00a0\u00bbfeatures\u00a0\u00bb,\u00a0\u00bbtype\u00a0\u00bb:\u00a0\u00bb@wpmedia\/htmlbox-block\/htmlbox\u00a0\u00bb,\u00a0\u00bbid\u00a0\u00bb:\u00a0\u00bbf0fYCc8Xjx7onp\u00a0\u00bb,\u00a0\u00bbcontentConfig\u00a0\u00bb:{\u00ab\u00a0contentService\u00a0\u00bb:\u00a0\u00bb\u00a0\u00bb,\u00a0\u00bbcontentConfigValues\u00a0\u00bb:{},\u00a0\u00bbinherit\u00a0\u00bb:true},\u00a0\u00bbcustomFields\u00a0\u00bb:{\u00ab\u00a0HTML\u00a0\u00bb:\u00a0\u00bb \\n.article-body-image{\\n  padding-bottom: 16px !important;\\n}\\n\\n@media (min-width: 768px) {\\n    .article-body-image-float-left {\\n        padding-right: 16px;\\n    }\\n\\n    .article-body-image-float-right {\\n        padding-left: 16px;\\n    }\\n}\\n\u00a0\u00bb},\u00a0\u00bbdisplayProperties\u00a0\u00bb:{},\u00a0\u00bblocalEdits\u00a0\u00bb:{},\u00a0\u00bbvariants\u00a0\u00bb:{}}},{\u00ab\u00a0collection\u00a0\u00bb:\u00a0\u00bbfeatures\u00a0\u00bb,\u00a0\u00bbtype\u00a0\u00bb:\u00a0\u00bb@wpmedia\/htmlbox-block\/htmlbox\u00a0\u00bb,\u00a0\u00bbprops\u00a0\u00bb:{\u00ab\u00a0collection\u00a0\u00bb:\u00a0\u00bbfeatures\u00a0\u00bb,\u00a0\u00bbtype\u00a0\u00bb:\u00a0\u00bb@wpmedia\/htmlbox-block\/htmlbox\u00a0\u00bb,\u00a0\u00bbid\u00a0\u00bb:\u00a0\u00bbf0fw2VTovWwiOB\u00a0\u00bb,\u00a0\u00bbcontentConfig\u00a0\u00bb:{\u00ab\u00a0contentService\u00a0\u00bb:\u00a0\u00bb\u00a0\u00bb,\u00a0\u00bbcontentConfigValues\u00a0\u00bb:{},\u00a0\u00bbinherit\u00a0\u00bb:true},\u00a0\u00bbcustomFields\u00a0\u00bb:{\u00ab\u00a0HTML\u00a0\u00bb:\u00a0\u00bb\\n@media (max-width: 960px) {\\n  .hrWZEv {\\n    margin-bottom: 48px !important;\\n  }\\n}\\n\u00a0\u00bb},\u00a0\u00bbdisplayProperties\u00a0\u00bb:{},\u00a0\u00bblocalEdits\u00a0\u00bb:{},\u00a0\u00bbvariants\u00a0\u00bb:{}}},{\u00ab\u00a0collection\u00a0\u00bb:\u00a0\u00bbfeatures\u00a0\u00bb,\u00a0\u00bbtype\u00a0\u00bb:\u00a0\u00bbcommon\/adPrisma\u00a0\u00bb,\u00a0\u00bbprops\u00a0\u00bb:{\u00ab\u00a0collection\u00a0\u00bb:\u00a0\u00bbfeatures\u00a0\u00bb,\u00a0\u00bbtype\u00a0\u00bb:\u00a0\u00bbcommon\/adPrisma\u00a0\u00bb,\u00a0\u00bbid\u00a0\u00bb:\u00a0\u00bbf0fsLNH1FWArKY\u00a0\u00bb,\u00a0\u00bbcontentConfig\u00a0\u00bb:{\u00ab\u00a0contentService\u00a0\u00bb:\u00a0\u00bb\u00a0\u00bb,\u00a0\u00bbcontentConfigValues\u00a0\u00bb:{},\u00a0\u00bbinherit\u00a0\u00bb:true},\u00a0\u00bbcustomFields\u00a0\u00bb:{\u00ab\u00a0displayOnDesktop\u00a0\u00bb:true,\u00a0\u00bbdisplayOnTablet\u00a0\u00bb:true,\u00a0\u00bbdisplayOnMobile\u00a0\u00bb:true,\u00a0\u00bbpbInternal_cloneId\u00a0\u00bb:\u00a0\u00bbf0fsLNH1FWArKY\u00a0\u00bb,\u00a0\u00bbadType\u00a0\u00bb:\u00a0\u00bbPostitiel\u00a0\u00bb,\u00a0\u00bbhasMarginTop\u00a0\u00bb:true,\u00a0\u00bbhasMarginBottom\u00a0\u00bb:true},\u00a0\u00bbdisplayProperties\u00a0\u00bb:{},\u00a0\u00bblocalEdits\u00a0\u00bb:{},\u00a0\u00bbvariants\u00a0\u00bb:{}}},{\u00ab\u00a0collection\u00a0\u00bb:\u00a0\u00bbfeatures\u00a0\u00bb,\u00a0\u00bbtype\u00a0\u00bb:\u00a0\u00bbcommon\/adPrisma\u00a0\u00bb,\u00a0\u00bbprops\u00a0\u00bb:{\u00ab\u00a0collection\u00a0\u00bb:\u00a0\u00bbfeatures\u00a0\u00bb,\u00a0\u00bbtype\u00a0\u00bb:\u00a0\u00bbcommon\/adPrisma\u00a0\u00bb,\u00a0\u00bbid\u00a0\u00bb:\u00a0\u00bbf0fqrJdCLOcxyX\u00a0\u00bb,\u00a0\u00bbcontentConfig\u00a0\u00bb:{\u00ab\u00a0contentService\u00a0\u00bb:\u00a0\u00bb\u00a0\u00bb,\u00a0\u00bbcontentConfigValues\u00a0\u00bb:{},\u00a0\u00bbinherit\u00a0\u00bb:true},\u00a0\u00bbcustomFields\u00a0\u00bb:{\u00ab\u00a0displayOnDesktop\u00a0\u00bb:true,\u00a0\u00bbdisplayOnTablet\u00a0\u00bb:true,\u00a0\u00bbdisplayOnMobile\u00a0\u00bb:true,\u00a0\u00bbadType\u00a0\u00bb:\u00a0\u00bbOut-Of-Banner\u00a0\u00bb,\u00a0\u00bbhasMarginTop\u00a0\u00bb:false,\u00a0\u00bbhasMarginBottom\u00a0\u00bb:true},\u00a0\u00bbdisplayProperties\u00a0\u00bb:{},\u00a0\u00bblocalEdits\u00a0\u00bb:{},\u00a0\u00bbvariants\u00a0\u00bb:{}}},{\u00ab\u00a0collection\u00a0\u00bb:\u00a0\u00bbfeatures\u00a0\u00bb,\u00a0\u00bbtype\u00a0\u00bb:\u00a0\u00bbBottomBar\/default\u00a0\u00bb,\u00a0\u00bbprops\u00a0\u00bb:{\u00ab\u00a0collection\u00a0\u00bb:\u00a0\u00bbfeatures\u00a0\u00bb,\u00a0\u00bbtype\u00a0\u00bb:\u00a0\u00bbBottomBar\/default\u00a0\u00bb,\u00a0\u00bbid\u00a0\u00bb:\u00a0\u00bbf0fpiyzSONf31hN\u00a0\u00bb,\u00a0\u00bbcontentConfig\u00a0\u00bb:{\u00ab\u00a0contentService\u00a0\u00bb:\u00a0\u00bb\u00a0\u00bb,\u00a0\u00bbcontentConfigValues\u00a0\u00bb:{},\u00a0\u00bbinherit\u00a0\u00bb:true},\u00a0\u00bbcustomFields\u00a0\u00bb:{\u00ab\u00a0desktopDescription\u00a0\u00bb:\u00a0\u00bb\u2600\ufe0fOffre sp\u00e9ciale \u00e9t\u00e9 : 2 mois pour 2\u20ac seulement !\u00a0\u00bb,\u00a0\u00bbmobileDescription\u00a0\u00bb:\u00a0\u00bb\ud83c\udf34Offre d&rsquo;\u00e9t\u00e9 : 2 mois pour 2\u20ac\u00a0\u00bb,\u00a0\u00bbdesktopCtaText\u00a0\u00bb:\u00a0\u00bbJ&rsquo;en profite\u00a0\u00bb,\u00a0\u00bbbackgroundColor\u00a0\u00bb:\u00a0\u00bb#e60004&Prime;,\u00a0\u00bbdescriptionColor\u00a0\u00bb:\u00a0\u00bb#FFFFFF\u00a0\u00bb,\u00a0\u00bblink\u00a0\u00bb:\u00a0\u00bbhttps:\/\/abo.liberation.fr\/numerique\/inscription\/offre-numerique-speciale-2mois-2euros\/?origin=AUTOPROMO&#038;xtatc=INT-41-[2mois_2euros_ete_2025_gratuit]\u00a0\u00bb,\u00a0\u00bbclosedDuration\u00a0\u00bb:1,\u00a0\u00bbtype\u00a0\u00bb:\u00a0\u00bbnon_sub_free\u00a0\u00bb,\u00a0\u00bbmobileCtaText\u00a0\u00bb:null,\u00a0\u00bbmobileImage\u00a0\u00bb:\u00a0\u00bb\u00a0\u00bb,\u00a0\u00bbdesktopImage\u00a0\u00bb:\u00a0\u00bb\u00a0\u00bb},\u00a0\u00bbdisplayProperties\u00a0\u00bb:{},\u00a0\u00bblocalEdits\u00a0\u00bb:{},\u00a0\u00bbvariants\u00a0\u00bb:{}}},{\u00ab\u00a0collection\u00a0\u00bb:\u00a0\u00bbfeatures\u00a0\u00bb,\u00a0\u00bbtype\u00a0\u00bb:\u00a0\u00bbBottomBar\/default\u00a0\u00bb,\u00a0\u00bbprops\u00a0\u00bb:{\u00ab\u00a0collection\u00a0\u00bb:\u00a0\u00bbfeatures\u00a0\u00bb,\u00a0\u00bbtype\u00a0\u00bb:\u00a0\u00bbBottomBar\/default\u00a0\u00bb,\u00a0\u00bbid\u00a0\u00bb:\u00a0\u00bbf0f5yixd9jbc5T\u00a0\u00bb,\u00a0\u00bbcontentConfig\u00a0\u00bb:{\u00ab\u00a0contentService\u00a0\u00bb:\u00a0\u00bb\u00a0\u00bb,\u00a0\u00bbcontentConfigValues\u00a0\u00bb:{},\u00a0\u00bbinherit\u00a0\u00bb:true},\u00a0\u00bbcustomFields\u00a0\u00bb:{\u00ab\u00a0desktopDescription\u00a0\u00bb:\u00a0\u00bb\u2600\ufe0fOffre sp\u00e9ciale \u00e9t\u00e9 : 2 mois pour 2\u20ac seulement !\u00a0\u00bb,\u00a0\u00bbmobileDescription\u00a0\u00bb:\u00a0\u00bb\ud83c\udf34Offre d&rsquo;\u00e9t\u00e9 : 2 mois pour 2\u20ac\u00a0\u00bb,\u00a0\u00bbdesktopCtaText\u00a0\u00bb:\u00a0\u00bbJ&rsquo;en profite !\u00a0\u00bb,\u00a0\u00bbbackgroundColor\u00a0\u00bb:\u00a0\u00bb#e60004&Prime;,\u00a0\u00bbdescriptionColor\u00a0\u00bb:\u00a0\u00bb#FFFFFF\u00a0\u00bb,\u00a0\u00bblink\u00a0\u00bb:\u00a0\u00bbhttps:\/\/abo.liberation.fr\/numerique\/inscription\/offre-numerique-speciale-2mois-2euros\/?origin=AUTOPROMO&#038;xtatc=INT-41-[2mois_2euros_ete_2025_premium]\u00a0\u00bb,\u00a0\u00bbclosedDuration\u00a0\u00bb:1,\u00a0\u00bbtype\u00a0\u00bb:\u00a0\u00bbnon_sub_paid\u00a0\u00bb,\u00a0\u00bbmobileCtaText\u00a0\u00bb:null,\u00a0\u00bbmobileImage\u00a0\u00bb:\u00a0\u00bb\u00a0\u00bb,\u00a0\u00bbdesktopImage\u00a0\u00bb:\u00a0\u00bb\u00a0\u00bb},\u00a0\u00bbdisplayProperties\u00a0\u00bb:{},\u00a0\u00bblocalEdits\u00a0\u00bb:{},\u00a0\u00bbvariants\u00a0\u00bb:{}}},{\u00ab\u00a0collection\u00a0\u00bb:\u00a0\u00bbfeatures\u00a0\u00bb,\u00a0\u00bbtype\u00a0\u00bb:\u00a0\u00bbBottomBar\/default\u00a0\u00bb,\u00a0\u00bbprops\u00a0\u00bb:{\u00ab\u00a0collection\u00a0\u00bb:\u00a0\u00bbfeatures\u00a0\u00bb,\u00a0\u00bbtype\u00a0\u00bb:\u00a0\u00bbBottomBar\/default\u00a0\u00bb,\u00a0\u00bbid\u00a0\u00bb:\u00a0\u00bbf0fuQ6oggtmcoy\u00a0\u00bb,\u00a0\u00bbcontentConfig\u00a0\u00bb:{\u00ab\u00a0contentService\u00a0\u00bb:\u00a0\u00bb\u00a0\u00bb,\u00a0\u00bbcontentConfigValues\u00a0\u00bb:{},\u00a0\u00bbinherit\u00a0\u00bb:true},\u00a0\u00bbcustomFields\u00a0\u00bb:{\u00ab\u00a0desktopDescription\u00a0\u00bb:\u00a0\u00bb\ud83d\udcc5 Cet \u00e9t\u00e9, Lib\u00e9 sera \u00e0 Arles et \u00e0 Avignon\u00a0\u00bb,\u00a0\u00bbmobileDescription\u00a0\u00bb:\u00a0\u00bb\ud83d\udcc5Cet \u00e9t\u00e9, Lib\u00e9 sera \u00e0 Arles et \u00e0 Avignon\u00a0\u00bb,\u00a0\u00bbmobileCtaText\u00a0\u00bb:\u00a0\u00bb\u00a0\u00bb,\u00a0\u00bbdesktopCtaText\u00a0\u00bb:\u00a0\u00bbEn savoir plus\u00a0\u00bb,\u00a0\u00bbbackgroundColor\u00a0\u00bb:\u00a0\u00bb#EF7E01&Prime;,\u00a0\u00bbdescriptionColor\u00a0\u00bb:\u00a0\u00bb#FFFFFF\u00a0\u00bb,\u00a0\u00bblink\u00a0\u00bb:\u00a0\u00bbhttps:\/\/offre.liberation.fr\/evenements\/\u00a0\u00bb,\u00a0\u00bbclosedDuration\u00a0\u00bb:200,\u00a0\u00bbtype\u00a0\u00bb:\u00a0\u00bbsub\u00a0\u00bb,\u00a0\u00bbmobileImage\u00a0\u00bb:\u00a0\u00bb\u00a0\u00bb,\u00a0\u00bbdesktopImage\u00a0\u00bb:\u00a0\u00bb\u00a0\u00bb},\u00a0\u00bbdisplayProperties\u00a0\u00bb:{},\u00a0\u00bblocalEdits\u00a0\u00bb:{},\u00a0\u00bbvariants\u00a0\u00bb:{}}},{\u00ab\u00a0collection\u00a0\u00bb:\u00a0\u00bbfeatures\u00a0\u00bb,\u00a0\u00bbtype\u00a0\u00bb:\u00a0\u00bb@wpmedia\/htmlbox-block\/htmlbox\u00a0\u00bb,\u00a0\u00bbprops\u00a0\u00bb:{\u00ab\u00a0collection\u00a0\u00bb:\u00a0\u00bbfeatures\u00a0\u00bb,\u00a0\u00bbtype\u00a0\u00bb:\u00a0\u00bb@wpmedia\/htmlbox-block\/htmlbox\u00a0\u00bb,\u00a0\u00bbid\u00a0\u00bb:\u00a0\u00bbf0fIIPqvNafphy\u00a0\u00bb,\u00a0\u00bbcontentConfig\u00a0\u00bb:{\u00ab\u00a0contentService\u00a0\u00bb:\u00a0\u00bb\u00a0\u00bb,\u00a0\u00bbcontentConfigValues\u00a0\u00bb:{},\u00a0\u00bbinherit\u00a0\u00bb:true},\u00a0\u00bbcustomFields\u00a0\u00bb:{\u00ab\u00a0HTML\u00a0\u00bb:\u00a0\u00bb\\nheader li:nth-of-type(5) a {\\n  color: #EF7E01 !important;\\n}\\n\u00a0\u00bb},\u00a0\u00bbdisplayProperties\u00a0\u00bb:{},\u00a0\u00bblocalEdits\u00a0\u00bb:{},\u00a0\u00bbvariants\u00a0\u00bb:{}}}]}]};Fusion.spa=false;Fusion.spaEnabled=false;<script async src=\"https:\/\/platform.twitter.com\/widgets.js\" charset=\"utf-8\"><\/script><script async src=\"\/\/www.instagram.com\/embed.js\"><\/script><script async src=\"\/\/www.tiktok.com\/embed.js\"><\/script><\/p>\n","protected":false},"excerpt":{"rendered":"Le sinistre semble d\u2019origine totalement accidentel. Un incendie a frapp\u00e9 le temple bouddhiste de Breux-Jouy, en Essonne, le&hellip;\n","protected":false},"author":2,"featured_media":246381,"comment_status":"","ping_status":"","sticky":false,"template":"","format":"standard","meta":{"footnotes":""},"categories":[2],"tags":[11,19570,38596,1220,38597,38598,1011,27,1227,38599,12,626,38600,25,19583,15270],"class_list":{"0":"post-246380","1":"post","2":"type-post","3":"status-publish","4":"format-standard","5":"has-post-thumbnail","7":"category-actualites","8":"tag-actualites","9":"tag-emergency","10":"tag-emergency-services","11":"tag-fire","12":"tag-fire-rescue","13":"tag-firemen","14":"tag-fr","15":"tag-france","16":"tag-horizontal","17":"tag-large-scale","18":"tag-news","19":"tag-paris","20":"tag-red-vehicle","21":"tag-republique-francaise","22":"tag-rescue","23":"tag-vehicle"},"share_on_mastodon":{"url":"https:\/\/pubeurope.com\/@fr\/114844002078831019","error":""},"_links":{"self":[{"href":"https:\/\/www.europesays.com\/fr\/wp-json\/wp\/v2\/posts\/246380","targetHints":{"allow":["GET"]}}],"collection":[{"href":"https:\/\/www.europesays.com\/fr\/wp-json\/wp\/v2\/posts"}],"about":[{"href":"https:\/\/www.europesays.com\/fr\/wp-json\/wp\/v2\/types\/post"}],"author":[{"embeddable":true,"href":"https:\/\/www.europesays.com\/fr\/wp-json\/wp\/v2\/users\/2"}],"replies":[{"embeddable":true,"href":"https:\/\/www.europesays.com\/fr\/wp-json\/wp\/v2\/comments?post=246380"}],"version-history":[{"count":0,"href":"https:\/\/www.europesays.com\/fr\/wp-json\/wp\/v2\/posts\/246380\/revisions"}],"wp:featuredmedia":[{"embeddable":true,"href":"https:\/\/www.europesays.com\/fr\/wp-json\/wp\/v2\/media\/246381"}],"wp:attachment":[{"href":"https:\/\/www.europesays.com\/fr\/wp-json\/wp\/v2\/media?parent=246380"}],"wp:term":[{"taxonomy":"category","embeddable":true,"href":"https:\/\/www.europesays.com\/fr\/wp-json\/wp\/v2\/categories?post=246380"},{"taxonomy":"post_tag","embeddable":true,"href":"https:\/\/www.europesays.com\/fr\/wp-json\/wp\/v2\/tags?post=246380"}],"curies":[{"name":"wp","href":"https:\/\/api.w.org\/{rel}","templated":true}]}}