{"id":246382,"date":"2025-07-13T04:19:10","date_gmt":"2025-07-13T04:19:10","guid":{"rendered":"https:\/\/www.europesays.com\/fr\/246382\/"},"modified":"2025-07-13T04:19:10","modified_gmt":"2025-07-13T04:19:10","slug":"pays-bas-france-a-quelle-heure-sur-quelle-chaine-tv-voir-le-dernier-match-de-poules-decisif-de-leuro-feminin","status":"publish","type":"post","link":"https:\/\/www.europesays.com\/fr\/246382\/","title":{"rendered":"Pays-Bas-France\u00a0: \u00e0 quelle heure sur quelle cha\u00eene TV voir le dernier match de poules d\u00e9cisif de l\u2019Euro f\u00e9minin"},"content":{"rendered":"<p class=\"paragraph text_align_left lp-f-body-02\">Jusqu\u2019ici tout va bien. Deux succ\u00e8s convaincants (<a href=\"https:\/\/www.leparisien.fr\/sports\/football\/equipe-de-france-feminine\/france-angleterre-2-1-en-feu-baltimore-et-cascarino-portent-les-bleues-vers-un-superbe-succes-a-leuro-05-07-2025-FSJ72IEECJCTDK3LW7DQMFNUOQ.php\" target=\"_blank\" rel=\"noreferrer nofollow noopener\">2-1 contre l\u2019Angleterre<\/a>, <a href=\"https:\/\/www.leparisien.fr\/sports\/football\/equipe-de-france-feminine\/france-pays-de-galles-4-1-grace-a-clara-mateo-les-bleues-enchainent-un-deuxieme-succes-a-leuro-09-07-2025-OJA5A7D3WZAZHEAFVP3OICYUFU.php\" target=\"_blank\" rel=\"noreferrer nofollow noopener\">4-1 face au pays de Galles<\/a>), six points en poche, une place de leader et un effectif qui a pu tourner, l\u2019\u00e9quipe de France s\u2019avance en bonne position \u00e0 l\u2019heure d\u2019aborder son 3e et dernier match de poules de l\u2019Euro f\u00e9minin face aux Pays-Bas.<\/p>\n<p class=\"paragraph text_align_left lp-f-body-02\">Tant et si bien que trois sc\u00e9narios seraient synonymes de qualification \u00e0 l\u2019issue du match pour <a href=\"https:\/\/www.leparisien.fr\/sports\/football\/equipe-de-france-feminine\/\" target=\"_blank\" rel=\"noreferrer nofollow noopener\">les joueuses de Laurent Bonadei<\/a>. La victoire \u00e9videmment, mais aussi un nul. Il serait suffisant pour garder la premi\u00e8re place du groupe D, et promettrait un quart de finale relev\u00e9 mais abordable face au 2e du groupe C (a priori la Su\u00e8de ou l\u2019Allemagne). Aussi, en cas de d\u00e9faite, les r\u00eaves bleus ne seraient pas n\u00e9cessairement bris\u00e9s. Tant que l\u2019\u00e9cart n\u2019est pas sup\u00e9rieur \u00e0 deux buts, les co\u00e9quipi\u00e8res de Sakina Karchaoui resteraient accroch\u00e9es \u00e0 la 2e place qualificative.<\/p>\n<p class=\"paragraph text_align_left lp-f-body-02\"><b>Le coup d\u2019envoi du match Pays-Bas-France est pr\u00e9vu \u00e0 21 heures ce dimanche 13 juillet. La rencontre sera \u00e0 suivre en direct sur France 2, prise d\u2019antenne \u00e0 20h45, et en direct comment\u00e9 sur le site du <\/b><a href=\"https:\/\/www.leparisien.fr\/sports\/football\/equipe-de-france-feminine\/\" target=\"_blank\" rel=\"noreferrer nofollow noopener\"><b>parisien.fr<\/b><\/a><b>.<\/b><\/p>\n","protected":false},"excerpt":{"rendered":"Jusqu\u2019ici tout va bien. Deux succ\u00e8s convaincants (2-1 contre l\u2019Angleterre, 4-1 face au pays de Galles), six points&hellip;\n","protected":false},"author":2,"featured_media":246383,"comment_status":"","ping_status":"","sticky":false,"template":"","format":"standard","meta":{"footnotes":""},"categories":[4],"tags":[11,2067,63,1011,27,12,25,60],"class_list":{"0":"post-246382","1":"post","2":"type-post","3":"status-publish","4":"format-standard","5":"has-post-thumbnail","7":"category-france","8":"tag-actualites","9":"tag-equipe-de-france-feminine","10":"tag-football","11":"tag-fr","12":"tag-france","13":"tag-news","14":"tag-republique-francaise","15":"tag-sports"},"share_on_mastodon":{"url":"","error":""},"_links":{"self":[{"href":"https:\/\/www.europesays.com\/fr\/wp-json\/wp\/v2\/posts\/246382","targetHints":{"allow":["GET"]}}],"collection":[{"href":"https:\/\/www.europesays.com\/fr\/wp-json\/wp\/v2\/posts"}],"about":[{"href":"https:\/\/www.europesays.com\/fr\/wp-json\/wp\/v2\/types\/post"}],"author":[{"embeddable":true,"href":"https:\/\/www.europesays.com\/fr\/wp-json\/wp\/v2\/users\/2"}],"replies":[{"embeddable":true,"href":"https:\/\/www.europesays.com\/fr\/wp-json\/wp\/v2\/comments?post=246382"}],"version-history":[{"count":0,"href":"https:\/\/www.europesays.com\/fr\/wp-json\/wp\/v2\/posts\/246382\/revisions"}],"wp:featuredmedia":[{"embeddable":true,"href":"https:\/\/www.europesays.com\/fr\/wp-json\/wp\/v2\/media\/246383"}],"wp:attachment":[{"href":"https:\/\/www.europesays.com\/fr\/wp-json\/wp\/v2\/media?parent=246382"}],"wp:term":[{"taxonomy":"category","embeddable":true,"href":"https:\/\/www.europesays.com\/fr\/wp-json\/wp\/v2\/categories?post=246382"},{"taxonomy":"post_tag","embeddable":true,"href":"https:\/\/www.europesays.com\/fr\/wp-json\/wp\/v2\/tags?post=246382"}],"curies":[{"name":"wp","href":"https:\/\/api.w.org\/{rel}","templated":true}]}}