{"id":246388,"date":"2025-07-13T04:23:14","date_gmt":"2025-07-13T04:23:14","guid":{"rendered":"https:\/\/www.europesays.com\/fr\/246388\/"},"modified":"2025-07-13T04:23:14","modified_gmt":"2025-07-13T04:23:14","slug":"mannarino-rejoint-la-finale-a-newport-et-signe-son-retour-dans-le-top-100","status":"publish","type":"post","link":"https:\/\/www.europesays.com\/fr\/246388\/","title":{"rendered":"Mannarino rejoint la finale \u00e0 Newport et signe son retour dans le top 100"},"content":{"rendered":"<p>                <img decoding=\"async\" src=\"https:\/\/www.europesays.com\/fr\/wp-content\/uploads\/2025\/07\/OgcA.jpg\" alt=\"Mannarino rejoint la finale \u00e0 Newport et signe son retour dans le top 100\"\/><\/p>\n<p>Apr\u00e8s une premi\u00e8re moiti\u00e9 de saison extr\u00eamement compliqu\u00e9e, Adrian Mannarino retrouve des couleurs depuis Wimbledon.<\/p>\n<p>Le Fran\u00e7ais de 37 ans avait atteint le troisi\u00e8me tour apr\u00e8s s\u2019\u00eatre extirp\u00e9 des qualifications, seulement battu par Andrey Rublev. Fort de ce parcours convaincant sur le gazon londonien, il s\u2019est envol\u00e9 cette semaine aux \u00c9tats-Unis pour jouer le Challenger de Newport.<\/p>\n<p>En demi-finale ce samedi, Mannarino affrontait son compatriote Antoine Ghibaudo, 601e mondial et issu des qualifications. C\u2019est le plus exp\u00e9riment\u00e9 des deux joueurs qui l\u2019a emport\u00e9 6-2, 7-5. Gr\u00e2ce \u00e0 cette qualification en finale, Mannarino revient dans le top 100 en \u00e9tant 97e mondial au classement live.<\/p>\n<p>Il affrontera demain Zachary Svajda ou Eliot Spizzirri en finale. Il y a deux ans, il avait remport\u00e9 ce tournoi qui appartenait \u00e0 la cat\u00e9gorie des ATP 250.<\/p>\n","protected":false},"excerpt":{"rendered":"Apr\u00e8s une premi\u00e8re moiti\u00e9 de saison extr\u00eamement compliqu\u00e9e, Adrian Mannarino retrouve des couleurs depuis Wimbledon. Le Fran\u00e7ais de&hellip;\n","protected":false},"author":2,"featured_media":246389,"comment_status":"","ping_status":"","sticky":false,"template":"","format":"standard","meta":{"footnotes":""},"categories":[1415],"tags":[1011,27,60,1467],"class_list":{"0":"post-246388","1":"post","2":"type-post","3":"status-publish","4":"format-standard","5":"has-post-thumbnail","7":"category-tennis","8":"tag-fr","9":"tag-france","10":"tag-sports","11":"tag-tennis"},"share_on_mastodon":{"url":"","error":""},"_links":{"self":[{"href":"https:\/\/www.europesays.com\/fr\/wp-json\/wp\/v2\/posts\/246388","targetHints":{"allow":["GET"]}}],"collection":[{"href":"https:\/\/www.europesays.com\/fr\/wp-json\/wp\/v2\/posts"}],"about":[{"href":"https:\/\/www.europesays.com\/fr\/wp-json\/wp\/v2\/types\/post"}],"author":[{"embeddable":true,"href":"https:\/\/www.europesays.com\/fr\/wp-json\/wp\/v2\/users\/2"}],"replies":[{"embeddable":true,"href":"https:\/\/www.europesays.com\/fr\/wp-json\/wp\/v2\/comments?post=246388"}],"version-history":[{"count":0,"href":"https:\/\/www.europesays.com\/fr\/wp-json\/wp\/v2\/posts\/246388\/revisions"}],"wp:featuredmedia":[{"embeddable":true,"href":"https:\/\/www.europesays.com\/fr\/wp-json\/wp\/v2\/media\/246389"}],"wp:attachment":[{"href":"https:\/\/www.europesays.com\/fr\/wp-json\/wp\/v2\/media?parent=246388"}],"wp:term":[{"taxonomy":"category","embeddable":true,"href":"https:\/\/www.europesays.com\/fr\/wp-json\/wp\/v2\/categories?post=246388"},{"taxonomy":"post_tag","embeddable":true,"href":"https:\/\/www.europesays.com\/fr\/wp-json\/wp\/v2\/tags?post=246388"}],"curies":[{"name":"wp","href":"https:\/\/api.w.org\/{rel}","templated":true}]}}