{"id":246390,"date":"2025-07-13T04:25:11","date_gmt":"2025-07-13T04:25:11","guid":{"rendered":"https:\/\/www.europesays.com\/fr\/246390\/"},"modified":"2025-07-13T04:25:11","modified_gmt":"2025-07-13T04:25:11","slug":"motogp-deception-latout-no1-de-yamaha-nest-pas-quartararo-mais-bien-miller-en-allemagne","status":"publish","type":"post","link":"https:\/\/www.europesays.com\/fr\/246390\/","title":{"rendered":"MotoGP D\u00e9ception, l&rsquo;atout no1 de Yamaha n&rsquo;est pas Quartararo mais bien, Miller, en Allemagne !"},"content":{"rendered":"<p>Oui, c\u2019est lui qui semble \u00eatre en mesure de faire briller les couleurs de Yamaha, ce week-end, au Grand-Prix d\u2019Allemagne de MotoGP. Jack Miller s\u2019est r\u00e9v\u00e9l\u00e9 plus v\u00e9loce que Fabio Quartararo, lors de la premi\u00e8re journ\u00e9e d\u2019essais, se qualifiant directement en Q2 avec nettement plus d\u2019aisance que son camarade. En outre, avec l\u2019arriv\u00e9e de la pluie, l\u2019Australien deviendrait un pr\u00e9tendant aux victoires en sprint et dimanche voire, \u00e0 la pole position, tout \u00e0 l\u2019heure !<\/p>\n<p>MotoGP : les \u00e9l\u00e9ments favorables \u00e0 Jack Miller ?<\/p>\n<p>De plus, les commentaires du pilote Pramac paraissent nettement plus optimistes que celles du pilote officiel Yamaha. Ainsi, Jack Miller estime disposer d\u2019une marge pour \u00eatre encore plus v\u00e9loce, sur le Sachsenring. L\u00e0 ou FB20, pour sa part, pense \u00eatre arriv\u00e9 au maximum du potentiel de sa machine, vendredi.<\/p>\n<p>\u201cC\u2019\u00e9tait un bon vendredi pour nous, et nous dormirons certainement mieux en sachant que nous sommes directement en Q2, ce qui est un \u00e9norme avantage pour le week-end, surtout ici o\u00f9 les d\u00e9passements sont notoirement difficiles\u201c, commentait Miller, qui s\u2019est rendu la t\u00e2che plus simple, en se qualifiant directement. \u201c\u00catre en Q2 est un pas en avant important, et demain nous essaierons d\u2019en faire une autre. Le rythme \u00e9tait soutenu d\u00e8s le matin, et je me suis senti bien sur la moto toute la journ\u00e9e.<\/p>\n<p>J\u2019ai laiss\u00e9 un peu de temps sur la table pendant le chrono \u2013 il y a certainement quelques points \u00e0 am\u00e9liorer, notamment dans la Cascade (virage 11) \u2013 mais globalement, je suis confiant. M\u00eame avec des pneus us\u00e9s, le feeling \u00e9tait positif. Maintenant, on verra ce que la m\u00e9t\u00e9o nous r\u00e9serve demain, mais qu\u2019il pleuve ou qu\u2019il fasse sec, je pense que nous pouvons \u00eatre comp\u00e9titifs.\u201d, t\u00e9moignait le pilote australien, visiblement bien parti pour figurer dans le haut du classement, boost\u00e9 par l\u2019enjeu de cet unique guidon disponible chez Pramac, l\u2019an prochain, et qui se jouera face \u00e0 Miguel Oliveira. Qui ne s\u2019est d\u2019ailleurs pas qualifi\u00e9 en Q2, pour l\u2019instant. Un premier point psychologique marqu\u00e9, donc, pour l\u2019int\u00e9ress\u00e9\u2026<\/p>\n<p>Et Gino Borsoi, dithyrambique envers son pilote, confirme qu\u2019il a r\u00e9alis\u00e9, une tr\u00e8s belle performance. Tout en m\u00e9nageant quelque peu le Portugais, \u00e0 priori victime d\u2019un souci, l\u2019ayant priv\u00e9 d\u2019une potentielle Q2. \u201cCe fut un vendredi tr\u00e8s int\u00e9ressant, notamment en termes de performance de Jack. Il \u00e9tait rapide le matin et lors des essais libres de l\u2019apr\u00e8s-midi. Si l\u2019on compare ses temps au tour \u00e0 ceux de l\u2019an dernier, il a progress\u00e9 de plus d\u2019une seconde. Il a \u00e9t\u00e9 constant et rapide toute la journ\u00e9e ; la performance est donc ind\u00e9niablement au rendez-vous, en partie gr\u00e2ce aux progr\u00e8s de Yamaha. Quant \u00e0 Miguel, un incident s\u2019est produit lors des EL2 que nous avons d\u00fb analyser. Au vu de son rythme ce matin, il semblait tout \u00e0 fait capable de viser un acc\u00e8s direct \u00e0 la Q2\u201c, confirmait l\u2019Italien, Team Principal de Pramac en MotoGP.<\/p>\n<blockquote class=\"twitter-tweet\">\n<p dir=\"ltr\" lang=\"en\">Catch <a href=\"https:\/\/twitter.com\/_moliveira88?ref_src=twsrc%5Etfw\" target=\"_blank\" rel=\"noopener\">@_moliveira88<\/a> at a race this summer!<\/p>\n<p>Secure your Apex package for the <a href=\"https:\/\/twitter.com\/hashtag\/CzechGP?src=hash&amp;ref_src=twsrc%5Etfw\" target=\"_blank\" rel=\"noopener\">#CzechGP<\/a> \ud83c\udde8\ud83c\uddff or <a href=\"https:\/\/twitter.com\/hashtag\/AustrianGP?src=hash&amp;ref_src=twsrc%5Etfw\" target=\"_blank\" rel=\"noopener\">#AustrianGP<\/a> \ud83c\udde6\ud83c\uddf9 and get exclusive perks like paddock access, a garage tour, and meet-and-greet!<\/p>\n<p>\ud83c\udf9f\ufe0f <a href=\"https:\/\/t.co\/Iu51jJK7Ij\">https:\/\/t.co\/Iu51jJK7Ij<\/a><a href=\"https:\/\/twitter.com\/hashtag\/MotoGPPremier?src=hash&amp;ref_src=twsrc%5Etfw\" target=\"_blank\" rel=\"noopener\">#MotoGPPremier<\/a> <a href=\"https:\/\/twitter.com\/hashtag\/PrimaPramacYamaha?src=hash&amp;ref_src=twsrc%5Etfw\" target=\"_blank\" rel=\"noopener\">#PrimaPramacYamaha<\/a> <a href=\"https:\/\/twitter.com\/hashtag\/MotoGP?src=hash&amp;ref_src=twsrc%5Etfw\" target=\"_blank\" rel=\"noopener\">#MotoGP<\/a> <a href=\"https:\/\/t.co\/IWsG3bK9GE\">pic.twitter.com\/IWsG3bK9GE<\/a><\/p>\n<p>\u2014 Pramac Racing (@pramacracing) <a href=\"https:\/\/twitter.com\/pramacracing\/status\/1942319873817710829?ref_src=twsrc%5Etfw\" target=\"_blank\" rel=\"noopener\">July 7, 2025<\/a><\/p>\n<\/blockquote>\n<p>Fabio Quartararo et Yamaha doivent faire mieux<\/p>\n<p>De son c\u00f4t\u00e9, Fabio Quartararo esp\u00e8re am\u00e9liorer sa machine. Car, avec un compagnon de constructeur devant lui et tr\u00e8s satisfait du comportement de sa Yamaha, le Fran\u00e7ais sait que c\u2019est \u00e0 lui et au Team officiel de faire mieux. \u201cNous savons que nous sommes capables d\u2019aller vite sur un tour, mais notre rythme doit \u00eatre am\u00e9lior\u00e9. En fait, ce n\u2019est pas tant le rythme qui compte, mais plut\u00f4t l\u2019adh\u00e9rence et le fait de r\u00e9duire la glisse de la moto pour moins solliciter le pneu et \u00e9viter sa surchauffe. Le feeling \u00e0 l\u2019avant est excellent \u2013 je n\u2019ai pas encore essay\u00e9 les autres motos, mais je pense que nous sommes parmi les meilleures \u00e0 ce niveau-l\u00e0 \u2013 mais en termes d\u2019\u00e9quilibre, nous pouvons aussi, esp\u00e9rons-le, progresser dans ce domaine\u201c, analysait Fabio, vendredi soir dernier, apr\u00e8s les Essais.<\/p>\n<p>N\u00e9anmoins, Quartararo est qualifi\u00e9, ce qui est d\u00e9j\u00e0 une excellente chose. D\u2019autant que l\u2019affaire aurait sans doute \u00e9t\u00e9 complexe \u00e0 aborder, en Q1 avec la perspective de la pluie. Ainsi, le Fran\u00e7ais peut maintenant se concentrer sur la suite du week-end et tout d\u2019abord, la qualification. M\u00eame si, l\u00e0 encore, les pr\u00e9cipitations pourraient l\u2019emp\u00eacher d\u2019acc\u00e9der \u00e0 la premi\u00e8re ligne.<\/p>\n<blockquote class=\"twitter-tweet\">\n<p dir=\"ltr\" lang=\"en\">\ud83c\udf81 For the fandom (\ud83d\udea8 Warning: this reel contains dangerously close zoom-ins\u2026 \ud83e\udee3\ud83d\udcf9)<\/p>\n<p>Confidence + charm = Fabio \ud83d\ude08\ud83d\udc40\ud83d\udc99<a href=\"https:\/\/twitter.com\/hashtag\/MonsterYamaha?src=hash&amp;ref_src=twsrc%5Etfw\" target=\"_blank\" rel=\"noopener\">#MonsterYamaha<\/a> | <a href=\"https:\/\/twitter.com\/hashtag\/YamahaMotoGP?src=hash&amp;ref_src=twsrc%5Etfw\" target=\"_blank\" rel=\"noopener\">#YamahaMotoGP<\/a> | <a href=\"https:\/\/twitter.com\/hashtag\/YamahaFactoryRacing?src=hash&amp;ref_src=twsrc%5Etfw\" target=\"_blank\" rel=\"noopener\">#YamahaFactoryRacing<\/a> | <a href=\"https:\/\/twitter.com\/hashtag\/MotoGP?src=hash&amp;ref_src=twsrc%5Etfw\" target=\"_blank\" rel=\"noopener\">#MotoGP<\/a> | <a href=\"https:\/\/twitter.com\/hashtag\/GermanGP?src=hash&amp;ref_src=twsrc%5Etfw\" target=\"_blank\" rel=\"noopener\">#GermanGP<\/a> | <a href=\"https:\/\/twitter.com\/hashtag\/FabioQuartararo?src=hash&amp;ref_src=twsrc%5Etfw\" target=\"_blank\" rel=\"noopener\">#FabioQuartararo<\/a> | <a href=\"https:\/\/twitter.com\/hashtag\/FQ20?src=hash&amp;ref_src=twsrc%5Etfw\" target=\"_blank\" rel=\"noopener\">#FQ20<\/a> <a href=\"https:\/\/t.co\/UhJZn7MI3R\">pic.twitter.com\/UhJZn7MI3R<\/a><\/p>\n<p>\u2014 Monster Energy Yamaha MotoGP (@YamahaMotoGP) <a href=\"https:\/\/twitter.com\/YamahaMotoGP\/status\/1943753244531945813?ref_src=twsrc%5Etfw\" target=\"_blank\" rel=\"noopener\">July 11, 2025<\/a><\/p>\n<\/blockquote>\n<p>Article publi\u00e9 le 12\/07\/2025 \u00e0 6h56<\/p>\n<p>                                                            <script async src=\"https:\/\/platform.twitter.com\/widgets.js\" charset=\"utf-8\"><\/script><\/p>\n","protected":false},"excerpt":{"rendered":"Oui, c\u2019est lui qui semble \u00eatre en mesure de faire briller les couleurs de Yamaha, ce week-end, au&hellip;\n","protected":false},"author":2,"featured_media":246391,"comment_status":"","ping_status":"","sticky":false,"template":"","format":"standard","meta":{"footnotes":""},"categories":[1413],"tags":[1680,1011,27,12836,1457,1456,1458,60],"class_list":{"0":"post-246390","1":"post","2":"type-post","3":"status-publish","4":"format-standard","5":"has-post-thumbnail","7":"category-moto","8":"tag-fabio-quartararo","9":"tag-fr","10":"tag-france","11":"tag-jack-miller","12":"tag-moto","13":"tag-motocycle","14":"tag-motogp","15":"tag-sports"},"share_on_mastodon":{"url":"https:\/\/pubeurope.com\/@fr\/114844029626913010","error":""},"_links":{"self":[{"href":"https:\/\/www.europesays.com\/fr\/wp-json\/wp\/v2\/posts\/246390","targetHints":{"allow":["GET"]}}],"collection":[{"href":"https:\/\/www.europesays.com\/fr\/wp-json\/wp\/v2\/posts"}],"about":[{"href":"https:\/\/www.europesays.com\/fr\/wp-json\/wp\/v2\/types\/post"}],"author":[{"embeddable":true,"href":"https:\/\/www.europesays.com\/fr\/wp-json\/wp\/v2\/users\/2"}],"replies":[{"embeddable":true,"href":"https:\/\/www.europesays.com\/fr\/wp-json\/wp\/v2\/comments?post=246390"}],"version-history":[{"count":0,"href":"https:\/\/www.europesays.com\/fr\/wp-json\/wp\/v2\/posts\/246390\/revisions"}],"wp:featuredmedia":[{"embeddable":true,"href":"https:\/\/www.europesays.com\/fr\/wp-json\/wp\/v2\/media\/246391"}],"wp:attachment":[{"href":"https:\/\/www.europesays.com\/fr\/wp-json\/wp\/v2\/media?parent=246390"}],"wp:term":[{"taxonomy":"category","embeddable":true,"href":"https:\/\/www.europesays.com\/fr\/wp-json\/wp\/v2\/categories?post=246390"},{"taxonomy":"post_tag","embeddable":true,"href":"https:\/\/www.europesays.com\/fr\/wp-json\/wp\/v2\/tags?post=246390"}],"curies":[{"name":"wp","href":"https:\/\/api.w.org\/{rel}","templated":true}]}}