{"id":246398,"date":"2025-07-13T04:29:11","date_gmt":"2025-07-13T04:29:11","guid":{"rendered":"https:\/\/www.europesays.com\/fr\/246398\/"},"modified":"2025-07-13T04:29:11","modified_gmt":"2025-07-13T04:29:11","slug":"camille-gottlieb-porte-une-robe-inspiree-de-sa-grand-mere-grace-kelly-au-gala-de-la-croix-rouge","status":"publish","type":"post","link":"https:\/\/www.europesays.com\/fr\/246398\/","title":{"rendered":"Camille Gottlieb porte une robe inspir\u00e9e de sa grand-m\u00e8re Grace Kelly au Gala de la Croix-Rouge"},"content":{"rendered":"<p>Camille Gottlieb a, comme sa grand-m\u00e8re sur l&rsquo;image, choisi de porter ses cheveux attach\u00e9s, dans un chignon \u00e9l\u00e9gant et moderne, l\u00e0 o\u00f9 Grace Kelly arborait des ondulations tr\u00e8s hollywoodiennes. Et niveau chaussures, pour les deux femmes, le choix s&rsquo;est port\u00e9 sur une paire noire tr\u00e8s fine. De quoi relancer les commentaires sur sa ressemblance \u00e0 sa grand-m\u00e8re, dont elle a h\u00e9rit\u00e9 la blondeur et les yeux bleus.<\/p>\n<p>Chaque ann\u00e9e, le Bal de la Croix-Rouge est un des \u00e9v\u00e9nements majeurs du calendrier mon\u00e9gasque, organis\u00e9 au Sporting Monte-Carlo. Le prince <a href=\"https:\/\/www.vanityfair.fr\/dossier\/albert-ii-de-monaco\" isautogenerated=\"true\" target=\"_blank\" rel=\"noopener\"><strong>Albert II<\/strong><\/a> et son \u00e9pouse la princesse <a href=\"https:\/\/www.vanityfair.fr\/dossier\/charlene-de-monaco\" isautogenerated=\"true\" target=\"_blank\" rel=\"noopener\"><strong>Charl\u00e8ne de Monaco<\/strong><\/a> ont eux aussi assist\u00e9 \u00e0 la soir\u00e9e. La Croix-Rouge de Monaco a \u00e9t\u00e9 fond\u00e9e en 1948 par l&rsquo;arri\u00e8re-grand-p\u00e8re d&rsquo;Albert, le prince <strong>Louis II de Monaco<\/strong>. Le prince Louis est d\u00e9c\u00e9d\u00e9 l&rsquo;ann\u00e9e suivante et c&rsquo;est son petit-fils, le prince <strong>Rainier III<\/strong> (l&rsquo;\u00e9poux de Grace Kelly), qui lui a succ\u00e9d\u00e9, car sa fille, la princesse <strong>Charlotte<\/strong>, avait c\u00e9d\u00e9 ses droits de succession \u00e0 son fils. Le premier bal de la Croix-Rouge de Monaco a eu lieu en 1948 et est devenu l&rsquo;un des plus grands galas de charit\u00e9 au monde. Apr\u00e8s une vente aux ench\u00e8res, les invit\u00e9s d\u00e9gustent un repas assis avant d&rsquo;assister \u00e0 un spectacle donn\u00e9 par une star venue sp\u00e9cialement pour l&rsquo;occasion. <a href=\"https:\/\/www.vanityfair.fr\/dossier\/frank-sinatra\" isautogenerated=\"true\" target=\"_blank\" rel=\"noopener\"><strong>Frank Sinatra<\/strong><\/a> (un ami de la princesse Grace de Monaco), Sir <a href=\"https:\/\/www.vanityfair.fr\/dossier\/elton-john\" isautogenerated=\"true\" target=\"_blank\" rel=\"noopener\"><strong>Elton John<\/strong><\/a> et <strong>Stevie Wonder<\/strong> comptent parmi ceux qui sont d\u00e9j\u00e0 mont\u00e9s sur sc\u00e8ne. Ce samedi soir, l&rsquo;animation musicale avait \u00e9t\u00e9 confi\u00e9e \u00e0 <strong>Billy Idol<\/strong>.<\/p>\n","protected":false},"excerpt":{"rendered":"Camille Gottlieb a, comme sa grand-m\u00e8re sur l&rsquo;image, choisi de porter ses cheveux attach\u00e9s, dans un chignon \u00e9l\u00e9gant&hellip;\n","protected":false},"author":2,"featured_media":246399,"comment_status":"","ping_status":"","sticky":false,"template":"","format":"standard","meta":{"footnotes":""},"categories":[1359],"tags":[58,59,1011,27,973,27848,6747,721],"class_list":{"0":"post-246398","1":"post","2":"type-post","3":"status-publish","4":"format-standard","5":"has-post-thumbnail","7":"category-people","8":"tag-divertissement","9":"tag-entertainment","10":"tag-fr","11":"tag-france","12":"tag-people","13":"tag-royautes","14":"tag-textabovecentergridwidth","15":"tag-web"},"share_on_mastodon":{"url":"https:\/\/pubeurope.com\/@fr\/114844045285417933","error":""},"_links":{"self":[{"href":"https:\/\/www.europesays.com\/fr\/wp-json\/wp\/v2\/posts\/246398","targetHints":{"allow":["GET"]}}],"collection":[{"href":"https:\/\/www.europesays.com\/fr\/wp-json\/wp\/v2\/posts"}],"about":[{"href":"https:\/\/www.europesays.com\/fr\/wp-json\/wp\/v2\/types\/post"}],"author":[{"embeddable":true,"href":"https:\/\/www.europesays.com\/fr\/wp-json\/wp\/v2\/users\/2"}],"replies":[{"embeddable":true,"href":"https:\/\/www.europesays.com\/fr\/wp-json\/wp\/v2\/comments?post=246398"}],"version-history":[{"count":0,"href":"https:\/\/www.europesays.com\/fr\/wp-json\/wp\/v2\/posts\/246398\/revisions"}],"wp:featuredmedia":[{"embeddable":true,"href":"https:\/\/www.europesays.com\/fr\/wp-json\/wp\/v2\/media\/246399"}],"wp:attachment":[{"href":"https:\/\/www.europesays.com\/fr\/wp-json\/wp\/v2\/media?parent=246398"}],"wp:term":[{"taxonomy":"category","embeddable":true,"href":"https:\/\/www.europesays.com\/fr\/wp-json\/wp\/v2\/categories?post=246398"},{"taxonomy":"post_tag","embeddable":true,"href":"https:\/\/www.europesays.com\/fr\/wp-json\/wp\/v2\/tags?post=246398"}],"curies":[{"name":"wp","href":"https:\/\/api.w.org\/{rel}","templated":true}]}}