{"id":246400,"date":"2025-07-13T04:31:10","date_gmt":"2025-07-13T04:31:10","guid":{"rendered":"https:\/\/www.europesays.com\/fr\/246400\/"},"modified":"2025-07-13T04:31:10","modified_gmt":"2025-07-13T04:31:10","slug":"luxeuil-les-bains-une-vente-de-livres-au-profit-du-noel-des-enfants-defavorises","status":"publish","type":"post","link":"https:\/\/www.europesays.com\/fr\/246400\/","title":{"rendered":"Luxeuil-les-Bains. Une vente de livres au profit du No\u00ebl des enfants d\u00e9favoris\u00e9s"},"content":{"rendered":"<p>La vente de livres par les membres du Rotary au profit du No\u00ebl des enfants d\u00e9favoris\u00e9s a \u00e9t\u00e9 un gros succ\u00e8s l\u2019an pass\u00e9 avec plus de 2\u00a0500 ouvrages vendus. \u00ab\u00a0Et de nombreuses personnes nous ont dit que les cadeaux offerts par le Rotary \u00e9taient les seuls cadeaux sous le sapin\u00a0\u00bb raconte Florent Monnier, ex-pr\u00e9sident de la section locale du Rotary, qui avait organis\u00e9 la vente des livres.<\/p>\n<p>\u00ab\u00a0On a vite pris conscience que cette op\u00e9ration caritative \u00e9tait une tr\u00e8s bonne op\u00e9ration, et nous nous sommes sentis utiles. Cette ann\u00e9e, nous avons 6 palettes d\u20191,5 m3 de livres, soit plusieurs milliers d\u2019ouvrages \u00e0 \u00e9couler. Certes, nous n\u2019avions pas tout vendu l\u2019an pass\u00e9, mais des personnes ont rapport\u00e9 des livres en nous pr\u00e9cisant les avoir lus. Et nous avons aussi re\u00e7u beaucoup de dons spontan\u00e9s. On trouve des romans, de la litt\u00e9rature, de livres de poche, de cuisine, de travaux manuels, beaux-arts, musique, des livres reli\u00e9s par collection enti\u00e8re, des livres pour tous \u00e2ges, et bon nombre d\u2019ouvrages pour la jeunesse. Cela pourra occuper les vacances\u00a0! Les livres sont \u00e0 1\u00a0\u20ac pi\u00e8ce. Cette ann\u00e9e, nous avons choisi de vendre 2\u00a0livres de poche pour 1\u00a0\u20ac\u00a0\u00bb pr\u00e9cise Florent qui a pr\u00e9par\u00e9 la vente de cette ann\u00e9e.<\/p>\n<p>  \u00ab\u00a0D\u00e9poussi\u00e9rer l\u2019image du Rotary\u00a0\u00bb<\/p>\n<p>Le b\u00e9n\u00e9fice de cette vente permettra au temps de No\u00ebl d\u2019offrir des cadeaux aux enfants d\u00e9favoris\u00e9s, et c\u2019est au nouveau pr\u00e9sident de la section locale, Didier Maurice, de les remettre aux familles avant No\u00ebl. \u00ab\u00a0Les cadeaux sont achet\u00e9s en 100\u00a0% local. Cette op\u00e9ration rentre totalement dans les projets et les orientations du Rotary. Cela permet de nous faire conna\u00eetre et de d\u00e9poussi\u00e9rer l\u2019image du Rotary qui est avant tout une association caritative pr\u00e9sente dans le monde entier, \u00e9ventuellement de recruter des nouveaux membres, de mener des actions envers l\u2019illettrisme et les jeunes. Nous sommes environ une quinzaine de membres dans le club de <a href=\"https:\/\/www.estrepublicain.fr\/edition-vesoul-haute-saone\/luxeuil-les-bains\" target=\"_blank\" rel=\"noopener\">Luxeuil\u00a0<\/a>\u00bb.<\/p>\n<p class=\"note\">La vente de livres se tient samedi 19\u00a0juillet et le lendemain, dimanche\u00a020, de 9\u00a0h \u00e0 18\u00a0h \u00e0 l\u2019Espace Frichet.<\/p>\n","protected":false},"excerpt":{"rendered":"La vente de livres par les membres du Rotary au profit du No\u00ebl des enfants d\u00e9favoris\u00e9s a \u00e9t\u00e9&hellip;\n","protected":false},"author":2,"featured_media":246401,"comment_status":"","ping_status":"","sticky":false,"template":"","format":"standard","meta":{"footnotes":""},"categories":[1357],"tags":[1379,38602,1687,58,8698,59,1011,27,1380,2410,38601],"class_list":{"0":"post-246400","1":"post","2":"type-post","3":"status-publish","4":"format-standard","5":"has-post-thumbnail","7":"category-livres","8":"tag-books","9":"tag-cc-du-pays-de-luxeuil-70a","10":"tag-culture-loisirs","11":"tag-divertissement","12":"tag-edition-vesoul-haute-saone","13":"tag-entertainment","14":"tag-fr","15":"tag-france","16":"tag-livres","17":"tag-livres-bd","18":"tag-luxeuil-les-bains"},"share_on_mastodon":{"url":"https:\/\/pubeurope.com\/@fr\/114844053231378592","error":""},"_links":{"self":[{"href":"https:\/\/www.europesays.com\/fr\/wp-json\/wp\/v2\/posts\/246400","targetHints":{"allow":["GET"]}}],"collection":[{"href":"https:\/\/www.europesays.com\/fr\/wp-json\/wp\/v2\/posts"}],"about":[{"href":"https:\/\/www.europesays.com\/fr\/wp-json\/wp\/v2\/types\/post"}],"author":[{"embeddable":true,"href":"https:\/\/www.europesays.com\/fr\/wp-json\/wp\/v2\/users\/2"}],"replies":[{"embeddable":true,"href":"https:\/\/www.europesays.com\/fr\/wp-json\/wp\/v2\/comments?post=246400"}],"version-history":[{"count":0,"href":"https:\/\/www.europesays.com\/fr\/wp-json\/wp\/v2\/posts\/246400\/revisions"}],"wp:featuredmedia":[{"embeddable":true,"href":"https:\/\/www.europesays.com\/fr\/wp-json\/wp\/v2\/media\/246401"}],"wp:attachment":[{"href":"https:\/\/www.europesays.com\/fr\/wp-json\/wp\/v2\/media?parent=246400"}],"wp:term":[{"taxonomy":"category","embeddable":true,"href":"https:\/\/www.europesays.com\/fr\/wp-json\/wp\/v2\/categories?post=246400"},{"taxonomy":"post_tag","embeddable":true,"href":"https:\/\/www.europesays.com\/fr\/wp-json\/wp\/v2\/tags?post=246400"}],"curies":[{"name":"wp","href":"https:\/\/api.w.org\/{rel}","templated":true}]}}