{"id":246402,"date":"2025-07-13T04:32:24","date_gmt":"2025-07-13T04:32:24","guid":{"rendered":"https:\/\/www.europesays.com\/fr\/246402\/"},"modified":"2025-07-13T04:32:24","modified_gmt":"2025-07-13T04:32:24","slug":"zaz-la-coach-de-the-voice-fait-une-revelation-inattendue-sur-son-mari-cetait-mon-prof-de","status":"publish","type":"post","link":"https:\/\/www.europesays.com\/fr\/246402\/","title":{"rendered":"Zaz : la coach de The Voice fait une r\u00e9v\u00e9lation inattendue sur son mari, \u00ab\u00a0c\u2019\u00e9tait mon prof de\u2026\u00a0\u00bb"},"content":{"rendered":"<p>\u00ab\u00a0J\u2019avais toujours refus\u00e9 de faire ce genre de trucs.<br \/>\n<strong>\u00catre film\u00e9e en permanence et surm\u00e9diatis\u00e9e<\/strong>, c\u2019est<br \/>\ntout ce que je n\u2019aime pas. Mais en rencontrant les gens, j\u2019ai eu de<br \/>\nla joie et la joie, c\u2019est ce qui me fait avancer. Cela a \u00e9t\u00e9 hyper<br \/>\ndur, car il faut beaucoup se concentrer, mais je me suis \u00e9clat\u00e9e.<br \/>\nLa fragilit\u00e9 des candidats, le partage avec eux, \u00e7a m\u2019a nourri<br \/>\naussi. Ils m\u2019ont tous enseign\u00e9 quelque chose\u00a0\u00bb, a ainsi<br \/>\nsoulign\u00e9 Zaz.<br \/>\nThe Voice : la chanteuse laisse planer le doute sur son avenir<br \/>\nau sein du programme de TF1<\/p>\n<p>Sans grande surprise, nos confr\u00e8res ont ensuite demand\u00e9 \u00e0 la<br \/>\nmusicienne si elle allait rempiler pour une nouvelle saison en<br \/>\n2026. \u00ab\u00a0<strong>Je ne sais pas encore. C\u2019est tr\u00e8s enrichissant<br \/>\nmais tr\u00e8s impliquant<\/strong>\u00ab\u00a0, leur a r\u00e9pondu Zaz. Par la<br \/>\nsuite, la chanteuse s&rsquo;est confi\u00e9e sur <a href=\"https:\/\/www.closermag.fr\/people\/zaz-son-mari-la-liberee-de-ses-nombreuses-addictions-ses-confidences-inattendues-3533720\" target=\"_blank\" rel=\"noopener\"><br \/>\nl&rsquo;homme qui partage sa vie<\/a> depuis maintenant quelques ann\u00e9es.<br \/>\nEt qui lui a permis de trouver un nouvel \u00e9quilibre.<\/p>\n<p>\u00ab\u00a0J\u2019ai rencontr\u00e9 quelqu\u2019un de doux, gentil, bienveillant, qui<br \/>\ndonne sans rien attendre en retour. Dans sa famille, ce sont des<br \/>\nMauriciens, ils sont tous comme \u00e7a, dans le don, ils rendent les<br \/>\nchoses plus belles. Quand j\u2019ai arr\u00eat\u00e9 de boire, on s\u2019est<br \/>\naccompagn\u00e9. <strong>On grandit ensemble, on s\u2019apprend des<br \/>\nchoses.<\/strong> C\u2019\u00e9tait mon prof de kung-fu et de boxe\u00a0\u00bb, a<br \/>\nnotamment r\u00e9v\u00e9l\u00e9 Zaz. Au cours de ce m\u00eame entretien. La musicienne<br \/>\na aussi \u00e9voqu\u00e9 son enfant difficile.<\/p>\n<p>Zaz : \u00ab\u00a0Il y aura toujours des gens qui<br \/>\njugeront, critiqueront, mais on s\u2019en fout\u00a0\u00bb<\/p>\n<p>\u00ab\u00a0J\u2019ai eu une enfance et une adolescence tr\u00e8s tr\u00e8s<br \/>\ncompliqu\u00e9es, j\u2019ai d\u00fb me battre tout le temps. La col\u00e8re a \u00e9t\u00e9 un<br \/>\nmoteur pour m\u2019en sortir, mais j\u2019en ai eu marre. <strong>J\u2019ai \u00e9t\u00e9<br \/>\nvictime, mais je ne veux plus l\u2019\u00eatre.<\/strong> Je m\u2019excusais d\u2019\u00eatre<br \/>\nl\u00e0, je criais &lsquo;aimez-moi&rsquo;, mais \u00e7a ne marche pas comme \u00e7a. Dans Je<br \/>\nveux, je chantais l\u2019amour et je recevais des menaces de mort. Il y<br \/>\naura toujours des gens qui jugeront, critiqueront, mais on s\u2019en<br \/>\nfout. Ils ne me connaissent pas et ne savent pas tout ce que j\u2019ai<br \/>\ntravers\u00e9\u00a0\u00bb, a ainsi expliqu\u00e9 Zaz.<\/p>\n<p>\n\u00ab\u00a0Avant, je voulais changer le monde, j\u2019ai cru que<br \/>\nj\u2019\u00e9tais un superh\u00e9ros et je me suis \u00e9puis\u00e9e. La meilleure mani\u00e8re<br \/>\nd\u2019aider le monde, c\u2019est de prendre soin de soi. Quand mon p\u00e8re est<br \/>\nparti en Ehpad, <strong>une col\u00e8re folle est remont\u00e9e en<br \/>\nmoi.<\/strong> Il \u00e9tait malade psychologiquement, fou, alcoolique,<br \/>\net on a v\u00e9cu des choses tr\u00e8s violentes. Avant qu\u2019il meure, je lui<br \/>\nai racont\u00e9 notre histoire, je suis contente de l\u2019avoir fait. On a<br \/>\ntous \u00e0 pardonner et \u00e0 se pardonner\u00a0\u00bb, a finalement conclu<br \/>\nZaz.<\/p>\n","protected":false},"excerpt":{"rendered":"\u00ab\u00a0J\u2019avais toujours refus\u00e9 de faire ce genre de trucs. \u00catre film\u00e9e en permanence et surm\u00e9diatis\u00e9e, c\u2019est tout ce&hellip;\n","protected":false},"author":2,"featured_media":246403,"comment_status":"","ping_status":"","sticky":false,"template":"","format":"standard","meta":{"footnotes":""},"categories":[1356],"tags":[548,58,59,1011,27,252,1364,6706],"class_list":{"0":"post-246402","1":"post","2":"type-post","3":"status-publish","4":"format-standard","5":"has-post-thumbnail","7":"category-television","8":"tag-article-simple","9":"tag-divertissement","10":"tag-entertainment","11":"tag-fr","12":"tag-france","13":"tag-television","14":"tag-tv","15":"tag-zaz"},"share_on_mastodon":{"url":"https:\/\/pubeurope.com\/@fr\/114844057252266328","error":""},"_links":{"self":[{"href":"https:\/\/www.europesays.com\/fr\/wp-json\/wp\/v2\/posts\/246402","targetHints":{"allow":["GET"]}}],"collection":[{"href":"https:\/\/www.europesays.com\/fr\/wp-json\/wp\/v2\/posts"}],"about":[{"href":"https:\/\/www.europesays.com\/fr\/wp-json\/wp\/v2\/types\/post"}],"author":[{"embeddable":true,"href":"https:\/\/www.europesays.com\/fr\/wp-json\/wp\/v2\/users\/2"}],"replies":[{"embeddable":true,"href":"https:\/\/www.europesays.com\/fr\/wp-json\/wp\/v2\/comments?post=246402"}],"version-history":[{"count":0,"href":"https:\/\/www.europesays.com\/fr\/wp-json\/wp\/v2\/posts\/246402\/revisions"}],"wp:featuredmedia":[{"embeddable":true,"href":"https:\/\/www.europesays.com\/fr\/wp-json\/wp\/v2\/media\/246403"}],"wp:attachment":[{"href":"https:\/\/www.europesays.com\/fr\/wp-json\/wp\/v2\/media?parent=246402"}],"wp:term":[{"taxonomy":"category","embeddable":true,"href":"https:\/\/www.europesays.com\/fr\/wp-json\/wp\/v2\/categories?post=246402"},{"taxonomy":"post_tag","embeddable":true,"href":"https:\/\/www.europesays.com\/fr\/wp-json\/wp\/v2\/tags?post=246402"}],"curies":[{"name":"wp","href":"https:\/\/api.w.org\/{rel}","templated":true}]}}