{"id":246412,"date":"2025-07-13T04:42:08","date_gmt":"2025-07-13T04:42:08","guid":{"rendered":"https:\/\/www.europesays.com\/fr\/246412\/"},"modified":"2025-07-13T04:42:08","modified_gmt":"2025-07-13T04:42:08","slug":"les-12-coups-emilien-ou-xavier-qui-a-gagne-le-combat-des-maitres-du-jeu-de-jean-luc-reichmann-sur-tf1","status":"publish","type":"post","link":"https:\/\/www.europesays.com\/fr\/246412\/","title":{"rendered":"\u00ab\u00a0Les 12 coups\u00a0\u00bb : \u00c9milien ou Xavier, qui a gagn\u00e9 \u00ab\u00a0Le combat des ma\u00eetres\u00a0\u00bb du jeu de Jean-Luc Reichmann sur TF1 ?"},"content":{"rendered":"<p>La suite apr\u00e8s la publicit\u00e9<\/p>\n<p>\u00c9milien versus Xavier. Telle \u00e9tait l&rsquo;affiche, <a href=\"https:\/\/www.ozap.com\/actu\/emilien-affronte-xavier-dans-les-12-coups-de-midi-le-concert-de-paris-avec-stephane-bern-lhumour-a-la-plage-2-les-temps-forts-du-12-au-18-juillet-2025\/650549\" target=\"_blank\" rel=\"noopener\">ce samedi 12 juillet 2025, du \u00ab\u00a0Combat des ma\u00eetres\u00a0\u00bb des \u00ab\u00a012 coups\u00a0\u00bb<\/a>. Les deux champions du jeu quotidien, d\u00e9clin\u00e9 en prime time, \u00e9taient chacun en d\u00e9but de partie \u00e0 la t\u00eate d&rsquo;une \u00e9quipe de personnalit\u00e9s, les \u00ab\u00a0Trempettes\u00a0\u00bb*, et les \u00ab\u00a0Bronzettes\u00a0\u00bb**. Apr\u00e8s les diff\u00e9rentes manches de ce quiz ouvert \u00e0 tous \u2013 \u00ab\u00a0Le coup de soleil\u00a0\u00bb, \u00ab\u00a0Le coup de zik\u00a0\u00bb, \u00ab\u00a0Le coup de chaud\u00a0\u00bb et \u00ab\u00a0Le coup de gueule\u00a0\u00bb \u2013 les deux ma\u00eetres de midi les plus cap\u00e9s, qui se sont jaug\u00e9s au cours de plusieurs coups fatals en cours de partie, ont \u00e9t\u00e9 solennellement d\u00e9partag\u00e9s en finale.<\/p>\n<p>\u00ab\u00a0On va enfin savoir qui est le plus fort !\u00a0\u00bb<\/p>\n<p>\u00ab\u00a0On va enfin savoir qui est le plus fort !\u00a0\u00bb entre \u00c9milien, le plus grand ma\u00eetre de midi de tous les temps, <a href=\"https:\/\/www.ozap.com\/actu\/je-me-laisse-un-an-de-marge-pour-profiter-emilien-revele-ce-quil-va-faire-de-ses-25-millions-deuros-et-de-ses-23-voitures-apres-son-elimination-des-12-coups-de-midi\/650655\" target=\"_blank\" rel=\"noopener\">d\u00e9chu six jours plus t\u00f4t apr\u00e8s 646 participations<\/a>, et Xavier, vainqueur de 14 primes time ces 10 derni\u00e8res ann\u00e9es, s&rsquo;enthousiasmait <a href=\"https:\/\/www.ozap.com\/personnalite\/jean-luc-reichmann_e1295\" target=\"_blank\" rel=\"noopener\">Jean-Luc Reichmann<\/a> avant de lancer ce face-\u00e0-face testant la culture g\u00e9n\u00e9rale et la rapidit\u00e9 des deux candidats.<\/p>\n<p>Une douzaine de minutes, plus tard, la finale accroch\u00e9e a tourn\u00e9 \u00e0 l&rsquo;avantage de Xavier. Pourtant men\u00e9 9 points \u00e0 2, le seul ma\u00eetre de midi de l&rsquo;histoire du jeu \u00e0 avoir renonc\u00e9 volontairement \u00e0 sa couronne \u2013 apr\u00e8s 76 participations le 21 mars 2013 \u2013 est remont\u00e9 peu \u00e0 peu sur son adversaire avant de lui porter le coup de gr\u00e2ce, en r\u00e9pondant correctement \u00e0 une question sur \u00ab\u00a0l&rsquo;Aigle de Tol\u00e8de\u00a0\u00bb, surnom attribu\u00e9 au cycliste espagnol Federico Bahamontes. Xavier, qui a livr\u00e9 10 bonnes r\u00e9ponses cons\u00e9cutives, s&rsquo;est ainsi impos\u00e9 avec 12 bonnes r\u00e9ponses \u00e0 9. \u00ab\u00a0C&rsquo;est une remontada extraordinaire. C&rsquo;est lui le plus fort\u00a0\u00bb, a cri\u00e9 Jean-Luc Reichmann avant de remettre le troph\u00e9e de la soir\u00e9e au candidat.<\/p>\n<p>\u00ab\u00a0Les 12 coups de midi\u00a0\u00bb a, ce dimanche 6 juillet 2025, donn\u00e9 un coup au moral de la concurrence. L&rsquo;\u00e9limination d&rsquo;\u00c9milien a rassembl\u00e9 4,98 millions de t\u00e9l\u00e9spectateurs, selon M\u00e9diam\u00e9trie. <a href=\"https:\/\/www.ozap.com\/actu\/audiences-dimanche-quel-score-pour-l-elimination-d-Emilien-des-12-coups-de-midi-sur-tf1-apres-647-participations-et-2-56-millions-d-euro-de-gains\/650692\" target=\"_blank\" rel=\"noopener\">Pr\u00e8s d&rsquo;un t\u00e9l\u00e9spectateur sur deux (49,8%) a assist\u00e9 au d\u00e9part du jeune homme.<\/a> Sur la cible des Femmes responsables des achats \u00e2g\u00e9es de moins de 50 ans, la part de march\u00e9 a atteint 55,6%. Aur\u00e9ol\u00e9 de 193 coups de ma\u00eetre mais aussi de 23 \u00e9toiles myst\u00e9rieuses et plus riche de 2,56 millions d&rsquo;euros de gains et de cadeaux, \u00c9milien, plus grand champion des jeux t\u00e9l\u00e9vis\u00e9s, participait sans discontinuer \u00e0 cette production Endemol depuis septembre 2023.\u00a0<\/p>\n<p>*L&rsquo;\u00e9quipe des \u00ab\u00a0Trempettes\u00a0\u00bb \u00e9tait compos\u00e9e d&rsquo;\u00c9milien, Ana\u00efs Grangerac, Julie Zenatti et la paire Jeff Panacloc et Jean-Marc.<br \/>**L&rsquo;\u00e9quipe des \u00ab\u00a0Bronzettes\u00a0\u00bb \u00e9tait emmen\u00e9e par Xavier, Amel Bent, Julien Lieb et Az.<\/p>\n","protected":false},"excerpt":{"rendered":"La suite apr\u00e8s la publicit\u00e9 \u00c9milien versus Xavier. Telle \u00e9tait l&rsquo;affiche, ce samedi 12 juillet 2025, du \u00ab\u00a0Combat&hellip;\n","protected":false},"author":2,"featured_media":246413,"comment_status":"","ping_status":"","sticky":false,"template":"","format":"standard","meta":{"footnotes":""},"categories":[8],"tags":[58,59,1011,27],"class_list":{"0":"post-246412","1":"post","2":"type-post","3":"status-publish","4":"format-standard","5":"has-post-thumbnail","7":"category-divertissement","8":"tag-divertissement","9":"tag-entertainment","10":"tag-fr","11":"tag-france"},"share_on_mastodon":{"url":"https:\/\/pubeurope.com\/@fr\/114844096435953479","error":""},"_links":{"self":[{"href":"https:\/\/www.europesays.com\/fr\/wp-json\/wp\/v2\/posts\/246412","targetHints":{"allow":["GET"]}}],"collection":[{"href":"https:\/\/www.europesays.com\/fr\/wp-json\/wp\/v2\/posts"}],"about":[{"href":"https:\/\/www.europesays.com\/fr\/wp-json\/wp\/v2\/types\/post"}],"author":[{"embeddable":true,"href":"https:\/\/www.europesays.com\/fr\/wp-json\/wp\/v2\/users\/2"}],"replies":[{"embeddable":true,"href":"https:\/\/www.europesays.com\/fr\/wp-json\/wp\/v2\/comments?post=246412"}],"version-history":[{"count":0,"href":"https:\/\/www.europesays.com\/fr\/wp-json\/wp\/v2\/posts\/246412\/revisions"}],"wp:featuredmedia":[{"embeddable":true,"href":"https:\/\/www.europesays.com\/fr\/wp-json\/wp\/v2\/media\/246413"}],"wp:attachment":[{"href":"https:\/\/www.europesays.com\/fr\/wp-json\/wp\/v2\/media?parent=246412"}],"wp:term":[{"taxonomy":"category","embeddable":true,"href":"https:\/\/www.europesays.com\/fr\/wp-json\/wp\/v2\/categories?post=246412"},{"taxonomy":"post_tag","embeddable":true,"href":"https:\/\/www.europesays.com\/fr\/wp-json\/wp\/v2\/tags?post=246412"}],"curies":[{"name":"wp","href":"https:\/\/api.w.org\/{rel}","templated":true}]}}