{"id":246418,"date":"2025-07-13T04:45:11","date_gmt":"2025-07-13T04:45:11","guid":{"rendered":"https:\/\/www.europesays.com\/fr\/246418\/"},"modified":"2025-07-13T04:45:11","modified_gmt":"2025-07-13T04:45:11","slug":"espagne-pluies-torrentielles-en-catalogne-au-moins-deux-personnes-portees-disparues","status":"publish","type":"post","link":"https:\/\/www.europesays.com\/fr\/246418\/","title":{"rendered":"Espagne : pluies torrentielles en Catalogne, au moins deux personnes port\u00e9es disparues"},"content":{"rendered":"<p class=\"paragraph text_align_left lp-f-body-02\">Des pluies torrentielles se sont abattues samedi sur le nord-est de l\u2019Espagne, <a href=\"https:\/\/www.leparisien.fr\/international\/inondations-en-espagne-la-catalogne-placee-en-etat-dalerte-maximale-face-aux-risques-de-grele-et-de-vents-violents-30-10-2024-HOZLDEWR7NC33HBXDBX5AAEBGY.php\" target=\"_self\" rel=\"noopener\">dont la Catalogne<\/a>, o\u00f9 le trafic ferroviaire a \u00e9t\u00e9 totalement interrompu durant plusieurs heures et o\u00f9 des inondations ponctuelles et spectaculaires ont \u00e9t\u00e9 signal\u00e9es par les autorit\u00e9s.<\/p>\n<p class=\"paragraph text_align_left lp-f-body-02\">Selon l\u2019agence m\u00e9t\u00e9orologique Aemet, qui avait plac\u00e9 <a href=\"https:\/\/x.com\/AEMET_Esp\/status\/1944041719332278687\" target=\"_self\" rel=\"\">en alerte rouge une grande partie de la Catalogne<\/a> samedi apr\u00e8s-midi, plus de 100 millim\u00e8tres d\u2019eau (100 litres par m\u00e8tre carr\u00e9) sont tomb\u00e9s par endroits en l\u2019espace de quelques heures.<\/p>\n<p class=\"paragraph text_align_left lp-f-body-02\">\u00ab Nous recherchons deux personnes \u00e0 Cubelles \u00bb, commune de 17 000 habitants situ\u00e9e \u00e0 50 kilom\u00e8tres de Barcelone, ont indiqu\u00e9 les pompiers dans un message publi\u00e9 dans la soir\u00e9e <a href=\"https:\/\/x.com\/emergenciescat\/status\/1944137625138246109\" target=\"_blank\" rel=\"noreferrer\">sur le r\u00e9seau social X<\/a>. \u00ab Selon les premi\u00e8res informations, elles auraient \u00e9t\u00e9 emport\u00e9es par la crue du Foix \u00bb, qui se jette dans la M\u00e9diterran\u00e9e, ont-ils ajout\u00e9, en pr\u00e9cisant que le dispositif de recherche concernait \u00ab les rives \u00bb du cours d\u2019eau ainsi que \u00ab son embouchure \u00bb.<\/p>\n<p class=\"paragraph text_align_left lp-f-body-02\">\u00c0 Vilanova i la Geltr\u00fa, une terrasse s\u2019est retrouv\u00e9e sous les eaux. <\/p>\n<p class=\"paragraph text_align_left lp-f-body-02\">Ces fortes pluies ont entra\u00een\u00e9 des inondations, notamment dans un h\u00f4pital de Barcelone, qui a d\u00fb refuser l\u2019entr\u00e9e de nouveaux patients apr\u00e8s avoir \u00e9t\u00e9 victime d\u2019une coupure \u00e9lectrique. <\/p>\n<p class=\"paragraph text_align_left lp-f-body-02\">\u00c0 <a href=\"https:\/\/x.com\/bcnairportnews\/status\/1944037148648518014\" target=\"_self\" rel=\"\">l\u2019a\u00e9roport de Barcelone<\/a>, un avion qui venait de d\u00e9coller en direction des Etats-Unis a d\u00fb rebrousser chemin, le nez de l\u2019appareil ayant \u00e9t\u00e9 endommag\u00e9 par la gr\u00eale, d\u2019apr\u00e8s les contr\u00f4leurs a\u00e9riens.<\/p>\n<p class=\"paragraph text_align_left lp-f-body-02\">Un \u00e9tablissement hospitalier \u00e0<a href=\"https:\/\/x.com\/emergenciescat\/status\/1944115689633034396\" target=\"_self\" rel=\"\"> Vilafranca del Pened\u00e8s<\/a>, au sud-est de la capitale catalane, a d\u00fb fermer ses services d\u2019urgence. <\/p>\n<blockquote class=\"twitter-tweet\">\n<p lang=\"en\" dir=\"ltr\">The Alt Pened\u00e8s Regional Hospital in Vilafranca del Pened\u00e8s, Barcelona, Spain, was forced to shut down after this afternoon\u2019s storm caused severe flooding. <a href=\"https:\/\/t.co\/8XXiENm6gw\">pic.twitter.com\/8XXiENm6gw<\/a><\/p>\n<p>\u2014 Volcaholic \ud83c\udf0b (@volcaholic1) <a href=\"https:\/\/twitter.com\/volcaholic1\/status\/1944113590828507153?ref_src=twsrc%5Etfw\" target=\"_blank\" rel=\"noopener\">July 12, 2025<\/a><\/p><\/blockquote>\n<p class=\"paragraph text_align_left lp-f-body-02\">\u00c0 S\u00faria, les pompiers, qui ont multipli\u00e9 les interventions, ont v\u00e9rifi\u00e9 que plus personne n\u2019\u00e9tait rest\u00e9 prisonnier dans une voiture. Des routes ont \u00e9t\u00e9 coup\u00e9es.<\/p>\n<p class=\"paragraph text_align_left lp-f-body-02\">Ces intemp\u00e9ries ont pouss\u00e9 la compagnie ferroviaire Renfe \u00e0 suspendre la circulation des trains durant plusieurs heures dans l\u2019ensemble de la Catalogne, aussi bien pour les trains \u00e0 grande vitesse que pour les trains r\u00e9gionaux et de banlieue.<\/p>\n<blockquote class=\"twitter-tweet\">\n<p lang=\"es\" dir=\"ltr\">\u2139\ufe0f Se recupera la circulaci\u00f3n de los trenes de servicios de Alta Velocidad en Catalu\u00f1a que estaba suspendida por la alerta roja decretada por la AEMET.<\/p>\n<p>\u2014 Renfe (@Renfe) <a href=\"https:\/\/twitter.com\/Renfe\/status\/1944091741386109372?ref_src=twsrc%5Etfw\" target=\"_blank\" rel=\"noopener\">July 12, 2025<\/a><\/p><\/blockquote>\n<p class=\"paragraph text_align_left lp-f-body-02\">Dans cette r\u00e9gion, plus de 70 personnes ont \u00e9t\u00e9 prises en charge par les services d\u2019urgence, mais aucune dans un \u00e9tat grave, selon les services d\u2019urgence. L\u2019alerte rouge, qui avait \u00e9t\u00e9 d\u00e9clench\u00e9e vers 17 heures, a \u00e9t\u00e9 lev\u00e9e deux heures plus tard.<\/p>\n<p class=\"paragraph text_align_left lp-f-body-02\">Outre la Catalogne, plusieurs r\u00e9gions du nord et de l\u2019est de l\u2019Espagne ont \u00e9t\u00e9 affect\u00e9es par ces fortes pluies, dont l\u2019Aragon, o\u00f9 des soldats de l\u2019Unit\u00e9 militaire d\u2019urgences (UME) ont \u00e9t\u00e9 d\u00e9ploy\u00e9s, comme ci-dessous \u00e0 la Ribera d\u2019Ebre.<\/p>\n<p class=\"paragraph text_align_left lp-f-body-02\">Cette r\u00e9gion mais surtout de Valence<a href=\"https:\/\/www.leparisien.fr\/meteo\/direct-inondations-meurtrieres-en-espagne-un-bilan-dramatique-les-recherches-se-poursuivent-pour-retrouver-les-disparus-31-10-2024-WXMYHSMHI5AJTK4NPADQ4MJLRQ.php\" target=\"_self\" rel=\"noopener\"> avait \u00e9t\u00e9 touch\u00e9e fin octobre<\/a> par un \u00e9pisode de pluies torrentielles tragiques qui ont fait <a href=\"https:\/\/www.leparisien.fr\/meteo\/espagne-89-disparus-dans-la-region-de-valence-apres-les-terribles-inondations-qui-ont-deja-fait-plus-de-200-morts-05-11-2024-KYDXLLUT2VFLBMPUWT47LWQZ34.php\" target=\"_self\" rel=\"noopener\">227 morts<\/a>. Les autorit\u00e9s, notamment r\u00e9gionales, avaient alors \u00e9t\u00e9 critiqu\u00e9es pour leur manque de pr\u00e9paration et de r\u00e9activit\u00e9.<\/p>\n<p><script async src=\"https:\/\/platform.twitter.com\/widgets.js\" charset=\"utf-8\"><\/script><\/p>\n","protected":false},"excerpt":{"rendered":"Des pluies torrentielles se sont abattues samedi sur le nord-est de l\u2019Espagne, dont la Catalogne, o\u00f9 le trafic&hellip;\n","protected":false},"author":2,"featured_media":246419,"comment_status":"","ping_status":"","sticky":false,"template":"","format":"standard","meta":{"footnotes":""},"categories":[5],"tags":[11,1011,27,14,2487,12,28],"class_list":{"0":"post-246418","1":"post","2":"type-post","3":"status-publish","4":"format-standard","5":"has-post-thumbnail","7":"category-international","8":"tag-actualites","9":"tag-fr","10":"tag-france","11":"tag-international","12":"tag-meteo","13":"tag-news","14":"tag-world"},"share_on_mastodon":{"url":"https:\/\/pubeurope.com\/@fr\/114844108224271481","error":""},"_links":{"self":[{"href":"https:\/\/www.europesays.com\/fr\/wp-json\/wp\/v2\/posts\/246418","targetHints":{"allow":["GET"]}}],"collection":[{"href":"https:\/\/www.europesays.com\/fr\/wp-json\/wp\/v2\/posts"}],"about":[{"href":"https:\/\/www.europesays.com\/fr\/wp-json\/wp\/v2\/types\/post"}],"author":[{"embeddable":true,"href":"https:\/\/www.europesays.com\/fr\/wp-json\/wp\/v2\/users\/2"}],"replies":[{"embeddable":true,"href":"https:\/\/www.europesays.com\/fr\/wp-json\/wp\/v2\/comments?post=246418"}],"version-history":[{"count":0,"href":"https:\/\/www.europesays.com\/fr\/wp-json\/wp\/v2\/posts\/246418\/revisions"}],"wp:featuredmedia":[{"embeddable":true,"href":"https:\/\/www.europesays.com\/fr\/wp-json\/wp\/v2\/media\/246419"}],"wp:attachment":[{"href":"https:\/\/www.europesays.com\/fr\/wp-json\/wp\/v2\/media?parent=246418"}],"wp:term":[{"taxonomy":"category","embeddable":true,"href":"https:\/\/www.europesays.com\/fr\/wp-json\/wp\/v2\/categories?post=246418"},{"taxonomy":"post_tag","embeddable":true,"href":"https:\/\/www.europesays.com\/fr\/wp-json\/wp\/v2\/tags?post=246418"}],"curies":[{"name":"wp","href":"https:\/\/api.w.org\/{rel}","templated":true}]}}