{"id":246420,"date":"2025-07-13T04:46:09","date_gmt":"2025-07-13T04:46:09","guid":{"rendered":"https:\/\/www.europesays.com\/fr\/246420\/"},"modified":"2025-07-13T04:46:09","modified_gmt":"2025-07-13T04:46:09","slug":"il-sevade-cache-dans-le-sac-de-son-co-detenu-liberable","status":"publish","type":"post","link":"https:\/\/www.europesays.com\/fr\/246420\/","title":{"rendered":"il s&rsquo;\u00e9vade cach\u00e9 dans le sac de son co-d\u00e9tenu lib\u00e9rable"},"content":{"rendered":"<p class=\"fig-paragraph\">Un d\u00e9tenu de 20 ans s&rsquo;est \u00e9vad\u00e9 vendredi de la prison de Corbas, pr\u00e8s de\u00a0<a href=\"http:\/\/www.lefigaro.fr\/politique\/municipales-2026-comment-le-senat-veut-deminer-la-reforme-paris-lyon-marseille-aupres-du-conseil-constitutionnel-20250710\" data-fig-type=\"Article\" data-gtm-custom-categorie=\"navigation\" data-gtm-custom-action=\"crossclick\" data-gtm-custom-label=\"Contextuel\" data-gtm-event=\"customEventSPE\" data-fig-domain=\"LEFIGARO\" target=\"_blank\" rel=\"noopener\">Lyon<\/a>, en se cachant dans le sac de son cod\u00e9tenu qui, en fin de peine, sortait de l&rsquo;\u00e9tablissement, a appris l\u2019AFP samedi de sources concordantes.<\/p>\n<p class=\"fig-paragraph\">Dans un communiqu\u00e9 transmis \u00e0 l&rsquo;AFP, l&rsquo;administration p\u00e9nitentiaire a pr\u00e9cis\u00e9 que le jeune homme, ex\u00e9cutait alors \u00abplusieurs peines\u00bb d&#8217;emprisonnement.<\/p>\n<p>                                    <a class=\"fig-a11y-skip a11y-hidden\" href=\"#fig-a11y-skip-main-inarticle\"><br \/>\n        Passer la publicit\u00e9<br \/>\n    <\/a><\/p>\n<p class=\"fig-paragraph\">Il a \u00abprofit\u00e9 de la lib\u00e9ration de son cod\u00e9tenu pour se dissimuler dans son paquetage et sortir\u00bb de la prison, pr\u00e9cise-t-elle, confirmant une information de BFMTV.<\/p>\n<p class=\"fig-paragraph\">Il faisait l&rsquo;objet \u00abd&rsquo;un mandat de d\u00e9p\u00f4t dans le cadre d&rsquo;une information judiciaire li\u00e9e \u00e0 la criminalit\u00e9 organis\u00e9e\u00bb, a indiqu\u00e9 pour sa part \u00e0 l&rsquo;AFP le parquet de Lyon, qui a ouvert une enqu\u00eate pour \u00ab\u00e9vasion en bande organis\u00e9e et association de malfaiteurs\u00bb. Cette derni\u00e8re a \u00e9t\u00e9 confi\u00e9e \u00e0 la Division de la criminalit\u00e9 organis\u00e9e et sp\u00e9cialis\u00e9e (DCOS) du Rh\u00f4ne, selon la m\u00eame source.<\/p>\n<p class=\"fig-paragraph\">En outre, une enqu\u00eate interne a \u00e9t\u00e9 lanc\u00e9e pour \u00abfaire toute la lumi\u00e8re\u00bb sur les circonstances de cette \u00e9vasion dont le parquet et les forces de l&rsquo;ordre ont \u00e9t\u00e9 \u00abimm\u00e9diatement\u00bb inform\u00e9s, selon l&rsquo;administration p\u00e9nitentiaire qui prendra toutes les mesures disciplinaires qui s&rsquo;imposent.<\/p>\n","protected":false},"excerpt":{"rendered":"Un d\u00e9tenu de 20 ans s&rsquo;est \u00e9vad\u00e9 vendredi de la prison de Corbas, pr\u00e8s de\u00a0Lyon, en se cachant&hellip;\n","protected":false},"author":2,"featured_media":246421,"comment_status":"","ping_status":"","sticky":false,"template":"","format":"standard","meta":{"footnotes":""},"categories":[4],"tags":[11,1011,27,12,806,25],"class_list":{"0":"post-246420","1":"post","2":"type-post","3":"status-publish","4":"format-standard","5":"has-post-thumbnail","7":"category-france","8":"tag-actualites","9":"tag-fr","10":"tag-france","11":"tag-news","12":"tag-prison","13":"tag-republique-francaise"},"share_on_mastodon":{"url":"https:\/\/pubeurope.com\/@fr\/114844112180552037","error":""},"_links":{"self":[{"href":"https:\/\/www.europesays.com\/fr\/wp-json\/wp\/v2\/posts\/246420","targetHints":{"allow":["GET"]}}],"collection":[{"href":"https:\/\/www.europesays.com\/fr\/wp-json\/wp\/v2\/posts"}],"about":[{"href":"https:\/\/www.europesays.com\/fr\/wp-json\/wp\/v2\/types\/post"}],"author":[{"embeddable":true,"href":"https:\/\/www.europesays.com\/fr\/wp-json\/wp\/v2\/users\/2"}],"replies":[{"embeddable":true,"href":"https:\/\/www.europesays.com\/fr\/wp-json\/wp\/v2\/comments?post=246420"}],"version-history":[{"count":0,"href":"https:\/\/www.europesays.com\/fr\/wp-json\/wp\/v2\/posts\/246420\/revisions"}],"wp:featuredmedia":[{"embeddable":true,"href":"https:\/\/www.europesays.com\/fr\/wp-json\/wp\/v2\/media\/246421"}],"wp:attachment":[{"href":"https:\/\/www.europesays.com\/fr\/wp-json\/wp\/v2\/media?parent=246420"}],"wp:term":[{"taxonomy":"category","embeddable":true,"href":"https:\/\/www.europesays.com\/fr\/wp-json\/wp\/v2\/categories?post=246420"},{"taxonomy":"post_tag","embeddable":true,"href":"https:\/\/www.europesays.com\/fr\/wp-json\/wp\/v2\/tags?post=246420"}],"curies":[{"name":"wp","href":"https:\/\/api.w.org\/{rel}","templated":true}]}}