{"id":246424,"date":"2025-07-13T04:48:10","date_gmt":"2025-07-13T04:48:10","guid":{"rendered":"https:\/\/www.europesays.com\/fr\/246424\/"},"modified":"2025-07-13T04:48:10","modified_gmt":"2025-07-13T04:48:10","slug":"saint-genest-lerpt-de-la-lumiere-pour-desinfecter-comment-cellux-innove-encore","status":"publish","type":"post","link":"https:\/\/www.europesays.com\/fr\/246424\/","title":{"rendered":"Saint-Genest-Lerpt. De la lumi\u00e8re pour d\u00e9sinfecter, comment Cellux innove encore"},"content":{"rendered":"<p>Ici, on ne rigole pas avec la lumi\u00e8re. En contrebas de la rue Pierre-et-Marie-Curie, \u00e0 Saint-Genest-Lerpt, se trouve la discr\u00e8te enseigne Cellux. Discr\u00e8te peut-\u00eatre, mais efficace assur\u00e9ment.<\/p>\n<p>La petite entreprise, qui compte une quinzaine de salari\u00e9s et affiche un chiffre d\u2019affaires annuel de 2\u00a0millions d\u2019euros, con\u00e7oit et fabrique des luminaires, en petites ou grandes s\u00e9ries. \u00ab\u00a0La lumi\u00e8re, c\u2019est un vrai m\u00e9tier\u00a0\u00bb, lance la pr\u00e9sidente Guislaine Celdran aux c\u00f4t\u00e9s de son fr\u00e8re, Guy Celdran, directeur g\u00e9n\u00e9ral.<\/p>\n<p>L\u2019entreprise a re\u00e7u le label patrimoine vivant en 2020<\/p>\n<p>Qu\u2019ils soient suspendus, encastr\u00e9s, modulables, en forme d\u2019appliques ou de plafonniers, les luminaires de Cellux sont con\u00e7us et fabriqu\u00e9s \u00e0 Saint-Genest-Lerpt. \u00ab\u00a0On pense \u00e0 toute la cha\u00eene, du produit \u00e0 l\u2019installation chez le client\u00a0\u00bb. Tout un travail est fait sur la&#8230;<\/p>\n","protected":false},"excerpt":{"rendered":"Ici, on ne rigole pas avec la lumi\u00e8re. En contrebas de la rue Pierre-et-Marie-Curie, \u00e0 Saint-Genest-Lerpt, se trouve&hellip;\n","protected":false},"author":2,"featured_media":246425,"comment_status":"","ping_status":"","sticky":false,"template":"","format":"standard","meta":{"footnotes":""},"categories":[9653],"tags":[1111,11,2430,33,7539,1777,674,1011,27,12,25,12491,4001,17929,216],"class_list":{"0":"post-246424","1":"post","2":"type-post","3":"status-publish","4":"format-standard","5":"has-post-thumbnail","7":"category-saint-etienne","8":"tag-actu","9":"tag-actualites","10":"tag-auvergne-rhone-alpes","11":"tag-economie","12":"tag-edition-loire-sud","13":"tag-eu","14":"tag-europe","15":"tag-fr","16":"tag-france","17":"tag-news","18":"tag-republique-francaise","19":"tag-roche-la-moliere-bassin","20":"tag-saint-etienne","21":"tag-saint-genest-lerpt","22":"tag-vie-des-entreprises"},"share_on_mastodon":{"url":"https:\/\/pubeurope.com\/@fr\/114844120074161492","error":""},"_links":{"self":[{"href":"https:\/\/www.europesays.com\/fr\/wp-json\/wp\/v2\/posts\/246424","targetHints":{"allow":["GET"]}}],"collection":[{"href":"https:\/\/www.europesays.com\/fr\/wp-json\/wp\/v2\/posts"}],"about":[{"href":"https:\/\/www.europesays.com\/fr\/wp-json\/wp\/v2\/types\/post"}],"author":[{"embeddable":true,"href":"https:\/\/www.europesays.com\/fr\/wp-json\/wp\/v2\/users\/2"}],"replies":[{"embeddable":true,"href":"https:\/\/www.europesays.com\/fr\/wp-json\/wp\/v2\/comments?post=246424"}],"version-history":[{"count":0,"href":"https:\/\/www.europesays.com\/fr\/wp-json\/wp\/v2\/posts\/246424\/revisions"}],"wp:featuredmedia":[{"embeddable":true,"href":"https:\/\/www.europesays.com\/fr\/wp-json\/wp\/v2\/media\/246425"}],"wp:attachment":[{"href":"https:\/\/www.europesays.com\/fr\/wp-json\/wp\/v2\/media?parent=246424"}],"wp:term":[{"taxonomy":"category","embeddable":true,"href":"https:\/\/www.europesays.com\/fr\/wp-json\/wp\/v2\/categories?post=246424"},{"taxonomy":"post_tag","embeddable":true,"href":"https:\/\/www.europesays.com\/fr\/wp-json\/wp\/v2\/tags?post=246424"}],"curies":[{"name":"wp","href":"https:\/\/api.w.org\/{rel}","templated":true}]}}