{"id":246426,"date":"2025-07-13T04:49:20","date_gmt":"2025-07-13T04:49:20","guid":{"rendered":"https:\/\/www.europesays.com\/fr\/246426\/"},"modified":"2025-07-13T04:49:20","modified_gmt":"2025-07-13T04:49:20","slug":"camping-mortel-pour-une-famille-de-touristes-gallois","status":"publish","type":"post","link":"https:\/\/www.europesays.com\/fr\/246426\/","title":{"rendered":"camping mortel pour une famille de touristes gallois"},"content":{"rendered":"<p>D\u00e9but juillet 1975. L&rsquo;\u00e9t\u00e9 est bien install\u00e9 dans la Loire et les estivants sont d\u00e9j\u00e0 arriv\u00e9s en nombre. Dans le centre-ville de Saint-\u00c9tienne, sur la colline de Villeb\u0153uf, le petit camping de Chantegrillet (*) fait le plein. On y trouve des travailleurs saisonniers, mais aussi des touristes dont cette famille de britanniques qui passe les portails dans la matin\u00e9e du dimanche 6 juillet 1975 pour installer son petit camping-car et passer quelques jours dans la cit\u00e9 st\u00e9phanoise.<\/p>\n<p>Mais dans le torpeur de l&rsquo;\u00e9t\u00e9, c&rsquo;est un v\u00e9ritable drame qui est d\u00e9couvert le mardi 8 juillet 1975 en fin d&rsquo;apr\u00e8s-midi par le gardien du camping. La veille d\u00e9j\u00e0, avec son \u00e9pouse, ils avaient remarqu\u00e9 la pr\u00e9sence de chaussures devant le Combi Volkswagen de la famille. Tout au long de la journ\u00e9e du mardi, les chaussures n&rsquo;ont pas boug\u00e9 et aucun mouvement n&rsquo;est observ\u00e9 autour du v\u00e9hicule. Le gardien d\u00e9cide alors de s&rsquo;approcher\u00a0: c&rsquo;est \u00e0 ce moment qu&rsquo;il d\u00e9couvre la catastrophe.<\/p>\n<p>  &#13;<br \/>\n      <a href=\"https:\/\/cdn-s-www.leprogres.fr\/images\/59c15e63-e254-428e-aab8-499fbc5f87fc\/NW_raw\/en-plein-coeur-de-l-ete-l-affaire-etait-evoquee-en-premiere-page-des-editions-du-mercredi-9-juillet-1975-photo-archives-la-tribune-le-progres-1750240745.jpg\" title=\"En plein c\u0153ur de l&#039;\u00e9t\u00e9, l&#039;affaire \u00e9tait \u00e9voqu\u00e9e en premi\u00e8re page des \u00e9ditions du mercredi 9 juillet 1975. Photo archives La Tribune - Le Progr\u00e8s\" class=\"chocolat-image GA-tracking\" data-ga_type=\"click\" data-ga_category=\"D\u00e9tail\" data-ga_action=\"zoomer\" data-ga_label=\"agrandir image\" target=\"_blank\" rel=\"noopener\">&#13;<br \/>\n          <img loading=\"lazy\" decoding=\"async\" src=\"https:\/\/www.europesays.com\/fr\/wp-content\/uploads\/2025\/07\/en-plein-coeur-de-l-ete-l-affaire-etait-evoquee-en-premiere-page-des-editions-du-mercredi-9-juillet-.jpeg\" data-mobile=\"NW_listC_M|1750240745\" data-base=\"NW_listC|1750240745\" alt=\"En plein c\u0153ur de l'\u00e9t\u00e9, l'affaire \u00e9tait \u00e9voqu\u00e9e en premi\u00e8re page des \u00e9ditions du mercredi 9 juillet 1975. Photo archives La Tribune - Le Progr\u00e8s\"\/>&#13;<br \/>\n      <\/a>&#13;<\/p>\n<p>En plein c\u0153ur de l&rsquo;\u00e9t\u00e9, l&rsquo;affaire \u00e9tait \u00e9voqu\u00e9e en premi\u00e8re page des \u00e9ditions du mercredi 9 juillet 1975. Photo archives La Tribune &#8211; Le Progr\u00e8s<\/p>\n<p>&#13;<\/p>\n<p>  Quatre corps dans \u00ab un indescriptible fouillis\u00a0\u00bb<\/p>\n<p>\u00ab A l&rsquo;int\u00e9rieur du minuscule v\u00e9hicule, o\u00f9 r\u00e9gnait un indescriptible fouillis, gisaient inanim\u00e9s sur la couchette du bas le p\u00e8re et la m\u00e8re, tandis que sur la couchette sup\u00e9rieure paraissaient dormir leur fils et leur fille\u00a0\u00bb, d\u00e9crit La Tribune &#8211; Le Progr\u00e8s dans son \u00e9dition du mercredi 9 juillet 1975.<\/p>\n<p>Aussit\u00f4t, les secours sont alert\u00e9s. Mais pour la famille de touristes britanniques, il est d\u00e9j\u00e0 trop tard. Sans d\u00e9lais, le Combi et les quatre d\u00e9pouilles sont transport\u00e9s au centre m\u00e9dico-l\u00e9gal de l&rsquo;h\u00f4pital de Bellevue.<\/p>\n<p>\u00ab A priori, on peut penser \u00e0 une asphyxie par confinement, le v\u00e9hicule ayant \u00e9t\u00e9 trouv\u00e9 ferm\u00e9, sans a\u00e9ration apparente\u00a0\u00bb, \u00e9crit, d\u00e8s le lendemain, notre journaliste d\u00e9p\u00each\u00e9 sur place. Les investigations doivent alors confirmer si l&rsquo;asphyxie est bien la cause du d\u00e9c\u00e8s, ou si d&rsquo;autres hypoth\u00e8ses doivent \u00eatre explor\u00e9es\u00a0: empoisonnement, intoxication alimentaire&#8230;<\/p>\n<p>  Asphyxi\u00e9s par leur r\u00e9frig\u00e9rateur \u00e0 gaz<\/p>\n<p>C&rsquo;est finalement de Lyon, o\u00f9 les autopsies sont pratiqu\u00e9es au matin du jeudi 10 juillet 1975, que les r\u00e9ponses parviennent. Le couple de britanniques (tous les deux \u00e2g\u00e9s de 40 ans) et ses deux enfants (\u00e2g\u00e9s de 6 et 10 ans), \u00ab ont succomb\u00e9 \u00e0 une asphyxie caus\u00e9e par le confinement dans lequel ils se trouvaient et le fonctionnement de leur r\u00e9frig\u00e9rateur de camping \u00e0 gaz\u00a0\u00bb.<\/p>\n<p>D&rsquo;apr\u00e8s les constatations des l\u00e9gistes, la mort remonte \u00e0 l&rsquo;apr\u00e8s-midi du lundi. Les quatre membres de la famille \u00ab s&rsquo;\u00e9taient allong\u00e9s, tout habill\u00e9s, pour une sieste [&#8230;]. Avant de s&rsquo;installer, ils avaient ferm\u00e9 toutes les issues de leur v\u00e9hicule, sans doute pour dormir plus tranquillement au bord de la route o\u00f9 ils \u00e9taient stationn\u00e9s\u00a0\u00bb. Ils se sont endormis pour ne jamais se r\u00e9veiller.<\/p>\n<p>  &#13;<br \/>\n      <a href=\"https:\/\/cdn-s-www.leprogres.fr\/images\/64e65bcf-1b0f-413e-a7ca-a04670445acf\/NW_raw\/le-gardien-du-camping-encore-sus-le-choc-apres-la-decouverte-du-drame-photo-archives-la-tribune-le-progres-1750240756.jpg\" title=\"Le gardien du camping, encore sus le choc apr\u00e8s la d\u00e9couverte du drame. Photo archives La Tribune - Le Progr\u00e8s\" class=\"chocolat-image GA-tracking\" data-ga_type=\"click\" data-ga_category=\"D\u00e9tail\" data-ga_action=\"zoomer\" data-ga_label=\"agrandir image\" target=\"_blank\" rel=\"noopener\">&#13;<br \/>\n          <img loading=\"lazy\" decoding=\"async\" src=\"https:\/\/www.europesays.com\/fr\/wp-content\/uploads\/2025\/07\/le-gardien-du-camping-encore-sus-le-choc-apres-la-decouverte-du-drame-photo-archives-la-tribune-le-p.jpeg\" data-mobile=\"NW_listC_M|1750240756\" data-base=\"NW_listC|1750240756\" alt=\"Le gardien du camping, encore sus le choc apr\u00e8s la d\u00e9couverte du drame. Photo archives La Tribune - Le Progr\u00e8s\"\/>&#13;<br \/>\n      <\/a>&#13;<\/p>\n<p>Le gardien du camping, encore sus le choc apr\u00e8s la d\u00e9couverte du drame. Photo archives La Tribune &#8211; Le Progr\u00e8s<\/p>\n<p>&#13;<\/p>\n<p>  \u00ab Je n&rsquo;osais pas aller frapper\u00a0\u00bb<\/p>\n<p>Dans le camping de Chantegrillet, qui affiche quasiment complet du fait de la tenue du congr\u00e8s du syndicat national des instituteurs, cette affaire tragique s\u00e8me la consternation. \u00ab C&rsquo;est souvent que les gens dorment tard dans la journ\u00e9e\u00a0\u00bb, explique le gardien du camping \u00e0 notre journaliste. \u00ab Je n&rsquo;osais pas aller frapper, pensant que j&rsquo;allais r\u00e9veiller cette famille o\u00f9 l&rsquo;importuner\u00a0\u00bb.<\/p>\n<p class=\"note\">(*) Le camping de Chantegrillet \u00e9tait situ\u00e9 dans l&rsquo;actuelle all\u00e9e de Chantegrillet, en pleine ville. Ouvert dans les ann\u00e9es cinquante, il a ferm\u00e9 ses portes en 2004.<\/p>\n","protected":false},"excerpt":{"rendered":"D\u00e9but juillet 1975. L&rsquo;\u00e9t\u00e9 est bien install\u00e9 dans la Loire et les estivants sont d\u00e9j\u00e0 arriv\u00e9s en nombre.&hellip;\n","protected":false},"author":2,"featured_media":246427,"comment_status":"","ping_status":"","sticky":false,"template":"","format":"standard","meta":{"footnotes":""},"categories":[9653],"tags":[119,1111,11,2430,7539,1777,674,274,107,1011,27,937,3367,12,25,11985,4001,7538,10806],"class_list":{"0":"post-246426","1":"post","2":"type-post","3":"status-publish","4":"format-standard","5":"has-post-thumbnail","7":"category-saint-etienne","8":"tag-accident","9":"tag-actu","10":"tag-actualites","11":"tag-auvergne-rhone-alpes","12":"tag-edition-loire-sud","13":"tag-eu","14":"tag-europe","15":"tag-faits-divers-justice","16":"tag-fil-info","17":"tag-fr","18":"tag-france","19":"tag-histoire","20":"tag-loire","21":"tag-news","22":"tag-republique-francaise","23":"tag-retro","24":"tag-saint-etienne","25":"tag-saint-etienne-ville","26":"tag-selection-de-la-redaction-42"},"share_on_mastodon":{"url":"https:\/\/pubeurope.com\/@fr\/114844124022502096","error":""},"_links":{"self":[{"href":"https:\/\/www.europesays.com\/fr\/wp-json\/wp\/v2\/posts\/246426","targetHints":{"allow":["GET"]}}],"collection":[{"href":"https:\/\/www.europesays.com\/fr\/wp-json\/wp\/v2\/posts"}],"about":[{"href":"https:\/\/www.europesays.com\/fr\/wp-json\/wp\/v2\/types\/post"}],"author":[{"embeddable":true,"href":"https:\/\/www.europesays.com\/fr\/wp-json\/wp\/v2\/users\/2"}],"replies":[{"embeddable":true,"href":"https:\/\/www.europesays.com\/fr\/wp-json\/wp\/v2\/comments?post=246426"}],"version-history":[{"count":0,"href":"https:\/\/www.europesays.com\/fr\/wp-json\/wp\/v2\/posts\/246426\/revisions"}],"wp:featuredmedia":[{"embeddable":true,"href":"https:\/\/www.europesays.com\/fr\/wp-json\/wp\/v2\/media\/246427"}],"wp:attachment":[{"href":"https:\/\/www.europesays.com\/fr\/wp-json\/wp\/v2\/media?parent=246426"}],"wp:term":[{"taxonomy":"category","embeddable":true,"href":"https:\/\/www.europesays.com\/fr\/wp-json\/wp\/v2\/categories?post=246426"},{"taxonomy":"post_tag","embeddable":true,"href":"https:\/\/www.europesays.com\/fr\/wp-json\/wp\/v2\/tags?post=246426"}],"curies":[{"name":"wp","href":"https:\/\/api.w.org\/{rel}","templated":true}]}}