{"id":246429,"date":"2025-07-13T04:53:10","date_gmt":"2025-07-13T04:53:10","guid":{"rendered":"https:\/\/www.europesays.com\/fr\/246429\/"},"modified":"2025-07-13T04:53:10","modified_gmt":"2025-07-13T04:53:10","slug":"cest-loeuvre-de-ma-vie-un-monument-historique-a-bord-de-gollum-le-voilier-aux-mille-vies-ancre-a-la-seyne","status":"publish","type":"post","link":"https:\/\/www.europesays.com\/fr\/246429\/","title":{"rendered":"\u00ab\u00a0C\u2019est l\u2019\u0153uvre de ma vie, un monument historique\u00a0\u00bb: \u00e0 bord de Gollum le voilier aux mille vies, ancr\u00e9 \u00e0 La Seyne"},"content":{"rendered":"<p>Ces derniers jours, au mouillage dans l\u2019anse Balaguier, Gollum est rudoy\u00e9. Non par la houle, inexistante, mais par un vilain petit bateau, bien mal amarr\u00e9, qui tape et retape sa coque contre celle du v\u00e9n\u00e9rable deux m\u00e2ts. Forc\u00e9ment, m\u00e9caniquement, irr\u00e9pressiblement, \u00e7a tape aussi sur le syst\u00e8me d\u2019Hugues de Turckheim, 77 ans, propri\u00e9taire du flamboyant voilier. \u00ab\u00a0Gollum n\u2019est plus tout jeune. Un peu de respect quand m\u00eame\u2026\u00a0\u00bb<\/p>\n<p>Le navire noir et vert, dont la silhouette fait partie int\u00e9grante du paysage de la rade, m\u00e9rite en effet quelques \u00e9gards. De par son grand \u00e2ge, d\u2019abord, puisque Gollum a \u00e9t\u00e9 construit en 1935. \u00ab\u00a0Il s\u2019appelait CH3 et servait de pilote dans le port de Cherbourg. \u00c7a en dit long, d\u00e9j\u00e0, sur ses capacit\u00e9s\u00a0\u00bb, souligne fi\u00e8rement Hugues de Turckheim.<\/p>\n<p>              <img ci-src=\"https:\/\/www.varmatin.com\/vie-locale\/protec\/DATA_ART_15891944-re75ZBDL.jpg?vh=18db03&amp;ci_seal=dd4e96ffd9\" alt=\"\"\/><br \/>\n        Propri\u00e9taire du navire achet\u00e9 en piteux \u00e9tat aux pilotes du port de Cherbourg, Hugues de Turckheim a tout refait lui-m\u00eame, jusqu\u2019\u00e0 le transformer en voilier, aujourd\u2019hui labellis\u00e9 B\u00e2timent d\u2019int\u00e9r\u00eat patrimonial.  <strong>Photos Luc Boutria.<\/strong> <\/p>\n<p>                                <strong>Il a particip\u00e9 \u00e0 la Seconde Guerre mondiale<\/strong><\/p>\n<p>\u00ab\u00a0L\u00e0-bas, dans la Manche, le raz Blanchard (1), c\u2019est quelque chose\u00a0\u00bb, d\u00e9veloppe le marin. \u00ab\u00a0Sans doute un des endroits les plus hostiles des c\u00f4tes fran\u00e7aises. Mais ce bateau, qui n\u2019avait pas encore de voiles, \u00e9tait ce qui se faisait de mieux en termes de comportement. Il pouvait sortir par tous temps, toutes mers, toute l\u2019ann\u00e9e.\u00a0\u00bb<\/p>\n<p>Le plus fou \u00e9tait encore \u00e0 venir pour cette massive coque d\u2019acier. En juin 1940, une \u00e9quipe d\u2019intr\u00e9pides Normands entend l\u2019appel du G\u00e9n\u00e9ral de Gaulle et d\u00e9cide de rejoindre l\u2019Angleterre et la \u00ab\u00a0France libre\u00a0\u00bb \u00e0 bord du CH3. Un petit canon install\u00e9 \u00e0 l\u2019arri\u00e8re, le b\u00e2timent sera ensuite r\u00e9quisitionn\u00e9 par la Royal Navy pour d\u00e9fendre les c\u00f4tes anglaises!<\/p>\n<p>\u00ab\u00a0De cette p\u00e9riode, on ne sait pas grand-chose, regrette Hugues de Turckheim. Mais c\u2019\u00e9tait une \u00e9pop\u00e9e glorieuse, dont le navire a forc\u00e9ment \u00e9t\u00e9 impr\u00e9gn\u00e9. Ce bateau a une \u00e2me.\u00a0\u00bb Revenu \u00e0 Cherbourg, le CH3 reprendra du service jusqu\u2019en 1982, date \u00e0 laquelle les pilotes du port le mettent finalement en vente. Hugues de Turckheim tombe sur la petite annonce. Et sort les 10.000 francs demand\u00e9s.<\/p>\n<p>\u00ab\u00a0J\u2019avais pass\u00e9 une quinzaine d\u2019ann\u00e9es aux Antilles sur un bateau de neuf m\u00e8tres, avec deux enfants, deux chiens et deux chats, raconte cet ind\u00e9crottable r\u00eaveur. Avant cela, j\u2019avais fait des \u00e9tudes d\u2019ing\u00e9nieur. Et apr\u00e8s \u00e7a, avec mon atelier \u00e0 Sanary, je suis devenu le gourou de la planche \u00e0 voile chez Tiga. Bref, il me tardait de retourner vadrouiller.\u00a0\u00bb<\/p>\n<p>Ce qu\u2019il fera\u2026 quatorze ans plus tard, le long des c\u00f4tes africaines! Entre-temps, sur le rivage seynois, il consacre sa vie \u00e0 transformer \u00ab\u00a0un bon gros tas de rouille\u00a0\u00bb en un magnifique voilier. En 1996, avec deux m\u00e2ts suppl\u00e9mentaires, mais toujours \u00e9quip\u00e9 de son moteur Baudouin DK6 de 150 chevaux \u2013 \u00ab\u00a0une pi\u00e8ce de mus\u00e9e\u00a0\u00bb, \u2013 la b\u00eate est fin pr\u00eate \u00e0 reprendre la mer. Depuis lors, tous les \u00e9t\u00e9s ou presque, Hugues de Turckheim fait le \u00ab\u00a0tour du bocal\u00a0\u00bb, encha\u00eenant les escales en M\u00e9diterran\u00e9e.<\/p>\n<p>              <img ci-src=\"https:\/\/www.varmatin.com\/vie-locale\/protec\/DATA_ART_15891941-Y8yyvOcx.jpg?vh=5b6881&amp;ci_seal=0fa69d354c\" alt=\"\"\/><br \/>\n         <strong>Photos Luc Boutria.<\/strong> <\/p>\n<blockquote>\n<p><strong>\u00ab\u00a0C\u2019est l\u2019\u0153uvre de ma vie, un monument historique\u00a0\u00bb<\/strong><\/p>\n<\/blockquote>\n<p>Mais au fait, pourquoi avoir affubl\u00e9 l\u2019engin du nom de l\u2019hideuse cr\u00e9ature du chef-d\u2019\u0153uvre litt\u00e9raire de Tolkien, Le seigneur des anneaux? \u00ab\u00a0A une \u00e9poque, sous les tropiques, beaucoup de petits bateaux s\u2019appelaient Bilbo. Et les grands, c\u2019\u00e9tait Gandalf\u2026\u00a0\u00bb De quoi inspirer un retour aux Antilles? \u00ab\u00a0Depuis que \u00e7a a \u00e9t\u00e9 envahi par les chirurgiens \u00e0 la retraite, non merci!\u00a0\u00bb<\/p>\n<p>Hugues de Turckheim, qui habite d\u00e9sormais \u00e0 Saint-Andr\u00e9-des-Alpes, n\u2019a pas renonc\u00e9 au large pour autant. \u00ab\u00a0Ce bateau, c\u2019est l\u2019\u0153uvre de ma vie. Un monument historique. Un jour, on repartira avec ma copine dessus. Peut-\u00eatre en Uruguay. Et qui sait quand on rentrera\u2026\u00a0\u00bb<\/p>\n<p>1. Passage qui marque l\u2019extr\u00e9mit\u00e9 septentrionale du golfe de Saint-Malo.<\/p>\n","protected":false},"excerpt":{"rendered":"Ces derniers jours, au mouillage dans l\u2019anse Balaguier, Gollum est rudoy\u00e9. Non par la houle, inexistante, mais par&hellip;\n","protected":false},"author":2,"featured_media":246430,"comment_status":"","ping_status":"","sticky":false,"template":"","format":"standard","meta":{"footnotes":""},"categories":[9619],"tags":[1111,11,1777,674,1011,27,12,882,25,2310,3366],"class_list":{"0":"post-246429","1":"post","2":"type-post","3":"status-publish","4":"format-standard","5":"has-post-thumbnail","7":"category-toulon","8":"tag-actu","9":"tag-actualites","10":"tag-eu","11":"tag-europe","12":"tag-fr","13":"tag-france","14":"tag-news","15":"tag-provence-alpes-cote-dazur","16":"tag-republique-francaise","17":"tag-toulon","18":"tag-vie-locale"},"share_on_mastodon":{"url":"https:\/\/pubeurope.com\/@fr\/114844139693506094","error":""},"_links":{"self":[{"href":"https:\/\/www.europesays.com\/fr\/wp-json\/wp\/v2\/posts\/246429","targetHints":{"allow":["GET"]}}],"collection":[{"href":"https:\/\/www.europesays.com\/fr\/wp-json\/wp\/v2\/posts"}],"about":[{"href":"https:\/\/www.europesays.com\/fr\/wp-json\/wp\/v2\/types\/post"}],"author":[{"embeddable":true,"href":"https:\/\/www.europesays.com\/fr\/wp-json\/wp\/v2\/users\/2"}],"replies":[{"embeddable":true,"href":"https:\/\/www.europesays.com\/fr\/wp-json\/wp\/v2\/comments?post=246429"}],"version-history":[{"count":0,"href":"https:\/\/www.europesays.com\/fr\/wp-json\/wp\/v2\/posts\/246429\/revisions"}],"wp:featuredmedia":[{"embeddable":true,"href":"https:\/\/www.europesays.com\/fr\/wp-json\/wp\/v2\/media\/246430"}],"wp:attachment":[{"href":"https:\/\/www.europesays.com\/fr\/wp-json\/wp\/v2\/media?parent=246429"}],"wp:term":[{"taxonomy":"category","embeddable":true,"href":"https:\/\/www.europesays.com\/fr\/wp-json\/wp\/v2\/categories?post=246429"},{"taxonomy":"post_tag","embeddable":true,"href":"https:\/\/www.europesays.com\/fr\/wp-json\/wp\/v2\/tags?post=246429"}],"curies":[{"name":"wp","href":"https:\/\/api.w.org\/{rel}","templated":true}]}}