{"id":246431,"date":"2025-07-13T04:54:09","date_gmt":"2025-07-13T04:54:09","guid":{"rendered":"https:\/\/www.europesays.com\/fr\/246431\/"},"modified":"2025-07-13T04:54:09","modified_gmt":"2025-07-13T04:54:09","slug":"horaire-lieu-circulation-et-fanzones-voici-ce-quil-faut-savoir-sur-le-spectacle-de-drones-ce-14-juillet-a-toulon","status":"publish","type":"post","link":"https:\/\/www.europesays.com\/fr\/246431\/","title":{"rendered":"Horaire, lieu, circulation et fanzones&#8230; Voici ce qu&rsquo;il faut savoir sur le spectacle de drones, ce 14 juillet \u00e0 Toulon"},"content":{"rendered":"<p>Apr\u00e8s le succ\u00e8s du spectacle de drones en mai 2024 \u00e0 l\u2019occasion du relais de la Flamme olympique, la ville de Toulon renouvelle l\u2019exp\u00e9rience pour la f\u00eate nationale. Ce sont pas moins de 1.000 drones qui, lundi, danseront dans le ciel un ballet minutieusement r\u00e9p\u00e9t\u00e9. Le \u00ab\u00a0show\u00a0\u00bb devrait mettre en avant les grands \u00e9v\u00e8nements culturels de cet \u00e9t\u00e9 2025, le tout accompagn\u00e9 d\u2019une bande musicale. <strong>La soir\u00e9e se poursuivra avec le bal du 14 juillet.<\/strong><\/p>\n<p><strong>La parade de retour boulevard de Strasbourg<\/strong><\/p>\n<p>Apr\u00e8s sept ann\u00e9es sur l\u2019avenue de La R\u00e9publique, le d\u00e9fil\u00e9 militaire sera de nouveau sur le boulevard de Strasbourg. Les forces arm\u00e9es, de s\u00e9curit\u00e9, les centres d\u2019apprentissage, ainsi que les formations musicales bas\u00e9es \u00e0 Toulon seront mises \u00e0 l\u2019honneur. Le cort\u00e8ge sera cl\u00f4tur\u00e9 par le passage des v\u00e9hicules militaires anciens des associations M\u00e9moire Bormes 1944, Ao\u00fbt 44 et Provence 44. La parade se regroupera devant le mus\u00e9e d\u2019Art, passera place de la Libert\u00e9, avant de se s\u00e9parer au niveau de la place No\u00ebl Blache.<\/p>\n<p>Christophe Lucas, vice-amiral d\u2019escadre, commandant de l\u2019arrondissement maritime de la M\u00e9diterran\u00e9e et pr\u00e9fet maritime, remettra des d\u00e9corations des ordres nationaux.<\/p>\n<p><strong>Des pr\u00e9cautions \u00e0 prendre pour circuler<\/strong><\/p>\n<p>En raison de l\u2019application du plan Vigipirate, des restrictions de circulation seront mises en place au cours de la journ\u00e9e du 14 juillet dans le centre-ville. D\u00e8s 7h, le stationnement sera interdit boulevard de Strasbourg et avenue de la R\u00e9publique, ainsi que dans leurs rues adjacentes.<\/p>\n<p>Les boulevards Foch, Leclerc et Strasbourg seront ferm\u00e9s \u00e0 la circulation \u00e0 partir de 14h30. La circulation boulevard Clemenceau et avenue de la R\u00e9publique, de m\u00eame que les acc\u00e8s au Faron et au Baou, seront coup\u00e9s \u00e0 partir de 20h. Les restrictions seront lev\u00e9es apr\u00e8s les \u00e9v\u00e8nements, mais l\u2019heure pr\u00e9cise reste \u00e0 l\u2019appr\u00e9ciation des forces de l\u2019ordre.<\/p>\n<p>\u00c0 noter que des \u00ab\u00a0fanzones\u00a0\u00bb avec fouilles et palpations seront mises en place autour du boulevard de Strasbourg et de l\u2019avenue de la R\u00e9publique. Le dispositif sera activ\u00e9 \u00e0 16h pour le boulevard de Strasbourg et 18h pour l\u2019avenue de la R\u00e9publique.<\/p>\n<p><strong>Le r\u00e9seau Mistral adapte ses horaires<\/strong><\/p>\n<p>Afin de faciliter les d\u00e9placements au cours de la journ\u00e9e du 14 juillet, le r\u00e9seau Mistral modifie les horaires de ses transports. Les lignes maritimes 8M, 18M et 28M fonctionneront avec les horaires du samedi: une navette toutes les 20 \/ 30 minutes de 6h50\u00e0 20h30. Les huit lignes de jour prolong\u00e9es en nocturne fonctionneront de 21h \u00e0 1h du matin, il s\u2019agit des lignes: 1, 2,3, 18, 39, 65, 70 et 18M.<\/p>\n<p>Attention: le trajet de certaines lignes sera impact\u00e9 par les restrictions de circulation. Toutes les infos sont \u00e0 retrouver sur reseaumistral.com.<\/p>\n<p>\u00a0<\/p>\n<p>le programme <b>\u00c0<\/b> partir de 18h30, d\u00e9fil\u00e9 militaire \u00e0 19h, boulevard de Strasbourg Spectacle de drones \u00e0 22h15, carr\u00e9 du port Bal du 14 juillet \u00e0 22h30, carr\u00e9 du port<\/p>\n","protected":false},"excerpt":{"rendered":"Apr\u00e8s le succ\u00e8s du spectacle de drones en mai 2024 \u00e0 l\u2019occasion du relais de la Flamme olympique,&hellip;\n","protected":false},"author":2,"featured_media":246432,"comment_status":"","ping_status":"","sticky":false,"template":"","format":"standard","meta":{"footnotes":""},"categories":[9619],"tags":[1111,11,1777,674,1011,27,12,882,25,2310,3366],"class_list":{"0":"post-246431","1":"post","2":"type-post","3":"status-publish","4":"format-standard","5":"has-post-thumbnail","7":"category-toulon","8":"tag-actu","9":"tag-actualites","10":"tag-eu","11":"tag-europe","12":"tag-fr","13":"tag-france","14":"tag-news","15":"tag-provence-alpes-cote-dazur","16":"tag-republique-francaise","17":"tag-toulon","18":"tag-vie-locale"},"share_on_mastodon":{"url":"https:\/\/pubeurope.com\/@fr\/114844143625755981","error":""},"_links":{"self":[{"href":"https:\/\/www.europesays.com\/fr\/wp-json\/wp\/v2\/posts\/246431","targetHints":{"allow":["GET"]}}],"collection":[{"href":"https:\/\/www.europesays.com\/fr\/wp-json\/wp\/v2\/posts"}],"about":[{"href":"https:\/\/www.europesays.com\/fr\/wp-json\/wp\/v2\/types\/post"}],"author":[{"embeddable":true,"href":"https:\/\/www.europesays.com\/fr\/wp-json\/wp\/v2\/users\/2"}],"replies":[{"embeddable":true,"href":"https:\/\/www.europesays.com\/fr\/wp-json\/wp\/v2\/comments?post=246431"}],"version-history":[{"count":0,"href":"https:\/\/www.europesays.com\/fr\/wp-json\/wp\/v2\/posts\/246431\/revisions"}],"wp:featuredmedia":[{"embeddable":true,"href":"https:\/\/www.europesays.com\/fr\/wp-json\/wp\/v2\/media\/246432"}],"wp:attachment":[{"href":"https:\/\/www.europesays.com\/fr\/wp-json\/wp\/v2\/media?parent=246431"}],"wp:term":[{"taxonomy":"category","embeddable":true,"href":"https:\/\/www.europesays.com\/fr\/wp-json\/wp\/v2\/categories?post=246431"},{"taxonomy":"post_tag","embeddable":true,"href":"https:\/\/www.europesays.com\/fr\/wp-json\/wp\/v2\/tags?post=246431"}],"curies":[{"name":"wp","href":"https:\/\/api.w.org\/{rel}","templated":true}]}}