{"id":246435,"date":"2025-07-13T04:59:09","date_gmt":"2025-07-13T04:59:09","guid":{"rendered":"https:\/\/www.europesays.com\/fr\/246435\/"},"modified":"2025-07-13T04:59:09","modified_gmt":"2025-07-13T04:59:09","slug":"grenoble-ces-bureaux-de-poste-vendent-les-velos-des-facteurs-voici-a-quel-prix","status":"publish","type":"post","link":"https:\/\/www.europesays.com\/fr\/246435\/","title":{"rendered":"Grenoble. Ces bureaux de poste vendent les v\u00e9los des facteurs : voici \u00e0 quel prix"},"content":{"rendered":"<p>            Par<br \/>\n        <strong><br \/>\n            <a href=\"https:\/\/actu.fr\/auteur\/lisa-rodrigues\" title=\"Consulter tous les articles de Lisa Rodrigues\" rel=\"nofollow noopener\" target=\"_blank\">Lisa Rodrigues<\/a><br \/>\n        <\/strong><\/p>\n<p>        Publi\u00e9 le<\/p>\n<p>            13 juil. 2025 \u00e0 6h32        <\/p>\n<p>Habituellement, quand on se rend dans un bureau de poste, on s\u2019attend \u00e0 trouver des timbres, des enveloppes ou des colis, mais pas des <strong>v\u00e9los en vente<\/strong>. C\u2019est pourtant le cas dans trois bureaux de poste de l\u2019<a href=\"https:\/\/actu.fr\/auvergne-rhone-alpes\/isere_38\" rel=\"nofollow noopener\" target=\"_blank\">Is\u00e8re<\/a> depuis quelques jours.<\/p>\n<p class=\" wall-content\">Une premi\u00e8re pour le d\u00e9partement, selon <a href=\"https:\/\/actu.fr\/tag\/la-poste\" rel=\"nofollow noopener\" target=\"_blank\">La Poste<\/a>, qui souhaite ainsi \u00ab\u00a0encourager une consommation plus responsable\u00a0\u00bb.<\/p>\n<p>Des anciens v\u00e9los de facteurs<\/p>\n<p class=\" wall-content\">Dans le d\u00e9tail, les deux-roues sont des <strong>v\u00e9los \u00e0 assistance \u00e9lectrique<\/strong> anciennement utilis\u00e9s par les facteurs, reconditionn\u00e9s dans une entreprise d\u2019insertion, filiale du groupe La Poste.<\/p>\n<p class=\" wall-content\">\u00ab\u00a0Con\u00e7us avec un cadre en aluminium, ils sont adapt\u00e9s aussi bien aux hommes qu\u2019aux femmes et offrent une assistance au d\u00e9marrage par poign\u00e9e tournante\u00a0\u00bb, pr\u00e9cise l\u2019entreprise publique. La batterie, les \u00e9quipements de s\u00e9curit\u00e9, les chargeurs, la selle, les poign\u00e9es et les c\u00e2bles sont neufs.<\/p>\n<p class=\" wall-content\">La vente est ouverte aux <strong>particuliers<\/strong> (un si\u00e8ge enfant peut \u00eatre ajout\u00e9), mais aussi aux <strong>professionnels<\/strong> et aux <strong>collectivit\u00e9s<\/strong>.<\/p>\n<p>Vid\u00e9os : en ce moment sur Actu<\/p>\n<p class=\" wall-content\">C\u00f4t\u00e9 prix, comptez tout de m\u00eame <strong>1 490 \u20ac TTC<\/strong> pour un v\u00e9lo homologu\u00e9. Soit le montant des premiers prix des deux-roues \u00e9lectriques neufs de moyenne gamme, vendus dans le commerce.<\/p>\n<p>O\u00f9 les trouver<\/p>\n<p class=\" wall-content\">Voici les trois bureaux de poste o\u00f9 les v\u00e9los reconditionn\u00e9s peuvent \u00eatre achet\u00e9s :<\/p>\n<ul class=\" wall-content\">\n<li>Celui de <a href=\"https:\/\/actu.fr\/auvergne-rhone-alpes\/fontaine_38169\" rel=\"nofollow noopener\" target=\"_blank\">Fontaine<\/a> rive gauche, mail Marcel-Cachin,<\/li>\n<li>\u00c0 <a href=\"https:\/\/actu.fr\/auvergne-rhone-alpes\/grenoble_38185\" rel=\"nofollow noopener\" target=\"_blank\">Grenoble<\/a> R\u00e9publique, rue de de la R\u00e9publique,<\/li>\n<li>\u00c0 <a href=\"https:\/\/actu.fr\/auvergne-rhone-alpes\/la-verpilliere_38537\" rel=\"nofollow noopener\" target=\"_blank\">La Verpilli\u00e8re<\/a>, place du Dr-Ogier.<\/li>\n<\/ul>\n<p class=\" wall-content\">Un exemplaire de v\u00e9lo est expos\u00e9 \u00e0 l\u2019int\u00e9rieur du bureau de poste de Fontaine.\u00a0<\/p>\n<p>1 500 v\u00e9los reconditionn\u00e9s vendus<\/p>\n<p class=\" wall-content\">Cette op\u00e9ration a d\u00e9j\u00e0 eu lieu dans d\u2019autres r\u00e9gions de France, comme en Centre-Val-de-Loire ou en <a href=\"https:\/\/actu.fr\/ile-de-france\/paris_75056\/des-velos-de-facteur-mis-en-vente-par-la-poste-ou-en-acheter-a-paris-et-sa-petite-couronne-a-quel-prix_61793400.html\" rel=\"nofollow noopener\" target=\"_blank\">\u00cele-de-France<\/a>.<\/p>\n<p class=\" wall-content\">Depuis le lancement de ce programme de reconditionnement des anciens v\u00e9los de facteurs, plus de 1 500 deux-roues ont d\u00e9j\u00e0 \u00e9t\u00e9 vendus, selon La Poste.<\/p>\n<p class=\" wall-content\">Suivez toute l\u2019actualit\u00e9 de vos villes et m\u00e9dias favoris en vous inscrivant \u00e0 <a href=\"https:\/\/moncompte.actu.fr\" title=\"D\u00e9couvez Mon Actu\" rel=\"nofollow noopener\" data-trk=\"{&quot;cta&quot;:{&quot;action&quot;:&quot;https:\\\/\\\/moncompte.actu.fr&quot;,&quot;category&quot;:&quot;mon compte&quot;,&quot;from&quot;:&quot;article footer&quot;,&quot;name&quot;:&quot;Mon actu&quot;,&quot;type&quot;:&quot;cta&quot;}}\" target=\"_blank\">Mon Actu<\/a>.<\/p>\n","protected":false},"excerpt":{"rendered":"Par Lisa Rodrigues Publi\u00e9 le 13 juil. 2025 \u00e0 6h32 Habituellement, quand on se rend dans un bureau&hellip;\n","protected":false},"author":2,"featured_media":246436,"comment_status":"","ping_status":"","sticky":false,"template":"","format":"standard","meta":{"footnotes":""},"categories":[9566],"tags":[1111,11,2430,1777,674,1011,27,2731,3316,12,25,104,208],"class_list":{"0":"post-246435","1":"post","2":"type-post","3":"status-publish","4":"format-standard","5":"has-post-thumbnail","7":"category-grenoble","8":"tag-actu","9":"tag-actualites","10":"tag-auvergne-rhone-alpes","11":"tag-eu","12":"tag-europe","13":"tag-fr","14":"tag-france","15":"tag-grenoble","16":"tag-la-poste","17":"tag-news","18":"tag-republique-francaise","19":"tag-societe","20":"tag-velo"},"share_on_mastodon":{"url":"https:\/\/pubeurope.com\/@fr\/114844164136130540","error":""},"_links":{"self":[{"href":"https:\/\/www.europesays.com\/fr\/wp-json\/wp\/v2\/posts\/246435","targetHints":{"allow":["GET"]}}],"collection":[{"href":"https:\/\/www.europesays.com\/fr\/wp-json\/wp\/v2\/posts"}],"about":[{"href":"https:\/\/www.europesays.com\/fr\/wp-json\/wp\/v2\/types\/post"}],"author":[{"embeddable":true,"href":"https:\/\/www.europesays.com\/fr\/wp-json\/wp\/v2\/users\/2"}],"replies":[{"embeddable":true,"href":"https:\/\/www.europesays.com\/fr\/wp-json\/wp\/v2\/comments?post=246435"}],"version-history":[{"count":0,"href":"https:\/\/www.europesays.com\/fr\/wp-json\/wp\/v2\/posts\/246435\/revisions"}],"wp:featuredmedia":[{"embeddable":true,"href":"https:\/\/www.europesays.com\/fr\/wp-json\/wp\/v2\/media\/246436"}],"wp:attachment":[{"href":"https:\/\/www.europesays.com\/fr\/wp-json\/wp\/v2\/media?parent=246435"}],"wp:term":[{"taxonomy":"category","embeddable":true,"href":"https:\/\/www.europesays.com\/fr\/wp-json\/wp\/v2\/categories?post=246435"},{"taxonomy":"post_tag","embeddable":true,"href":"https:\/\/www.europesays.com\/fr\/wp-json\/wp\/v2\/tags?post=246435"}],"curies":[{"name":"wp","href":"https:\/\/api.w.org\/{rel}","templated":true}]}}