{"id":246441,"date":"2025-07-13T05:05:11","date_gmt":"2025-07-13T05:05:11","guid":{"rendered":"https:\/\/www.europesays.com\/fr\/246441\/"},"modified":"2025-07-13T05:05:11","modified_gmt":"2025-07-13T05:05:11","slug":"strasbourg-une-grosse-responsabilite-denvoyer-quelquun-en-prison-jure-dassises-il-raconte","status":"publish","type":"post","link":"https:\/\/www.europesays.com\/fr\/246441\/","title":{"rendered":"Strasbourg. \u00ab Une grosse responsabilit\u00e9 d\u2019envoyer quelqu\u2019un en prison \u00bb : jur\u00e9 d&rsquo;assises, il raconte"},"content":{"rendered":"<p>\u00c0 l\u2019ouverture du courrier lui annon\u00e7ant sa convocation obligatoire pour \u00eatre jur\u00e9 d\u2019assises, Guillaume Lux, 33 ans, a ressenti une forme \u00ab\u00a0d\u2019inqui\u00e9tude et d\u2019excitation\u00a0\u00bb. Pour cet ancien \u00e9tudiant en droit (quelques mois pass\u00e9s sur les bancs de la fac et quelques nuits \u00e0 faire la f\u00eate), la flamme pour la justice br\u00fble encore. \u00ab\u00a0C\u2019est un monde qui me fascine\u00a0\u00bb, sourit le Strasbourgeois, tir\u00e9 au sort, comme de nombreux citoyens au casier judiciaire vierge, inscrits sur les listes \u00e9lectorales.<\/p>\n<p>Mais avant de prendre place dans la salle et de prendre la mesure de la charge qui lui incombe, ce commercial pour une bo\u00eete informatique a \u00e9t\u00e9 form\u00e9 une journ\u00e9e. Une vid\u00e9o explicative le matin avec l\u2019intervention d\u2019avocats, d\u2019un procureur et de \u00ab\u00a0la cheffe d\u2019orchestre de la&#8230;<\/p>\n","protected":false},"excerpt":{"rendered":"\u00c0 l\u2019ouverture du courrier lui annon\u00e7ant sa convocation obligatoire pour \u00eatre jur\u00e9 d\u2019assises, Guillaume Lux, 33 ans, a&hellip;\n","protected":false},"author":2,"featured_media":246442,"comment_status":"","ping_status":"","sticky":false,"template":"","format":"standard","meta":{"footnotes":""},"categories":[2820],"tags":[1111,11,271,272,2880,1777,674,274,107,1011,27,775,12,25,640,2879],"class_list":{"0":"post-246441","1":"post","2":"type-post","3":"status-publish","4":"format-standard","5":"has-post-thumbnail","7":"category-strasbourg","8":"tag-actu","9":"tag-actualites","10":"tag-crime","11":"tag-delit-et-contravention","12":"tag-edition-strasbourg","13":"tag-eu","14":"tag-europe","15":"tag-faits-divers-justice","16":"tag-fil-info","17":"tag-fr","18":"tag-france","19":"tag-grand-est","20":"tag-news","21":"tag-republique-francaise","22":"tag-strasbourg","23":"tag-strasbourg-ville"},"share_on_mastodon":{"url":"https:\/\/pubeurope.com\/@fr\/114844186922114911","error":""},"_links":{"self":[{"href":"https:\/\/www.europesays.com\/fr\/wp-json\/wp\/v2\/posts\/246441","targetHints":{"allow":["GET"]}}],"collection":[{"href":"https:\/\/www.europesays.com\/fr\/wp-json\/wp\/v2\/posts"}],"about":[{"href":"https:\/\/www.europesays.com\/fr\/wp-json\/wp\/v2\/types\/post"}],"author":[{"embeddable":true,"href":"https:\/\/www.europesays.com\/fr\/wp-json\/wp\/v2\/users\/2"}],"replies":[{"embeddable":true,"href":"https:\/\/www.europesays.com\/fr\/wp-json\/wp\/v2\/comments?post=246441"}],"version-history":[{"count":0,"href":"https:\/\/www.europesays.com\/fr\/wp-json\/wp\/v2\/posts\/246441\/revisions"}],"wp:featuredmedia":[{"embeddable":true,"href":"https:\/\/www.europesays.com\/fr\/wp-json\/wp\/v2\/media\/246442"}],"wp:attachment":[{"href":"https:\/\/www.europesays.com\/fr\/wp-json\/wp\/v2\/media?parent=246441"}],"wp:term":[{"taxonomy":"category","embeddable":true,"href":"https:\/\/www.europesays.com\/fr\/wp-json\/wp\/v2\/categories?post=246441"},{"taxonomy":"post_tag","embeddable":true,"href":"https:\/\/www.europesays.com\/fr\/wp-json\/wp\/v2\/tags?post=246441"}],"curies":[{"name":"wp","href":"https:\/\/api.w.org\/{rel}","templated":true}]}}