{"id":246443,"date":"2025-07-13T05:06:09","date_gmt":"2025-07-13T05:06:09","guid":{"rendered":"https:\/\/www.europesays.com\/fr\/246443\/"},"modified":"2025-07-13T05:06:09","modified_gmt":"2025-07-13T05:06:09","slug":"pour-le-14-juillet-les-centres-commerciaux-de-nice-ouvriront-ils-leurs-portes","status":"publish","type":"post","link":"https:\/\/www.europesays.com\/fr\/246443\/","title":{"rendered":"Pour le 14-Juillet, les centres commerciaux de Nice ouvriront-ils leurs portes\u00a0?"},"content":{"rendered":"<p>            Par<br \/>\n        <strong><br \/>\n            <a href=\"https:\/\/actu.fr\/auteur\/thomas-blanc\" title=\"Consulter tous les articles de Thomas Blanc\" rel=\"nofollow noopener\" target=\"_blank\">Thomas Blanc<\/a><br \/>\n        <\/strong><\/p>\n<p>        Publi\u00e9 le<\/p>\n<p>            13 juil. 2025 \u00e0 5h58        <\/p>\n<p>Ce lundi 14\u00a0juillet, <strong>jour de F\u00eate nationale<\/strong>, offre un week-end prolong\u00e9 \u00e0 la plupart des Fran\u00e7ais. Il sera donc l\u2019occasion pour tout le monde d\u2019aller faire un tour dans <strong>les centres commerciaux<\/strong> de <a href=\"https:\/\/actu.fr\/?s=nice\" rel=\"nofollow noopener\" target=\"_blank\">Nice<\/a> et de ses alentours, en plus en pleine p\u00e9riode de soldes. Attention cependant, ils sont <strong>beaucoup \u00e0 modifier leurs horaires<\/strong> d\u2019ouverture pour cette journ\u00e9e sp\u00e9ciale. Toutes les informations sont d\u00e9taill\u00e9es ici.<\/p>\n<p>Aucune fermeture, horaires sp\u00e9ciaux<\/p>\n<p class=\" wall-content\">\u00c0 <strong>une semaine de la fin des soldes<\/strong>, les principaux centres commerciaux de la r\u00e9gion de Nice ouvriront leurs portes pour le 14-Juillet.<\/p>\n<p class=\" wall-content\">Beaucoup d\u2019entre eux fonctionneront sur des<strong> horaires r\u00e9duits<\/strong>, de quoi \u00eatre s\u00fbr de<strong> ne pas rater les festivit\u00e9s<\/strong> \u00e0 la nuit tomb\u00e9e.<\/p>\n<ul class=\" wall-content\">\n<li><strong>Cap 3000<\/strong>\u00a0: 11h \u00e0 19h au lieu de 10h \u00e0 20h30 pour les boutiques et 9h \u00e0 20h pour le Monoprix\u2009;<\/li>\n<li><strong>Shopping Promenade Riviera<\/strong>\u2009: 10h \u00e0 20h pour les commerces, minuit pour les restaurants et 01h pour le cin\u00e9ma\u2009;<\/li>\n<li><strong>Centre commercial TNL<\/strong>\u2009: 8h30-20h au lieu de 22h\u2009;<\/li>\n<li><strong>Centre commercial Lingosti\u00e8re<\/strong>\u2009: 10h \u00e0 19h au lieu de 20h\u2009;<\/li>\n<li><strong>Nic\u00e9toile<\/strong>\u2009: 11h-19h au lieu de 10h-20h\u2009;<\/li>\n<li><strong>Auchan La\u00a0Trinit\u00e9<\/strong>\u2009: de 8h \u00e0 20h au lieu de 21h30.<\/li>\n<\/ul>\n<p>Et les transports\u2009?<\/p>\n<p class=\" wall-content\">Attention, si vous devez vous d\u00e9placer en transports en commun, le r\u00e9seau Lignes d\u2019Azur applique <strong>les horaires de dimanches et jour f\u00e9ri\u00e9s<\/strong> ce lundi 14\u00a0juillet 2025.<\/p>\n<p class=\" wall-content\">Les lignes suivantes\u00a0ne circulent pas\u2009: 31, 34, 36, 37, 40, 41, 42, 47, 49, 52, 58, 68, 69, 89, CADAM Nord, CADAM Est, EXP2, EXP3, EXP4 et les navettes C\u0153ur de Vence 1, 2 et 3.<\/p>\n<p class=\" wall-content\">Les parcs relais Parcazur sont ouverts mais les agences commerciales ainsi que l\u2019Espace mobilit\u00e9s Lignes d\u2019Azur sont ferm\u00e9s. Les Lignes \u00e0 la Carte ne sont pas en service. Le service d\u00e9di\u00e9 aux personnes \u00e0 mobilit\u00e9 r\u00e9duite Mobil\u2019Azur suit les horaires adapt\u00e9s.<\/p>\n<p class=\" wall-content\">\u00c0 noter \u00e9galement, des lignes sont modifi\u00e9es \u00e0 Nice \u00e0 l\u2019occasion du d\u00e9fil\u00e9 du 14\u00a0juillet. Toutes les modifications sont disponibles <a href=\"https:\/\/www.lignesdazur.com\/perturbation\/13627\" rel=\"nofollow noopener\" target=\"_blank\">\u00e0 cette adresse.<\/a><\/p>\n<p class=\" wall-content\">Suivez toute l\u2019actualit\u00e9 de vos villes et m\u00e9dias favoris en vous inscrivant \u00e0 <a href=\"https:\/\/moncompte.actu.fr\" title=\"D\u00e9couvez Mon Actu\" rel=\"nofollow noopener\" data-trk=\"{&quot;cta&quot;:{&quot;action&quot;:&quot;https:\\\/\\\/moncompte.actu.fr&quot;,&quot;category&quot;:&quot;mon compte&quot;,&quot;from&quot;:&quot;article footer&quot;,&quot;name&quot;:&quot;Mon actu&quot;,&quot;type&quot;:&quot;cta&quot;}}\" target=\"_blank\">Mon Actu<\/a>.<\/p>\n","protected":false},"excerpt":{"rendered":"Par Thomas Blanc Publi\u00e9 le 13 juil. 2025 \u00e0 5h58 Ce lundi 14\u00a0juillet, jour de F\u00eate nationale, offre&hellip;\n","protected":false},"author":2,"featured_media":246444,"comment_status":"","ping_status":"","sticky":false,"template":"","format":"standard","meta":{"footnotes":""},"categories":[2819],"tags":[1111,11,215,1777,674,1011,27,1305,12,2401,882,25],"class_list":{"0":"post-246443","1":"post","2":"type-post","3":"status-publish","4":"format-standard","5":"has-post-thumbnail","7":"category-nice","8":"tag-actu","9":"tag-actualites","10":"tag-commerce","11":"tag-eu","12":"tag-europe","13":"tag-fr","14":"tag-france","15":"tag-lifestyle","16":"tag-news","17":"tag-nice","18":"tag-provence-alpes-cote-dazur","19":"tag-republique-francaise"},"share_on_mastodon":{"url":"https:\/\/pubeurope.com\/@fr\/114844190826817963","error":""},"_links":{"self":[{"href":"https:\/\/www.europesays.com\/fr\/wp-json\/wp\/v2\/posts\/246443","targetHints":{"allow":["GET"]}}],"collection":[{"href":"https:\/\/www.europesays.com\/fr\/wp-json\/wp\/v2\/posts"}],"about":[{"href":"https:\/\/www.europesays.com\/fr\/wp-json\/wp\/v2\/types\/post"}],"author":[{"embeddable":true,"href":"https:\/\/www.europesays.com\/fr\/wp-json\/wp\/v2\/users\/2"}],"replies":[{"embeddable":true,"href":"https:\/\/www.europesays.com\/fr\/wp-json\/wp\/v2\/comments?post=246443"}],"version-history":[{"count":0,"href":"https:\/\/www.europesays.com\/fr\/wp-json\/wp\/v2\/posts\/246443\/revisions"}],"wp:featuredmedia":[{"embeddable":true,"href":"https:\/\/www.europesays.com\/fr\/wp-json\/wp\/v2\/media\/246444"}],"wp:attachment":[{"href":"https:\/\/www.europesays.com\/fr\/wp-json\/wp\/v2\/media?parent=246443"}],"wp:term":[{"taxonomy":"category","embeddable":true,"href":"https:\/\/www.europesays.com\/fr\/wp-json\/wp\/v2\/categories?post=246443"},{"taxonomy":"post_tag","embeddable":true,"href":"https:\/\/www.europesays.com\/fr\/wp-json\/wp\/v2\/tags?post=246443"}],"curies":[{"name":"wp","href":"https:\/\/api.w.org\/{rel}","templated":true}]}}