{"id":246445,"date":"2025-07-13T05:07:10","date_gmt":"2025-07-13T05:07:10","guid":{"rendered":"https:\/\/www.europesays.com\/fr\/246445\/"},"modified":"2025-07-13T05:07:10","modified_gmt":"2025-07-13T05:07:10","slug":"la-metropole-de-nice-defend-lexemption-dune-commune-de-larriere-pays-a-la-loi-sru","status":"publish","type":"post","link":"https:\/\/www.europesays.com\/fr\/246445\/","title":{"rendered":"la m\u00e9tropole de Nice d\u00e9fend l\u2019exemption d\u2019une commune de l\u2019arri\u00e8re-pays \u00e0 la loi SRU"},"content":{"rendered":"<p>La m\u00e9tropole pr\u00e9sid\u00e9e par Christian Estrosi a vot\u00e9 vendredi matin en faveur d\u2019une nouvelle demande d\u2019exemption pour la commune de Levens, seule \u00e9ligible \u00e0 cette d\u00e9rogation, malgr\u00e9 la vive opposition des \u00e9cologistes qui d\u00e9noncent l\u2019ouverture d\u2019une \u00abbo\u00eete de Pandore\u00bb.<\/p>\n<p class=\"fig-paragraph\">Pour la troisi\u00e8me ann\u00e9e cons\u00e9cutive, la commune de\u00a0<a href=\"http:\/\/www.lefigaro.fr\/nice\/pres-de-nice-un-projet-de-centrale-photovoltaique-suspendu-par-la-justice-20250228\" data-fig-type=\"NewsFlash\" data-gtm-custom-categorie=\"navigation\" data-gtm-custom-action=\"crossclick\" data-gtm-custom-label=\"Contextuel\" data-gtm-event=\"customEventSPE\" data-fig-domain=\"LEFIGARO\" target=\"_blank\" rel=\"noopener\">Levens\u00a0<\/a>(Alpes-Maritimes) esp\u00e8re obtenir une exemption \u00e0 la\u00a0<a href=\"http:\/\/www.lefigaro.fr\/nice\/jean-leonetti-veut-faire-d-antibes-une-ville-pilote-de-l-assouplissement-de-la-loi-sru-en-faveur-des-classes-moyennes-20240506\" data-fig-type=\"NewsFlash\" data-gtm-custom-categorie=\"navigation\" data-gtm-custom-action=\"crossclick\" data-gtm-custom-label=\"Contextuel\" data-gtm-event=\"customEventSPE\" data-fig-domain=\"LEFIGARO\" target=\"_blank\" rel=\"noopener\">loi SRU<\/a>, qui impose aux communes un taux de 25 % de logements sociaux. R\u00e9unis en conseil m\u00e9tropolitain vendredi matin, les \u00e9lus ont vot\u00e9 \u00e0 la majorit\u00e9 en faveur du d\u00e9p\u00f4t d\u2019une nouvelle demande de d\u00e9rogation aupr\u00e8s du pr\u00e9fet.<\/p>\n<p class=\"fig-paragraph\">Levens est la seule commune de\u00a0<a href=\"http:\/\/www.lefigaro.fr\/nice\/metropole-de-nice-estrosi-retire-les-delegations-a-deux-maires-en-raison-de-leur-participation-a-un-meeting-de-ciotti-20250305\" data-fig-type=\"NewsFlash\" data-gtm-custom-categorie=\"navigation\" data-gtm-custom-action=\"crossclick\" data-gtm-custom-label=\"Contextuel\" data-gtm-event=\"customEventSPE\" data-fig-domain=\"LEFIGARO\" target=\"_blank\" rel=\"noopener\">la m\u00e9tropole de Nice<\/a>\u00a0\u00e0 remplir les crit\u00e8res l\u00e9gaux pour solliciter ce dispositif. En 2008, elle comptait 1791 r\u00e9sidences principales pour 11 logements sociaux, soit un taux de 0,61 %. Au 1er janvier 2024, le chiffre s\u2019\u00e9tablissait \u00e0 2296 r\u00e9sidences principales et 301 logements sociaux, soit 13,1 %, selon les informations de la m\u00e9tropole. Une progression notable mais encore loin des 25 % requis par la loi. Le maire (LR) de Levens, Antoine V\u00e9ran, estime qu\u2019il sera difficile d\u2019aller au-del\u00e0. \u00abNous ne pourrons pas aller au-del\u00e0, pour des questions de foncier et de demande\u00bb, a-t-il justifi\u00e9 au micro de BFM C\u00f4te d\u2019Azur, soulignant l\u2019\u00e9loignement de sa commune par rapport \u00e0 la ville de Nice\u00a0: \u00abSi c\u2019est pour importer des gens qui, lorsqu\u2019ils arrivent, trouvent que le transport est trop cher et le co\u00fbt de la vie trop \u00e9lev\u00e9 pour se rendre au travail \u2013 ce qui est vrai \u2013, \u00e7a ne vaut pas la peine.\u00bb<\/p>\n<p>                                    <a class=\"fig-a11y-skip a11y-hidden\" href=\"#fig-a11y-skip-main-inarticle\"><br \/>\n        Passer la publicit\u00e9<br \/>\n    <\/a><\/p>\n<p>\u00abUne br\u00e8che politique\u00bb<\/p>\n<p class=\"fig-paragraph\">Il revendique aussi le maintien de la douceur de vivre dans cette commune rurale de l\u2019arri\u00e8re-pays, o\u00f9 les habitations s\u2019ins\u00e8rent dans un environnement naturel pr\u00e9serv\u00e9. Ce positionnement n\u2019a, sans surprise, pas \u00e9chapp\u00e9 aux critiques de la gauche m\u00e9tropolitaine.\u00a0<a href=\"http:\/\/www.lefigaro.fr\/nice\/nice-passe-d-armes-sur-le-comite-d-ethique-de-la-ville-apres-la-demission-d-un-elu-ecologiste-ex-president-d-anticor-20241219\" data-fig-type=\"NewsFlash\" data-gtm-custom-categorie=\"navigation\" data-gtm-custom-action=\"crossclick\" data-gtm-custom-label=\"Contextuel\" data-gtm-event=\"customEventSPE\" data-fig-domain=\"LEFIGARO\" target=\"_blank\" rel=\"noopener\">Juliette Chesnel-Le Roux<\/a>, chef de file des \u00e9cologistes \u00e0 Nice, s\u2019est oppos\u00e9e avec fermet\u00e9 \u00e0 la d\u00e9lib\u00e9ration. \u00abLevens n\u2019est ni isol\u00e9e ni faiblement attractive. Elle fait partie de l\u2019aire d\u2019attraction de Nice, selon l\u2019Insee. Elle est \u00e0 moins de 30 minutes en voiture de zones d\u2019emploi majeures comme Carros ou l\u2019\u00c9covall\u00e9e\u00bb, a-t-elle rappel\u00e9.<\/p>\n<p class=\"fig-paragraph\">Selon l\u2019\u00e9lue, cette demande d\u2019exemption constituerait \u00abune br\u00e8che politique\u00bb\u00a0: \u00abC\u2019est l\u2019ouverture d\u2019une bo\u00eete de Pandore, une remise en cause sournoise de la loi SRU, au moment m\u00eame o\u00f9 33.000 demandes de logements sociaux restent insatisfaites dans la m\u00e9tropole.\u00bb Dans le camp oppos\u00e9, Jean Moucheboeuf, \u00e9lu du groupe Retrouver Nice, a d\u00e9nonc\u00e9 \u00ables contraintes absurdes d\u2019une loi socialiste et communiste, sc\u00e9l\u00e9rate, injuste et \u00e9loign\u00e9e des r\u00e9alit\u00e9s locales\u00bb, estimant qu\u2019elle \u00abp\u00e9nalise injustement nos communes\u00bb par \u00abdes obligations irr\u00e9alistes\u00bb et des \u00absanctions financi\u00e8res injustifi\u00e9es\u00bb.<\/p>\n<p>Contraintes g\u00e9ographiques<\/p>\n<p class=\"fig-paragraph\">Pour\u00a0<a href=\"http:\/\/www.lefigaro.fr\/nice\/a-nice-le-tout-puissant-couple-borre-derriere-christian-estrosi-20230630\" data-fig-type=\"Article\" data-gtm-custom-categorie=\"navigation\" data-gtm-custom-action=\"crossclick\" data-gtm-custom-label=\"Contextuel\" data-gtm-event=\"customEventSPE\" data-fig-domain=\"LEFIGARO\" target=\"_blank\" rel=\"noopener\">Anthony Borr\u00e9<\/a>, vice-pr\u00e9sident de la M\u00e9tropole et premier adjoint de\u00a0<a href=\"http:\/\/www.lefigaro.fr\/nice\/interdiction-des-paquebots-xxl-a-nice-le-prefet-saisit-le-tribunal-administratif-contre-l-arrete-illegal-d-estrosi-20250711\" data-fig-type=\"NewsFlash\" data-gtm-custom-categorie=\"navigation\" data-gtm-custom-action=\"crossclick\" data-gtm-custom-label=\"Contextuel\" data-gtm-event=\"customEventSPE\" data-fig-domain=\"LEFIGARO\" target=\"_blank\" rel=\"noopener\">Christian Estrosi<\/a>\u00a0\u00e0 la Ville de Nice, cette exemption est pleinement justifi\u00e9e. Ce dernier ne s\u2019est ainsi pas priv\u00e9 de tancer vertement l\u2019\u00e9lue \u00e9cologiste. \u00abMadame Chesnel, non content d\u2019avoir obtenu que ce taux passe de 20 \u00e0 25 % vient nous dire\u00a0: \u201cLa loi pr\u00e9voit des exemptions, au secours, c\u2019est un scandale, il ne faut surtout pas que ces crit\u00e8res l\u00e9gaux jouent \u00e0 plein et faisons en sorte que chaque maire de la m\u00e9tropole puisse \u00eatre tax\u00e9, p\u00e9nalis\u00e9 par l\u2019\u00c9tat, sanctionn\u00e9, peu importe sa configuration, ses contraintes, sa volont\u00e9 politique de faire du logement\u201d. Quelle belle vision de la soci\u00e9t\u00e9\u00a0!\u00bb, a-t-il d\u00e9clar\u00e9.<\/p>\n<p class=\"fig-paragraph\">Et de poursuivre, soulignant les contraintes g\u00e9ographiques de la r\u00e9gion\u00a0: \u00abNotre m\u00e9tropole n\u2019est pas la Corr\u00e8ze ou le Cantal. [&#8230;] Et donc oui, il y a des exemptions et je regrette que la commune de Levens soit la seule \u00e0 pouvoir en b\u00e9n\u00e9ficier.\u00bb Le rapport a \u00e9t\u00e9 adopt\u00e9. Le dossier sera prochainement entre les mains du pr\u00e9fet de r\u00e9gion qui, au nom de l\u2019\u00c9tat, prendra la d\u00e9cision finale par arr\u00eat\u00e9.<\/p>\n","protected":false},"excerpt":{"rendered":"La m\u00e9tropole pr\u00e9sid\u00e9e par Christian Estrosi a vot\u00e9 vendredi matin en faveur d\u2019une nouvelle demande d\u2019exemption pour la&hellip;\n","protected":false},"author":2,"featured_media":246446,"comment_status":"","ping_status":"","sticky":false,"template":"","format":"standard","meta":{"footnotes":""},"categories":[2819],"tags":[1111,11,10285,2397,1777,674,1011,27,6459,12,2401,882,25],"class_list":{"0":"post-246445","1":"post","2":"type-post","3":"status-publish","4":"format-standard","5":"has-post-thumbnail","7":"category-nice","8":"tag-actu","9":"tag-actualites","10":"tag-amenagement-du-territoire","11":"tag-christian-estrosi","12":"tag-eu","13":"tag-europe","14":"tag-fr","15":"tag-france","16":"tag-logements-sociaux","17":"tag-news","18":"tag-nice","19":"tag-provence-alpes-cote-dazur","20":"tag-republique-francaise"},"share_on_mastodon":{"url":"https:\/\/pubeurope.com\/@fr\/114844194797301086","error":""},"_links":{"self":[{"href":"https:\/\/www.europesays.com\/fr\/wp-json\/wp\/v2\/posts\/246445","targetHints":{"allow":["GET"]}}],"collection":[{"href":"https:\/\/www.europesays.com\/fr\/wp-json\/wp\/v2\/posts"}],"about":[{"href":"https:\/\/www.europesays.com\/fr\/wp-json\/wp\/v2\/types\/post"}],"author":[{"embeddable":true,"href":"https:\/\/www.europesays.com\/fr\/wp-json\/wp\/v2\/users\/2"}],"replies":[{"embeddable":true,"href":"https:\/\/www.europesays.com\/fr\/wp-json\/wp\/v2\/comments?post=246445"}],"version-history":[{"count":0,"href":"https:\/\/www.europesays.com\/fr\/wp-json\/wp\/v2\/posts\/246445\/revisions"}],"wp:featuredmedia":[{"embeddable":true,"href":"https:\/\/www.europesays.com\/fr\/wp-json\/wp\/v2\/media\/246446"}],"wp:attachment":[{"href":"https:\/\/www.europesays.com\/fr\/wp-json\/wp\/v2\/media?parent=246445"}],"wp:term":[{"taxonomy":"category","embeddable":true,"href":"https:\/\/www.europesays.com\/fr\/wp-json\/wp\/v2\/categories?post=246445"},{"taxonomy":"post_tag","embeddable":true,"href":"https:\/\/www.europesays.com\/fr\/wp-json\/wp\/v2\/tags?post=246445"}],"curies":[{"name":"wp","href":"https:\/\/api.w.org\/{rel}","templated":true}]}}