{"id":246458,"date":"2025-07-13T05:15:15","date_gmt":"2025-07-13T05:15:15","guid":{"rendered":"https:\/\/www.europesays.com\/fr\/246458\/"},"modified":"2025-07-13T05:15:15","modified_gmt":"2025-07-13T05:15:15","slug":"pilates-reformer-yoga-le-sud-de-lille-se-dote-enfin-dun-studio-a-la-pointe-des-tendances-bien-etre","status":"publish","type":"post","link":"https:\/\/www.europesays.com\/fr\/246458\/","title":{"rendered":"Pilates Reformer, yoga\u2026 Le sud de Lille se dote enfin d\u2019un studio \u00e0 la pointe des tendances bien-\u00eatre"},"content":{"rendered":"<p>            Par<br \/>\n        <strong><br \/>\n            <a href=\"https:\/\/actu.fr\/auteur\/hervine-mahaud\" title=\"Consulter tous les articles de Hervine Mahaud\" target=\"_blank\" rel=\"noopener\">Hervine Mahaud<\/a><br \/>\n        <\/strong><\/p>\n<p>        Publi\u00e9 le<\/p>\n<p>            13 juil. 2025 \u00e0 6h30        <\/p>\n<p>C\u2019est le genre de lieu tr\u00e8s en vogue sur <b>Instagram<\/b>, que l\u2019on voit plut\u00f4t fleurir dans les beaux quartiers de la <b>m\u00e9tropole lilloise<\/b>. Si bien que les habitants du sud de <b>Lille<\/b> ont pu se demander, un temps, s\u2019ils n\u2019\u00e9taient pas les laiss\u00e9s-pour-compte des <b>derni\u00e8res tendances<\/b>, notamment en termes de <b>bien-\u00eatre<\/b>. Depuis le 30\u00a0juin 2025, c\u2019est moins le cas gr\u00e2ce \u00e0 l\u2019ouverture de <b>Studio Sola<\/b>, un <b>centre de bien-\u00eatre \u00e0 taille humaine<\/b> o\u00f9 l\u2019on peut pratiquer le tr\u00e8s en vogue <b>Pilates Reformer<\/b>, le Pilates tapis ou le <b>yoga<\/b>. Le tout dans un cadre \u00e9l\u00e9gant o\u00f9 chaque d\u00e9tail a \u00e9t\u00e9 pens\u00e9 et soign\u00e9.<\/p>\n<p>Le Pilates Reformer d\u00e9sormais accessible aux habitants du sud de la m\u00e9tropole lilloise<\/p>\n<p class=\" wall-content\">Ces derni\u00e8res ann\u00e9es, nombreuses sont les influenceuses Instagram \u00e0 s\u2019\u00eatre film\u00e9es en pleine s\u00e9ance de Pilates Reformer. Si bien que, peu \u00e0 peu, les studios de yoga et Pilates ont fini par s\u2019\u00e9quiper de ces <b>\u00e9tonnantes machines<\/b>. Pourtant, elles n\u2019ont en r\u00e9alit\u00e9 rien de nouveau. \u00ab\u2009C\u2019est <b>Joseph Pilates, le cr\u00e9ateur de la c\u00e9l\u00e8bre m\u00e9thode Pilates<\/b>, qui avait aussi invent\u00e9 cette <b>machine<\/b>. Mais c\u2019\u00e9tait tr\u00e8s <b>archa\u00efque<\/b> \u00e0 l\u2019\u00e9poque\u2009\u00bb, raconte Gaylord Ansel, 30\u00a0ans.<\/p>\n<p>    <img   decoding=\"async\" loading=\"lazy\" class=\"size-large\" src=\"https:\/\/www.europesays.com\/fr\/wp-content\/uploads\/2025\/07\/1489a5b7617863889a5b761787c89av-960x640.jpg\" alt=\"studio sola pilates reformer yoga lille sud wattignies\" width=\"960\" height=\"640\"\/><br \/>\n    Le\u00a0Pilates Reformer\u00a0permet un travail en profondeur des muscles tout en pr\u00e9servant les articulations gr\u00e2ce \u00e0 la r\u00e9sistance r\u00e9glable de la machine \u00a9Hervine Mahaud<\/p>\n<p class=\" wall-content\">Avec sa compagne Camille Fremaux, il d\u00e9couvre cette pratique particuli\u00e8rement int\u00e9ressante pour <b>travailler la posture et les muscles profonds<\/b>.<\/p>\n<p class=\" wall-content\">\u00ab\u2009On voulait\u00a0se lancer dans un projet bien-\u00eatre et comme on a vu qu\u2019il n\u2019y avait aucune proposition de Pilates Reformer au sud de Lille, on a eu envie de rendre cela <b>accessible \u00e0 tout le monde, sans avoir \u00e0 faire des kilom\u00e8tres<\/b>.\u2009\u00bb<\/p>\n<p>    <img   decoding=\"async\" loading=\"lazy\" class=\"size-large\" src=\"https:\/\/www.europesays.com\/fr\/wp-content\/uploads\/2025\/07\/cc23b5b761786b033b5b761788433bv-960x640.jpg\" alt=\"studio sola pilates reformer yoga lille sud wattignies\" width=\"960\" height=\"640\"\/><br \/>\n    Studio Sola s\u2019est install\u00e9 dans un ancien cabinet de m\u00e9decin, au 36 rue Philippe de Girard \u00e0 Wattignies\u2009; \u00a9Hervine Mahaud<\/p>\n<p class=\" wall-content\">En couple, <b>ils m\u00e9tamorphosent un ancien cabinet de m\u00e9decin situ\u00e9 \u00e0 Wattignies<\/b> en un espace digne des plus beaux studios californiens. Le talent de d\u00e9coratrice d\u2019int\u00e9rieur de Camille a \u00e9t\u00e9 de penser tout dans les moindres d\u00e9tails. Lumi\u00e8re douce, courbes, pierre naturelle\u2026 M\u00eame les accessoires et les machines de Pilates Reformer sont aux couleurs de Studio Sola.<\/p>\n<p class=\" wall-content\"><a href=\"https:\/\/www.instagram.com\/p\/DL5bL04sA0u\/embed\" title=\"Ouvrir le lien sur Instagram\" target=\"_blank\" rel=\"noopener\">Visualiser le contenu sur Instagram<\/a><\/p>\n<p>Pilates Reformer, Pilates tapis et yoga\u2009: trois disciplines compl\u00e9mentaires<\/p>\n<p class=\" wall-content\">C\u2019est donc dans cet <b>espace \u00e0 la fois \u00e9l\u00e9gant et cosy<\/b> que Studio Sola propose trois disciplines compl\u00e9mentaires. Le <b>yoga<\/b> y est enseign\u00e9 dans une approche dite <b>\u00ab\u2009th\u00e9rapeutique\u2009\u00bb<\/b>\u2009: lente, fluide, centr\u00e9e sur la respiration. On y encha\u00eene des mouvements doux, presque m\u00e9ditatifs, toujours dans l\u2019\u00e9coute du corps. Le <b>Pilates sur tapis<\/b> mobilise quant \u00e0 lui l<b>a posture, la stabilit\u00e9 et la respiration<\/b>, \u00e0 travers une s\u00e9rie d\u2019exercices pr\u00e9cis visant \u00e0 renforcer les muscles profonds.<\/p>\n<p>    <img   decoding=\"async\" loading=\"lazy\" class=\"size-large\" src=\"https:\/\/www.europesays.com\/fr\/wp-content\/uploads\/2025\/07\/4bd895b7617862fd895b7617803e89v-960x640.jpg\" alt=\"studio sola pilates reformer yoga lille sud wattignies\" width=\"960\" height=\"640\"\/><br \/>\n    Des s\u00e9ances de yoga th\u00e9rapeutiques sont propos\u00e9es. \u00a9Hervine Mahaud<\/p>\n<p class=\" wall-content\">Enfin, pour celles et ceux qui souhaitent aller plus loin dans le <b>travail postural et musculaire<\/b>, le <b>Pilates Reformer<\/b> utilise une <b>machine \u00e9quip\u00e9e de ressorts et de sangles<\/b>, permettant un <b>accompagnement en douceur mais en profondeur<\/b>. Le tout se fait en <b>tr\u00e8s petits groupes,<\/b> (quatre personnes maximum pour le Reformer, six pour les autres cours) afin de garantir un suivi individualis\u00e9, attentif et s\u00e9curisant.<\/p>\n<p class=\" wall-content\">\u00ab\u2009C\u2019est notre force compar\u00e9 \u00e0 d\u2019autres lieux accueillants plus d\u2019\u00e9l\u00e8ves en un seul cours. Ici, on a le prof en direct,<b> on peut vraiment am\u00e9liorer ses postures et progresser<\/b>. C\u2019est un gros avantage\u2009\u00bb, souligne Gaylord.<\/p>\n<p class=\" wall-content\">Il assure aussi que peu importe son niveau, les diff\u00e9rentes pratiques sont <b>accessibles \u00e0 tous les publics, m\u00eame les d\u00e9butants<\/b>. \u00ab\u2009C\u2019est aussi adapt\u00e9 pour les <b>femmes enceintes<\/b>. Et m\u00eame en cas de <b>blessure<\/b>, avec un suivi chez le kin\u00e9 et un avis m\u00e9dical, c\u2019est tr\u00e8s int\u00e9ressant de se mettre au Pilates ou au yoga.\u2009\u00bb<\/p>\n<p>Des tarifs int\u00e9ressants pour le lancement<\/p>\n<p class=\" wall-content\">Pour d\u00e9couvrir les disciplines propos\u00e9es, Studio Sola a mis en place des prix r\u00e9duits pour le cours d\u2019essai\u2009: 17\u00a0\u20ac pour le Pilates tapis\u2009; 20\u00a0\u20ac pour le yoga\u2009; 30\u00a0\u20ac pour le Pilates Reformer. Un pack d\u00e9couverte \u00e0 60\u00a0\u20ac permet d\u2019assister aux trois cours propos\u00e9s.<\/p>\n<p class=\" wall-content\">Enfin des packs de 5 et 10 s\u00e9ances sont propos\u00e9s. Bon plan pour l\u2019ouverture\u2009: le code \u00ab\u2009LANCEMENT\u2009\u00bb donne droit \u00e0 10\u2009% de r\u00e9duction sur tout.<\/p>\n<p class=\" wall-content\">En dehors de cette offre, les tarifs sont similaires \u00e0 ceux pratiqu\u00e9s par les autres studios, avec le c\u00f4t\u00e9 personnalis\u00e9 en plus. Par ailleurs, ici, il n\u2019y a que sa tenue \u00e0 ramener. \u00ab\u2009On fournit les tapis et le mat\u00e9riel\u2009\u00bb, souligne le co-fondateur. Il n\u2019y a plus qu\u2019\u00e0 venir tester\u2009!<\/p>\n<p>Infos pratiques\u2009: Studio Sola, 36 rue Philippe de Girard, 59\u2009139 Wattignies. R\u00e9sas et infos <a href=\"https:\/\/studiosola.fr\/\" target=\"_blank\" rel=\"noopener\">sur le site du studio<\/a>.<\/p>\n<p class=\" wall-content\">Suivez toute l\u2019actualit\u00e9 de vos villes et m\u00e9dias favoris en vous inscrivant \u00e0 <a href=\"https:\/\/moncompte.actu.fr\" title=\"D\u00e9couvez Mon Actu\" rel=\"nofollow noopener\" data-trk=\"{&quot;cta&quot;:{&quot;action&quot;:&quot;https:\\\/\\\/moncompte.actu.fr&quot;,&quot;category&quot;:&quot;mon compte&quot;,&quot;from&quot;:&quot;article footer&quot;,&quot;name&quot;:&quot;Mon actu&quot;,&quot;type&quot;:&quot;cta&quot;}}\" target=\"_blank\">Mon Actu<\/a>.<\/p>\n<p>                    <script async src=\"\/\/www.instagram.com\/embed.js\"><\/script><\/p>\n","protected":false},"excerpt":{"rendered":"Par Hervine Mahaud Publi\u00e9 le 13 juil. 2025 \u00e0 6h30 C\u2019est le genre de lieu tr\u00e8s en vogue&hellip;\n","protected":false},"author":2,"featured_media":246459,"comment_status":"","ping_status":"","sticky":false,"template":"","format":"standard","meta":{"footnotes":""},"categories":[2815],"tags":[1111,11,4983,1777,674,1011,27,811,1307,1652,12,3147,25,71],"class_list":{"0":"post-246458","1":"post","2":"type-post","3":"status-publish","4":"format-standard","5":"has-post-thumbnail","7":"category-lille","8":"tag-actu","9":"tag-actualites","10":"tag-bien-etre","11":"tag-eu","12":"tag-europe","13":"tag-fr","14":"tag-france","15":"tag-hauts-de-france","16":"tag-lille","17":"tag-loisirs-culture","18":"tag-news","19":"tag-nouveaux-commerces","20":"tag-republique-francaise","21":"tag-sante"},"share_on_mastodon":{"url":"https:\/\/pubeurope.com\/@fr\/114844226353615176","error":""},"_links":{"self":[{"href":"https:\/\/www.europesays.com\/fr\/wp-json\/wp\/v2\/posts\/246458","targetHints":{"allow":["GET"]}}],"collection":[{"href":"https:\/\/www.europesays.com\/fr\/wp-json\/wp\/v2\/posts"}],"about":[{"href":"https:\/\/www.europesays.com\/fr\/wp-json\/wp\/v2\/types\/post"}],"author":[{"embeddable":true,"href":"https:\/\/www.europesays.com\/fr\/wp-json\/wp\/v2\/users\/2"}],"replies":[{"embeddable":true,"href":"https:\/\/www.europesays.com\/fr\/wp-json\/wp\/v2\/comments?post=246458"}],"version-history":[{"count":0,"href":"https:\/\/www.europesays.com\/fr\/wp-json\/wp\/v2\/posts\/246458\/revisions"}],"wp:featuredmedia":[{"embeddable":true,"href":"https:\/\/www.europesays.com\/fr\/wp-json\/wp\/v2\/media\/246459"}],"wp:attachment":[{"href":"https:\/\/www.europesays.com\/fr\/wp-json\/wp\/v2\/media?parent=246458"}],"wp:term":[{"taxonomy":"category","embeddable":true,"href":"https:\/\/www.europesays.com\/fr\/wp-json\/wp\/v2\/categories?post=246458"},{"taxonomy":"post_tag","embeddable":true,"href":"https:\/\/www.europesays.com\/fr\/wp-json\/wp\/v2\/tags?post=246458"}],"curies":[{"name":"wp","href":"https:\/\/api.w.org\/{rel}","templated":true}]}}