{"id":246462,"date":"2025-07-13T05:17:11","date_gmt":"2025-07-13T05:17:11","guid":{"rendered":"https:\/\/www.europesays.com\/fr\/246462\/"},"modified":"2025-07-13T05:17:11","modified_gmt":"2025-07-13T05:17:11","slug":"le-rn-peut-creer-la-surprise-assure-franck-allisio","status":"publish","type":"post","link":"https:\/\/www.europesays.com\/fr\/246462\/","title":{"rendered":"\u00ab\u00a0Le RN peut cr\u00e9er la surprise\u00a0\u00bb, assure Franck Allisio"},"content":{"rendered":"<p>            Par<br \/>\n        <strong><br \/>\n            <a href=\"https:\/\/actu.fr\/auteur\/thibault-nadal-actu-fr\" title=\"Consulter tous les articles de Thibault Nadal\" rel=\"nofollow noopener\" target=\"_blank\">Thibault Nadal<\/a><br \/>\n        <\/strong><\/p>\n<p>        Publi\u00e9 le<\/p>\n<p>            13 juil. 2025 \u00e0 6h00        <\/p>\n<p><strong>EXCLUSIF<\/strong>. Il est le premier \u00e0 s\u2019\u00eatre jet\u00e9 dans l\u2019ar\u00e8ne. Le 18\u00a0juin 2025, <a href=\"https:\/\/actu.fr\/provence-alpes-cote-d-azur\/marseille_13055\/municipales-2026-a-marseille-franck-allisio-officialise-sa-candidature-pour-le-rn_62787473.html\" rel=\"nofollow noopener\" target=\"_blank\">Franck Allisio<\/a>, d\u00e9put\u00e9 (RN) des Bouches-du-Rh\u00f4ne, annon\u00e7ait sa candidature pour <a href=\"https:\/\/actu.fr\/marseille\/politique\/elections-municipales\" rel=\"nofollow noopener\" target=\"_blank\">les \u00e9lections municipales<\/a> \u00e0 <a href=\"https:\/\/actu.fr\/marseille\/\" rel=\"nofollow noopener\" target=\"_blank\">Marseille<\/a>. Une r\u00e9compense pour ce <strong>Marseillais de naissance<\/strong>, devenu depuis quelques ann\u00e9es la v\u00e9ritable figure du Rassemblement national dans le d\u00e9partement. Un mois plus tard, le candidat du <a href=\"https:\/\/actu.fr\/tag\/rassemblement-national-rn\" rel=\"nofollow noopener\" target=\"_blank\">Rassemblement national<\/a> a accord\u00e9 un long entretien \u00e0 actu Marseille. L\u2019occasion de faire un premier bilan sur son d\u00e9but de campagne et les \u00e9ch\u00e9ances \u00e0 venir.<\/p>\n<p class=\" wall-content\"><strong>Propos recueillis par Thibault Nadal, avec Fabien Binacchi<\/strong><\/p>\n<p>\u00ab\u2009Si une information judiciaire a \u00e9t\u00e9 d\u00e9clench\u00e9e, c\u2019est parce que je suis candidat \u00e0 la mairie de Marseille\u2009\u00bb<\/p>\n<p class=\"ac-article-content__question wall-content\"><strong class=\"color-primary\">Actu : <\/strong>Ce jeudi, on a appris que le RN \u00e9tait vis\u00e9 par une enqu\u00eate pour des soup\u00e7ons de financement ill\u00e9gal de campagnes \u00e9lectorales lors des municipales de 2020, notamment \u00e0 Marseille. Comment vous positionnez-vous ?<\/p>\n<p class=\" wall-content\"><strong class=\"color-primary\">Franck Allisio : <\/strong>Sur la question des pr\u00eats, Marine (Le Pen) et Jordan (Bardella) parlent d&rsquo;acharnement. C&rsquo;est compliqu\u00e9 de le d\u00e9finir autrement (&#8230;) Pour l&rsquo;instant, je ne vois que de la gesticulation m\u00e9diatico-politique. Si dans un pays, l&rsquo;opposition n&rsquo;a plus aucun moyen &#8211; et c&rsquo;est qui se passe en France &#8211; pour se financer, on sort de la d\u00e9mocratie. Les banques ne veulent pas financer le RN parce qu&rsquo;elles ont peur des gouvernants. Quand il y a des banques \u00e9trang\u00e8res, on nous parle d&rsquo;ing\u00e9rence. Notre solution, c&rsquo;est de demander aux Fran\u00e7ais directement. Si on ne permet pas \u00e7a, la politique sera r\u00e9serv\u00e9e aux riches et aux puissants.<\/p>\n<p class=\"ac-article-content__question wall-content\">Vous \u00eates vous-m\u00eame vis\u00e9 par une enqu\u00eate sur des soup\u00e7ons de d\u00e9tournement des moyens mis \u00e0 la disposition de son parti par la R\u00e9gion&#8230;<\/p>\n<p class=\" wall-content\"><strong class=\"color-primary\">F. A. : <\/strong>C\u2019est anecdotique et je suis \u00e0 la disposition des juges. Les juges veulent savoir comment j\u2019ai utilis\u00e9 ma voiture de service en tant que pr\u00e9sident de groupe au Conseil r\u00e9gional. Tout le monde, car je ne suis pas d\u2019une nature suspicieuse &#8211; me dit que si je n\u2019avais pas \u00e9t\u00e9 candidat, il n\u2019y aurait jamais eu de d\u00e9clenchement de l\u2019article\u00a040. Des petites histoires comme \u00e7a, il y a en tous les jours. Mais normalement, \u00e7a ne d\u00e9passe jamais le mur des r\u00e9seaux sociaux. Si l\u00e0, \u00e7a va jusqu\u2019\u00e0 d\u00e9clencher une information judiciaire, c\u2019est parce que je suis candidat \u00e0 la mairie de Marseille et que je suis haut plac\u00e9 dans les sondages. Si j\u2019\u00e9tais \u00e0 5\u2009%, il n\u2019y aurait pas eu d\u2019ouverture d\u2019information.<\/p>\n<p>\u00ab\u2009La loi PLM est un progr\u00e8s pour Marseille\u2009\u00bb<\/p>\n<p class=\"ac-article-content__question wall-content\">La loi PLM, qui modifie le mode de scrutin \u00e0 Marseille, a \u00e9t\u00e9 d\u00e9finitivement adopt\u00e9e \u00e0 l\u2019Assembl\u00e9e nationale. Vous avez vot\u00e9 pour. J\u2019imagine que vous \u00eates satisfait.<\/p>\n<p class=\" wall-content\"><strong class=\"color-primary\">F.A. : <\/strong>C\u2019est un progr\u00e8s pour les Marseillais. Je suis content de voter beaucoup plus directement qu\u2019avant pour le maire de Marseille et pour le maire d\u2019arrondissement, car c\u2019est tout l\u2019int\u00e9r\u00eat de cette r\u00e9forme. Avant, tout cela se faisait dans les arri\u00e8re-boutiques. Entre les deux tours, la gauche et la droite macroniste s\u2019appelaient en cachette pour dire\u2009: \u00ab\u2009je me retire dans ce secteur et tu te retires dans celui-l\u00e0\u2009\u00bb. Je ne supportais pas cette politique qui se faisait dans et sur le dos des Marseillais. Ce qui me pla\u00eet, c\u2019est la transparence et la clart\u00e9.<\/p>\n<p class=\"ac-article-content__question wall-content\">Avantage-t-elle le RN\u2009?<\/p>\n<p class=\" wall-content\"><strong class=\"color-primary\">F.A. : <\/strong>C\u2019est neutre. On est probablement ceux qui ont le moins d\u2019int\u00e9r\u00eat l\u00e0-dedans. Martine Vassal et Renaud Muselier aimaient bien l\u2019ancien syst\u00e8me, car \u00e7a permettait de faire de la tambouille politicienne entre les deux tours. M.Payan, \u00e7a lui permet de r\u00e9gler ses probl\u00e8mes avec ses amis en interne. Je suis plus heureux que les Marseillais puissent \u00eatre encore plus pr\u00e9sents dans cette \u00e9lection qui ne l\u2019aurait \u00e9t\u00e9 dans l\u2019ancien syst\u00e8me.<\/p>\n<p>\u00ab\u2009Jordan Bardella et Marine Le\u00a0Pen m\u2019ont demand\u00e9 de me lancer\u2009\u00bb<\/p>\n<p class=\"ac-article-content__question wall-content\">Vous \u00eates le premier candidat \u00e0 vous \u00eatre d\u00e9clar\u00e9 lors de cette campagne. Pourquoi avoir fait ce choix\u2009?<\/p>\n<p class=\" wall-content\"><strong class=\"color-primary\">F.A. : <\/strong>J\u2019\u00e9tais pr\u00eat. Au niveau de ma famille politique, tant Jordan (Bardella) que Marine (Le Pen) me l\u2019avait conseill\u00e9. Il m\u2019avait dit\u2009: \u00ab\u2009ce serait bien que ce soit toi\u2009\u00bb. La confiance de mon parti, des Marseillais et l\u2019urgence d\u2019agir pour Marseille m\u2019ont confort\u00e9. De commencer une campagne plus t\u00f4t, mieux c\u2019est. Cela me laisse plus de temps, pour expliquer, pour aller \u00e0 la rencontre des Marseillais et pour finaliser mon projet.<\/p>\n<p class=\"ac-article-content__question wall-content\">Quand avez-vous pris votre d\u00e9cision\u2009?<\/p>\n<p class=\" wall-content\"><strong class=\"color-primary\">F.A. : <\/strong>Ce fut un long cheminement. Au d\u00e9but, l\u2019id\u00e9e fait son chemin puis on vous encourage. J\u2019ai pris ma d\u00e9cision quelques semaines avant l\u2019annonce, entre les mois d\u2019avril et mai.<\/p>\n<p class=\"ac-article-content__question wall-content\">Vous avez \u00e9voqu\u00e9 Jordan Bardella et Marine Le\u00a0Pen. Que vous ont-ils dit avant de vous lancer\u2009?<\/p>\n<p class=\" wall-content\"><strong class=\"color-primary\">F.A. : <\/strong>Jordan Bardelle m\u2019a conseill\u00e9 de faire comme aux europ\u00e9ennes en 2024 en ouvrant les portes au maximum. Il faut sans arr\u00eat int\u00e9grer de nouveaux visages, de nouvelles comp\u00e9tences et de nouvelles personnes qui s\u2019engagent. Il faut trouver ces gens qui veulent faire ce bout de chemin avec nous pour que Marseille gagne. Union, rassemblement, ouvertures font aujourd\u2019hui partie de l\u2019ADN du Rassemblement national.<\/p>\n<p>    <img   decoding=\"async\" loading=\"lazy\" src=\"https:\/\/www.europesays.com\/fr\/wp-content\/uploads\/2025\/07\/whatsapp-image-2025-07-11-at-183738-1-960x640.jpeg\" alt=\"Pr\u00e8s d'un mois apr\u00e8s avoir annonc\u00e9 son intention de briguer kla mairie de Marseille, Franck Allisio s'est longuement confi\u00e9 \u00e0 actu Marseille. \" width=\"960\" height=\"640\"\/><br \/>\n    Franck Allisio esp\u00e8re rassembler bien au-del\u00e0 des partisans du Rassemblement national. (\u00a9Fabien Binacchi \/ actu Marseille)\u00ab\u2009Martine Vassal est beaucoup plus proche de Martine Vassal que de moi\u2009\u00bb<\/p>\n<p class=\"ac-article-content__question wall-content\">Vous parlez de Martine Vassal. Vous lui avez tendu la main en vue d\u2019une alliance.<\/p>\n<p class=\" wall-content\"><strong class=\"color-primary\">F.A. : <\/strong>Oui, il y a quelques mois. Mais, elle n\u2019a pas voulu quitter la macronie. Je lui ai tendu la main, car elle parle souvent comme moi. Elle dit souvent qu\u2019elle partage des valeurs avec le Rassemblement national. Je l\u2019ai prise au mot. Dans ces cas-l\u00e0, clarifiez les choses et rejoignez-nous, parce que je veux l\u2019union la plus large possible. On a appris dans les semaines qui ont suivi qu\u2019elle \u00e9tait plus en discussion avec les \u00e9quipes de M.Payan qu\u2019avec nous. Au moins, c\u2019est clair\u2009: Martine Vassal est beaucoup plus proche de Beno\u00eet Payan que de moi. J\u2019ai ressenti un double discours.<\/p>\n<p class=\"ac-article-content__question wall-content\">En parlant d\u2019alliance, St\u00e9phane Ravier (d\u00e9put\u00e9 des Bouches-du-Rh\u00f4ne) a appel\u00e9 \u00e0 une union claire avec vous.<\/p>\n<p class=\" wall-content\"><strong class=\"color-primary\">F.A. : <\/strong>Avec St\u00e9phane, on est dans une p\u00e9riode d\u2019\u00e9change. Est-ce qu\u2019on trouvera un chemin\u2009? Je l\u2019esp\u00e8re. S\u2019il \u00e9tait candidat, il jouerait contre nous et il diviserait les voix. Mais je ne pense pas qu\u2019il fera ce choix. On a eu des diff\u00e9rents importants en 2022 (quand St\u00e9phane Ravier avait rejoint Reconqu\u00eate! et \u00c9ric Zemmour). Humainement, \u00e7a a \u00e9t\u00e9 douloureux. Mais on peut consid\u00e9rer que ce qu\u2019il s\u2019est pass\u00e9, est pass\u00e9. Quand on me tend une main, je ne crache pas dessus.<\/p>\n<p class=\"ac-article-content__question wall-content\">Quelle est votre vision de la campagne qui va durer de longs mois ?<\/p>\n<p class=\" wall-content\"><strong class=\"color-primary\">F.A. : <\/strong>Le Rassemblement national peut cr\u00e9er la surprise aujourd\u2019hui. On peut ensemble donner \u00e0 Marseille un nouvel espoir et un nouvel avenir. C\u2019est pour \u00e7a qu\u2019on fonce et qu\u2019on est d\u00e9termin\u00e9s tourner la page de Beno\u00eet Payan et Martine Vassal. En cinq ans \u00e0 la mairie, il ne s\u2019est rien pass\u00e9. En dix \u00e0 la M\u00e9tropole, il ne s\u2019est rien pass\u00e9. Quand on se met \u00e0 parler propret\u00e9 et s\u00e9curit\u00e9 quelques mois avant une \u00e9ch\u00e9ance, c\u2019est prendre les \u00e9lecteurs pour des idiots. Aux l\u00e9gislatives en 2024, on a fait 31\u2009% sur Marseille, alors qu\u2019il y avait des candidats chez tous les partis politiques. Il ne faut pas oublier La France insoumise qui p\u00e8sera dans la campagne. Le danger de l\u2019extr\u00eame gauche dans notre ville est important et inqui\u00e9tant. Ce qui m\u2019inqui\u00e8te chez LFI, c\u2019est leur d\u00e9rive antis\u00e9mite, violente et leur sectarisme.<\/p>\n<p class=\"ac-article-content__question wall-content\">Beno\u00eet Payan parle souvent de \u00ab\u2009rassembler et de ne pas diviser les Marseillais\u2009\u00bb. Partagez-vous\u2009cette vision ?<\/p>\n<p class=\" wall-content\"><strong class=\"color-primary\">F.A. : <\/strong>Je veux \u00eatre le maire de tous les Marseillais. Il y a toujours un groupe qui fout le bordel et pourrit la vie des autres. Je serai le candidat de ceux qui aiment Marseille et la France. Je serai aussi celui de ceux qui veulent vivre dans l\u2019ordre et la s\u00e9curit\u00e9, de ceux qui veulent travailler et vivre du fruit de leur travail, de ceux qui veulent \u00e9lever leurs enfants et ceux qui sont attach\u00e9s \u00e0 notre histoire et \u00e0 notre culture. Ces gens-l\u00e0 repr\u00e9sentent 95\u2009% des habitants. Je serai leur candidat et leur maire. Il faut rassembler et nous rassemblons.<\/p>\n<p>\u00ab\u2009Je ne suis pas obs\u00e9d\u00e9 par la notori\u00e9t\u00e9\u2009\u00bb<\/p>\n<p class=\"ac-article-content__question wall-content\">Vous \u00eates Marseillais. Est-ce une force pour comprendre les enjeux de l\u2019\u00e9lection\u2009?<\/p>\n<p class=\" wall-content\"><strong class=\"color-primary\">F.A. : <\/strong>Vous sentez toujours votre ville avec vos tripes quand vous avez grandi ici. Vous respirez et transpirez votre ville. On a toujours un lien charnel avec la ville o\u00f9 l\u2019on a grandi.<\/p>\n<p class=\"ac-article-content__question wall-content\">Vos adversaires politiques vous reprochent de ne pas vous \u00eatre pr\u00e9sent\u00e9 \u00e0 Marseille lors des l\u00e9gislatives en 2024. Pourquoi ce choix\u2009?<\/p>\n<p class=\" wall-content\"><strong class=\"color-primary\">F.A. : <\/strong>Il aurait \u00e9t\u00e9 beaucoup plus confortable pour moi de me pr\u00e9senter \u00e0 Marseille. C\u2019est plus simple et il y avait plusieurs circonscriptions qui \u00e9taient plus simples pour moi. Mais il y avait un combat difficile \u00e0 mener aux portes de Marseille. L\u2019incendie n\u2019a pas fait la diff\u00e9rence entre Marseille et les Pennes-Mirabeau. Moi, c\u2019est pareil. Le maillot de l\u2019OM, il est port\u00e9 partout dans le d\u00e9partement. Tout \u00e7a, c\u2019est de la mousse politique. Mes adversaires ont tellement peu qu\u2019ils vont chercher ce genre de choses. Je suis n\u00e9 \u00e0 Marseille, j\u2019y vis et j\u2019aime ma ville.<\/p>\n<p class=\" wall-content\">\n<p class=\"ac-article-content__question wall-content\">Vous avez beaucoup investi les r\u00e9seaux sociaux depuis le d\u00e9but de votre campagne. Est-ce pour gommer votre d\u00e9ficit de notori\u00e9t\u00e9\u2009?<\/p>\n<p class=\" wall-content\"><strong class=\"color-primary\">F.A. : <\/strong>Je ne suis pas obs\u00e9d\u00e9 par la notori\u00e9t\u00e9. L\u2019important, c\u2019est de parler et toucher les Marseillais. Je ne fais pas un concours de beaut\u00e9. Ce n\u2019est pas important que l\u2019on voit ma t\u00eate de partout, contrairement \u00e0 Martine Vassal, dont la campagne est pay\u00e9e par le contribuable. Je n\u2019ai pas de probl\u00e8me de ne pas avoir ma t\u00eate partout sur tous les abribus avec mon nom \u00e9crit en gros. Ce que je veux, c\u2019est \u00e9changer avec les Marseillais. Ma petite personne n\u2019est pas essentielle. Je ne me cache pas, mais je ne me surexpose pas non plus. Quand je vais dans la rue, je ne peux passer trois minutes sans que l\u2019on vienne me parler.<\/p>\n<p>    <img   decoding=\"async\" loading=\"lazy\" src=\"https:\/\/www.europesays.com\/fr\/wp-content\/uploads\/2025\/07\/whatsapp-image-2025-07-11-at-183738-960x640.jpeg\" alt=\"S'il est \u00e9lu maire de Marseille en 2026, Franck Allisio prendra trois mesures d'urgence sur le domaine de la s\u00e9curit\u00e9 lors des 100 premiers.\" width=\"960\" height=\"640\"\/><br \/>\n    S\u2019il est \u00e9lu maire de Marseille en 2026, Franck Allisio prendra trois mesures d\u2019urgence sur le domaine de la s\u00e9curit\u00e9 lors des 100 premiers. (\u00a9Fabien Binacchi \/ actu Marseille)<\/p>\n<p class=\"ac-article-content__question wall-content\">Votre slogan de campagne, c\u2019est \u00ab\u2009Marseille en ordre\u2009\u00bb. La s\u00e9curit\u00e9 sera-t-elle votre principal th\u00e8me de campagne\u2009?<\/p>\n<p class=\" wall-content\"><strong class=\"color-primary\">F.A. : <\/strong>Oui. \u00ab\u2009Marseille en ordre\u2009\u00bb, c\u2019est la d\u00e9linquance, la criminalit\u00e9 et les trafics de drogue. Mais c\u2019est plus large que \u00e7a. C\u2019est aussi l\u2019ordre dans la rue, dans les \u00e9coles, dans les transports publics, dans les finances locales et dans les poubelles. Je veux un ordre juste. Quand il y a eu la canicule (entre fin juin et d\u00e9but juillet), j\u2019ai partag\u00e9 cette id\u00e9e \u00e0 Marine Le\u00a0Pen\u2009: Pourquoi il n\u2019y a pas un vrai plan de climatisation\u2009? Pourquoi il n\u2019y a pas de transports publics climatis\u00e9s\u2009? Il y a tellement de gaspillage. Nos Ephad, nos maisons retraites, nos \u00e9coles ne sont pas climatis\u00e9s. Les plus fragiles souffrent beaucoup plus que les autres des canicules et on est en retard. Dans les prochains mois, on va continuer \u00e0 approfondir le programme, parce qu\u2019il y a tout un volet \u00e9conomique. Je consid\u00e8re qu\u2019on nous massacre d\u2019imp\u00f4ts. On ne peut pas demander des miracles aux Marseillais. Il faut miser sur les entrepreneurs et sur l\u2019installation des entreprises. Je suis pro travail. On est une droite populaire. On n\u2019est pas une droite du fric, mais du travail.<\/p>\n<p class=\"ac-article-content__question wall-content\">Si vous \u00eates \u00e9lu maire en 2026, quelles seront vos premi\u00e8res mesures en termes de s\u00e9curit\u00e9\u2009?<\/p>\n<p class=\" wall-content\"><strong class=\"color-primary\">F.A. : <\/strong>Il faudra que le maire de Marseille aille taper du poing sur la table au gouvernement. Je demanderai qu&rsquo;on mette l&rsquo;\u00e9tat d&rsquo;urgence dans toute une partie de Marseille, parce que dans certains quartiers, il faut que la police et la justice aient davantage de moyens pour \u00eatre efficaces face \u00e0 la criminalit\u00e9 et aux trafics de drogues qui explosent. Localement, on a deux moins de policiers municipaux que l&rsquo;on devrait avoir. Notre police municipale n&rsquo;a pas de vrai chef. Le maire de Marseille n&rsquo;assume pas son r\u00f4le de patron. Elle a besoin de quelqu&rsquo;un qui lui fasse confiance. Enfin, il faut de la vid\u00e9osurveillance. On a trois fois moins de vid\u00e9osurveillances que dans d&rsquo;autres villes fran\u00e7aises. Ce sont des mesures que l&rsquo;on peut prendre rapidement, dans les 100 premiers jours, et qui seront tr\u00e8s concr\u00e8tes.<\/p>\n<p class=\" wall-content\">Suivez toute l\u2019actualit\u00e9 de vos villes et m\u00e9dias favoris en vous inscrivant \u00e0 <a href=\"https:\/\/moncompte.actu.fr\" title=\"D\u00e9couvez Mon Actu\" rel=\"nofollow noopener\" data-trk=\"{&quot;cta&quot;:{&quot;action&quot;:&quot;https:\\\/\\\/moncompte.actu.fr&quot;,&quot;category&quot;:&quot;mon compte&quot;,&quot;from&quot;:&quot;article footer&quot;,&quot;name&quot;:&quot;Mon actu&quot;,&quot;type&quot;:&quot;cta&quot;}}\" target=\"_blank\">Mon Actu<\/a>.<\/p>\n<ul class=\"ac-article-tag wall-content\">\n<li><a href=\"https:\/\/actu.fr\/tag\/municipales-2026\" data-trk=\"{&quot;cta&quot;:{&quot;action&quot;:&quot;Municipales 2026&quot;,&quot;category&quot;:&quot;tag&quot;,&quot;from&quot;:&quot;article footer&quot;,&quot;name&quot;:&quot;Municipales 2026&quot;,&quot;type&quot;:&quot;cta&quot;}}\" rel=\"nofollow noopener\" target=\"_blank\">#Municipales 2026<\/a><\/li>\n<li><a href=\"https:\/\/actu.fr\/tag\/rassemblement-national-rn\" data-trk=\"{&quot;cta&quot;:{&quot;action&quot;:&quot;Rassemblement National (RN)&quot;,&quot;category&quot;:&quot;tag&quot;,&quot;from&quot;:&quot;article footer&quot;,&quot;name&quot;:&quot;Rassemblement National (RN)&quot;,&quot;type&quot;:&quot;cta&quot;}}\" rel=\"nofollow noopener\" target=\"_blank\">#Rassemblement National (RN)<\/a><\/li>\n<\/ul>\n","protected":false},"excerpt":{"rendered":"Par Thibault Nadal Publi\u00e9 le 13 juil. 2025 \u00e0 6h00 EXCLUSIF. Il est le premier \u00e0 s\u2019\u00eatre jet\u00e9&hellip;\n","protected":false},"author":2,"featured_media":246463,"comment_status":"","ping_status":"","sticky":false,"template":"","format":"standard","meta":{"footnotes":""},"categories":[2814],"tags":[1111,11,4188,1777,674,1011,27,884,3434,12,316,882,2556,25],"class_list":{"0":"post-246462","1":"post","2":"type-post","3":"status-publish","4":"format-standard","5":"has-post-thumbnail","7":"category-marseille","8":"tag-actu","9":"tag-actualites","10":"tag-elections-municipales","11":"tag-eu","12":"tag-europe","13":"tag-fr","14":"tag-france","15":"tag-marseille","16":"tag-municipales-2026","17":"tag-news","18":"tag-politique","19":"tag-provence-alpes-cote-dazur","20":"tag-rassemblement-national-rn","21":"tag-republique-francaise"},"share_on_mastodon":{"url":"https:\/\/pubeurope.com\/@fr\/114844234252465826","error":""},"_links":{"self":[{"href":"https:\/\/www.europesays.com\/fr\/wp-json\/wp\/v2\/posts\/246462","targetHints":{"allow":["GET"]}}],"collection":[{"href":"https:\/\/www.europesays.com\/fr\/wp-json\/wp\/v2\/posts"}],"about":[{"href":"https:\/\/www.europesays.com\/fr\/wp-json\/wp\/v2\/types\/post"}],"author":[{"embeddable":true,"href":"https:\/\/www.europesays.com\/fr\/wp-json\/wp\/v2\/users\/2"}],"replies":[{"embeddable":true,"href":"https:\/\/www.europesays.com\/fr\/wp-json\/wp\/v2\/comments?post=246462"}],"version-history":[{"count":0,"href":"https:\/\/www.europesays.com\/fr\/wp-json\/wp\/v2\/posts\/246462\/revisions"}],"wp:featuredmedia":[{"embeddable":true,"href":"https:\/\/www.europesays.com\/fr\/wp-json\/wp\/v2\/media\/246463"}],"wp:attachment":[{"href":"https:\/\/www.europesays.com\/fr\/wp-json\/wp\/v2\/media?parent=246462"}],"wp:term":[{"taxonomy":"category","embeddable":true,"href":"https:\/\/www.europesays.com\/fr\/wp-json\/wp\/v2\/categories?post=246462"},{"taxonomy":"post_tag","embeddable":true,"href":"https:\/\/www.europesays.com\/fr\/wp-json\/wp\/v2\/tags?post=246462"}],"curies":[{"name":"wp","href":"https:\/\/api.w.org\/{rel}","templated":true}]}}