{"id":246466,"date":"2025-07-13T05:19:08","date_gmt":"2025-07-13T05:19:08","guid":{"rendered":"https:\/\/www.europesays.com\/fr\/246466\/"},"modified":"2025-07-13T05:19:08","modified_gmt":"2025-07-13T05:19:08","slug":"voici-ou-voir-les-feux-dartifice-du-14-juillet-pres-de-chez-vous","status":"publish","type":"post","link":"https:\/\/www.europesays.com\/fr\/246466\/","title":{"rendered":"voici o\u00f9 voir les feux d&rsquo;artifice du 14-Juillet pr\u00e8s de chez vous"},"content":{"rendered":"<p>            Par<br \/>\n        <strong><br \/>\n            <a href=\"https:\/\/actu.fr\/auteur\/theophile-blondet\" title=\"Consulter tous les articles de Theophile Blondet\" rel=\"nofollow noopener\" target=\"_blank\">Theophile Blondet<\/a><br \/>\n        <\/strong><\/p>\n<p>        Publi\u00e9 le<\/p>\n<p>            13 juil. 2025 \u00e0 6h30        <\/p>\n<p>Qui dit 14\u00a0juillet dit feux d\u2019artifice. Et comme chaque ann\u00e9e, de nombreuses communes de la <a href=\"https:\/\/actu.fr\/tag\/grand-lyon\" rel=\"nofollow noopener\" target=\"_blank\">M\u00e9tropole de Lyon<\/a> vont tirer des feux d\u2019artifice \u00e0 l\u2019occasion de ce week-end prolong\u00e9. Voici tout ce qu\u2019il faut savoir.<\/p>\n<p>Des festivit\u00e9s pr\u00e9vues le 13\u00a0juillet<\/p>\n<p class=\" wall-content\">Certaines communes ont fait le choix de tirer des feux d\u2019artifice dimanche 13 juillet. Voici une carte pour mieux vous y retrouver.<\/p>\n<p class=\" wall-content\">Les points en <strong>bleu<\/strong> repr\u00e9sentent ceux pr\u00e9vus le <strong>13 juillet<\/strong> et ceux en <strong>rouge<\/strong> les tirs annonc\u00e9s lundi <strong>14 juillet<\/strong>.<\/p>\n<p>    <a href=\"https:\/\/www.google.com\/maps\/d\/embed?mid=10rzcl_tnsbWlQYYH3IIyXJCYP6-kbh4&amp;ehbc=2E312F\" title=\"Ouvrie le lien\" rel=\"nofollow noopener\" target=\"_blank\">Cliquez ici pour visualiser le contenu<\/a><\/p>\n<ul class=\" wall-content\">\n<li>La ville de <a href=\"https:\/\/actu.fr\/auvergne-rhone-alpes\/venissieux_69259\" rel=\"nofollow noopener\" target=\"_blank\">V\u00e9nissieux<\/a> int\u00e8gre le tir dans son Festival F\u00eates Escales du 12 au 14\u00a0juillet. Il aura lieu le dimanche 13\u00a0juillet \u00e0 23h00 depuis le stade Laurent G\u00e9rin.<\/li>\n<li>Pour <a href=\"https:\/\/actu.fr\/auvergne-rhone-alpes\/caluire-et-cuire_69034\" rel=\"nofollow noopener\" target=\"_blank\">Caluire-et-Cuire<\/a>, il aura lieu \u00e0 22h sur l\u2019esplanade Bernard Roger-Dalbert.<\/li>\n<li>Du c\u00f4t\u00e9 de Saint-Genis-Laval, le traditionnel feu d\u2019artifice illuminera le ciel \u00e0 partir de 22h30 au complexe sportif de Beauregard.<\/li>\n<li>D\u00e9cines-Charpieu tirera son feu d\u2019artifice depuis le parc Raymond Troussier. S\u2019il n\u2019y a pas d\u2019horaire pr\u00e9cis, les festivit\u00e9s d\u00e9buteront \u00e0 19h.<\/li>\n<li>M\u00eame chose pour Sainte-Foy-l\u00e8s-Lyon. La f\u00eate commencera \u00e0 19h et aura lieu au parc de la mairie.<\/li>\n<li>Enfin, <a href=\"https:\/\/actu.fr\/auvergne-rhone-alpes\/tassin-la-demi-lune_69244\" rel=\"nofollow noopener\" target=\"_blank\">Tassin-la-Demi-Lune<\/a> tirera le feu d\u2019artifice \u00e0 22h45, depuis le parvis de l\u2019H\u00f4tel de Ville.<\/li>\n<\/ul>\n<p>Vid\u00e9os : en ce moment sur ActuD\u2019autres communes pr\u00e9voient un tir le 14\u00a0juillet<\/p>\n<ul class=\" wall-content\">\n<li>La ville de <a href=\"https:\/\/actu.fr\/lyon\/\" rel=\"nofollow noopener\" target=\"_blank\">Lyon<\/a> a indiqu\u00e9 que son tir aura lieu le lundi 14 juillet \u00e0 partir de 22h30. \u00c0 noter qu\u2019un d\u00e9fil\u00e9 et une exposition de v\u00e9hicules militaires place Bellecour sont pr\u00e9vus plus t\u00f4t dans la journ\u00e9e.<\/li>\n<li>La municipalit\u00e9 de <a href=\"https:\/\/actu.fr\/auvergne-rhone-alpes\/vaulx-en-velin_69256\" rel=\"nofollow noopener\" target=\"_blank\">Vaulx-en-Velin<\/a> pr\u00e9voit son tir depuis le parking du march\u00e9 aux puces \u00e0 22h45.<\/li>\n<li>Pour Rillieux-la-Pape, ce sera sur le parvis de l\u2019Accueil Marcel-Andr\u00e9 \u00e0 partir de 20h.<\/li>\n<li>Enfin, <a href=\"https:\/\/actu.fr\/auvergne-rhone-alpes\/bron_69029\" rel=\"nofollow noopener\" target=\"_blank\">Bron<\/a> annonce que son tir aura lieu sur la place de la Libert\u00e9 \u00e0 22h30.<\/li>\n<\/ul>\n<p class=\" wall-content\">Suivez toute l\u2019actualit\u00e9 de vos villes et m\u00e9dias favoris en vous inscrivant \u00e0 <a href=\"https:\/\/moncompte.actu.fr\" title=\"D\u00e9couvez Mon Actu\" rel=\"nofollow noopener\" data-trk=\"{&quot;cta&quot;:{&quot;action&quot;:&quot;https:\\\/\\\/moncompte.actu.fr&quot;,&quot;category&quot;:&quot;mon compte&quot;,&quot;from&quot;:&quot;article footer&quot;,&quot;name&quot;:&quot;Mon actu&quot;,&quot;type&quot;:&quot;cta&quot;}}\" target=\"_blank\">Mon Actu<\/a>.<\/p>\n","protected":false},"excerpt":{"rendered":"Par Theophile Blondet Publi\u00e9 le 13 juil. 2025 \u00e0 6h30 Qui dit 14\u00a0juillet dit feux d\u2019artifice. Et comme&hellip;\n","protected":false},"author":2,"featured_media":246467,"comment_status":"","ping_status":"","sticky":false,"template":"","format":"standard","meta":{"footnotes":""},"categories":[1889],"tags":[1111,11,2430,1777,674,16701,1011,27,1652,2428,12,25],"class_list":{"0":"post-246466","1":"post","2":"type-post","3":"status-publish","4":"format-standard","5":"has-post-thumbnail","7":"category-lyon","8":"tag-actu","9":"tag-actualites","10":"tag-auvergne-rhone-alpes","11":"tag-eu","12":"tag-europe","13":"tag-feu-dartifice","14":"tag-fr","15":"tag-france","16":"tag-loisirs-culture","17":"tag-lyon","18":"tag-news","19":"tag-republique-francaise"},"share_on_mastodon":{"url":"https:\/\/pubeurope.com\/@fr\/114844242001527398","error":""},"_links":{"self":[{"href":"https:\/\/www.europesays.com\/fr\/wp-json\/wp\/v2\/posts\/246466","targetHints":{"allow":["GET"]}}],"collection":[{"href":"https:\/\/www.europesays.com\/fr\/wp-json\/wp\/v2\/posts"}],"about":[{"href":"https:\/\/www.europesays.com\/fr\/wp-json\/wp\/v2\/types\/post"}],"author":[{"embeddable":true,"href":"https:\/\/www.europesays.com\/fr\/wp-json\/wp\/v2\/users\/2"}],"replies":[{"embeddable":true,"href":"https:\/\/www.europesays.com\/fr\/wp-json\/wp\/v2\/comments?post=246466"}],"version-history":[{"count":0,"href":"https:\/\/www.europesays.com\/fr\/wp-json\/wp\/v2\/posts\/246466\/revisions"}],"wp:featuredmedia":[{"embeddable":true,"href":"https:\/\/www.europesays.com\/fr\/wp-json\/wp\/v2\/media\/246467"}],"wp:attachment":[{"href":"https:\/\/www.europesays.com\/fr\/wp-json\/wp\/v2\/media?parent=246466"}],"wp:term":[{"taxonomy":"category","embeddable":true,"href":"https:\/\/www.europesays.com\/fr\/wp-json\/wp\/v2\/categories?post=246466"},{"taxonomy":"post_tag","embeddable":true,"href":"https:\/\/www.europesays.com\/fr\/wp-json\/wp\/v2\/tags?post=246466"}],"curies":[{"name":"wp","href":"https:\/\/api.w.org\/{rel}","templated":true}]}}