{"id":246468,"date":"2025-07-13T05:20:10","date_gmt":"2025-07-13T05:20:10","guid":{"rendered":"https:\/\/www.europesays.com\/fr\/246468\/"},"modified":"2025-07-13T05:20:10","modified_gmt":"2025-07-13T05:20:10","slug":"un-dispositif-de-securite-renforce-pour-les-soirees-des-13-et-14-juillet","status":"publish","type":"post","link":"https:\/\/www.europesays.com\/fr\/246468\/","title":{"rendered":"un dispositif de s\u00e9curit\u00e9 renforc\u00e9 pour les soir\u00e9es des 13 et 14 juillet"},"content":{"rendered":"<p itemprop=\"description\"><strong>La pr\u00e9fecture du Rh\u00f4ne mobilise largement les forces de s\u00e9curit\u00e9 \u00e0 l\u2019occasion de la f\u00eate nationale. Plus de mille agents seront engag\u00e9s dans tout le d\u00e9partement.<\/strong><\/p>\n<p data-start=\"1594\" data-end=\"1916\">\u00c0 l\u2019occasion des festivit\u00e9s du 14 juillet, la pr\u00e9fecture du Rh\u00f4ne a r\u00e9uni ce vendredi 11 juillet les diff\u00e9rents services concern\u00e9s pour caler le dispositif de s\u00e9curit\u00e9.<\/p>\n<p data-start=\"1594\" data-end=\"1916\">Un important d\u00e9ploiement est pr\u00e9vu pour les soir\u00e9es du samedi 13 et du dimanche 14 juillet, dans la M\u00e9tropole de Lyon comme ailleurs dans le d\u00e9partement.<\/p>\n<p data-start=\"1918\" data-end=\"2188\">En tout, 400 policiers nationaux, 250 militaires de la gendarmerie, 138 militaires de l\u2019op\u00e9ration Sentinelle et 260 sapeurs-pompiers seront engag\u00e9s sur le terrain. \u00ab\u00a0Un lien op\u00e9rationnel \u00e9troit est pr\u00e9vu avec les polices municipales\u00a0\u00bb, pr\u00e9cise la pr\u00e9fecture.<\/p>\n<p data-start=\"2190\" data-end=\"2640\">Ces effectifs viennent compl\u00e9ter <a href=\"https:\/\/www.lyonmag.com\/article\/145268\/14-juillet-a-lyon-artifices-alcool-carburant-les-mesures-strictes-prises-par-la-prefecture\" target=\"_blank\" rel=\"noopener nofollow\">les mesures de restrictions <\/a>d\u00e9j\u00e0 annonc\u00e9es, concernant notamment la vente d\u2019alcool, les carburants, les artifices et les produits inflammables.<\/p>\n<p data-start=\"2190\" data-end=\"2640\">L\u2019arr\u00eat\u00e9 pr\u00e9fectoral, en vigueur du 11 au 15 juillet, vise \u00e0 pr\u00e9venir les troubles \u00e0 l\u2019ordre public et \u00e0 garantir la s\u00e9curit\u00e9 de tous pendant les c\u00e9l\u00e9brations.<\/p>\n","protected":false},"excerpt":{"rendered":"La pr\u00e9fecture du Rh\u00f4ne mobilise largement les forces de s\u00e9curit\u00e9 \u00e0 l\u2019occasion de la f\u00eate nationale. Plus de&hellip;\n","protected":false},"author":2,"featured_media":246469,"comment_status":"","ping_status":"","sticky":false,"template":"","format":"standard","meta":{"footnotes":""},"categories":[1889],"tags":[1111,11,2813,2190,2430,1109,251,1112,2811,1777,674,118,1011,27,1922,1110,1114,2428,2810,12,241,316,25,2812,517,800],"class_list":{"0":"post-246468","1":"post","2":"type-post","3":"status-publish","4":"format-standard","5":"has-post-thumbnail","7":"category-lyon","8":"tag-actu","9":"tag-actualites","10":"tag-article","11":"tag-asvel","12":"tag-auvergne-rhone-alpes","13":"tag-breves","14":"tag-culture","15":"tag-depeches","16":"tag-economique","17":"tag-eu","18":"tag-europe","19":"tag-faits-divers","20":"tag-fr","21":"tag-france","22":"tag-info","23":"tag-informations","24":"tag-infos","25":"tag-lyon","26":"tag-lyonmag","27":"tag-news","28":"tag-ol","29":"tag-politique","30":"tag-republique-francaise","31":"tag-sociale","32":"tag-sport","33":"tag-transports"},"share_on_mastodon":{"url":"https:\/\/pubeurope.com\/@fr\/114844245884253626","error":""},"_links":{"self":[{"href":"https:\/\/www.europesays.com\/fr\/wp-json\/wp\/v2\/posts\/246468","targetHints":{"allow":["GET"]}}],"collection":[{"href":"https:\/\/www.europesays.com\/fr\/wp-json\/wp\/v2\/posts"}],"about":[{"href":"https:\/\/www.europesays.com\/fr\/wp-json\/wp\/v2\/types\/post"}],"author":[{"embeddable":true,"href":"https:\/\/www.europesays.com\/fr\/wp-json\/wp\/v2\/users\/2"}],"replies":[{"embeddable":true,"href":"https:\/\/www.europesays.com\/fr\/wp-json\/wp\/v2\/comments?post=246468"}],"version-history":[{"count":0,"href":"https:\/\/www.europesays.com\/fr\/wp-json\/wp\/v2\/posts\/246468\/revisions"}],"wp:featuredmedia":[{"embeddable":true,"href":"https:\/\/www.europesays.com\/fr\/wp-json\/wp\/v2\/media\/246469"}],"wp:attachment":[{"href":"https:\/\/www.europesays.com\/fr\/wp-json\/wp\/v2\/media?parent=246468"}],"wp:term":[{"taxonomy":"category","embeddable":true,"href":"https:\/\/www.europesays.com\/fr\/wp-json\/wp\/v2\/categories?post=246468"},{"taxonomy":"post_tag","embeddable":true,"href":"https:\/\/www.europesays.com\/fr\/wp-json\/wp\/v2\/tags?post=246468"}],"curies":[{"name":"wp","href":"https:\/\/api.w.org\/{rel}","templated":true}]}}