{"id":246472,"date":"2025-07-13T05:23:13","date_gmt":"2025-07-13T05:23:13","guid":{"rendered":"https:\/\/www.europesays.com\/fr\/246472\/"},"modified":"2025-07-13T05:23:13","modified_gmt":"2025-07-13T05:23:13","slug":"foot-paris-a-la-conquete-du-monde-sous-les-yeux-de-trump-13-07-2025-a-0355","status":"publish","type":"post","link":"https:\/\/www.europesays.com\/fr\/246472\/","title":{"rendered":"Foot: Paris \u00e0 la conqu\u00eate du monde, sous les yeux de Trump &#8211; 13\/07\/2025 \u00e0 03:55"},"content":{"rendered":"<p>        <img fetchpriority=\"high\" decoding=\"async\" src=\"https:\/\/www.europesays.com\/fr\/wp-content\/uploads\/2025\/07\/8ad69722adf9adea52179ae08ac86d77-760x507.jpg\" alt=\"Des supporters du PSG sont rassembl\u00e9s \u00e0 Times Square, \u00e0 New York, le 11 juillet 2025 ( AFP \/ FRANCK FIFE )\" loading=\"eager\" width=\"760\" height=\"507\" style=\"max-width: 100%!important; height: auto;\"\/><\/p>\n<p class=\"c-image-news__legend\">Des supporters du PSG sont rassembl\u00e9s \u00e0 Times Square, \u00e0 New York, le 11 juillet 2025 ( AFP \/ FRANCK FIFE )<\/p>\n<p>\n Apr\u00e8s avoir domin\u00e9 l&rsquo;Europe, le PSG va tenter d&rsquo;\u00e9tendre son h\u00e9g\u00e9monie sur la plan\u00e8te et marquer encore un peu plus l&rsquo;histoire en remportant la premi\u00e8re \u00e9dition remodel\u00e9e du Mondial des clubs face \u00e0 Chelsea, sous les yeux de Donald Trump, dimanche.\n<\/p>\n<p>\n Le match entre Parisiens et Londoniens au MetLife Stadium sera l&rsquo;\u00e9pilogue d&rsquo;un tournoi tr\u00e8s controvers\u00e9, accus\u00e9 d&rsquo;alourdir un calendrier international surcharg\u00e9, et qui n&rsquo;a pas totalement fait taire les critiques au terme d&rsquo;un mois de comp\u00e9tition.\n<\/p>\n<p>\n Entre la fatigue de joueurs pas tous motiv\u00e9s par l&rsquo;enjeu, la chaleur accablante, les suspensions de rencontres pour pr\u00e9venir les orages et les affluences parfois tr\u00e8s modestes constat\u00e9es dans certains stades, les doutes sur la cr\u00e9dibilit\u00e9 et la pertinence de cette \u00e9preuve \u00e0 32 \u00e9quipes n&rsquo;ont pas tous \u00e9t\u00e9 lev\u00e9s.\n<\/p>\n<p>\n Le bilan est donc mitig\u00e9, m\u00eame si le pr\u00e9sident de la F\u00e9d\u00e9ration internationale de football (Fifa) Gianni Infantino, qui a port\u00e9 ce projet en mettant notamment sur la table une dotation d&rsquo;un milliard de dollars (environ 855 millions d&rsquo;euros), s&rsquo;est montr\u00e9 tr\u00e8s enthousiaste samedi.\n<\/p>\n<p>        <img decoding=\"async\" src=\"https:\/\/www.europesays.com\/fr\/wp-content\/uploads\/2025\/07\/c5191471385d36414e9312aa89e1e4cf-760x506.jpg\" alt=\"Le pr\u00e9sident de la F\u00e9d\u00e9ration internationale de football (Fifa), Gianni Infantino, s'exprime lors d'une conf\u00e9rence de presse \u00e0 la Trump Tower \u00e0 New York, le 12 juillet 2025 ( AFP \/ JUAN MABROMATA )\" loading=\"eager\" width=\"760\" height=\"506\" style=\"max-width: 100%!important; height: auto;\"\/><\/p>\n<p class=\"c-image-news__legend\">Le pr\u00e9sident de la F\u00e9d\u00e9ration internationale de football (Fifa), Gianni Infantino, s&rsquo;exprime lors d&rsquo;une conf\u00e9rence de presse \u00e0 la Trump Tower \u00e0 New York, le 12 juillet 2025 ( AFP \/ JUAN MABROMATA )<\/p>\n<p>\n \u00ab\u00a0L&rsquo;\u00e2ge d&rsquo;or du football de clubs a commenc\u00e9. On peut dire avec certitude que cette Coupe du monde des clubs a \u00e9t\u00e9 un \u00e9norme succ\u00e8s. C&rsquo;est d\u00e9j\u00e0 la comp\u00e9tition de clubs la plus r\u00e9ussie au monde. Nous avons cr\u00e9\u00e9 quelque chose de nouveau, quelque chose qui est l\u00e0 pour durer, quelque chose qui transforme le paysage\u00a0\u00bb, a-t-il affirm\u00e9 avec emphase, ajoutant que le tournoi avait g\u00e9n\u00e9r\u00e9 \u00ab\u00a0pr\u00e8s de 2,1 milliards de dollars (1,79 milliards d&rsquo;euros) de revenus\u00a0\u00bb.\n<\/p>\n<p>\n Ce Mondial aura en tout cas permis \u00e0 la Fifa de renforcer sa pr\u00e9sence aux Etats-Unis, \u00e0 un an de la Coupe du monde coorganis\u00e9e avec le Mexique et le Canada, et d&rsquo;affermir par la m\u00eame occasion ses relations avec Donald Trump. L&rsquo;instance a ainsi ouvert un bureau dans la Trump Tower \u00e0 New York et le pr\u00e9sident am\u00e9ricain sera pr\u00e9sent en tribunes lors de la finale.\n<\/p>\n<p>\n En installant ce rendez-vous quadriennal, Gianni Infantino souhaitait \u00e9galement en profiter pour briser la mainmise de l&rsquo;UEFA et de l&rsquo;Europe sur le football de clubs, \u00e0 travers sa prestigieuse Ligue des champions. De ce point de vue aussi, l&rsquo;ambition a \u00e9chou\u00e9. Malgr\u00e9 la ferveur des supporteurs sud-am\u00e9ricains et les bons r\u00e9sultats des formations br\u00e9siliennes (quatre en 8e de finale, deux en quart de finale, un en demi-finale), ce sont deux repr\u00e9sentants du Vieux Continent qui vont en d\u00e9coudre pour occuper le tr\u00f4ne mondial.\n<\/p>\n<p> &#8211; Apoth\u00e9ose? &#8211;<\/p>\n<p>\n Paris, sur la lanc\u00e9e de son premier succ\u00e8s en Ligue des champions, aura l&rsquo;opportunit\u00e9 de terminer en apoth\u00e9ose un exercice d&rsquo;ores et d\u00e9j\u00e0 inoubliable. Un 5e titre, apr\u00e8s la C1, la Ligue 1, la Coupe de France et le Troph\u00e9e des champions, fortifierait forc\u00e9ment le caract\u00e8re exceptionnel de cette saison.\n<\/p>\n<p>        <img decoding=\"async\" src=\"https:\/\/www.europesays.com\/fr\/wp-content\/uploads\/2025\/07\/07bddb6ea4ea690412eaa22098c8f3a4-528x768.jpg\" alt=\"L'entra\u00eeneur du PSG Luis Enrique s'adresse aux m\u00e9dias lors d'une conf\u00e9rence de presse \u00e0 East Rutherford, dans le New Jersey, le 11 juillet 2025 ( GETTY IMAGES NORTH AMERICA \/ ALEX GRIMM )\" loading=\"eager\" width=\"528\" height=\"768\" style=\"max-width: 100%!important; height: auto;\"\/><\/p>\n<p class=\"c-image-news__legend\">L&rsquo;entra\u00eeneur du PSG Luis Enrique s&rsquo;adresse aux m\u00e9dias lors d&rsquo;une conf\u00e9rence de presse \u00e0 East Rutherford, dans le New Jersey, le 11 juillet 2025 ( GETTY IMAGES NORTH AMERICA \/ ALEX GRIMM )<\/p>\n<p>\n \u00ab\u00a0Nous allons prendre ce match \u00e0 100% et essayer de mettre un terme id\u00e9al \u00e0 cet exercice historique. Maintenant il faut ouvrir le prochain chapitre, gagner davantage de troph\u00e9es majeurs, et dimanche on a le dernier match de la saison, qu&rsquo;on attend avec impatience\u00a0\u00bb, a r\u00e9sum\u00e9 Luis Enrique, l&rsquo;entra\u00eeneur parisien.\n<\/p>\n<p>\n Intouchables en Ligue des champions, ses joueurs sont rest\u00e9s en mode cannibale et ont \u00e9t\u00e9 encore impressionnants sur le sol am\u00e9ricain avec des fess\u00e9es administr\u00e9es au Real Madrid de Kylian Mbapp\u00e9, \u00e0 l&rsquo;Atletico Madrid et \u00e0 l&rsquo;Inter Miami de Lionel Messi, tous balay\u00e9s 4-0.\n<\/p>\n<p>\n Hormis la d\u00e9faite des rempla\u00e7ants face \u00e0 Botafogo au premier tour (1-0), personne n&rsquo;a r\u00e9sist\u00e9 \u00e0 la furia parisienne, pas m\u00eame le Bayern Munich, terrass\u00e9 en fin de partie \u00e0 neuf contre 11 en quart de finale (2-0).\n<\/p>\n<p>        <img decoding=\"async\" src=\"https:\/\/www.europesays.com\/fr\/wp-content\/uploads\/2025\/07\/ea3bfb1f8224b0c24e2af8e23273b973-760x506.jpg\" alt=\"Le troph\u00e9e du Mondial des clubs de la FIFA est expos\u00e9 \u00e0 la Trump Tower \u00e0 New York, le 12 juillet 2025 ( AFP \/ JUAN MABROMATA )\" loading=\"eager\" width=\"760\" height=\"506\" style=\"max-width: 100%!important; height: auto;\"\/><\/p>\n<p class=\"c-image-news__legend\">Le troph\u00e9e du Mondial des clubs de la FIFA est expos\u00e9 \u00e0 la Trump Tower \u00e0 New York, le 12 juillet 2025 ( AFP \/ JUAN MABROMATA )<\/p>\n<p>\n Une victoire de Chelsea, qui a connu des d\u00e9buts laborieux, constituerait dans ces conditions une grosse sensation. Les Blues, emmen\u00e9s par l&rsquo;entra\u00eeneur italien Enzo Maresca, auront tout de m\u00eame fait preuve d&rsquo;une belle solidit\u00e9, confirmant leur renouveau depuis l&rsquo;arriv\u00e9e du technicien \u00e0 l&rsquo;\u00e9t\u00e9 2024, qui leur a permis de rafler une honorable 4e place en Premier League, synonyme de retrouvailles avec la C1, et une Ligue Conference.\n<\/p>\n<p>\n Alors que le PSG de Luis Enrique a \u00e9bloui les amateurs de beau jeu durant sa campagne en Ligue des champions, une \u00e9ventuelle d\u00e9faite en finale pourrait-elle n\u00e9anmoins \u00e9corner son magnifique parcours?\n<\/p>\n<p>\n \u00ab\u00a0Si nous gagnons dimanche, nous aurons \u00e9t\u00e9 la meilleure \u00e9quipe du jour. Cela fait-il de nous la meilleure \u00e9quipe d&rsquo;Europe ? Je n&rsquo;en suis pas s\u00fbr\u00a0\u00bb, a r\u00e9pondu avec franchise le d\u00e9fenseur anglais de Chelsea Reece James.<\/p>\n","protected":false},"excerpt":{"rendered":"Des supporters du PSG sont rassembl\u00e9s \u00e0 Times Square, \u00e0 New York, le 11 juillet 2025 ( AFP&hellip;\n","protected":false},"author":2,"featured_media":246473,"comment_status":"","ping_status":"","sticky":false,"template":"","format":"standard","meta":{"footnotes":""},"categories":[1888],"tags":[400,1111,1928,11,1927,398,408,405,1777,674,1011,27,403,402,399,404,12,1926,626,1925,25,401,406,407],"class_list":{"0":"post-246472","1":"post","2":"type-post","3":"status-publish","4":"format-standard","5":"has-post-thumbnail","7":"category-paris","8":"tag-action-cac-40","9":"tag-actu","10":"tag-actu-paris","11":"tag-actualites","12":"tag-actualites-paris","13":"tag-bourse-de-paris","14":"tag-boursorama","15":"tag-cotations","16":"tag-eu","17":"tag-europe","18":"tag-fr","19":"tag-france","20":"tag-indices-devises","21":"tag-investir","22":"tag-investissement","23":"tag-marche-boursier","24":"tag-news","25":"tag-news-paris","26":"tag-paris","27":"tag-paris-news","28":"tag-republique-francaise","29":"tag-sicav","30":"tag-trackers","31":"tag-warrants"},"share_on_mastodon":{"url":"https:\/\/pubeurope.com\/@fr\/114844257957997805","error":""},"_links":{"self":[{"href":"https:\/\/www.europesays.com\/fr\/wp-json\/wp\/v2\/posts\/246472","targetHints":{"allow":["GET"]}}],"collection":[{"href":"https:\/\/www.europesays.com\/fr\/wp-json\/wp\/v2\/posts"}],"about":[{"href":"https:\/\/www.europesays.com\/fr\/wp-json\/wp\/v2\/types\/post"}],"author":[{"embeddable":true,"href":"https:\/\/www.europesays.com\/fr\/wp-json\/wp\/v2\/users\/2"}],"replies":[{"embeddable":true,"href":"https:\/\/www.europesays.com\/fr\/wp-json\/wp\/v2\/comments?post=246472"}],"version-history":[{"count":0,"href":"https:\/\/www.europesays.com\/fr\/wp-json\/wp\/v2\/posts\/246472\/revisions"}],"wp:featuredmedia":[{"embeddable":true,"href":"https:\/\/www.europesays.com\/fr\/wp-json\/wp\/v2\/media\/246473"}],"wp:attachment":[{"href":"https:\/\/www.europesays.com\/fr\/wp-json\/wp\/v2\/media?parent=246472"}],"wp:term":[{"taxonomy":"category","embeddable":true,"href":"https:\/\/www.europesays.com\/fr\/wp-json\/wp\/v2\/categories?post=246472"},{"taxonomy":"post_tag","embeddable":true,"href":"https:\/\/www.europesays.com\/fr\/wp-json\/wp\/v2\/tags?post=246472"}],"curies":[{"name":"wp","href":"https:\/\/api.w.org\/{rel}","templated":true}]}}