{"id":246474,"date":"2025-07-13T05:24:14","date_gmt":"2025-07-13T05:24:14","guid":{"rendered":"https:\/\/www.europesays.com\/fr\/246474\/"},"modified":"2025-07-13T05:24:14","modified_gmt":"2025-07-13T05:24:14","slug":"le-chauffeur-vtc-mis-en-examen-porte-plainte-contre-x-2","status":"publish","type":"post","link":"https:\/\/www.europesays.com\/fr\/246474\/","title":{"rendered":"le chauffeur VTC mis en examen porte plainte contre X"},"content":{"rendered":"<p><img decoding=\"async\" class=\"caas-img caas-lazy has-preview\" src=\"https:\/\/www.europesays.com\/fr\/wp-content\/uploads\/2025\/07\/bc5eb86ad3412aa54f6a207c227e1fa7.jpeg\"\/><\/p>\n<p>Le chauffeur de VTC mis en examen <a data-i13n=\"cpos:1;pos:1\" href=\"https:\/\/www.bfmtv.com\/paris\/pietons-percutes-a-paris-le-chauffeur-vtc-est-mis-en-examen_AN-202505110274.html\" rel=\"nofollow noopener\" target=\"_blank\" data-ylk=\"slk:pour avoir percut\u00e9 des pi\u00e9tons en marge du match PSG-Arsenal;cpos:1;pos:1;elm:context_link;itc:0;sec:content-canvas\" class=\"link \">pour avoir percut\u00e9 des pi\u00e9tons en marge du match PSG-Arsenal<\/a>, le 7 mai dernier \u00e0 Paris, a port\u00e9 plainte contre X notamment pour \u00ab\u00a0mise en danger d&rsquo;autrui\u00a0\u00bb, a appris BFMTV de son avocat, confirmant une information du <a data-i13n=\"cpos:2;pos:1\" href=\"https:\/\/www.leparisien.fr\/faits-divers\/incidents-psg-arsenal-le-chauffeur-vtc-assailli-par-la-foule-porte-plainte-en-denoncant-linaction-des-forces-de-lordre-12-07-2025-RVFAPQUQQZFJHPFZYC5POWS3YE.php\" rel=\"nofollow noopener\" target=\"_blank\" data-ylk=\"slk:Parisien;cpos:2;pos:1;elm:context_link;itc:0;sec:content-canvas\" class=\"link \">Parisien<\/a>.<\/p>\n<p>L&rsquo;<a data-i13n=\"cpos:3;pos:1\" href=\"https:\/\/www.bfmtv.com\/paris\/pietons-percutes-a-paris-le-conducteur-est-un-chauffeur-vtc-qui-avait-un-passager-a-son-bord_AN-202505090391.html\" rel=\"nofollow noopener\" target=\"_blank\" data-ylk=\"slk:automobiliste;cpos:3;pos:1;elm:context_link;itc:0;sec:content-canvas\" class=\"link \">automobiliste<\/a> a \u00e9galement d\u00e9pos\u00e9 plainte pour \u00ab\u00a0destructions et d\u00e9gradations du bien d\u2019autrui par moyen dangereux\u00a0\u00bb et \u00ab\u00a0abstention de prendre ou de provoquer les mesures ad\u00e9quates \u00e0 combattre un sinistre\u00a0\u00bb.<\/p>\n<p>\u00ab\u00a0Des arr\u00eat\u00e9s n\u2019ont pas \u00e9t\u00e9 respect\u00e9s\u00a0\u00bb<\/p>\n<p>Selon son avocat, Me Hedi Dakhlaoui, les forces de l&rsquo;ordre auraient d\u00fb l&#8217;emp\u00eacher de se trouver dans la rue, situ\u00e9e pr\u00e8s des Champs-\u00c9lys\u00e9es, o\u00f9 plusieurs pi\u00e9tons f\u00eatant la victoire du club de football parisien ont entour\u00e9 son v\u00e9hicule.<\/p>\n<p>\u00ab\u00a0Il y avait des arr\u00eat\u00e9s qui r\u00e9glementaient la circulation \u00e0 ces endroits-l\u00e0. Des arr\u00eat\u00e9s qui n\u2019ont pas \u00e9t\u00e9 respect\u00e9s\u00a0\u00bb, d\u00e9clare l&rsquo;avocat du chauffeur \u00e0 BFMTV.<\/p>\n<p>\u00ab\u00a0La qualification de la mise en examen pour &lsquo;Violence avec arme par destination suivie d&rsquo;incapacit\u00e9 sup\u00e9rieure \u00e0 8 jours&rsquo; ne serait jamais arriv\u00e9e si on l\u2019avait emp\u00each\u00e9 d\u2019\u00eatre \u00e0 cet endroit-l\u00e0. Il n\u2019aurait jamais v\u00e9cu cette situation\u00a0\u00bb, poursuit-il.<\/p>\n<p>Trois personnes bless\u00e9es<\/p>\n<p>Le chauffeur de VTC, qui pr\u00e9f\u00e8re garder l&rsquo;anonymat, a \u00e9galement \u00e9t\u00e9 mis en examen pour \u00ab\u00a0conduite malgr\u00e9 invalidation du permis\u00a0\u00bb et \u00ab\u00a0conduite sous stup\u00e9fiant\u00a0\u00bb, deux faits qu&rsquo;il conteste selon son avocat.<\/p>\n<p>\u00ab\u00a0Sa vie depuis la soir\u00e9e du 7 mai a \u00e9t\u00e9 boulevers\u00e9e. Ce n&rsquo;est pas quelqu&rsquo;un qui fuit ses responsabilit\u00e9s, mais quelqu&rsquo;un qui a vu sa vie boulevers\u00e9e. Il est menac\u00e9 personnellement, sa famille est menac\u00e9e depuis \u00e9galement\u00a0\u00bb, poursuit Me Dakhlaoui, selon qui son client a quitt\u00e9 Paris.<\/p>\n<p>Le soir du match PSG-Arsenal, le chauffeur de VTC conduisait un client quand la foule s&rsquo;est amass\u00e9e autour de son v\u00e9hicule, rue Christophe-Colomb dans le 8e arrondissement de la capitale. Des images diffus\u00e9es sur les r\u00e9seaux sociaux ont montr\u00e9 le v\u00e9hicule acc\u00e9l\u00e9rer brusquement, percutant plusieurs personnes et en blessant trois selon la pr\u00e9fecture de police.<\/p>\n<p><a data-i13n=\"cpos:4;pos:1\" href=\"https:\/\/www.bfmtv.com\/police-justice\/pietons-percutes-a-paris-apres-psg-arsenal-le-chauffeur-vtc-mis-en-examen-porte-plainte-contre-x_AN-202507120256.html#xtor=AL-68\" rel=\"nofollow noopener\" target=\"_blank\" data-ylk=\"slk:Article original publi\u00e9 sur BFMTV.com;cpos:4;pos:1;elm:context_link;itc:0;sec:content-canvas\" class=\"link \">Article original publi\u00e9 sur BFMTV.com<\/a><\/p>\n","protected":false},"excerpt":{"rendered":"Le chauffeur de VTC mis en examen pour avoir percut\u00e9 des pi\u00e9tons en marge du match PSG-Arsenal, le&hellip;\n","protected":false},"author":2,"featured_media":246475,"comment_status":"","ping_status":"","sticky":false,"template":"","format":"standard","meta":{"footnotes":""},"categories":[1888],"tags":[1111,1928,11,1927,38603,9698,1777,674,3160,1011,27,6081,12,1926,626,1925,11172,25,9699],"class_list":{"0":"post-246474","1":"post","2":"type-post","3":"status-publish","4":"format-standard","5":"has-post-thumbnail","7":"category-paris","8":"tag-actu","9":"tag-actu-paris","10":"tag-actualites","11":"tag-actualites-paris","12":"tag-arme-par-destination","13":"tag-chauffeur","14":"tag-eu","15":"tag-europe","16":"tag-forces-de-lordre","17":"tag-fr","18":"tag-france","19":"tag-mis-en-examen","20":"tag-news","21":"tag-news-paris","22":"tag-paris","23":"tag-paris-news","24":"tag-psg-arsenal","25":"tag-republique-francaise","26":"tag-vtc"},"share_on_mastodon":{"url":"https:\/\/pubeurope.com\/@fr\/114844261838299065","error":""},"_links":{"self":[{"href":"https:\/\/www.europesays.com\/fr\/wp-json\/wp\/v2\/posts\/246474","targetHints":{"allow":["GET"]}}],"collection":[{"href":"https:\/\/www.europesays.com\/fr\/wp-json\/wp\/v2\/posts"}],"about":[{"href":"https:\/\/www.europesays.com\/fr\/wp-json\/wp\/v2\/types\/post"}],"author":[{"embeddable":true,"href":"https:\/\/www.europesays.com\/fr\/wp-json\/wp\/v2\/users\/2"}],"replies":[{"embeddable":true,"href":"https:\/\/www.europesays.com\/fr\/wp-json\/wp\/v2\/comments?post=246474"}],"version-history":[{"count":0,"href":"https:\/\/www.europesays.com\/fr\/wp-json\/wp\/v2\/posts\/246474\/revisions"}],"wp:featuredmedia":[{"embeddable":true,"href":"https:\/\/www.europesays.com\/fr\/wp-json\/wp\/v2\/media\/246475"}],"wp:attachment":[{"href":"https:\/\/www.europesays.com\/fr\/wp-json\/wp\/v2\/media?parent=246474"}],"wp:term":[{"taxonomy":"category","embeddable":true,"href":"https:\/\/www.europesays.com\/fr\/wp-json\/wp\/v2\/categories?post=246474"},{"taxonomy":"post_tag","embeddable":true,"href":"https:\/\/www.europesays.com\/fr\/wp-json\/wp\/v2\/tags?post=246474"}],"curies":[{"name":"wp","href":"https:\/\/api.w.org\/{rel}","templated":true}]}}