{"id":246476,"date":"2025-07-13T05:25:23","date_gmt":"2025-07-13T05:25:23","guid":{"rendered":"https:\/\/www.europesays.com\/fr\/246476\/"},"modified":"2025-07-13T05:25:23","modified_gmt":"2025-07-13T05:25:23","slug":"la-serie-en-therapie-bientot-adaptee-au-theatre-avec-francis-huster-dans-le-role-du-psy","status":"publish","type":"post","link":"https:\/\/www.europesays.com\/fr\/246476\/","title":{"rendered":"La s\u00e9rie \u00ab\u00a0En th\u00e9rapie\u00a0\u00bb bient\u00f4t adapt\u00e9e au th\u00e9\u00e2tre avec Francis Huster dans le r\u00f4le du psy"},"content":{"rendered":"<p class=\"paragraph text_align_left lp-f-body-02\">Cela promet d\u2019\u00eatre un des temps forts de la prochaine saison th\u00e9\u00e2trale. Alors que Francis Huster encha\u00eene les projets \u00e0 la t\u00e9l\u00e9vision, notamment \u00e0 l\u2019animation <a href=\"https:\/\/www.leparisien.fr\/culture-loisirs\/tv\/le-jeu-denquete-murder-party-au-musee-sur-m-6-sera-presente-par-francis-huster-13-05-2025-5JYIAKUITBDIJDCMUVPBA4U7BI.php?ts=1751641803371\" target=\"_self\" rel=\"nofollow noopener\">de l\u2019\u00e9mission de divertissement \u00ab Murder Party au mus\u00e9e \u00bb<\/a>, un Cluedo g\u00e9ant diffus\u00e9 le 16 juillet \u00e0 21h10 sur M 6, le com\u00e9dien n\u2019en oublie pas pour autant les planches.<\/p>\n<p class=\"paragraph text_align_left lp-f-body-02\">Et il sera \u00e0 la distribution d\u2019un projet qui va faire beaucoup parler : une adaptation au th\u00e9\u00e2tre de la s\u00e9rie d\u2019Arte \u00ab En th\u00e9rapie \u00bb. \u00ab Je fais En th\u00e9rapie au th\u00e9\u00e2tre Antoine (dans le Xe arrondissement de Paris) en janvier, la pi\u00e8ce de th\u00e9\u00e2tre tir\u00e9e de la s\u00e9rie pour quarante repr\u00e9sentations, nous a-t-il confi\u00e9s. J\u2019interpr\u00e8te le psy (<a href=\"https:\/\/www.leparisien.fr\/culture-loisirs\/series\/en-therapie-sur-arte-frederic-pierrot-un-psy-encore-plus-ecoute-dans-la-saison-2-06-04-2022-K4ZSNNZWJRFD3PUDNYELOPLECY.php\" target=\"_blank\" rel=\"noreferrer nofollow noopener\">initialement incarn\u00e9 par Fr\u00e9d\u00e9ric Pierrot<\/a>) et la pi\u00e8ce sera mise en sc\u00e8ne par le jeune acteur Charles Templon \u00bb.<\/p>\n","protected":false},"excerpt":{"rendered":"Cela promet d\u2019\u00eatre un des temps forts de la prochaine saison th\u00e9\u00e2trale. Alors que Francis Huster encha\u00eene les&hellip;\n","protected":false},"author":2,"featured_media":246477,"comment_status":"","ping_status":"","sticky":false,"template":"","format":"standard","meta":{"footnotes":""},"categories":[1888],"tags":[11,872,1777,674,1011,27,12,626,25,2205],"class_list":{"0":"post-246476","1":"post","2":"type-post","3":"status-publish","4":"format-standard","5":"has-post-thumbnail","7":"category-paris","8":"tag-actualites","9":"tag-culture-et-loisirs","10":"tag-eu","11":"tag-europe","12":"tag-fr","13":"tag-france","14":"tag-news","15":"tag-paris","16":"tag-republique-francaise","17":"tag-television-medias"},"share_on_mastodon":{"url":"https:\/\/pubeurope.com\/@fr\/114844265601212331","error":""},"_links":{"self":[{"href":"https:\/\/www.europesays.com\/fr\/wp-json\/wp\/v2\/posts\/246476","targetHints":{"allow":["GET"]}}],"collection":[{"href":"https:\/\/www.europesays.com\/fr\/wp-json\/wp\/v2\/posts"}],"about":[{"href":"https:\/\/www.europesays.com\/fr\/wp-json\/wp\/v2\/types\/post"}],"author":[{"embeddable":true,"href":"https:\/\/www.europesays.com\/fr\/wp-json\/wp\/v2\/users\/2"}],"replies":[{"embeddable":true,"href":"https:\/\/www.europesays.com\/fr\/wp-json\/wp\/v2\/comments?post=246476"}],"version-history":[{"count":0,"href":"https:\/\/www.europesays.com\/fr\/wp-json\/wp\/v2\/posts\/246476\/revisions"}],"wp:featuredmedia":[{"embeddable":true,"href":"https:\/\/www.europesays.com\/fr\/wp-json\/wp\/v2\/media\/246477"}],"wp:attachment":[{"href":"https:\/\/www.europesays.com\/fr\/wp-json\/wp\/v2\/media?parent=246476"}],"wp:term":[{"taxonomy":"category","embeddable":true,"href":"https:\/\/www.europesays.com\/fr\/wp-json\/wp\/v2\/categories?post=246476"},{"taxonomy":"post_tag","embeddable":true,"href":"https:\/\/www.europesays.com\/fr\/wp-json\/wp\/v2\/tags?post=246476"}],"curies":[{"name":"wp","href":"https:\/\/api.w.org\/{rel}","templated":true}]}}