{"id":246478,"date":"2025-07-13T05:26:13","date_gmt":"2025-07-13T05:26:13","guid":{"rendered":"https:\/\/www.europesays.com\/fr\/246478\/"},"modified":"2025-07-13T05:26:13","modified_gmt":"2025-07-13T05:26:13","slug":"chelsea-psg-un-nouveau-jour-de-gloire-attend-paris-meilleure-equipe-de-la-planete","status":"publish","type":"post","link":"https:\/\/www.europesays.com\/fr\/246478\/","title":{"rendered":"Chelsea-PSG\u00a0: un nouveau jour de gloire attend Paris, meilleure \u00e9quipe de la plan\u00e8te"},"content":{"rendered":"<p class=\"paragraph text_align_left lp-f-body-02\">Le monde leur appartient. Enfin, pas tout \u00e0 fait, pas encore, pas au palmar\u00e8s, mais dans les faits, oui. \u00c0 l\u2019issue d\u2019un tournoi grandiose o\u00f9 le <a href=\"https:\/\/www.leparisien.fr\/sports\/football\/psg\/\" target=\"_blank\" rel=\"noreferrer noopener\">PSG <\/a>aura r\u00e9ussi \u00e0 d\u00e9ployer tout ce qu\u2019il poss\u00e9dait de merveilleux en encore plus beau, le voil\u00e0 en finale face \u00e0 Chelsea ce dimanche pour soulever son cinqui\u00e8me troph\u00e9e de la saison, un record.<\/p>\n<p class=\"paragraph text_align_left lp-f-body-02\">Au passage, il aura \u00e9galement donn\u00e9 un immense int\u00e9r\u00eat \u00e0 cette comp\u00e9tition de trop. Cette <a href=\"https:\/\/www.leparisien.fr\/sports\/football\/coupe-du-monde-des-clubs\/\" target=\"_blank\" rel=\"noreferrer noopener\">Coupe du monde des clubs<\/a> jurait dans le d\u00e9cor alors l\u2019\u00e9quipe parisienne a d\u00e9cid\u00e9 d\u2019offrir un condens\u00e9 de son art, \u00e9laguant ses ultimes scories \u2015 une mani\u00e8re de d\u00e9fendre parfois erratique ; <a href=\"https:\/\/www.leparisien.fr\/sports\/football\/coupe-du-monde-des-clubs\/psg-real-madrid-4-0-les-chiffres-dingues-de-paris-en-cette-fin-de-saison-09-07-2025-XPT4STQNZ5GYJMZXVCP2RZQKCY.php\" target=\"_blank\" rel=\"noreferrer noopener\">un seul but encaiss\u00e9 <\/a>jusqu\u2019\u00e0 pr\u00e9sent aux \u00c9tats-Unis \u2015 afin d\u2019\u00e9taler le plus beau spectacle collectif depuis dix ans et la victoire de Barcelone en finale de la Ligue des champions 2015. L\u2019entra\u00eeneur s\u2019appelait alors Luis Enrique, dans le gotha des GOAT du jeu.<\/p>\n","protected":false},"excerpt":{"rendered":"Le monde leur appartient. Enfin, pas tout \u00e0 fait, pas encore, pas au palmar\u00e8s, mais dans les faits,&hellip;\n","protected":false},"author":2,"featured_media":246479,"comment_status":"","ping_status":"","sticky":false,"template":"","format":"standard","meta":{"footnotes":""},"categories":[1888],"tags":[11,7151,1777,674,63,1011,27,12,626,25,60],"class_list":{"0":"post-246478","1":"post","2":"type-post","3":"status-publish","4":"format-standard","5":"has-post-thumbnail","7":"category-paris","8":"tag-actualites","9":"tag-coupe-du-monde-des-clubs","10":"tag-eu","11":"tag-europe","12":"tag-football","13":"tag-fr","14":"tag-france","15":"tag-news","16":"tag-paris","17":"tag-republique-francaise","18":"tag-sports"},"share_on_mastodon":{"url":"https:\/\/pubeurope.com\/@fr\/114844269518856597","error":""},"_links":{"self":[{"href":"https:\/\/www.europesays.com\/fr\/wp-json\/wp\/v2\/posts\/246478","targetHints":{"allow":["GET"]}}],"collection":[{"href":"https:\/\/www.europesays.com\/fr\/wp-json\/wp\/v2\/posts"}],"about":[{"href":"https:\/\/www.europesays.com\/fr\/wp-json\/wp\/v2\/types\/post"}],"author":[{"embeddable":true,"href":"https:\/\/www.europesays.com\/fr\/wp-json\/wp\/v2\/users\/2"}],"replies":[{"embeddable":true,"href":"https:\/\/www.europesays.com\/fr\/wp-json\/wp\/v2\/comments?post=246478"}],"version-history":[{"count":0,"href":"https:\/\/www.europesays.com\/fr\/wp-json\/wp\/v2\/posts\/246478\/revisions"}],"wp:featuredmedia":[{"embeddable":true,"href":"https:\/\/www.europesays.com\/fr\/wp-json\/wp\/v2\/media\/246479"}],"wp:attachment":[{"href":"https:\/\/www.europesays.com\/fr\/wp-json\/wp\/v2\/media?parent=246478"}],"wp:term":[{"taxonomy":"category","embeddable":true,"href":"https:\/\/www.europesays.com\/fr\/wp-json\/wp\/v2\/categories?post=246478"},{"taxonomy":"post_tag","embeddable":true,"href":"https:\/\/www.europesays.com\/fr\/wp-json\/wp\/v2\/tags?post=246478"}],"curies":[{"name":"wp","href":"https:\/\/api.w.org\/{rel}","templated":true}]}}