{"id":246480,"date":"2025-07-13T05:27:09","date_gmt":"2025-07-13T05:27:09","guid":{"rendered":"https:\/\/www.europesays.com\/fr\/246480\/"},"modified":"2025-07-13T05:27:09","modified_gmt":"2025-07-13T05:27:09","slug":"la-france-dans-le-collimateur-de-la-russie","status":"publish","type":"post","link":"https:\/\/www.europesays.com\/fr\/246480\/","title":{"rendered":"La France dans le collimateur de la Russie"},"content":{"rendered":"<p>\n                                                La Russie a identifi\u00e9 la France comme \u00e9tant son principal adversaire en Europe, a indiqu\u00e9 ce vendredi le g\u00e9n\u00e9ral Thierry Burkhard, chef d&rsquo;\u00e9tat-major des Arm\u00e9es \u00e0 l&rsquo;occasion d&rsquo;une tr\u00e8s rare conf\u00e9rence de presse.\u00a0Le plus haut grad\u00e9 de l&rsquo;arm\u00e9e fran\u00e7aise brosse un sombre tableau de l&rsquo;\u00e9tat de la menace et soulign\u00e9 que la Russie constitue d\u00e9sormais un risque durable pour le continent europ\u00e9en.                    <\/p>\n<p>Guerre en Ukraine, terrorisme, attaques hybrides, d\u00e9litement de l&rsquo;ordre international ou encore cons\u00e9quences du r\u00e9chauffement climatique, les crises se multiplient et se superposent&#8230; sans am\u00e9lioration visible estime <strong><a href=\"https:\/\/www.rfi.fr\/fr\/podcasts\/lignes-de-d\u00e9fense\/20210627-thierry-burkhard-nouveau-chef-d-\u00e9tat-major-des-arm\u00e9es-fran\u00e7aises\" target=\"_self\" rel=\"nofollow noopener\">le g\u00e9n\u00e9ral Burkhard<\/a><\/strong>: \u00ab On est bien face \u00e0 un changement de r\u00e9f\u00e9rentiel strat\u00e9gique. Je peine \u00e0 discerner quelles pourraient \u00eatre les portes de sortie ou de stabilisation \u00e0 court terme. J&rsquo;estime qu&rsquo;on est plut\u00f4t face \u00e0 quelque chose que j&rsquo;appelle les effets cliquets. Il ne faut pas s&rsquo;attendre \u00e0 horizon visible, \u00e0 un retour en arri\u00e8re et donc ce n&rsquo;est pas la peine de se dire\u00a0: je vais faire le dos rond. Il faut plut\u00f4t se pr\u00e9parer \u00e0 g\u00e9rer le monde tel qu&rsquo;il est aujourd&rsquo;hui face \u00e0 nous, c&rsquo;est la r\u00e9alit\u00e9. \u00bb<\/p>\n<p>Et dans le monde tel qu&rsquo;il est, la Russie est partie prenante de presque toutes les menaces, dit le chef d&rsquo;\u00e9tat-major des arm\u00e9es. C&rsquo;est une puissance de nuisance y compris en mer et sous les mers, \u00ab Donc c&rsquo;est d&rsquo;abord les sous-marins nucl\u00e9aires d&rsquo;attaque russes qui r\u00e9guli\u00e8rement p\u00e9n\u00e8trent en Atlantique Nord et ensuite descendent quelquefois en M\u00e9diterran\u00e9e, et qui cherchent \u00e9videmment \u00e0 surveiller les zones qui sont importantes pour nous, mais \u00e9galement chez les Britanniques, \u00e9ventuellement aussi sur les c\u00f4tes am\u00e9ricaines. C&rsquo;est une pr\u00e9sence g\u00eanante. Il y a aussi des moyens sp\u00e9cialis\u00e9s d&rsquo;action sous la mer pour conduire des actions plus pr\u00e9cises le long des c\u00e2bles sous-marins. \u00bb<\/p>\n<p>Frictions dans les airs et dans l&rsquo;espace aussi, la Russie malgr\u00e9 des pertes consid\u00e9rables en Ukraine, dispose toujours, estime le g\u00e9n\u00e9ral Burkhard, d&rsquo;une arm\u00e9e de premier plan: \u00ab La Russie est un mod\u00e8le d&rsquo;arm\u00e9e complet, mais jusqu&rsquo;au bout des ongles ! Je ne vois pas de capacit\u00e9 qui manquent depuis les capacit\u00e9s de brouillage, de guerre \u00e9lectronique aux syst\u00e8mes de d\u00e9fense sol air, aux syst\u00e8mes d&rsquo;artillerie\/feu dans la profondeur, avec un \u00e9tagement. L&rsquo;arm\u00e9e russe dispose de tout. La puissance nucl\u00e9aire aussi. Avec des vecteurs terrestres, des vecteurs sous-marins, des vecteurs aviation \u00e0 long rayon d&rsquo;action, des armes strat\u00e9giques, des armes tactiques, avec une doctrine et une cha\u00eene de commandement qui est extr\u00eamement robuste, test\u00e9e, sond\u00e9e. \u00bb<\/p>\n<p class=\"a-read-more\">\u00c0 lire aussi<a href=\"https:\/\/www.rfi.fr\/fr\/europe\/20250711-la-russie-est-une-menace-durable-affirme-le-chef-d-\u00e9tat-major-des-arm\u00e9es-fran\u00e7aises\" target=\"_self\" class=\"a-read-more__link\" rel=\"nofollow noopener\">La Russie est une \u00abmenace durable\u00bb, affirme le chef d&rsquo;\u00e9tat-major des arm\u00e9es fran\u00e7aises<\/a><\/p>\n<p> La Russie, une menace durable\u00a0 <\/p>\n<p>L&rsquo;objectif de Moscou est de d\u00e9stabiliser la France, mais aussi la Grande-Bretagne, les deux puissances europ\u00e9ennes dot\u00e9es de l&rsquo;arme nucl\u00e9aire, estime le g\u00e9n\u00e9ral Burkhard, avec l&rsquo;ambition, par effet domino, de contraindre le reste du continent, \u00ab La guerre en Ukraine pour la Russie est existentielle et elle veut absolument obtenir ce qu&rsquo;elle a fix\u00e9 comme objectif ou du moins ce que Poutine a fix\u00e9 comme objectif, avec probablement comme \u00e9tat final recherch\u00e9, affaiblir l&rsquo;Europe et d\u00e9manteler <strong><a href=\"https:\/\/www.rfi.fr\/fr\/podcasts\/g\u00e9opolitique\/20250628-qui-a-le-plus-\u00e0-gagner-ou-\u00e0-perdre-avec-l-otan\" target=\"_self\" rel=\"nofollow noopener\">l&rsquo;Otan<\/a><\/strong>. C&rsquo;est l&rsquo;objectif de la Russie, c&rsquo;est l&rsquo;objectif de Poutine. Pour y arriver, elle a mis en place une \u00e9conomie de guerre qui tourne \u00e0 plein r\u00e9gime aujourd&rsquo;hui, \u00e7a veut dire que la Russie va continuer \u00e0 se r\u00e9armer \u00e0 ce rythme-l\u00e0. Et donc on estime qu&rsquo;avant 2030, elle constituera \u00e0 nouveau une vraie menace \u00e0 nos fronti\u00e8res, sur le flanc est de l&rsquo;Europe. \u00bb\u00a0<\/p>\n<p>La s\u00e9curit\u00e9 de l&rsquo;Europe se joue donc en Ukraine et la d\u00e9faite de Kiev, mart\u00e8le le g\u00e9n\u00e9ral Burkhard, serait une d\u00e9faite europ\u00e9enne. Il y a urgence, le temps est d\u00e9sormais compt\u00e9.<\/p>\n<p class=\"a-read-more\">\u00c0 lire aussi<a href=\"https:\/\/www.rfi.fr\/fr\/france\/20220225-g\u00e9n\u00e9ral-thierry-burkhard-la-france-et-l-otan-sont-pr\u00eates-\u00e0-faire-face-\u00e0-toute-agression\" target=\"_self\" class=\"a-read-more__link\" rel=\"nofollow noopener\">G\u00e9n\u00e9ral Thierry Burkhard: \u00abLa France et l&rsquo;Otan sont pr\u00eates \u00e0 faire face \u00e0 toute agression\u00bb<\/a><\/p>\n","protected":false},"excerpt":{"rendered":"La Russie a identifi\u00e9 la France comme \u00e9tant son principal adversaire en Europe, a indiqu\u00e9 ce vendredi le&hellip;\n","protected":false},"author":2,"featured_media":246481,"comment_status":"","ping_status":"","sticky":false,"template":"","format":"standard","meta":{"footnotes":""},"categories":[1591],"tags":[11,554,1887,27,33382,12,136,473,1885,1886,132,364],"class_list":{"0":"post-246480","1":"post","2":"type-post","3":"status-publish","4":"format-standard","5":"has-post-thumbnail","7":"category-russie","8":"tag-actualites","9":"tag-defense","10":"tag-federation-de-russie","11":"tag-france","12":"tag-lignes-de-defense","13":"tag-news","14":"tag-otan","15":"tag-royaume-uni","16":"tag-russia","17":"tag-russian-federation","18":"tag-russie","19":"tag-union-europeenne"},"share_on_mastodon":{"url":"https:\/\/pubeurope.com\/@fr\/114844273380660236","error":""},"_links":{"self":[{"href":"https:\/\/www.europesays.com\/fr\/wp-json\/wp\/v2\/posts\/246480","targetHints":{"allow":["GET"]}}],"collection":[{"href":"https:\/\/www.europesays.com\/fr\/wp-json\/wp\/v2\/posts"}],"about":[{"href":"https:\/\/www.europesays.com\/fr\/wp-json\/wp\/v2\/types\/post"}],"author":[{"embeddable":true,"href":"https:\/\/www.europesays.com\/fr\/wp-json\/wp\/v2\/users\/2"}],"replies":[{"embeddable":true,"href":"https:\/\/www.europesays.com\/fr\/wp-json\/wp\/v2\/comments?post=246480"}],"version-history":[{"count":0,"href":"https:\/\/www.europesays.com\/fr\/wp-json\/wp\/v2\/posts\/246480\/revisions"}],"wp:featuredmedia":[{"embeddable":true,"href":"https:\/\/www.europesays.com\/fr\/wp-json\/wp\/v2\/media\/246481"}],"wp:attachment":[{"href":"https:\/\/www.europesays.com\/fr\/wp-json\/wp\/v2\/media?parent=246480"}],"wp:term":[{"taxonomy":"category","embeddable":true,"href":"https:\/\/www.europesays.com\/fr\/wp-json\/wp\/v2\/categories?post=246480"},{"taxonomy":"post_tag","embeddable":true,"href":"https:\/\/www.europesays.com\/fr\/wp-json\/wp\/v2\/tags?post=246480"}],"curies":[{"name":"wp","href":"https:\/\/api.w.org\/{rel}","templated":true}]}}