{"id":246484,"date":"2025-07-13T05:29:08","date_gmt":"2025-07-13T05:29:08","guid":{"rendered":"https:\/\/www.europesays.com\/fr\/246484\/"},"modified":"2025-07-13T05:29:08","modified_gmt":"2025-07-13T05:29:08","slug":"la-russie-met-en-garde-les-etats-unis-la-coree-du-sud-et-le-japon-contre-une-alliance","status":"publish","type":"post","link":"https:\/\/www.europesays.com\/fr\/246484\/","title":{"rendered":"La Russie met en garde les \u00c9tats-Unis la Cor\u00e9e du Sud et le Japon contre une alliance"},"content":{"rendered":"<p>Le ministre russe des Affaires \u00e9trang\u00e8res a mis en garde les \u00c9tats-Unis, la Cor\u00e9e du Sud et le Japon contre la formation d\u2019un partenariat de s\u00e9curit\u00e9 ciblant la Cor\u00e9e du Nord, alors qu\u2019il se rendait chez l\u2019alli\u00e9 de son pays pour des discussions visant \u00e0 consolider leur coop\u00e9ration, notamment militaire, en plein essor.<\/p>\n<p>Le ministre russe des Affaires \u00e9trang\u00e8res, Sergue\u00ef Lavrov, s\u2019est exprim\u00e9 samedi \u00e0 Wonsan, dans l\u2019est de la Cor\u00e9e du Nord, o\u00f9 il a rencontr\u00e9 le dirigeant nord-cor\u00e9en, Kim Jong-un, et lui a transmis les salutations du pr\u00e9sident Vladimir Poutine.<\/p>\n<p>Au cours de cette rencontre, Kim Jong-un a r\u00e9affirm\u00e9 l\u2019engagement de son gouvernement \u00e0 \u00absoutenir et encourager sans condition toutes les mesures\u00bb prises par la Russie dans son conflit avec l\u2019Ukraine.<\/p>\n<p>Il a d\u00e9clar\u00e9 que Pyongyang et Moscou partageaient des points de vue identiques sur \u00abtoutes les questions strat\u00e9giques, conform\u00e9ment au niveau de l\u2019alliance\u00bb, selon l\u2019agence de presse officielle nord-cor\u00e9enne.<\/p>\n<p>Sergue\u00ef Lavrov a appel\u00e9 les deux pays \u00e0 renforcer leur \u00abcoop\u00e9ration strat\u00e9gique et tactique et \u00e0 intensifier leur action concert\u00e9e\u00bb dans les affaires internationales, a rapport\u00e9 KCNA. Les relations entre la Russie et la Cor\u00e9e du Nord ont \u00e9t\u00e9 florissantes ces derni\u00e8res ann\u00e9es. La Cor\u00e9e du Nord fournit des troupes et des munitions pour soutenir la guerre de la Russie contre l\u2019Ukraine en \u00e9change d\u2019une assistance militaire et \u00e9conomique.<\/p>\n<p>Cela a suscit\u00e9 des inqui\u00e9tudes en Cor\u00e9e du Sud, aux \u00c9tats-Unis et ailleurs, quant au transfert \u00e9ventuel de technologies sensibles par la Russie \u00e0 la Cor\u00e9e du Nord, susceptible d\u2019accro\u00eetre le danger de ses programmes nucl\u00e9aire et balistique.<\/p>\n<p>S\u2019adressant aux journalistes apr\u00e8s une rencontre avec son homologue nord-cor\u00e9en Choe Son Hui, Sergue\u00ef Lavrov a accus\u00e9 les \u00c9tats-Unis, la Cor\u00e9e du Sud et le Japon de ce qu\u2019il a qualifi\u00e9 de renforcement militaire autour de la Cor\u00e9e du Nord.<\/p>\n<p>\u00abNous mettons en garde contre l\u2019exploitation de ces liens pour nouer des alliances dirig\u00e9es contre quiconque, y compris la Cor\u00e9e du Nord et, bien s\u00fbr, la Russie\u00bb, a-t-il dit, selon l\u2019agence de presse russe Tass.<\/p>\n<p>Les \u00c9tats-Unis, la Cor\u00e9e du Sud et le Japon ont \u00e9tendu ou r\u00e9tabli leurs exercices militaires trilat\u00e9raux en r\u00e9ponse \u00e0 l\u2019avanc\u00e9e du programme nucl\u00e9aire nord-cor\u00e9en. Les trois pays ont organis\u00e9 vendredi un exercice a\u00e9rien conjoint impliquant des bombardiers am\u00e9ricains \u00e0 capacit\u00e9 nucl\u00e9aire pr\u00e8s de la p\u00e9ninsule cor\u00e9enne. Leurs hauts responsables militaires se sont r\u00e9unis \u00e0 S\u00e9oul et ont exhort\u00e9 la Cor\u00e9e du Nord \u00e0 cesser toute activit\u00e9 ill\u00e9gale mena\u00e7ant la s\u00e9curit\u00e9 r\u00e9gionale.<\/p>\n<p>La Cor\u00e9e du Nord consid\u00e8re les grands exercices militaires men\u00e9s par les \u00c9tats-Unis comme des r\u00e9p\u00e9titions d\u2019invasion et affirme depuis longtemps \u00eatre contrainte de d\u00e9velopper des armes nucl\u00e9aires pour se d\u00e9fendre contre les menaces militaires am\u00e9ricaines.<\/p>\n<p>La Russie comprend la d\u00e9cision de la Cor\u00e9e du Nord de se doter de l\u2019arme nucl\u00e9aire, a d\u00e9clar\u00e9 Sergue\u00ef Lavrov.<\/p>\n<p>___<\/p>\n<p>Kim Tong-hyung \u00e0 S\u00e9oul, en Cor\u00e9e du Sud, et Elise Morton \u00e0 Ath\u00e8nes, en Gr\u00e8ce, ont contribu\u00e9 \u00e0 ce reportage.<\/p>\n","protected":false},"excerpt":{"rendered":"Le ministre russe des Affaires \u00e9trang\u00e8res a mis en garde les \u00c9tats-Unis, la Cor\u00e9e du Sud et le&hellip;\n","protected":false},"author":2,"featured_media":246485,"comment_status":"","ping_status":"","sticky":false,"template":"","format":"standard","meta":{"footnotes":""},"categories":[1589],"tags":[11,73,1866,1854,4576,12,1864,1865,1863,308],"class_list":{"0":"post-246484","1":"post","2":"type-post","3":"status-publish","4":"format-standard","5":"has-post-thumbnail","7":"category-etats-unis","8":"tag-actualites","9":"tag-etats-unis","10":"tag-etats-unis-damerique","11":"tag-https-lactualite-com-sujet-international","12":"tag-https-lactualite-com-sujet-politique","13":"tag-news","14":"tag-united-states","15":"tag-united-states-of-america","16":"tag-us","17":"tag-usa"},"share_on_mastodon":{"url":"https:\/\/pubeurope.com\/@fr\/114844281302967387","error":""},"_links":{"self":[{"href":"https:\/\/www.europesays.com\/fr\/wp-json\/wp\/v2\/posts\/246484","targetHints":{"allow":["GET"]}}],"collection":[{"href":"https:\/\/www.europesays.com\/fr\/wp-json\/wp\/v2\/posts"}],"about":[{"href":"https:\/\/www.europesays.com\/fr\/wp-json\/wp\/v2\/types\/post"}],"author":[{"embeddable":true,"href":"https:\/\/www.europesays.com\/fr\/wp-json\/wp\/v2\/users\/2"}],"replies":[{"embeddable":true,"href":"https:\/\/www.europesays.com\/fr\/wp-json\/wp\/v2\/comments?post=246484"}],"version-history":[{"count":0,"href":"https:\/\/www.europesays.com\/fr\/wp-json\/wp\/v2\/posts\/246484\/revisions"}],"wp:featuredmedia":[{"embeddable":true,"href":"https:\/\/www.europesays.com\/fr\/wp-json\/wp\/v2\/media\/246485"}],"wp:attachment":[{"href":"https:\/\/www.europesays.com\/fr\/wp-json\/wp\/v2\/media?parent=246484"}],"wp:term":[{"taxonomy":"category","embeddable":true,"href":"https:\/\/www.europesays.com\/fr\/wp-json\/wp\/v2\/categories?post=246484"},{"taxonomy":"post_tag","embeddable":true,"href":"https:\/\/www.europesays.com\/fr\/wp-json\/wp\/v2\/tags?post=246484"}],"curies":[{"name":"wp","href":"https:\/\/api.w.org\/{rel}","templated":true}]}}