{"id":246487,"date":"2025-07-13T05:31:14","date_gmt":"2025-07-13T05:31:14","guid":{"rendered":"https:\/\/www.europesays.com\/fr\/246487\/"},"modified":"2025-07-13T05:31:14","modified_gmt":"2025-07-13T05:31:14","slug":"motogp-allemagne-j2-pedro-acosta-ktm-q5-s9-cetait-mon-erreur-jai-pris-une-flaque-la-ou-morbidelli-est-tombe","status":"publish","type":"post","link":"https:\/\/www.europesays.com\/fr\/246487\/","title":{"rendered":"MotoGP, Allemagne J2, Pedro Acosta (KTM\/Q5-S9) : \u00ab\u00a0c&rsquo;\u00e9tait mon erreur. J&rsquo;ai pris une flaque, l\u00e0 o\u00f9 Morbidelli est tomb\u00e9\u00a0\u00bb"},"content":{"rendered":"<p><strong>Pedro Acosta a fr\u00f4l\u00e9 la catastrophe au Sachsenring. Lors<br \/>\ndu Sprint MotoGP disput\u00e9 sous une pluie incessante, le jeune<br \/>\nprodige espagnol de KTM a vu sa course basculer d\u2019un potentiel top<br \/>\n5 \u00e0 une longue travers\u00e9e du bac \u00e0 gravier\u2026 avant de sauver in<br \/>\nextremis un point pr\u00e9cieux.<\/strong><\/p>\n<p>Parti de la deuxi\u00e8me ligne gr\u00e2ce \u00e0 une qualification solide,<br \/>\n<strong>Acosta<\/strong> a connu un d\u00e9part difficile, r\u00e9trogradant<br \/>\ndans le peloton. Mais fid\u00e8le \u00e0 son style combatif, le pilote<br \/>\n<strong>Red Bull KTM<\/strong> a lanc\u00e9 une impressionnante remont\u00e9e,<br \/>\nse hissant jusqu\u2019\u00e0 la quatri\u00e8me place. H\u00e9las, un coup du sort a<br \/>\nfailli tout an\u00e9antir :<\/p>\n<p>\u00ab C\u2019\u00e9tait mon erreur. J\u2019ai pris une flaque, l\u00e0 o\u00f9<br \/>\n<strong>Morbidelli<\/strong> est tomb\u00e9. La roue avant a<br \/>\ngliss\u00e9, et ma seule chance \u00e9tait de filer tout droit \u00bb, a<br \/>\nexpliqu\u00e9 <strong>Acosta<\/strong> apr\u00e8s la course.<\/p>\n<p>L\u2019Espagnol a travers\u00e9 le bac \u00e0 gravier \u00e0 pleine vitesse, fr\u00f4lant<br \/>\nla chute dans le c\u00e9l\u00e8bre virage proche du karting. Gr\u00e2ce \u00e0 un<br \/>\nm\u00e9lange de r\u00e9flexes et de chance, il est parvenu \u00e0 garder le<br \/>\ncontr\u00f4le de sa RC16, r\u00e9int\u00e9grant la piste en 12e position, juste<br \/>\nderri\u00e8re <strong>Pecco Bagnaia<\/strong>.<\/p>\n<p><img decoding=\"async\" class=\"aligncenter\" src=\"https:\/\/www.europesays.com\/fr\/wp-content\/uploads\/2025\/07\/1396d3cc4f0d4d2b882e68770afd9dd9.jpg\" alt=\"Pas de d\u00e9testation de la pluie : Acosta a lou\u00e9 les qualit\u00e9s de la KTM sur sol mouill\u00e9\"\/><\/p>\n<p><strong>Pedro Acosta\u00a0:<br \/>\n\u00ab\u00a0mis \u00e0 part cette erreur, c\u2019\u00e9tait une bonne<br \/>\ncourse\u00a0\u00bb<\/strong><\/p>\n<p>\u00ab Mis \u00e0 part cette erreur, c\u2019\u00e9tait une bonne course \u00bb,<br \/>\na estim\u00e9 le pilote de <strong>21<\/strong> ans. \u00ab J\u2019ai r\u00e9ussi \u00e0<br \/>\nrevenir dans le rythme, et c\u2019\u00e9tait m\u00eame suffisant pour marquer un<br \/>\npoint, <strong>donc je suis content du r\u00e9sultat<\/strong>.<br \/>\n\u00bb<\/p>\n<p><strong>Acosta<\/strong> a \u00e9galement salu\u00e9 les performances de la<br \/>\n<a href=\"https:\/\/www.paddock-gp.com\/motogp-en-inde-la-rumeur-veut-que-bajaj-confirme-bientot-le-projet-ktm-rc16\/\" rel=\"nofollow noopener\" target=\"_blank\"><br \/>\n<strong>KTM<\/strong><\/a> sous la pluie, un atout qui pourrait peser<br \/>\nlourd dans les prochaines manches :<\/p>\n<p>\u00ab Aujourd\u2019hui, il est apparu clairement que nous avions un<br \/>\navantage sur sol mouill\u00e9. <strong>Beaucoup de motos souffrent<br \/>\ndavantage sous la pluie, mais pas la KTM<\/strong>. La confiance<br \/>\ndans l\u2019avant est excellente, <strong>les sensations sont<br \/>\ncomparables \u00e0 celles sur le sec<\/strong>. \u00bb<\/p>\n<p>Au classement g\u00e9n\u00e9ral, <strong>Pedro Acosta<\/strong> conserve la<br \/>\nhuiti\u00e8me place, juste derri\u00e8re <a href=\"https:\/\/www.paddock-gp.com\/motogp-allemage-j2-johann-zarco-honda-q2-s7-dans-lincomprehension-quest-ce-quil-y-a-pu-avoir\/\" rel=\"nofollow noopener\" target=\"_blank\"><br \/>\n<strong>Johann Zarco<\/strong><\/a>, mais devant le d\u00e9butant<br \/>\n<strong>Fermin Aldeguer<\/strong>. Malgr\u00e9 une journ\u00e9e mouvement\u00e9e,<br \/>\nle jeune Espagnol prouve encore une fois qu\u2019il faut compter sur lui<br \/>\nen <a href=\"https:\/\/www.motogp.com\/en\" rel=\"nofollow noopener\" target=\"_blank\">MotoGP<\/a>, m\u00eame dans des<br \/>\nconditions pi\u00e9geuses.<\/p>\n<p><img decoding=\"async\" class=\"aligncenter\" src=\"https:\/\/www.europesays.com\/fr\/wp-content\/uploads\/2025\/07\/2185d598a91d43078f330a014ba66133.jpg\" alt=\"Pedro Acosta (KTM) : De la 5\u00e8me place sur la grille, il est pass\u00e9 devant, puis dans le bac \u00e0 gravier et a termin\u00e9 en 9\u00e8me position\"\/><\/p>\n<p><img loading=\"lazy\" decoding=\"async\" class=\"aligncenter size-full wp-image-1308830\" src=\"https:\/\/www.europesays.com\/fr\/wp-content\/uploads\/2025\/07\/Grille-Allemagne.jpg\" alt=\"Allemagne\" width=\"740\" height=\"665\"  \/><\/p>\n<p><img loading=\"lazy\" decoding=\"async\" class=\"aligncenter size-full wp-image-1309086\" src=\"https:\/\/www.europesays.com\/fr\/wp-content\/uploads\/2025\/07\/sprint.jpg\" alt=\"\" width=\"800\" height=\"839\"  \/><\/p>\n<p>\u00a0<\/p>\n<p>\u00a0<\/p>\n<p>\u00a0<\/p>\n<p>\u00a0<\/p>\n<p>\u00a0<\/p>\n<p>\u00a0<\/p>\n<p>\u00a0<\/p>\n<p>\u00a0<\/p>\n<p>\u00a0<\/p>\n<p>\u00a0<\/p>\n<p>\u00a0<\/p>\n<p>\u00a0<\/p>\n","protected":false},"excerpt":{"rendered":"Pedro Acosta a fr\u00f4l\u00e9 la catastrophe au Sachsenring. Lors du Sprint MotoGP disput\u00e9 sous une pluie incessante, le&hellip;\n","protected":false},"author":2,"featured_media":246488,"comment_status":"","ping_status":"","sticky":false,"template":"","format":"standard","meta":{"footnotes":""},"categories":[1587],"tags":[11,672,1804,1805,1803,1777,674,1801,12,1802],"class_list":{"0":"post-246487","1":"post","2":"type-post","3":"status-publish","4":"format-standard","5":"has-post-thumbnail","7":"category-allemagne","8":"tag-actualites","9":"tag-allemagne","10":"tag-bundesrepublik-deutschland","11":"tag-de","12":"tag-deutschland","13":"tag-eu","14":"tag-europe","15":"tag-germany","16":"tag-news","17":"tag-republique-federale-dallemagne"},"share_on_mastodon":{"url":"https:\/\/pubeurope.com\/@fr\/114844289330366293","error":""},"_links":{"self":[{"href":"https:\/\/www.europesays.com\/fr\/wp-json\/wp\/v2\/posts\/246487","targetHints":{"allow":["GET"]}}],"collection":[{"href":"https:\/\/www.europesays.com\/fr\/wp-json\/wp\/v2\/posts"}],"about":[{"href":"https:\/\/www.europesays.com\/fr\/wp-json\/wp\/v2\/types\/post"}],"author":[{"embeddable":true,"href":"https:\/\/www.europesays.com\/fr\/wp-json\/wp\/v2\/users\/2"}],"replies":[{"embeddable":true,"href":"https:\/\/www.europesays.com\/fr\/wp-json\/wp\/v2\/comments?post=246487"}],"version-history":[{"count":0,"href":"https:\/\/www.europesays.com\/fr\/wp-json\/wp\/v2\/posts\/246487\/revisions"}],"wp:featuredmedia":[{"embeddable":true,"href":"https:\/\/www.europesays.com\/fr\/wp-json\/wp\/v2\/media\/246488"}],"wp:attachment":[{"href":"https:\/\/www.europesays.com\/fr\/wp-json\/wp\/v2\/media?parent=246487"}],"wp:term":[{"taxonomy":"category","embeddable":true,"href":"https:\/\/www.europesays.com\/fr\/wp-json\/wp\/v2\/categories?post=246487"},{"taxonomy":"post_tag","embeddable":true,"href":"https:\/\/www.europesays.com\/fr\/wp-json\/wp\/v2\/tags?post=246487"}],"curies":[{"name":"wp","href":"https:\/\/api.w.org\/{rel}","templated":true}]}}