{"id":246498,"date":"2025-07-13T05:39:20","date_gmt":"2025-07-13T05:39:20","guid":{"rendered":"https:\/\/www.europesays.com\/fr\/246498\/"},"modified":"2025-07-13T05:39:20","modified_gmt":"2025-07-13T05:39:20","slug":"un-cadre-du-club-sest-fait-operer-apres-la-finale-perdue","status":"publish","type":"post","link":"https:\/\/www.europesays.com\/fr\/246498\/","title":{"rendered":"un cadre du club s\u2019est fait op\u00e9rer apr\u00e8s la finale perdue"},"content":{"rendered":"<p>L\u2019intersaison est souvent l\u2019occasion pour les joueurs de Top 14 de soigner les bobos. Avec des saisons toujours plus longues, les organismes des athl\u00e8tes sont mis \u00e0 rude \u00e9preuve. Ainsi, apr\u00e8s la finale entre le Stade Toulousain et l\u2019Union Bordeaux-B\u00e8gles, plusieurs joueurs vont passer par la case op\u00e9ration.<\/p>\n<p>Romain Ntamack a ainsi \u00e9t\u00e9 op\u00e9r\u00e9 quelques heures seulement apr\u00e8s le sacre, tandis que Matthieu Jalibert va \u00e9galement y passer. L\u2019ouvreur n\u2019est pas le seul joueur de l\u2019UBB \u00e0 devoir se faire soigner. Sur son compte Instagram, Johan Van Rensburg a publi\u00e9 une photo le montrant \u00e0 l\u2019h\u00f4pital, avec la l\u00e9gende \u00ab\u00a0c\u2019est fini, \u00e0 bient\u00f4t\u00a0\u00bb.<\/p>\n<p>Pas d\u2019inqui\u00e9tude pour Van Rensburg<\/p>\n<p>Selon les informations du toujours bien inform\u00e9 Cyril Bourez, \u00e0 l\u2019origine du podcast Les UBBistes, le centre sud-africain en aurait simplement profit\u00e9 pour soigner des g\u00eanes r\u00e9currentes. Si aucune date de retour n\u2019est indiqu\u00e9e, il ne s\u2019agirait que de probl\u00e8mes mineurs, qui ne devraient pas l\u2019\u00e9loigner des terrains trop longtemps. Une excellente nouvelle pour Bru, tant le Sud-Africain s\u2019est impos\u00e9 comme un cadre du club pour sa premi\u00e8re saison en France.<\/p>\n<blockquote class=\"twitter-tweet\">\n<p dir=\"ltr\" lang=\"fr\">Seulement des \u00ab\u00a0minor fixes\u00a0\u00bb pour reprendre les termes du joueur, rien d&rsquo;inqui\u00e9tant, au contraire, les niveaux sont faits, il va \u00eatre en pleine bourre pour la reprise ! \ud83d\udc02\ud83c\udf47 <a href=\"https:\/\/t.co\/uw1heque7U\" rel=\"nofollow\">https:\/\/t.co\/uw1heque7U<\/a><\/p>\n<p>\u2014 Cyril Bourez &#8211; Podcast UBBistes \ud83c\udf47\ud83c\udf1f (@CySup) <a href=\"https:\/\/twitter.com\/CySup\/status\/1943930937944813703?ref_src=twsrc%5Etfw\" rel=\"nofollow noopener\" target=\"_blank\">July 12, 2025<\/a><\/p>\n<\/blockquote>\n<p>Partagez cette info avec vos amis et vos proches en cliquant ici<br \/>Pour r\u00e9sumer<\/p>\n<p>Un cadre de l\u2019Union Bordeaux-B\u00e8gles a partag\u00e9 une photo o\u00f9 l\u2019on peut l\u2019apercevoir dans le bloc op\u00e9ratoire, quelques jours apr\u00e8s la finale de Top 14 perdue face au Stade Toulousain. Johan Van Rensburg a d\u00fb soigner plusieurs petits p\u00e9pins.<\/p>\n<p> <img decoding=\"async\" width=\"76\" height=\"76\" loading=\"lazy\" src=\"https:\/\/www.europesays.com\/fr\/wp-content\/uploads\/2025\/04\/avatar-quinze.png\" alt=\"Arnaud D\u00e9chelotte\"\/><script async src=\"https:\/\/platform.twitter.com\/widgets.js\" charset=\"utf-8\"><\/script><\/p>\n","protected":false},"excerpt":{"rendered":"L\u2019intersaison est souvent l\u2019occasion pour les joueurs de Top 14 de soigner les bobos. Avec des saisons toujours&hellip;\n","protected":false},"author":2,"featured_media":246499,"comment_status":"","ping_status":"","sticky":false,"template":"","format":"standard","meta":{"footnotes":""},"categories":[1416],"tags":[1011,27,479,1468,60],"class_list":{"0":"post-246498","1":"post","2":"type-post","3":"status-publish","4":"format-standard","5":"has-post-thumbnail","7":"category-rugby","8":"tag-fr","9":"tag-france","10":"tag-rugby","11":"tag-rugby-football","12":"tag-sports"},"share_on_mastodon":{"url":"https:\/\/pubeurope.com\/@fr\/114844320628225346","error":""},"_links":{"self":[{"href":"https:\/\/www.europesays.com\/fr\/wp-json\/wp\/v2\/posts\/246498","targetHints":{"allow":["GET"]}}],"collection":[{"href":"https:\/\/www.europesays.com\/fr\/wp-json\/wp\/v2\/posts"}],"about":[{"href":"https:\/\/www.europesays.com\/fr\/wp-json\/wp\/v2\/types\/post"}],"author":[{"embeddable":true,"href":"https:\/\/www.europesays.com\/fr\/wp-json\/wp\/v2\/users\/2"}],"replies":[{"embeddable":true,"href":"https:\/\/www.europesays.com\/fr\/wp-json\/wp\/v2\/comments?post=246498"}],"version-history":[{"count":0,"href":"https:\/\/www.europesays.com\/fr\/wp-json\/wp\/v2\/posts\/246498\/revisions"}],"wp:featuredmedia":[{"embeddable":true,"href":"https:\/\/www.europesays.com\/fr\/wp-json\/wp\/v2\/media\/246499"}],"wp:attachment":[{"href":"https:\/\/www.europesays.com\/fr\/wp-json\/wp\/v2\/media?parent=246498"}],"wp:term":[{"taxonomy":"category","embeddable":true,"href":"https:\/\/www.europesays.com\/fr\/wp-json\/wp\/v2\/categories?post=246498"},{"taxonomy":"post_tag","embeddable":true,"href":"https:\/\/www.europesays.com\/fr\/wp-json\/wp\/v2\/tags?post=246498"}],"curies":[{"name":"wp","href":"https:\/\/api.w.org\/{rel}","templated":true}]}}