{"id":246500,"date":"2025-07-13T05:40:10","date_gmt":"2025-07-13T05:40:10","guid":{"rendered":"https:\/\/www.europesays.com\/fr\/246500\/"},"modified":"2025-07-13T05:40:10","modified_gmt":"2025-07-13T05:40:10","slug":"je-reste-convaincu-que-je-vais-en-gagner-un-zverev-toujours-confiant-sur-sa-victoire-en-grand-chelem","status":"publish","type":"post","link":"https:\/\/www.europesays.com\/fr\/246500\/","title":{"rendered":"\u00ab Je reste convaincu que je vais en gagner un \u00bb, Zverev toujours confiant sur sa victoire en Grand Chelem"},"content":{"rendered":"<p>                <img decoding=\"async\" src=\"https:\/\/www.europesays.com\/fr\/wp-content\/uploads\/2025\/07\/RAYp.jpg\" alt=\"\u00ab Je reste convaincu que je vais en gagner un \u00bb, Zverev toujours confiant sur sa victoire en Grand Chelem\"\/><\/p>\n<p>Malgr\u00e9 ses trois finales en Grand Chelem, Zverev n\u2019a toujours pas r\u00e9ussi \u00e0 atteindre le graal. \u00c0 28 ans pass\u00e9s, beaucoup doutent de sa capacit\u00e9 \u00e0 r\u00e9pondre pr\u00e9sent lorsque les enjeux sont au plus haut. Interrog\u00e9 par Punto De Break, l\u2019Allemand reste n\u00e9anmoins confiant sur ses chances de remporter un majeur dans les prochaines ann\u00e9es :<\/p>\n<p>\u00ab Il est clair que Jannik et Carlos sont au-dessus des autres en ce moment, mais je reste convaincu que je vais gagner un Grand Chelem. Je ne sais pas o\u00f9 ce sera, mais je m\u2019en fiche, je sais que j\u2019ai le niveau n\u00e9cessaire pour y arriver. \u00bb<\/p>\n<p>Le n\u00b03 mondial a ensuite expliqu\u00e9 que les opportunit\u00e9s \u00e9taient plus grandes pour les joueurs du top 30 qu\u2019elles ne l\u2019\u00e9taient \u00e0 l\u2019\u00e9poque du Big 3 :<\/p>\n<p>\u00ab Le tennis a beaucoup chang\u00e9 ces derni\u00e8res ann\u00e9es. Je ne dis pas qu\u2019Alcaraz et Sinner sont meilleurs ou pires que le Big 3, mais ils frappent la balle avec plus de puissance et rendent le jeu plus rapide. En ce moment, il y a une grande profondeur sur le circuit.<\/p>\n<p>Nous avons des champions potentiels de tournois majeurs dans le top 30, alors que lorsque Roger, Rafa et Novak dominaient, il \u00e9tait impossible d\u2019envisager que le 25\u1d49 mondial puisse r\u00e9colter un grand succ\u00e8s. Les meilleurs n\u2019ont jamais per\u00e7u un joueur de ce rang comme une menace, mais cela a chang\u00e9. \u00bb<\/p>\n","protected":false},"excerpt":{"rendered":"Malgr\u00e9 ses trois finales en Grand Chelem, Zverev n\u2019a toujours pas r\u00e9ussi \u00e0 atteindre le graal. \u00c0 28&hellip;\n","protected":false},"author":2,"featured_media":246501,"comment_status":"","ping_status":"","sticky":false,"template":"","format":"standard","meta":{"footnotes":""},"categories":[1415],"tags":[1011,27,60,1467],"class_list":{"0":"post-246500","1":"post","2":"type-post","3":"status-publish","4":"format-standard","5":"has-post-thumbnail","7":"category-tennis","8":"tag-fr","9":"tag-france","10":"tag-sports","11":"tag-tennis"},"share_on_mastodon":{"url":"https:\/\/pubeurope.com\/@fr\/114844324563924905","error":""},"_links":{"self":[{"href":"https:\/\/www.europesays.com\/fr\/wp-json\/wp\/v2\/posts\/246500","targetHints":{"allow":["GET"]}}],"collection":[{"href":"https:\/\/www.europesays.com\/fr\/wp-json\/wp\/v2\/posts"}],"about":[{"href":"https:\/\/www.europesays.com\/fr\/wp-json\/wp\/v2\/types\/post"}],"author":[{"embeddable":true,"href":"https:\/\/www.europesays.com\/fr\/wp-json\/wp\/v2\/users\/2"}],"replies":[{"embeddable":true,"href":"https:\/\/www.europesays.com\/fr\/wp-json\/wp\/v2\/comments?post=246500"}],"version-history":[{"count":0,"href":"https:\/\/www.europesays.com\/fr\/wp-json\/wp\/v2\/posts\/246500\/revisions"}],"wp:featuredmedia":[{"embeddable":true,"href":"https:\/\/www.europesays.com\/fr\/wp-json\/wp\/v2\/media\/246501"}],"wp:attachment":[{"href":"https:\/\/www.europesays.com\/fr\/wp-json\/wp\/v2\/media?parent=246500"}],"wp:term":[{"taxonomy":"category","embeddable":true,"href":"https:\/\/www.europesays.com\/fr\/wp-json\/wp\/v2\/categories?post=246500"},{"taxonomy":"post_tag","embeddable":true,"href":"https:\/\/www.europesays.com\/fr\/wp-json\/wp\/v2\/tags?post=246500"}],"curies":[{"name":"wp","href":"https:\/\/api.w.org\/{rel}","templated":true}]}}