{"id":246502,"date":"2025-07-13T05:42:13","date_gmt":"2025-07-13T05:42:13","guid":{"rendered":"https:\/\/www.europesays.com\/fr\/246502\/"},"modified":"2025-07-13T05:42:13","modified_gmt":"2025-07-13T05:42:13","slug":"faut-il-vraiment-reparler-encore-et-toujours-du-petage-de-plombs-de-rossi-sur-marquez-dix-ans-apres","status":"publish","type":"post","link":"https:\/\/www.europesays.com\/fr\/246502\/","title":{"rendered":"Faut-il vraiment reparler encore et toujours du p\u00e9tage de plombs de Rossi sur Marquez dix ans apr\u00e8s\u00a0?"},"content":{"rendered":"<p xmlns=\"\" class=\"article_paragraphe\">Encore siffl\u00e9 au Mugello lors de sa r\u00e9cente victoire, et ce malgr\u00e9 sa monture Ducati, <a class=\"article_lien\" onclick=\"return xt_click(this, &#039;C&#039;,xtn2,id_context+&#039;::&#039;+id_page+&#039;::CoeurArticle_Lien_XTC&#039;, &#039;N&#039;);\" href=\"https:\/\/www.caradisiac.com\/theme-moto--marc-marquez\/\" rel=\"nofollow noopener\" target=\"_blank\">Marc Marquez<\/a> se serait sans doute bien pass\u00e9 de cette nouvelle.<\/p>\n<p xmlns=\"\" class=\"article_paragraphe\">Le pilote espagnol, pourtant aujourd&rsquo;hui<strong class=\"article_bold\"> titulaire du guidon d&rsquo;une Ducati d&rsquo;usine<\/strong> au sein de l&rsquo;\u00e9quipe officielle est encore et toujours la cible privil\u00e9gi\u00e9e des fans italiens, et plus particuli\u00e8rement des nostalgiques des grandes heures de <a class=\"article_lien\" onclick=\"return xt_click(this, &#039;C&#039;,xtn2,id_context+&#039;::&#039;+id_page+&#039;::CoeurArticle_Lien_XTC&#039;, &#039;N&#039;);\" href=\"https:\/\/www.caradisiac.com\/theme-moto--rossi\/\" rel=\"nofollow noopener\" target=\"_blank\">Valentino Rossi<\/a>.<\/p>\n<p xmlns=\"\" class=\"article_paragraphe\">Des tifosi qui ont la dent dure contre celui qu&rsquo;ils estiment <strong class=\"article_bold\">responsable du non-couronnement mondial de Vale en 2015<\/strong>. Un dixi\u00e8me titre qui est alors rest\u00e9 ensuite inaccessible pour le Docteur.<\/p>\n<p xmlns=\"\" class=\"article_paragraphe\">Et les griefs se cristallisent autour d&rsquo;un \u00e9v\u00e9nement en particulier. Un <strong class=\"article_bold\">\u00ab\u00a0incident\u00a0\u00bb de course<\/strong> impliquant un Marc Marquez encore fougueux, et un Valentino Rossi encore en position de glaner une dixi\u00e8me couronne mondiale.<\/p>\n<p xmlns=\"\" class=\"article_paragraphe\">L&rsquo;ic\u00f4ne italienne, qui accusait d\u00e9j\u00e0 Marquez de <strong class=\"article_bold\">favoriser son compatriote Jorge Lorenzo <\/strong>dans la course au titre avant m\u00eame l&rsquo;\u00e9preuve en Malaisie, en cet automne 2015, a vu rouge lorsque le Catalan a pris un malin plaisir \u00e0 jouer au chat et \u00e0 la souris avec lui durant une bonne partie de la course.<\/p>\n<p xmlns=\"\" class=\"article_paragraphe\">D&rsquo;un mouvement de la botte en sortie de virage, l&rsquo;Italien envoya ainsi Marquez au tapis.<\/p>\n<p xmlns=\"\" class=\"article_paragraphe\">Une sorte de <strong class=\"article_bold\">r\u00e8glement de compte <\/strong>qui co\u00fbta cher \u00e0 Rossi, <a class=\"article_lien\" onclick=\"return xt_click(this, &#039;C&#039;,xtn2,id_context+&#039;::&#039;+id_page+&#039;::CoeurArticle_Lien_XTC&#039;, &#039;N&#039;);\" href=\"https:\/\/www.caradisiac.com\/motogp-valentino-rossi-saisit-le-tribunal-arbitral-du-sport-154381.htm\" rel=\"nofollow noopener\" target=\"_blank\">p\u00e9nalis\u00e9 sur la grille de d\u00e9part de l&rsquo;ultime Grand Prix de Valence<\/a>, d\u00e9cisif pour le titre.<\/p>\n<p xmlns=\"\" class=\"article_paragraphe\"><strong class=\"article_bold\">Un geste qui a fait le tour du monde<\/strong>, enterr\u00e9 les espoirs d&rsquo;un ultime titre mondial pour Rossi, et sign\u00e9 le d\u00e9but d&rsquo;une vague de d\u00e9fiance envers Marquez de la part des fans du num\u00e9ro 46.<\/p>\n<p xmlns=\"\" class=\"article_paragraphe\">Dix ans plus tard, les r\u00e9cents sifflets \u00e0 l&rsquo;encontre de Marquez lors de sa victoire sur le trac\u00e9 transalpin du Mugello ont rappel\u00e9 que le ressentiment \u00e9tait encore bien pr\u00e9sent envers le Catalan.<\/p>\n<p xmlns=\"\" class=\"article_paragraphe\">Et cela ne devrait pas s&rsquo;arranger car selon le journaliste Manuel Pecino, <strong class=\"article_bold\">un documentaire sur l&rsquo;incident va bient\u00f4t voir le jour<\/strong>\u2026<\/p>\n<p><strong class=\"article_bold\">Le duel Marquez-Rossi r\u00e9sum\u00e9 \u00e0 un coup de botte\u00a0?<\/strong><br \/>\n<a class=\"imageClic\" href=\"https:\/\/images.caradisiac.com\/images\/6\/7\/6\/0\/216760\/S0-le-petage-de-plomb-de-rossi-sur-marquez-objet-d-un-documentaire-848995.jpg\" data-target=\"#clicImage\" data-toggle=\"modal\" data-linkbigimage=\"https:\/\/images.caradisiac.com\/images\/6\/7\/6\/0\/216760\/S8-le-petage-de-plomb-de-rossi-sur-marquez-objet-d-un-documentaire-848995.jpg\" data-linkfullimage=\"https:\/\/images.caradisiac.com\/images\/6\/7\/6\/0\/216760\/S0-le-petage-de-plomb-de-rossi-sur-marquez-objet-d-un-documentaire-848995.jpg\" data-titleimage=\"Faut-il vraiment reparler encore et toujours du p\u00e9tage de plombs de Rossi sur Marquez dix ans apr\u00e8s\u00a0?\" rel=\"nofollow noopener\" target=\"_blank\"><img decoding=\"async\" loading=\"lazy\" alt=\"Faut-il vraiment reparler encore et toujours du p\u00e9tage de plombs de Rossi sur Marquez dix ans apr\u00e8s\u00a0?\" width=\"705\" height=\"353\" src=\"https:\/\/www.europesays.com\/fr\/wp-content\/uploads\/2025\/07\/S1-le-petage-de-plomb-de-rossi-sur-marquez-objet-d-un-documentaire-848995.jpg\"\/><\/a><\/p>\n<p xmlns=\"\" class=\"article_paragraphe\">Un sujet hautement inflammable tant la ranc\u0153ur de l&rsquo;Italien est \u00e9galement de notori\u00e9t\u00e9 publique.<\/p>\n<p xmlns=\"\" class=\"article_paragraphe\">Fallait-il remettre de l&rsquo;huile sur le feu, quitte \u00e0 relancer la gu\u00e9guerre entre les fans de Marc Marquez et ceux de l&rsquo;ic\u00f4ne italienne\u00a0?<\/p>\n<p xmlns=\"\" class=\"article_paragraphe\">Car sur le sujet, en \u00e9tant le plus objectif possible, <strong class=\"article_bold\">il est difficile de prendre parti<\/strong>\u00a0: le geste impulsif, et volontaire, de Rossi \u00e9tant \u00e9videmment condamnable. Mais que dire de l&rsquo;attitude en course de Marc Marquez qui lors de ce Grand Prix de Malaisie s&rsquo;est \u00e9vertu\u00e9 \u00e0 mettre des b\u00e2tons dans les roues de Rossi, tout en affichant hors piste sa connivence avec son compatriote Jorge Lorenzo.<\/p>\n<p xmlns=\"\" class=\"article_paragraphe\">Si la diffusion de ce documentaire se confirme, <strong class=\"article_bold\">qui aurait \u00e0 y gagner<\/strong>, \u00e0 part le producteur qui ferait assur\u00e9ment du buzz avec un incident toujours controvers\u00e9 dix ans plus tard\u00a0?<\/p>\n<p xmlns=\"\" class=\"article_paragraphe\">Sans doute aucun des deux protagonistes, dont <strong class=\"article_bold\">on ne peut r\u00e9sumer les immenses carri\u00e8res par cet accrochage<\/strong>, qui au final ne grandit aucun des deux pilotes de l\u00e9gende qu&rsquo;ils sont. Et c&rsquo;est occulter les duels \u00e9piques, r\u00e9guliers ceux-ci, qu&rsquo;ils nous ont offerts en piste.<\/p>\n","protected":false},"excerpt":{"rendered":"Encore siffl\u00e9 au Mugello lors de sa r\u00e9cente victoire, et ce malgr\u00e9 sa monture Ducati, Marc Marquez se&hellip;\n","protected":false},"author":2,"featured_media":246503,"comment_status":"","ping_status":"","sticky":false,"template":"","format":"standard","meta":{"footnotes":""},"categories":[1413],"tags":[1011,27,1457,1456,60],"class_list":{"0":"post-246502","1":"post","2":"type-post","3":"status-publish","4":"format-standard","5":"has-post-thumbnail","7":"category-moto","8":"tag-fr","9":"tag-france","10":"tag-moto","11":"tag-motocycle","12":"tag-sports"},"share_on_mastodon":{"url":"https:\/\/pubeurope.com\/@fr\/114844332406746251","error":""},"_links":{"self":[{"href":"https:\/\/www.europesays.com\/fr\/wp-json\/wp\/v2\/posts\/246502","targetHints":{"allow":["GET"]}}],"collection":[{"href":"https:\/\/www.europesays.com\/fr\/wp-json\/wp\/v2\/posts"}],"about":[{"href":"https:\/\/www.europesays.com\/fr\/wp-json\/wp\/v2\/types\/post"}],"author":[{"embeddable":true,"href":"https:\/\/www.europesays.com\/fr\/wp-json\/wp\/v2\/users\/2"}],"replies":[{"embeddable":true,"href":"https:\/\/www.europesays.com\/fr\/wp-json\/wp\/v2\/comments?post=246502"}],"version-history":[{"count":0,"href":"https:\/\/www.europesays.com\/fr\/wp-json\/wp\/v2\/posts\/246502\/revisions"}],"wp:featuredmedia":[{"embeddable":true,"href":"https:\/\/www.europesays.com\/fr\/wp-json\/wp\/v2\/media\/246503"}],"wp:attachment":[{"href":"https:\/\/www.europesays.com\/fr\/wp-json\/wp\/v2\/media?parent=246502"}],"wp:term":[{"taxonomy":"category","embeddable":true,"href":"https:\/\/www.europesays.com\/fr\/wp-json\/wp\/v2\/categories?post=246502"},{"taxonomy":"post_tag","embeddable":true,"href":"https:\/\/www.europesays.com\/fr\/wp-json\/wp\/v2\/tags?post=246502"}],"curies":[{"name":"wp","href":"https:\/\/api.w.org\/{rel}","templated":true}]}}