{"id":246505,"date":"2025-07-13T05:44:14","date_gmt":"2025-07-13T05:44:14","guid":{"rendered":"https:\/\/www.europesays.com\/fr\/246505\/"},"modified":"2025-07-13T05:44:14","modified_gmt":"2025-07-13T05:44:14","slug":"tdf-tour-de-france-joao-almeida-je-ne-veux-pas-etre-un-coureur-inutile","status":"publish","type":"post","link":"https:\/\/www.europesays.com\/fr\/246505\/","title":{"rendered":"TDF. Tour de France &#8211; Joao Almeida : \u00abJe ne veux pas \u00eatre un coureur inutile&#8230;\u00bb"},"content":{"rendered":"<p><strong>Joao Almeida <\/strong>a d\u00e9marr\u00e9 un long chemin de croix ce samedi \u00e0 l&rsquo;occasion de la 8e \u00e9tape du <strong><a href=\"https:\/\/www.cyclismactu.net\/..\/news-tdf-route-tour-de-france-jonathan-milan-8e-etape-en-patron-wout-van-aert-impuissant-88901.html\" target=\"_blank\" rel=\"nofollow noopener\">Tour de France<\/a><\/strong>. En effet, au lendemain de sa chute, le Portugais et son \u00e9quipe <strong>UAE Team Emirates XRG<\/strong> ont d\u00e9cid\u00e9 de continuer le Tour, malgr\u00e9 une c\u00f4te cass\u00e9e et une main endolorie. A l&rsquo;arri\u00e8re du peloton une bonne partie de la journ\u00e9e, <strong>Almeida <\/strong>a tout de m\u00eame r\u00e9ussi \u00e0 finir l&rsquo;\u00e9tape, en esp\u00e9rant des jours meilleurs.<\/p>\n<p>Vid\u00e9o &#8211; Joao Almeida \u00e0 l&rsquo;arriv\u00e9e de cette 8e \u00e9tape Lire la suite de l&rsquo;article&#13;<\/p>\n<p>\u00a0<\/p>\n<p>&#13;<br \/>\n\u00ab\u00a0Je ne veux pas \u00eatre un coureur inutile dans le peloton\u00a0\u00bb&#13;<\/p>\n<p>\u00ab\u00a0Je veux \u00eatre ici pour aider autant que je peux, je ne veux pas \u00eatre un coureur inutile dans le peloton. J&rsquo;ai vraiment envie d&rsquo;aider l&rsquo;\u00e9quipe, de n&rsquo;importe quelle mani\u00e8re\u00a0\u00bb, a d\u00e9clar\u00e9 <strong>Almeida <\/strong>\u00e0 l&rsquo;arriv\u00e9e. \u00ab\u00a0Chaque trou dans la route est douloureux, d\u00e8s que je me l\u00e8ve de la scelle c&rsquo;est douloureux&#8230; mais \u00e7a fait partie du cyclisme. Mais ce n&rsquo;est pas que moi, on est des gens forts. En esp\u00e9rant quand m\u00eame avoir de meilleurs jours, m\u00eame si \u00e7a pourrait \u00eatre pire.\u00a0\u00bb<\/p>\n<p>Tour de France &#8211; Classement de la 8\u00e8 \u00e9tape Tour de France &#8211; Classement g\u00e9n\u00e9ral provisoire apr\u00e8s la 8\u00e8 \u00e9tape<\/p>\n","protected":false},"excerpt":{"rendered":"Joao Almeida a d\u00e9marr\u00e9 un long chemin de croix ce samedi \u00e0 l&rsquo;occasion de la 8e \u00e9tape du&hellip;\n","protected":false},"author":2,"featured_media":246506,"comment_status":"","ping_status":"","sticky":false,"template":"","format":"standard","meta":{"footnotes":""},"categories":[1411],"tags":[1154,207,211,1011,27,209,60,210,212,208,213],"class_list":{"0":"post-246505","1":"post","2":"type-post","3":"status-publish","4":"format-standard","5":"has-post-thumbnail","7":"category-cyclisme","8":"tag-cycling","9":"tag-cyclisme","10":"tag-ffc","11":"tag-fr","12":"tag-france","13":"tag-route","14":"tag-sports","15":"tag-tour-de-france","16":"tag-uci","17":"tag-velo","18":"tag-world-tour"},"share_on_mastodon":{"url":"https:\/\/pubeurope.com\/@fr\/114844340255952216","error":""},"_links":{"self":[{"href":"https:\/\/www.europesays.com\/fr\/wp-json\/wp\/v2\/posts\/246505","targetHints":{"allow":["GET"]}}],"collection":[{"href":"https:\/\/www.europesays.com\/fr\/wp-json\/wp\/v2\/posts"}],"about":[{"href":"https:\/\/www.europesays.com\/fr\/wp-json\/wp\/v2\/types\/post"}],"author":[{"embeddable":true,"href":"https:\/\/www.europesays.com\/fr\/wp-json\/wp\/v2\/users\/2"}],"replies":[{"embeddable":true,"href":"https:\/\/www.europesays.com\/fr\/wp-json\/wp\/v2\/comments?post=246505"}],"version-history":[{"count":0,"href":"https:\/\/www.europesays.com\/fr\/wp-json\/wp\/v2\/posts\/246505\/revisions"}],"wp:featuredmedia":[{"embeddable":true,"href":"https:\/\/www.europesays.com\/fr\/wp-json\/wp\/v2\/media\/246506"}],"wp:attachment":[{"href":"https:\/\/www.europesays.com\/fr\/wp-json\/wp\/v2\/media?parent=246505"}],"wp:term":[{"taxonomy":"category","embeddable":true,"href":"https:\/\/www.europesays.com\/fr\/wp-json\/wp\/v2\/categories?post=246505"},{"taxonomy":"post_tag","embeddable":true,"href":"https:\/\/www.europesays.com\/fr\/wp-json\/wp\/v2\/tags?post=246505"}],"curies":[{"name":"wp","href":"https:\/\/api.w.org\/{rel}","templated":true}]}}