{"id":246511,"date":"2025-07-13T05:48:09","date_gmt":"2025-07-13T05:48:09","guid":{"rendered":"https:\/\/www.europesays.com\/fr\/246511\/"},"modified":"2025-07-13T05:48:09","modified_gmt":"2025-07-13T05:48:09","slug":"le-phenomene-litteraire-completement-fou-qui-secoue-la-librairie","status":"publish","type":"post","link":"https:\/\/www.europesays.com\/fr\/246511\/","title":{"rendered":"le ph\u00e9nom\u00e8ne litt\u00e9raire compl\u00e8tement fou qui secoue la librairie"},"content":{"rendered":"<p>            <a href=\"https:\/\/www.lefigaro.fr\/livres\/l-oeil-de-l-ina-benoit-duteurtre-un-maitre-de-la-musique-des-mots-20240720\" class=\"fig-ranking-profile-link\" data-fig-domain=\"LEFIGARO\" target=\"_blank\" rel=\"noopener\"><\/p>\n<p>        L&rsquo;\u0153il de l&rsquo;INA\u00a0: Beno\u00eet Duteurtre, un ma\u00eetre de la musique des mots<\/p>\n<p>                                                                        <\/a><\/p>\n<p>        <img   class=\"fig-img fig-ranking-profile-media-small-picture__photo\" alt=\"L'\u0153il de l'INA\u00a0: Beno\u00eet Duteurtre, un ma\u00eetre de la musique des mots\" height=\"1121\" width=\"1993\"\/><\/p>\n<p class=\"fig-ranking-profile-standfirst\">\n    En m\u00e9moire du romancier et critique musical d\u00e9c\u00e9d\u00e9 le 16 juillet 2024, Madelen vous propose de d\u00e9couvrir le passage dans Un livre, un jour, o\u00f9, en 2018, il \u00e9voque Fernand Ochs\u00e9, un auteur-compositeur juif, mort en 1944, \u00e0 Auschwitz. Il s&rsquo;agit de l&rsquo;un des 40 romans, essais et r\u00e9cits publi\u00e9s au cours de sa trop courte vie.\n<\/p>\n<p>            <a href=\"https:\/\/www.lefigaro.fr\/livres\/cinq-livres-de-benoit-duteurtre-qu-il-faut-avoir-lus-20240718\" class=\"fig-ranking-profile-link\" data-fig-domain=\"LEFIGARO\" target=\"_blank\" rel=\"noopener\"><\/p>\n<p>        Cinq livres de Beno\u00eet Duteurtre qu&rsquo;il faut avoir lus<\/p>\n<p>                                                                        <\/a><\/p>\n<p>        <img   class=\"fig-img fig-ranking-profile-media-small-picture__photo\" alt=\"Cinq livres de Beno\u00eet Duteurtre qu'il faut avoir lus\" height=\"344\" width=\"612\"\/><\/p>\n<p class=\"fig-ranking-profile-standfirst\">\n    <strong>LA S\u00c9LECTION DU FIGARO LITT\u00c9RAIRE &#8211;<\/strong> Le romancier, essayiste, familier des lecteurs du Figaro, est mort soudainement, mardi 16 juillet. Il laisse derri\u00e8re lui plus de quarante livres, du roman en passant par l\u2019essai et la nouvelle.\n<\/p>\n<p>            <a href=\"https:\/\/www.lefigaro.fr\/livres\/herve-le-tellier-prix-goncourt-2020-alerte-sur-les-dangers-de-l-ia-dans-la-production-litteraire-20250712\" class=\"fig-ranking-profile-link\" data-fig-domain=\"LEFIGARO\" target=\"_blank\" rel=\"noopener\"><\/p>\n<p>        Herv\u00e9 Le\u00a0Tellier, prix Goncourt 2020, alerte sur les dangers de l\u2019IA dans la production litt\u00e9raire<\/p>\n<p>                                                                        <\/a><\/p>\n<p>        <img   class=\"fig-img fig-ranking-profile-media-small-picture__photo\" alt=\"Herv\u00e9 Le\u00a0Tellier, prix Goncourt 2020, alerte sur les dangers de l\u2019IA dans la production litt\u00e9raire\" height=\"2001\" width=\"3000\"\/><\/p>\n<p class=\"fig-ranking-profile-standfirst\">\n    L\u2019\u00e9crivain, laur\u00e9at du prestigieux prix litt\u00e9raire avec L\u2019Anomalie, estime que l\u2019intelligence artificielle pourrait \u00ab\u00a0\u00e9galer l\u2019\u00eatre humain dans tous les domaines\u00a0\u00bb dans quelques ann\u00e9es.<\/p>\n","protected":false},"excerpt":{"rendered":"L&rsquo;\u0153il de l&rsquo;INA\u00a0: Beno\u00eet Duteurtre, un ma\u00eetre de la musique des mots En m\u00e9moire du romancier et critique&hellip;\n","protected":false},"author":2,"featured_media":246512,"comment_status":"","ping_status":"","sticky":false,"template":"","format":"standard","meta":{"footnotes":""},"categories":[1357],"tags":[1379,58,59,1011,27,2003,1380,235],"class_list":{"0":"post-246511","1":"post","2":"type-post","3":"status-publish","4":"format-standard","5":"has-post-thumbnail","7":"category-livres","8":"tag-books","9":"tag-divertissement","10":"tag-entertainment","11":"tag-fr","12":"tag-france","13":"tag-livre","14":"tag-livres","15":"tag-psychiatrie"},"share_on_mastodon":{"url":"https:\/\/pubeurope.com\/@fr\/114844356181489922","error":""},"_links":{"self":[{"href":"https:\/\/www.europesays.com\/fr\/wp-json\/wp\/v2\/posts\/246511","targetHints":{"allow":["GET"]}}],"collection":[{"href":"https:\/\/www.europesays.com\/fr\/wp-json\/wp\/v2\/posts"}],"about":[{"href":"https:\/\/www.europesays.com\/fr\/wp-json\/wp\/v2\/types\/post"}],"author":[{"embeddable":true,"href":"https:\/\/www.europesays.com\/fr\/wp-json\/wp\/v2\/users\/2"}],"replies":[{"embeddable":true,"href":"https:\/\/www.europesays.com\/fr\/wp-json\/wp\/v2\/comments?post=246511"}],"version-history":[{"count":0,"href":"https:\/\/www.europesays.com\/fr\/wp-json\/wp\/v2\/posts\/246511\/revisions"}],"wp:featuredmedia":[{"embeddable":true,"href":"https:\/\/www.europesays.com\/fr\/wp-json\/wp\/v2\/media\/246512"}],"wp:attachment":[{"href":"https:\/\/www.europesays.com\/fr\/wp-json\/wp\/v2\/media?parent=246511"}],"wp:term":[{"taxonomy":"category","embeddable":true,"href":"https:\/\/www.europesays.com\/fr\/wp-json\/wp\/v2\/categories?post=246511"},{"taxonomy":"post_tag","embeddable":true,"href":"https:\/\/www.europesays.com\/fr\/wp-json\/wp\/v2\/tags?post=246511"}],"curies":[{"name":"wp","href":"https:\/\/api.w.org\/{rel}","templated":true}]}}