{"id":246517,"date":"2025-07-13T05:52:42","date_gmt":"2025-07-13T05:52:42","guid":{"rendered":"https:\/\/www.europesays.com\/fr\/246517\/"},"modified":"2025-07-13T05:52:42","modified_gmt":"2025-07-13T05:52:42","slug":"ou-a-ete-tourne-le-film-avec-dany-boon-et-valerie-bonneton","status":"publish","type":"post","link":"https:\/\/www.europesays.com\/fr\/246517\/","title":{"rendered":"O\u00f9 a \u00e9t\u00e9 tourn\u00e9 le film avec Dany Boon et Val\u00e9rie Bonneton ?"},"content":{"rendered":"<p class=\"articleContent-meta\">\n        Mercredi 09 juillet 2025 \u00e0 14:00 &#8211; par             <a class=\"articleContent-metaAuthorsLink\" href=\"https:\/\/www.cesoirtv.com\/auteur\/thomas-fourcroy\/\" target=\"_blank\" rel=\"noopener\">Thomas Fourcroy<\/a><\/p>\n<p>                    Tweeter<\/p>\n<p>                    Partager sur Facebook<\/p>\n<p>                        <img decoding=\"async\" src=\"https:\/\/www.europesays.com\/fr\/wp-content\/uploads\/2025\/07\/eyjafjallajokull.jpg\" alt=\"Player Video\" class=\"player-applyRatio poster exclude-seedtag\"\/><\/p>\n<p>Le mercredi 9 juillet \u00e0 20h55, TF1 diffuse Eyjafjallaj\u00f6kull. Une com\u00e9die compl\u00e8tement folle, au tournage tout aussi dingue&#8230; <\/p>\n<p>Long-m\u00e9trage au titre quasiment impronon\u00e7able, Eyjafjallaj\u00f6kull a d\u00e9barqu\u00e9 dans les salles obscures le 2 octobre 2013. Com\u00e9die d\u00e9jant\u00e9e \u00e0 souhait, cette r\u00e9alisation sign\u00e9e Alexandre Coffre s&rsquo;offre une diffusion sur TF1 ce mercredi, \u00e0 21h10. Au menu, rien de moins qu&rsquo;un road trip sacr\u00e9ment mouvement\u00e9, dans lequel les t\u00e9l\u00e9spectateurs croiseront un casting cinq \u00e9toiles compos\u00e9 de <a href=\"https:\/\/www.cesoirtv.com\/news\/actu\/2746-pas-de-selection-aux-jeux-olympiques-au-tir-la-blague-osee-de-dany-boon-face-a-kendji-girac-qui-repond-video\/\" target=\"_blank\" rel=\"noopener\">Dany Boon<\/a>, <a href=\"https:\/\/www.cesoirtv.com\/news\/cinema\/2276-en-couple-a-l-ecran-et-la-ville-valerie-bonneton-et-francois-cluzet-ont-rompu-a-la-sortie-du-film-les-petits-mouchoirs\/\" target=\"_blank\" rel=\"noopener\">Val\u00e9rie Bonneton<\/a>, <a href=\"https:\/\/www.cesoirtv.com\/news\/cinema\/3620-as-bestas-nouvelle-langue-a-apprendre-scenes-difficiles-un-tournage-eprouvant-pour-les-francais-denis-menochet-et-marina-fois\/\" target=\"_blank\" rel=\"noopener\">Denis M\u00e9nochet<\/a>, <a href=\"https:\/\/www.cesoirtv.com\/news\/series\/3670-les-barbares-j-avais-envie-de-letrangler-avec-humour-la-realisatrice-julie-delpy-revient-sur-ce-tournage-avec-son-pere-albert-delpy\/\" target=\"_blank\" rel=\"noopener\">Albert Delpy<\/a>, <a href=\"https:\/\/www.cesoirtv.com\/news\/series\/268-berangere-mcneese-daphne-dans-hpi-a-ete-la-fille-de-dany-boon-et-valerie-bonneton\/\" target=\"_blank\" rel=\"noopener\">B\u00e9rang\u00e8re McNeese<\/a>, <a href=\"https:\/\/www.cesoirtv.com\/news\/cinema\/2538-je-voulais-galerer-malik-bentalha-raconte-pourquoi-il-a-pris-15-kilos-pour-son-film-jack-mimoun-et-les-secrets-de-val-verde\/\" target=\"_blank\" rel=\"noopener\">Malik Bentalha<\/a> ou encore Constance Doll\u00e9 !<\/p>\n<p>Eyjafjallaj\u00f6kull : le road trip de deux ex-\u00e9poux qui se d\u00e9testent !<\/p>\n<p>Divorc\u00e9s depuis plusieurs ann\u00e9es, Val\u00e9rie et Alain ne peuvent plus se voir en peinture. Pourtant, ils vont bien devoir s&rsquo;entendre ou faire semblant, en vue du mariage de leur fille, pr\u00e9vu en Gr\u00e8ce. Embarquant dans le m\u00eame vol, ces parents que tout oppose vont voir leur plan prendre du plomb dans l&rsquo;aile. En effet, l&rsquo;\u00e9ruption du volcan islandais Eyjafj\u00f6ll a d\u00e9tourn\u00e9 leur avion, qui se posera \u00e0 pas moins de 2000 kilom\u00e8tres du fameux mariage ! Val\u00e9rie et Alain, ex-\u00e9poux qui se d\u00e9testent plus que tout, se lanceront alors dans un road trip aux allures de cauchemar, entre insultes, humiliations, et autres embrouilles&#8230;<\/p>\n<p>                                Eyjafjallaj\u00f6kull : un tournage r\u00e9alis\u00e9 \u00e0 travers l&rsquo;Europe<\/p>\n<p>Pour rendre compte du fameux trajet effectu\u00e9 par les personnages de Val\u00e9rie et Alain, camp\u00e9s par Val\u00e9rie Bonneton et Dany Boon, Alexandre Coffre n&rsquo;a pas fait les choses \u00e0 moiti\u00e9. En effet, il a fait traverser l&rsquo;Europe \u00e0 son dr\u00f4le de duo, renfor\u00e7ant le r\u00e9alisme de sa folle fuite en avant. Dans le dossier de presse d&rsquo;Eyjafjallaj\u00f6kull, le r\u00e9alisateur raconte : \u00ab\u00a0On a d\u00e9marr\u00e9 le tournage \u00e0 Munich, puis on a travers\u00e9 l\u2019Allemagne et l\u2019Autriche jusqu\u2019en Croatie. Tout ce qui est Albanie, Slov\u00e9nie et Gr\u00e8ce a \u00e9t\u00e9 tourn\u00e9 en Croatie. C\u2019est un pays superbe qui offre une multitude de paysages diff\u00e9rents. On dit souvent que la Croatie est un condens\u00e9 de l\u2019Europe. Pour le reste, on a tourn\u00e9 toutes les cascades et les sc\u00e8nes de studio en Belgique, et on a fini par le crash de l\u2019avion, film\u00e9 en France. On changeait de d\u00e9cor tous les jours. Vingt-quatre d\u00e9cors en vingt-cinq jours&#8230; C\u2019\u00e9tait aussi \u00e9puisant qu\u2019excitant et \u00e7a a permis de souder toute l\u2019\u00e9quipe. On est partis \u00e0 l\u2019aventure loin de chez nous, on passait toutes nos soir\u00e9es ensemble, on \u00e9tait dans un v\u00e9ritable esprit de troupe.\u00a0\u00bb<\/p>\n","protected":false},"excerpt":{"rendered":"Mercredi 09 juillet 2025 \u00e0 14:00 &#8211; par Thomas Fourcroy Tweeter Partager sur Facebook Le mercredi 9 juillet&hellip;\n","protected":false},"author":2,"featured_media":246518,"comment_status":"","ping_status":"","sticky":false,"template":"","format":"standard","meta":{"footnotes":""},"categories":[1354],"tags":[17146,58,59,1346,1011,27,38604,2706,1360,199,38605,12910],"class_list":{"0":"post-246517","1":"post","2":"type-post","3":"status-publish","4":"format-standard","5":"has-post-thumbnail","7":"category-films","8":"tag-dany-boon","9":"tag-divertissement","10":"tag-entertainment","11":"tag-films","12":"tag-fr","13":"tag-france","14":"tag-guid_3742805705001","15":"tag-lieux-de-tournage","16":"tag-movies","17":"tag-tf1","18":"tag-uuid_12d51668-9fc2-4a64-8446-4046d5716bb5","19":"tag-we-tv"},"share_on_mastodon":{"url":"https:\/\/pubeurope.com\/@fr\/114844371743959753","error":""},"_links":{"self":[{"href":"https:\/\/www.europesays.com\/fr\/wp-json\/wp\/v2\/posts\/246517","targetHints":{"allow":["GET"]}}],"collection":[{"href":"https:\/\/www.europesays.com\/fr\/wp-json\/wp\/v2\/posts"}],"about":[{"href":"https:\/\/www.europesays.com\/fr\/wp-json\/wp\/v2\/types\/post"}],"author":[{"embeddable":true,"href":"https:\/\/www.europesays.com\/fr\/wp-json\/wp\/v2\/users\/2"}],"replies":[{"embeddable":true,"href":"https:\/\/www.europesays.com\/fr\/wp-json\/wp\/v2\/comments?post=246517"}],"version-history":[{"count":0,"href":"https:\/\/www.europesays.com\/fr\/wp-json\/wp\/v2\/posts\/246517\/revisions"}],"wp:featuredmedia":[{"embeddable":true,"href":"https:\/\/www.europesays.com\/fr\/wp-json\/wp\/v2\/media\/246518"}],"wp:attachment":[{"href":"https:\/\/www.europesays.com\/fr\/wp-json\/wp\/v2\/media?parent=246517"}],"wp:term":[{"taxonomy":"category","embeddable":true,"href":"https:\/\/www.europesays.com\/fr\/wp-json\/wp\/v2\/categories?post=246517"},{"taxonomy":"post_tag","embeddable":true,"href":"https:\/\/www.europesays.com\/fr\/wp-json\/wp\/v2\/tags?post=246517"}],"curies":[{"name":"wp","href":"https:\/\/api.w.org\/{rel}","templated":true}]}}